{"id":19046,"date":"2024-09-18T10:25:43","date_gmt":"2024-09-18T08:25:43","guid":{"rendered":"https:\/\/serveiseducatius.xtec.cat\/baixpenedes\/?p=19046"},"modified":"2026-01-14T12:29:08","modified_gmt":"2026-01-14T11:29:08","slug":"formacions-dua","status":"publish","type":"post","link":"https:\/\/serveiseducatius.xtec.cat\/baixpenedes\/xerrades\/portada\/formacions-dua\/","title":{"rendered":"FORMACIONS DUA"},"content":{"rendered":"<p>Estem als darrers dies del per\u00edode d&#8217;inscripci\u00f3 d&#8217;activitats per al primer torn i hi ha m\u00faltiples ofertes d&#8217;\u00e0mbit divers. Tenim des de la confer\u00e8ncia d&#8217;inici de curs, a assessoraments, cursos de rob\u00f2tica i panells, a seminaris de coordinaci\u00f3 d&#8217;orientadores, docents d&#8217;angl\u00e8s, d&#8217;EF, de m\u00fasica, projectes&#8230;<\/p>\n<p>Pel que fa al <strong>\u00a0model DUA <\/strong>que facilita el marc de refer\u00e8ncia per a la creaci\u00f3 de contextos d\u2019aprenentatge en els quals es proporcionen m\u00faltiples maneres de presentar la informaci\u00f3, m\u00faltiples maneres d\u2019acci\u00f3 i representaci\u00f3 i m\u00faltiples maneres de comprometre&#8217;s, trobarem les seg\u00fcents formacions:<\/p>\n<p>A) telem\u00e0tica amb sessions s\u00edncrones obligat\u00f2ries que acredita perfil de Diversitat, amb un total de 60 hores repartides en tres nivells de 20h cadasc\u00fa, que cal assolir per accedir al nivell superior:<\/p>\n<ul>\n<li style=\"list-style-type: none;\">\n<ul>\n<li>DUA B\u00e0sic.\u00a0<u><a id=\"m_952990525891749300OWA9b1d75d6-1348-cbfd-117b-7cc240e61584\" href=\"https:\/\/aplicacions.gestioeducativa.gencat.cat\/pls\/soloas\/pk_for_mod_ins.p_for_cons_activitats?p_any=&amp;p_tipus_act=DUAB&amp;p_totes=N\" target=\"_blank\" rel=\"noopener\" data-saferedirecturl=\"https:\/\/www.google.com\/url?q=https:\/\/aplicacions.gestioeducativa.gencat.cat\/pls\/soloas\/pk_for_mod_ins.p_for_cons_activitats?p_any%3D%26p_tipus_act%3DDUAB%26p_totes%3DN&amp;source=gmail&amp;ust=1726249177135000&amp;usg=AOvVaw3zPd14P_0B_JjZlnz4Idvy\">Acc\u00e9s a l\u2019oferta formativa<\/a><\/u><\/li>\n<li>DUA Intermedi.\u00a0<u><a id=\"m_952990525891749300OWAf4f79e8f-7b0d-240e-9e7f-8d3dc6034fcd\" href=\"https:\/\/aplicacions.gestioeducativa.gencat.cat\/pls\/soloas\/pk_for_mod_ins.p_for_cons_activitats?p_any=&amp;p_tipus_act=DUAI&amp;p_totes=N\" target=\"_blank\" rel=\"noopener\" data-saferedirecturl=\"https:\/\/www.google.com\/url?q=https:\/\/aplicacions.gestioeducativa.gencat.cat\/pls\/soloas\/pk_for_mod_ins.p_for_cons_activitats?p_any%3D%26p_tipus_act%3DDUAI%26p_totes%3DN&amp;source=gmail&amp;ust=1726249177135000&amp;usg=AOvVaw21VABdjWbrTaXQcoZ-tMY7\">Acc\u00e9s a l\u2019oferta formativa<\/a><\/u><\/li>\n<li>DUA Avan\u00e7at.\u00a0<u><a id=\"m_952990525891749300OWAac5e4abc-a8e8-0b5a-7960-dbc6c081829b\" href=\"https:\/\/aplicacions.gestioeducativa.gencat.cat\/pls\/soloas\/pk_for_mod_ins.p_for_cons_activitats?p_any=&amp;p_tipus_act=DUAA&amp;p_totes=N\" target=\"_blank\" rel=\"noopener\" data-saferedirecturl=\"https:\/\/www.google.com\/url?q=https:\/\/aplicacions.gestioeducativa.gencat.cat\/pls\/soloas\/pk_for_mod_ins.p_for_cons_activitats?p_any%3D%26p_tipus_act%3DDUAA%26p_totes%3DN&amp;source=gmail&amp;ust=1726249177135000&amp;usg=AOvVaw2oo4imROjKlNfUs_W-0VqF\">Acc\u00e9s a l\u2019oferta formativa<\/a><\/u><\/li>\n<\/ul>\n<\/li>\n<\/ul>\n<p>&nbsp;<\/p>\n<p>B) Presencial<\/p>\n<table border=\"0\" width=\"100%\" cellspacing=\"0\" cellpadding=\"0\">\n<tbody>\n<tr>\n<td><a href=\"https:\/\/aplicacions.gestioeducativa.gencat.cat\/pls\/soloas\/pk_for_mod_ins.p_for_detall_activitat?p_codi=D003060512&amp;p_curs=2024-2025&amp;p_es_inscr=S\"><span style=\"font-family: arial, helvetica, geneva; font-size: small;\">D003060512\u00a0\u00a0\u00a0<b>C\u00e0psula de sensibilitzaci\u00f3 d&#8217;educaci\u00f3 inclusiva<\/b><\/span><\/a><\/td>\n<\/tr>\n<tr>\n<td><span style=\"font-family: arial, helvetica, geneva; font-size: small;\">Del 3\/10\/2024 al 3\/10\/2024 (2 hores) de 15:30h a 17:30h<\/span><\/td>\n<\/tr>\n<tr>\n<td><span style=\"font-family: arial, helvetica, geneva; font-size: small;\">\u00a0 INS Cam\u00ed de Mar<\/span><\/td>\n<\/tr>\n<tr>\n<td><span style=\"font-family: arial, helvetica, geneva; font-size: small;\">c. Jaume Pallar\u00e8s, s\/n\u00a0(\u00a0Calafell\u00a0)<br \/>\n<\/span><span style=\"color: #888888;\"><span style=\"font-family: arial, helvetica, geneva; font-size: small;\"><br \/>\n<\/span><\/span><\/td>\n<\/tr>\n<\/tbody>\n<\/table>\n<table border=\"0\" cellspacing=\"0\" cellpadding=\"0\">\n<tbody>\n<tr>\n<td valign=\"TOP\"><span style=\"font-family: arial, helvetica, geneva; font-size: small;\"><a href=\"https:\/\/aplicacions.gestioeducativa.gencat.cat\/pls\/soloas\/pk_for_mod_ins.p_for_exhaustiu_activitat?p_header=Llista%20d%27activitats%5Epk_for_mod_ins.p_for_cons_activitats?p_any=2024-2025%26p_totes=S%26p_comarca=12%26p_inici=1%26p_excloure_crp_rec=T*Detall%20d%27activitat%5Epk_for_mod_ins.p_for_detall_activitat?p_codi=D003050512%26p_curs=2024-2025%26p_es_inscr=S&amp;p_codi=D003050512&amp;p_curs=2024-2025&amp;p_es_inscr=S\" target=\"_blank\" rel=\"noopener\" data-saferedirecturl=\"https:\/\/www.google.com\/url?q=https:\/\/aplicacions.gestioeducativa.gencat.cat\/pls\/soloas\/pk_for_mod_ins.p_for_exhaustiu_activitat?p_header%3DLlista%2520d%2527activitats%255Epk_for_mod_ins.p_for_cons_activitats?p_any%3D2024-2025%2526p_totes%3DS%2526p_comarca%3D12%2526p_inici%3D1%2526p_excloure_crp_rec%3DT*Detall%2520d%2527activitat%255Epk_for_mod_ins.p_for_detall_activitat?p_codi%3DD003050512%2526p_curs%3D2024-2025%2526p_es_inscr%3DS%26p_codi%3DD003050512%26p_curs%3D2024-2025%26p_es_inscr%3DS&amp;source=gmail&amp;ust=1726745337037000&amp;usg=AOvVaw24WcRmkAMg5ADwX55zkpPj\">D003050512\u00a0<\/a><\/span><\/td>\n<td><span style=\"font-family: arial, helvetica, geneva; font-size: small;\"><b><a href=\"https:\/\/aplicacions.gestioeducativa.gencat.cat\/pls\/soloas\/pk_for_mod_ins.p_for_exhaustiu_activitat?p_header=Llista%20d%27activitats%5Epk_for_mod_ins.p_for_cons_activitats?p_any=2024-2025%26p_totes=S%26p_comarca=12%26p_inici=1%26p_excloure_crp_rec=T*Detall%20d%27activitat%5Epk_for_mod_ins.p_for_detall_activitat?p_codi=D003050512%26p_curs=2024-2025%26p_es_inscr=S&amp;p_codi=D003050512&amp;p_curs=2024-2025&amp;p_es_inscr=S\" target=\"_blank\" rel=\"noopener\" data-saferedirecturl=\"https:\/\/www.google.com\/url?q=https:\/\/aplicacions.gestioeducativa.gencat.cat\/pls\/soloas\/pk_for_mod_ins.p_for_exhaustiu_activitat?p_header%3DLlista%2520d%2527activitats%255Epk_for_mod_ins.p_for_cons_activitats?p_any%3D2024-2025%2526p_totes%3DS%2526p_comarca%3D12%2526p_inici%3D1%2526p_excloure_crp_rec%3DT*Detall%2520d%2527activitat%255Epk_for_mod_ins.p_for_detall_activitat?p_codi%3DD003050512%2526p_curs%3D2024-2025%2526p_es_inscr%3DS%26p_codi%3DD003050512%26p_curs%3D2024-2025%26p_es_inscr%3DS&amp;source=gmail&amp;ust=1726745337037000&amp;usg=AOvVaw24WcRmkAMg5ADwX55zkpPj\">Mesures i suports universals<\/a><\/b><\/span><\/td>\n<\/tr>\n<tr>\n<td valign=\"TOP\"><span style=\"font-family: arial, helvetica, geneva; font-size: small;\"><a href=\"https:\/\/aplicacions.gestioeducativa.gencat.cat\/pls\/soloas\/pk_for_mod_ins.p_for_exhaustiu_activitat?p_header=Llista%20d%27activitats%5Epk_for_mod_ins.p_for_cons_activitats?p_any=2024-2025%26p_totes=S%26p_comarca=12%26p_inici=1%26p_excloure_crp_rec=T*Detall%20d%27activitat%5Epk_for_mod_ins.p_for_detall_activitat?p_codi=D003050512%26p_curs=2024-2025%26p_es_inscr=S&amp;p_codi=D003050512&amp;p_curs=2024-2025&amp;p_es_inscr=S\" target=\"_blank\" rel=\"noopener\" data-saferedirecturl=\"https:\/\/www.google.com\/url?q=https:\/\/aplicacions.gestioeducativa.gencat.cat\/pls\/soloas\/pk_for_mod_ins.p_for_exhaustiu_activitat?p_header%3DLlista%2520d%2527activitats%255Epk_for_mod_ins.p_for_cons_activitats?p_any%3D2024-2025%2526p_totes%3DS%2526p_comarca%3D12%2526p_inici%3D1%2526p_excloure_crp_rec%3DT*Detall%2520d%2527activitat%255Epk_for_mod_ins.p_for_detall_activitat?p_codi%3DD003050512%2526p_curs%3D2024-2025%2526p_es_inscr%3DS%26p_codi%3DD003050512%26p_curs%3D2024-2025%26p_es_inscr%3DS&amp;source=gmail&amp;ust=1726745337037000&amp;usg=AOvVaw24WcRmkAMg5ADwX55zkpPj\">2024-2025<\/a><\/span><\/td>\n<td><span style=\"font-family: arial, helvetica, geneva; font-size: small;\"><a href=\"https:\/\/aplicacions.gestioeducativa.gencat.cat\/pls\/soloas\/pk_for_mod_ins.p_for_exhaustiu_activitat?p_header=Llista%20d%27activitats%5Epk_for_mod_ins.p_for_cons_activitats?p_any=2024-2025%26p_totes=S%26p_comarca=12%26p_inici=1%26p_excloure_crp_rec=T*Detall%20d%27activitat%5Epk_for_mod_ins.p_for_detall_activitat?p_codi=D003050512%26p_curs=2024-2025%26p_es_inscr=S&amp;p_codi=D003050512&amp;p_curs=2024-2025&amp;p_es_inscr=S\" target=\"_blank\" rel=\"noopener\" data-saferedirecturl=\"https:\/\/www.google.com\/url?q=https:\/\/aplicacions.gestioeducativa.gencat.cat\/pls\/soloas\/pk_for_mod_ins.p_for_exhaustiu_activitat?p_header%3DLlista%2520d%2527activitats%255Epk_for_mod_ins.p_for_cons_activitats?p_any%3D2024-2025%2526p_totes%3DS%2526p_comarca%3D12%2526p_inici%3D1%2526p_excloure_crp_rec%3DT*Detall%2520d%2527activitat%255Epk_for_mod_ins.p_for_detall_activitat?p_codi%3DD003050512%2526p_curs%3D2024-2025%2526p_es_inscr%3DS%26p_codi%3DD003050512%26p_curs%3D2024-2025%26p_es_inscr%3DS&amp;source=gmail&amp;ust=1726745337037000&amp;usg=AOvVaw24WcRmkAMg5ADwX55zkpPj\">Taller. Internivells: Ed. Infantil-Prim\u00e0ria-Secund\u00e0ria<\/a><\/span><\/td>\n<\/tr>\n<tr>\n<td><a href=\"https:\/\/aplicacions.gestioeducativa.gencat.cat\/pls\/soloas\/pk_for_mod_ins.p_for_exhaustiu_activitat?p_header=Llista%20d%27activitats%5Epk_for_mod_ins.p_for_cons_activitats?p_any=2024-2025%26p_totes=S%26p_comarca=12%26p_inici=1%26p_excloure_crp_rec=T*Detall%20d%27activitat%5Epk_for_mod_ins.p_for_detall_activitat?p_codi=D003050512%26p_curs=2024-2025%26p_es_inscr=S&amp;p_codi=D003050512&amp;p_curs=2024-2025&amp;p_es_inscr=S\" target=\"_blank\" rel=\"noopener\" data-saferedirecturl=\"https:\/\/www.google.com\/url?q=https:\/\/aplicacions.gestioeducativa.gencat.cat\/pls\/soloas\/pk_for_mod_ins.p_for_exhaustiu_activitat?p_header%3DLlista%2520d%2527activitats%255Epk_for_mod_ins.p_for_cons_activitats?p_any%3D2024-2025%2526p_totes%3DS%2526p_comarca%3D12%2526p_inici%3D1%2526p_excloure_crp_rec%3DT*Detall%2520d%2527activitat%255Epk_for_mod_ins.p_for_detall_activitat?p_codi%3DD003050512%2526p_curs%3D2024-2025%2526p_es_inscr%3DS%26p_codi%3DD003050512%26p_curs%3D2024-2025%26p_es_inscr%3DS&amp;source=gmail&amp;ust=1726745337037000&amp;usg=AOvVaw24WcRmkAMg5ADwX55zkpPj\">\u00a0<\/a><\/td>\n<td><a href=\"https:\/\/aplicacions.gestioeducativa.gencat.cat\/pls\/soloas\/pk_for_mod_ins.p_for_exhaustiu_activitat?p_header=Llista%20d%27activitats%5Epk_for_mod_ins.p_for_cons_activitats?p_any=2024-2025%26p_totes=S%26p_comarca=12%26p_inici=1%26p_excloure_crp_rec=T*Detall%20d%27activitat%5Epk_for_mod_ins.p_for_detall_activitat?p_codi=D003050512%26p_curs=2024-2025%26p_es_inscr=S&amp;p_codi=D003050512&amp;p_curs=2024-2025&amp;p_es_inscr=S\" target=\"_blank\" rel=\"noopener\" data-saferedirecturl=\"https:\/\/www.google.com\/url?q=https:\/\/aplicacions.gestioeducativa.gencat.cat\/pls\/soloas\/pk_for_mod_ins.p_for_exhaustiu_activitat?p_header%3DLlista%2520d%2527activitats%255Epk_for_mod_ins.p_for_cons_activitats?p_any%3D2024-2025%2526p_totes%3DS%2526p_comarca%3D12%2526p_inici%3D1%2526p_excloure_crp_rec%3DT*Detall%2520d%2527activitat%255Epk_for_mod_ins.p_for_detall_activitat?p_codi%3DD003050512%2526p_curs%3D2024-2025%2526p_es_inscr%3DS%26p_codi%3DD003050512%26p_curs%3D2024-2025%26p_es_inscr%3DS&amp;source=gmail&amp;ust=1726745337037000&amp;usg=AOvVaw24WcRmkAMg5ADwX55zkpPj\">\u00a0<\/a><\/td>\n<\/tr>\n<tr>\n<td><\/td>\n<td><span style=\"font-family: arial, helvetica, geneva; font-size: small;\"><a href=\"https:\/\/aplicacions.gestioeducativa.gencat.cat\/pls\/soloas\/pk_for_mod_ins.p_for_exhaustiu_activitat?p_header=Llista%20d%27activitats%5Epk_for_mod_ins.p_for_cons_activitats?p_any=2024-2025%26p_totes=S%26p_comarca=12%26p_inici=1%26p_excloure_crp_rec=T*Detall%20d%27activitat%5Epk_for_mod_ins.p_for_detall_activitat?p_codi=D003050512%26p_curs=2024-2025%26p_es_inscr=S&amp;p_codi=D003050512&amp;p_curs=2024-2025&amp;p_es_inscr=S\" target=\"_blank\" rel=\"noopener\" data-saferedirecturl=\"https:\/\/www.google.com\/url?q=https:\/\/aplicacions.gestioeducativa.gencat.cat\/pls\/soloas\/pk_for_mod_ins.p_for_exhaustiu_activitat?p_header%3DLlista%2520d%2527activitats%255Epk_for_mod_ins.p_for_cons_activitats?p_any%3D2024-2025%2526p_totes%3DS%2526p_comarca%3D12%2526p_inici%3D1%2526p_excloure_crp_rec%3DT*Detall%2520d%2527activitat%255Epk_for_mod_ins.p_for_detall_activitat?p_codi%3DD003050512%2526p_curs%3D2024-2025%2526p_es_inscr%3DS%26p_codi%3DD003050512%26p_curs%3D2024-2025%26p_es_inscr%3DS&amp;source=gmail&amp;ust=1726745337037000&amp;usg=AOvVaw24WcRmkAMg5ADwX55zkpPj\">Del 7\/11\/2024 al 24\/4\/2025 (\u00a020 hores &#8211; 5 sessions\u00a0)\u00a0de 15:30h a 17:30h<\/a><\/span><\/td>\n<\/tr>\n<tr>\n<td><\/td>\n<td><span style=\"font-family: arial, helvetica, geneva; font-size: small;\"><a href=\"https:\/\/aplicacions.gestioeducativa.gencat.cat\/pls\/soloas\/pk_for_mod_ins.p_for_exhaustiu_activitat?p_header=Llista%20d%27activitats%5Epk_for_mod_ins.p_for_cons_activitats?p_any=2024-2025%26p_totes=S%26p_comarca=12%26p_inici=1%26p_excloure_crp_rec=T*Detall%20d%27activitat%5Epk_for_mod_ins.p_for_detall_activitat?p_codi=D003050512%26p_curs=2024-2025%26p_es_inscr=S&amp;p_codi=D003050512&amp;p_curs=2024-2025&amp;p_es_inscr=S\" target=\"_blank\" rel=\"noopener\" data-saferedirecturl=\"https:\/\/www.google.com\/url?q=https:\/\/aplicacions.gestioeducativa.gencat.cat\/pls\/soloas\/pk_for_mod_ins.p_for_exhaustiu_activitat?p_header%3DLlista%2520d%2527activitats%255Epk_for_mod_ins.p_for_cons_activitats?p_any%3D2024-2025%2526p_totes%3DS%2526p_comarca%3D12%2526p_inici%3D1%2526p_excloure_crp_rec%3DT*Detall%2520d%2527activitat%255Epk_for_mod_ins.p_for_detall_activitat?p_codi%3DD003050512%2526p_curs%3D2024-2025%2526p_es_inscr%3DS%26p_codi%3DD003050512%26p_curs%3D2024-2025%26p_es_inscr%3DS&amp;source=gmail&amp;ust=1726745337037000&amp;usg=AOvVaw24WcRmkAMg5ADwX55zkpPj\">INS Cam\u00ed de Mar<\/a><\/span><\/td>\n<\/tr>\n<tr>\n<td><\/td>\n<td><span style=\"font-family: arial, helvetica, geneva; font-size: small;\"><a href=\"https:\/\/aplicacions.gestioeducativa.gencat.cat\/pls\/soloas\/pk_for_mod_ins.p_for_exhaustiu_activitat?p_header=Llista%20d%27activitats%5Epk_for_mod_ins.p_for_cons_activitats?p_any=2024-2025%26p_totes=S%26p_comarca=12%26p_inici=1%26p_excloure_crp_rec=T*Detall%20d%27activitat%5Epk_for_mod_ins.p_for_detall_activitat?p_codi=D003050512%26p_curs=2024-2025%26p_es_inscr=S&amp;p_codi=D003050512&amp;p_curs=2024-2025&amp;p_es_inscr=S\" target=\"_blank\" rel=\"noopener\" data-saferedirecturl=\"https:\/\/www.google.com\/url?q=https:\/\/aplicacions.gestioeducativa.gencat.cat\/pls\/soloas\/pk_for_mod_ins.p_for_exhaustiu_activitat?p_header%3DLlista%2520d%2527activitats%255Epk_for_mod_ins.p_for_cons_activitats?p_any%3D2024-2025%2526p_totes%3DS%2526p_comarca%3D12%2526p_inici%3D1%2526p_excloure_crp_rec%3DT*Detall%2520d%2527activitat%255Epk_for_mod_ins.p_for_detall_activitat?p_codi%3DD003050512%2526p_curs%3D2024-2025%2526p_es_inscr%3DS%26p_codi%3DD003050512%26p_curs%3D2024-2025%26p_es_inscr%3DS&amp;source=gmail&amp;ust=1726745337037000&amp;usg=AOvVaw24WcRmkAMg5ADwX55zkpPj\">c. Jaume Pallar\u00e8s, s\/n\u00a0(\u00a0Calafell\u00a0)<\/a><\/span><\/td>\n<\/tr>\n<\/tbody>\n<\/table>\n<p>&nbsp;<\/p>\n<p>L\u2019aspecte universal del DUA no vol dir una soluci\u00f3 per a tothom sin\u00f3 que planteja la necessitat de dissenyar, des del principi, activitats, tasques i continguts flexibles i personalitzats segons la realitat de cada aula.<\/p>\n<p>Si consulteu l&#8217;oferta formativa d&#8217;inclusi\u00f3 a XTEC :<\/p>\n<table border=\"0\" width=\"675\" cellspacing=\"2\" cellpadding=\"0\">\n<tbody>\n<tr>\n<td width=\"30\"><b><span style=\"font-family: arial, helvetica, geneva;\">Codi<\/span><\/b><\/td>\n<td><b><span style=\"font-family: arial, helvetica, geneva;\">Activitat<\/span><\/b><\/td>\n<\/tr>\n<tr>\n<td><\/td>\n<td valign=\"TOP\"><img loading=\"lazy\" decoding=\"async\" src=\"https:\/\/aplicacions.gestioeducativa.gencat.cat\/est\/gafadm\/img\/ins_ok.gif\" alt=\"Inscripci\u00f3 oberta\" width=\"16\" height=\"16\" border=\"0\" \/><\/td>\n<td valign=\"TOP\"><span style=\"font-family: arial, helvetica, geneva; font-size: small;\">0007930019<\/span><\/td>\n<td valign=\"TOP\"><span style=\"font-family: arial, helvetica, geneva; font-size: small;\"><b><a href=\"https:\/\/aplicacions.gestioeducativa.gencat.cat\/pls\/soloas\/pk_for_mod_ins.p_for_detall_activitat?p_header=Llista%20d%27activitats^pk_for_mod_ins.p_for_cons_activitats?p_any=2024-2025%26p_totes=S%26p_inici=1%26p_excloure_crp_rec=T&amp;p_codi=0007930019&amp;p_curs=2024-2025&amp;p_excloure_crp_rec=T\">Seminari IFE (Itineraris Formatius Espec\u00edfics)<\/a><\/b><\/span><\/td>\n<\/tr>\n<tr>\n<td colspan=\"3\"><\/td>\n<td valign=\"TOP\"><span style=\"font-family: arial, helvetica, geneva; font-size: xx-small;\">Seminari. VT Curs a dist\u00e0ncia (A dist\u00e0ncia). Del divendres 20\/9\/2024 al 30\/6\/2025 de a<\/span><\/td>\n<\/tr>\n<tr>\n<td><\/td>\n<td valign=\"TOP\"><img loading=\"lazy\" decoding=\"async\" src=\"https:\/\/aplicacions.gestioeducativa.gencat.cat\/est\/gafadm\/img\/ins_ok.gif\" alt=\"Inscripci\u00f3 oberta\" width=\"16\" height=\"16\" border=\"0\" \/><\/td>\n<td valign=\"TOP\"><span style=\"font-family: arial, helvetica, geneva; font-size: small;\">1000010512<\/span><\/td>\n<td valign=\"TOP\"><span style=\"font-family: arial, helvetica, geneva; font-size: small;\"><b><a href=\"https:\/\/aplicacions.gestioeducativa.gencat.cat\/pls\/soloas\/pk_for_mod_ins.p_for_detall_activitat?p_header=Llista%20d%27activitats^pk_for_mod_ins.p_for_cons_activitats?p_any=2024-2025%26p_totes=S%26p_inici=1%26p_excloure_crp_rec=T&amp;p_codi=1000010512&amp;p_curs=2024-2025&amp;p_excloure_crp_rec=T\">Formaci\u00f3 als centres que incorporen el SIEI<\/a><\/b><\/span><\/td>\n<\/tr>\n<tr>\n<td colspan=\"3\"><\/td>\n<td valign=\"TOP\"><span style=\"font-family: arial, helvetica, geneva; font-size: xx-small;\">Curs. INS Joan Brossa (Barcelona). Del dilluns 30\/9\/2024 al 16\/6\/2025 de a<\/span><\/td>\n<\/tr>\n<tr>\n<td><\/td>\n<td valign=\"TOP\"><img loading=\"lazy\" decoding=\"async\" src=\"https:\/\/aplicacions.gestioeducativa.gencat.cat\/est\/gafadm\/img\/ins_ok.gif\" alt=\"Inscripci\u00f3 oberta\" width=\"16\" height=\"16\" border=\"0\" \/><\/td>\n<td valign=\"TOP\"><span style=\"font-family: arial, helvetica, geneva; font-size: small;\">1000270511<\/span><\/td>\n<td valign=\"TOP\"><span style=\"font-family: arial, helvetica, geneva; font-size: small;\"><b><a href=\"https:\/\/aplicacions.gestioeducativa.gencat.cat\/pls\/soloas\/pk_for_mod_ins.p_for_detall_activitat?p_header=Llista%20d%27activitats^pk_for_mod_ins.p_for_cons_activitats?p_any=2024-2025%26p_totes=S%26p_inici=1%26p_excloure_crp_rec=T&amp;p_codi=1000270511&amp;p_curs=2024-2025&amp;p_excloure_crp_rec=T\">Seminari de professionals d&#8217;AIS<\/a><\/b><\/span><\/td>\n<\/tr>\n<tr>\n<td colspan=\"3\"><\/td>\n<td valign=\"TOP\"><span style=\"font-family: arial, helvetica, geneva; font-size: xx-small;\">Seminari. CRETDIC CRETDIC (0108) Barcelona-Ciutat (Barcelona). Del dimarts 22\/10\/2024 al 20\/5\/2025 de 16:30 a 18:30<\/span><\/td>\n<\/tr>\n<tr>\n<td><\/td>\n<td valign=\"TOP\"><img loading=\"lazy\" decoding=\"async\" src=\"https:\/\/aplicacions.gestioeducativa.gencat.cat\/est\/gafadm\/img\/ins_ok.gif\" alt=\"Inscripci\u00f3 oberta\" width=\"16\" height=\"16\" border=\"0\" \/><\/td>\n<td valign=\"TOP\"><span style=\"font-family: arial, helvetica, geneva; font-size: small;\">1000290511<\/span><\/td>\n<td valign=\"TOP\"><span style=\"font-family: arial, helvetica, geneva; font-size: small;\"><b><a href=\"https:\/\/aplicacions.gestioeducativa.gencat.cat\/pls\/soloas\/pk_for_mod_ins.p_for_detall_activitat?p_header=Llista%20d%27activitats^pk_for_mod_ins.p_for_cons_activitats?p_any=2024-2025%26p_totes=S%26p_inici=1%26p_excloure_crp_rec=T&amp;p_codi=1000290511&amp;p_curs=2024-2025&amp;p_excloure_crp_rec=T\">L&#8217;acompanyament a situacions escolars d&#8217;alta complexitat i l&#8217;alumnat amb dificultats de regulaci\u00f3 de la conducta<\/a><\/b><\/span><\/td>\n<\/tr>\n<tr>\n<td colspan=\"3\"><\/td>\n<td valign=\"TOP\"><span style=\"font-family: arial, helvetica, geneva; font-size: xx-small;\">Curs. CRETDIC CRETDIC (0108) Barcelona-Ciutat (Barcelona). Del dimecres 23\/10\/2024 al 29\/1\/2025 de 17:30 a 19:30<\/span><\/td>\n<\/tr>\n<tr>\n<td><\/td>\n<td valign=\"TOP\"><img loading=\"lazy\" decoding=\"async\" src=\"https:\/\/aplicacions.gestioeducativa.gencat.cat\/est\/gafadm\/img\/ins_ok.gif\" alt=\"Inscripci\u00f3 oberta\" width=\"16\" height=\"16\" border=\"0\" \/><\/td>\n<td valign=\"TOP\"><span style=\"font-family: arial, helvetica, geneva; font-size: small;\">1000330511<\/span><\/td>\n<td valign=\"TOP\"><span style=\"font-family: arial, helvetica, geneva; font-size: small;\"><b><a href=\"https:\/\/aplicacions.gestioeducativa.gencat.cat\/pls\/soloas\/pk_for_mod_ins.p_for_detall_activitat?p_header=Llista%20d%27activitats^pk_for_mod_ins.p_for_cons_activitats?p_any=2024-2025%26p_totes=S%26p_inici=1%26p_excloure_crp_rec=T&amp;p_codi=1000330511&amp;p_curs=2024-2025&amp;p_excloure_crp_rec=T\">Els alumnes amb necessitats en l\u2019\u00e0mbit de la comunicaci\u00f3 i la relaci\u00f3 a l\u2019escola (TEA, TGD, Ret, Trastorns expressius comprensius&#8230;)<\/a><\/b><\/span><\/td>\n<\/tr>\n<tr>\n<td colspan=\"3\"><\/td>\n<td valign=\"TOP\"><span style=\"font-family: arial, helvetica, geneva; font-size: xx-small;\">Curs. CRETDIC CRETDIC (0108) Barcelona-Ciutat (Barcelona). Del dimarts 29\/10\/2024 al 21\/1\/2025 de 17:30 a 19:30<\/span><\/td>\n<\/tr>\n<tr>\n<td><\/td>\n<td valign=\"TOP\"><img loading=\"lazy\" decoding=\"async\" src=\"https:\/\/aplicacions.gestioeducativa.gencat.cat\/est\/gafadm\/img\/ins_ok.gif\" alt=\"Inscripci\u00f3 oberta\" width=\"16\" height=\"16\" border=\"0\" \/><\/td>\n<td valign=\"TOP\"><span style=\"font-family: arial, helvetica, geneva; font-size: small;\">1000340511<\/span><\/td>\n<td valign=\"TOP\"><span style=\"font-family: arial, helvetica, geneva; font-size: small;\"><b><a href=\"https:\/\/aplicacions.gestioeducativa.gencat.cat\/pls\/soloas\/pk_for_mod_ins.p_for_detall_activitat?p_header=Llista%20d%27activitats^pk_for_mod_ins.p_for_cons_activitats?p_any=2024-2025%26p_totes=S%26p_inici=1%26p_excloure_crp_rec=T&amp;p_codi=1000340511&amp;p_curs=2024-2025&amp;p_excloure_crp_rec=T\">Seminari d\u2019an\u00e0lisi de casos per a docents d\u2019educaci\u00f3 infantil que atenen alumnes amb necessitats en l\u2019\u00e0mbit de la comunicaci\u00f3 i la relaci\u00f3 (TEA, TGD, Ret, Trastorns expressius comprensius&#8230;)<\/a><\/b><\/span><\/td>\n<\/tr>\n<tr>\n<td colspan=\"3\"><\/td>\n<td valign=\"TOP\"><span style=\"font-family: arial, helvetica, geneva; font-size: xx-small;\">Curs. CRETDIC CRETDIC (0108) Barcelona-Ciutat (Barcelona). Del dimecres 16\/10\/2024 al 28\/5\/2025 de 17:30 a 19:00<\/span><\/td>\n<\/tr>\n<tr>\n<td><\/td>\n<td valign=\"TOP\"><\/td>\n<td valign=\"TOP\"><span style=\"font-family: arial, helvetica, geneva; font-size: small;\">1020091102<\/span><\/td>\n<td valign=\"TOP\"><span style=\"font-family: arial, helvetica, geneva; font-size: small;\"><b><a href=\"https:\/\/aplicacions.gestioeducativa.gencat.cat\/pls\/soloas\/pk_for_mod_ins.p_for_detall_activitat?p_header=Llista%20d%27activitats^pk_for_mod_ins.p_for_cons_activitats?p_any=2024-2025%26p_totes=S%26p_inici=1%26p_excloure_crp_rec=T&amp;p_codi=1020091102&amp;p_curs=2024-2025&amp;p_excloure_crp_rec=T\">Seminari de Suport a l&#8217;Educaci\u00f3 Inclusiva<\/a><\/b><\/span><\/td>\n<\/tr>\n<tr>\n<td colspan=\"3\"><\/td>\n<td valign=\"TOP\"><span style=\"font-family: arial, helvetica, geneva; font-size: xx-small;\">Seminari de coordinaci\u00f3. EAP EAP B-47 Eixample (Barcelona). Del dimecres 15\/1\/2025 al 9\/4\/2025 de 17:00 a 19:00<\/span><\/td>\n<\/tr>\n<tr>\n<td><\/td>\n<td valign=\"TOP\"><img loading=\"lazy\" decoding=\"async\" src=\"https:\/\/aplicacions.gestioeducativa.gencat.cat\/est\/gafadm\/img\/ins_ok.gif\" alt=\"Inscripci\u00f3 oberta\" width=\"16\" height=\"16\" border=\"0\" \/><\/td>\n<td valign=\"TOP\"><span style=\"font-family: arial, helvetica, geneva; font-size: small;\">1030051103<\/span><\/td>\n<td valign=\"TOP\"><span style=\"font-family: arial, helvetica, geneva; font-size: small;\"><b><a href=\"https:\/\/aplicacions.gestioeducativa.gencat.cat\/pls\/soloas\/pk_for_mod_ins.p_for_detall_activitat?p_header=Llista%20d%27activitats^pk_for_mod_ins.p_for_cons_activitats?p_any=2024-2025%26p_totes=S%26p_inici=1%26p_excloure_crp_rec=T&amp;p_codi=1030051103&amp;p_curs=2024-2025&amp;p_excloure_crp_rec=T\">Coordinaci\u00f3 per a professorat de suport a la inclusi\u00f3<\/a><\/b><\/span><\/td>\n<\/tr>\n<tr>\n<td colspan=\"3\"><\/td>\n<td valign=\"TOP\"><span style=\"font-family: arial, helvetica, geneva; font-size: xx-small;\">Seminari de coordinaci\u00f3. CRP Sants-Montju\u00efc (Barcelona). Del dijous 17\/10\/2024 al 22\/5\/2025 de 17:00 a 19:00<\/span><\/td>\n<\/tr>\n<tr>\n<td><\/td>\n<td valign=\"TOP\"><img loading=\"lazy\" decoding=\"async\" src=\"https:\/\/aplicacions.gestioeducativa.gencat.cat\/est\/gafadm\/img\/ins_ok.gif\" alt=\"Inscripci\u00f3 oberta\" width=\"16\" height=\"16\" border=\"0\" \/><\/td>\n<td valign=\"TOP\"><span style=\"font-family: arial, helvetica, geneva; font-size: small;\">1040081104<\/span><\/td>\n<td valign=\"TOP\"><span style=\"font-family: arial, helvetica, geneva; font-size: small;\"><b><a href=\"https:\/\/aplicacions.gestioeducativa.gencat.cat\/pls\/soloas\/pk_for_mod_ins.p_for_detall_activitat?p_header=Llista%20d%27activitats^pk_for_mod_ins.p_for_cons_activitats?p_any=2024-2025%26p_totes=S%26p_inici=1%26p_excloure_crp_rec=T&amp;p_codi=1040081104&amp;p_curs=2024-2025&amp;p_excloure_crp_rec=T\">Seminari d&#8217;Educaci\u00f3 Inclusiva<\/a><\/b><\/span><\/td>\n<\/tr>\n<tr>\n<td colspan=\"3\"><\/td>\n<td valign=\"TOP\"><span style=\"font-family: arial, helvetica, geneva; font-size: xx-small;\">Seminari. CRP Les Corts (Barcelona). Del dilluns 30\/9\/2024 al 19\/5\/2025 de 17:00 a 19:00<\/span><\/td>\n<\/tr>\n<tr>\n<td><\/td>\n<td valign=\"TOP\"><img loading=\"lazy\" decoding=\"async\" src=\"https:\/\/aplicacions.gestioeducativa.gencat.cat\/est\/gafadm\/img\/ins_ok.gif\" alt=\"Inscripci\u00f3 oberta\" width=\"16\" height=\"16\" border=\"0\" \/><\/td>\n<td valign=\"TOP\"><span style=\"font-family: arial, helvetica, geneva; font-size: small;\">1050121105<\/span><\/td>\n<td valign=\"TOP\"><span style=\"font-family: arial, helvetica, geneva; font-size: small;\"><b><a href=\"https:\/\/aplicacions.gestioeducativa.gencat.cat\/pls\/soloas\/pk_for_mod_ins.p_for_detall_activitat?p_header=Llista%20d%27activitats^pk_for_mod_ins.p_for_cons_activitats?p_any=2024-2025%26p_totes=S%26p_inici=1%26p_excloure_crp_rec=T&amp;p_codi=1050121105&amp;p_curs=2024-2025&amp;p_excloure_crp_rec=T\">Coordinaci\u00f3 per a una escola inclusiva<\/a><\/b><\/span><\/td>\n<\/tr>\n<tr>\n<td colspan=\"3\"><\/td>\n<td valign=\"TOP\"><span style=\"font-family: arial, helvetica, geneva; font-size: xx-small;\">Seminari. CRP Sarri\u00e0-Sant Gervasi (Barcelona). Del dijous 17\/10\/2024 al 30\/5\/2025 de 17:30 a 19:30<\/span><\/td>\n<\/tr>\n<tr>\n<td><\/td>\n<td valign=\"TOP\"><img loading=\"lazy\" decoding=\"async\" src=\"https:\/\/aplicacions.gestioeducativa.gencat.cat\/est\/gafadm\/img\/ins_ok.gif\" alt=\"Inscripci\u00f3 oberta\" width=\"16\" height=\"16\" border=\"0\" \/><\/td>\n<td valign=\"TOP\"><span style=\"font-family: arial, helvetica, geneva; font-size: small;\">1050231105<\/span><\/td>\n<td valign=\"TOP\"><span style=\"font-family: arial, helvetica, geneva; font-size: small;\"><b><a href=\"https:\/\/aplicacions.gestioeducativa.gencat.cat\/pls\/soloas\/pk_for_mod_ins.p_for_detall_activitat?p_header=Llista%20d%27activitats^pk_for_mod_ins.p_for_cons_activitats?p_any=2024-2025%26p_totes=S%26p_inici=1%26p_excloure_crp_rec=T&amp;p_codi=1050231105&amp;p_curs=2024-2025&amp;p_excloure_crp_rec=T\">Sessions cl\u00edniques (intervenci\u00f3 cl\u00ednica i sociopedag\u00f2gica)<\/a><\/b><\/span><\/td>\n<\/tr>\n<tr>\n<td colspan=\"3\"><\/td>\n<td valign=\"TOP\"><span style=\"font-family: arial, helvetica, geneva; font-size: xx-small;\">Taller a centre. C L&#8217;Alba (Barcelona). Del dimecres 2\/10\/2024 al 4\/6\/2025 de a<\/span><\/td>\n<\/tr>\n<tr>\n<td><\/td>\n<td valign=\"TOP\"><img loading=\"lazy\" decoding=\"async\" src=\"https:\/\/aplicacions.gestioeducativa.gencat.cat\/est\/gafadm\/img\/ins_ok.gif\" alt=\"Inscripci\u00f3 oberta\" width=\"16\" height=\"16\" border=\"0\" \/><\/td>\n<td valign=\"TOP\"><span style=\"font-family: arial, helvetica, geneva; font-size: small;\">1050261105<\/span><\/td>\n<td valign=\"TOP\"><span style=\"font-family: arial, helvetica, geneva; font-size: small;\"><b><a href=\"https:\/\/aplicacions.gestioeducativa.gencat.cat\/pls\/soloas\/pk_for_mod_ins.p_for_detall_activitat?p_header=Llista%20d%27activitats^pk_for_mod_ins.p_for_cons_activitats?p_any=2024-2025%26p_totes=S%26p_inici=1%26p_excloure_crp_rec=T&amp;p_codi=1050261105&amp;p_curs=2024-2025&amp;p_excloure_crp_rec=T\">Processos, metodologies, recursos i eines d&#8217;escola amb mirada inclusiva<\/a><\/b><\/span><\/td>\n<\/tr>\n<tr>\n<td colspan=\"3\"><\/td>\n<td valign=\"TOP\"><span style=\"font-family: arial, helvetica, geneva; font-size: xx-small;\">Assessorament. C Aspasim (Barcelona). Del dilluns 7\/10\/2024 al 9\/6\/2025 de 17:30 a 19:30<\/span><\/td>\n<\/tr>\n<tr>\n<td><\/td>\n<td valign=\"TOP\"><\/td>\n<td valign=\"TOP\"><span style=\"font-family: arial, helvetica, geneva; font-size: small;\">1050281105<\/span><\/td>\n<td valign=\"TOP\"><span style=\"font-family: arial, helvetica, geneva; font-size: small;\"><b><a href=\"https:\/\/aplicacions.gestioeducativa.gencat.cat\/pls\/soloas\/pk_for_mod_ins.p_for_detall_activitat?p_header=Llista%20d%27activitats^pk_for_mod_ins.p_for_cons_activitats?p_any=2024-2025%26p_totes=S%26p_inici=1%26p_excloure_crp_rec=T&amp;p_codi=1050281105&amp;p_curs=2024-2025&amp;p_excloure_crp_rec=T\">Formaci\u00f3 anual sobre recursos i informaci\u00f3 del treball de l&#8217;alumnat sord a l&#8217;escola i a l&#8217;aula.<\/a><\/b><\/span><\/td>\n<\/tr>\n<tr>\n<td colspan=\"3\"><\/td>\n<td valign=\"TOP\"><span style=\"font-family: arial, helvetica, geneva; font-size: xx-small;\">Taller a centre. ESC T\u00e0ber (Barcelona). Del dissabte 14\/9\/2024 al 23\/9\/2024 de 12:30 a 14:30<\/span><\/td>\n<\/tr>\n<tr>\n<td><\/td>\n<td valign=\"TOP\"><img loading=\"lazy\" decoding=\"async\" src=\"https:\/\/aplicacions.gestioeducativa.gencat.cat\/est\/gafadm\/img\/ins_ok.gif\" alt=\"Inscripci\u00f3 oberta\" width=\"16\" height=\"16\" border=\"0\" \/><\/td>\n<td valign=\"TOP\"><span style=\"font-family: arial, helvetica, geneva; font-size: small;\">1060071106<\/span><\/td>\n<td valign=\"TOP\"><span style=\"font-family: arial, helvetica, geneva; font-size: small;\"><b><a href=\"https:\/\/aplicacions.gestioeducativa.gencat.cat\/pls\/soloas\/pk_for_mod_ins.p_for_detall_activitat?p_header=Llista%20d%27activitats^pk_for_mod_ins.p_for_cons_activitats?p_any=2024-2025%26p_totes=S%26p_inici=1%26p_excloure_crp_rec=T&amp;p_codi=1060071106&amp;p_curs=2024-2025&amp;p_excloure_crp_rec=T\">Seminari de Suport a l&#8217;Educaci\u00f3 Inclusiva<\/a><\/b><\/span><\/td>\n<\/tr>\n<tr>\n<td colspan=\"3\"><\/td>\n<td valign=\"TOP\"><span style=\"font-family: arial, helvetica, geneva; font-size: xx-small;\">Seminari. EAP EAP B-30 Gr\u00e0cia (Barcelona). Del dijous 3\/10\/2024 al 22\/5\/2025 de a<\/span><\/td>\n<\/tr>\n<tr>\n<td><\/td>\n<td valign=\"TOP\"><img loading=\"lazy\" decoding=\"async\" src=\"https:\/\/aplicacions.gestioeducativa.gencat.cat\/est\/gafadm\/img\/ins_ok.gif\" alt=\"Inscripci\u00f3 oberta\" width=\"16\" height=\"16\" border=\"0\" \/><\/td>\n<td valign=\"TOP\"><span style=\"font-family: arial, helvetica, geneva; font-size: small;\">1060161106<\/span><\/td>\n<td valign=\"TOP\"><span style=\"font-family: arial, helvetica, geneva; font-size: small;\"><b><a href=\"https:\/\/aplicacions.gestioeducativa.gencat.cat\/pls\/soloas\/pk_for_mod_ins.p_for_detall_activitat?p_header=Llista%20d%27activitats^pk_for_mod_ins.p_for_cons_activitats?p_any=2024-2025%26p_totes=S%26p_inici=1%26p_excloure_crp_rec=T&amp;p_codi=1060161106&amp;p_curs=2024-2025&amp;p_excloure_crp_rec=T\">Apliquem les MISU a l&#8217;aula<\/a><\/b><\/span><\/td>\n<\/tr>\n<tr>\n<td colspan=\"3\"><\/td>\n<td valign=\"TOP\"><span style=\"font-family: arial, helvetica, geneva; font-size: xx-small;\">Taller a centre. INS Montserrat Roig (Barcelona). Del dimecres 25\/9\/2024 al 13\/11\/2024 de 11:00 a<\/span><\/td>\n<\/tr>\n<tr>\n<td><\/td>\n<td valign=\"TOP\"><img loading=\"lazy\" decoding=\"async\" src=\"https:\/\/aplicacions.gestioeducativa.gencat.cat\/est\/gafadm\/img\/ins_ok.gif\" alt=\"Inscripci\u00f3 oberta\" width=\"16\" height=\"16\" border=\"0\" \/><\/td>\n<td valign=\"TOP\"><span style=\"font-family: arial, helvetica, geneva; font-size: small;\">1060341106<\/span><\/td>\n<td valign=\"TOP\"><span style=\"font-family: arial, helvetica, geneva; font-size: small;\"><b><a href=\"https:\/\/aplicacions.gestioeducativa.gencat.cat\/pls\/soloas\/pk_for_mod_ins.p_for_detall_activitat?p_header=Llista%20d%27activitats^pk_for_mod_ins.p_for_cons_activitats?p_any=2024-2025%26p_totes=S%26p_inici=1%26p_excloure_crp_rec=T&amp;p_codi=1060341106&amp;p_curs=2024-2025&amp;p_excloure_crp_rec=T\">L&#8217;an\u00e0lisi aplicat de la conducta- ABA<\/a><\/b><\/span><\/td>\n<\/tr>\n<tr>\n<td colspan=\"3\"><\/td>\n<td valign=\"TOP\"><span style=\"font-family: arial, helvetica, geneva; font-size: xx-small;\">Assessorament. C Lexia (Barcelona). Del dijous 3\/10\/2024 al 22\/5\/2025 de a<\/span><\/td>\n<\/tr>\n<tr>\n<td><\/td>\n<td valign=\"TOP\"><img loading=\"lazy\" decoding=\"async\" src=\"https:\/\/aplicacions.gestioeducativa.gencat.cat\/est\/gafadm\/img\/ins_ok.gif\" alt=\"Inscripci\u00f3 oberta\" width=\"16\" height=\"16\" border=\"0\" \/><\/td>\n<td valign=\"TOP\"><span style=\"font-family: arial, helvetica, geneva; font-size: small;\">1070051107<\/span><\/td>\n<td valign=\"TOP\"><span style=\"font-family: arial, helvetica, geneva; font-size: small;\"><b><a href=\"https:\/\/aplicacions.gestioeducativa.gencat.cat\/pls\/soloas\/pk_for_mod_ins.p_for_detall_activitat?p_header=Llista%20d%27activitats^pk_for_mod_ins.p_for_cons_activitats?p_any=2024-2025%26p_totes=S%26p_inici=1%26p_excloure_crp_rec=T&amp;p_codi=1070051107&amp;p_curs=2024-2025&amp;p_excloure_crp_rec=T\">Seminari de professionals del SIEI (Suport Intensiu per a l&#8217;Escolaritzaci\u00f3 Inclusiva)<\/a><\/b><\/span><\/td>\n<\/tr>\n<tr>\n<td colspan=\"3\"><\/td>\n<td valign=\"TOP\"><span style=\"font-family: arial, helvetica, geneva; font-size: xx-small;\">Seminari de coordinaci\u00f3. EAP EAP B-31 Horta-Guinard\u00f3 (Barcelona). Del dilluns 14\/10\/2024 al 26\/5\/2025 de 17:00 a 19:00<\/span><\/td>\n<\/tr>\n<tr>\n<td><\/td>\n<td valign=\"TOP\"><img loading=\"lazy\" decoding=\"async\" src=\"https:\/\/aplicacions.gestioeducativa.gencat.cat\/est\/gafadm\/img\/ins_ok.gif\" alt=\"Inscripci\u00f3 oberta\" width=\"16\" height=\"16\" border=\"0\" \/><\/td>\n<td valign=\"TOP\"><span style=\"font-family: arial, helvetica, geneva; font-size: small;\">1070061107<\/span><\/td>\n<td valign=\"TOP\"><span style=\"font-family: arial, helvetica, geneva; font-size: small;\"><b><a href=\"https:\/\/aplicacions.gestioeducativa.gencat.cat\/pls\/soloas\/pk_for_mod_ins.p_for_detall_activitat?p_header=Llista%20d%27activitats^pk_for_mod_ins.p_for_cons_activitats?p_any=2024-2025%26p_totes=S%26p_inici=1%26p_excloure_crp_rec=T&amp;p_codi=1070061107&amp;p_curs=2024-2025&amp;p_excloure_crp_rec=T\">La inclusi\u00f3 com a eina de transformaci\u00f3 educativa en clau d&#8217;equitat<\/a><\/b><\/span><\/td>\n<\/tr>\n<tr>\n<td colspan=\"3\"><\/td>\n<td valign=\"TOP\"><span style=\"font-family: arial, helvetica, geneva; font-size: xx-small;\">Seminari de coordinaci\u00f3. EAP EAP B-31 Horta-Guinard\u00f3 (Barcelona). Del dimecres 16\/10\/2024 al 4\/6\/2025 de 17:30 a 19:30<\/span><\/td>\n<\/tr>\n<tr>\n<td><\/td>\n<td valign=\"TOP\"><img loading=\"lazy\" decoding=\"async\" src=\"https:\/\/aplicacions.gestioeducativa.gencat.cat\/est\/gafadm\/img\/ins_ok.gif\" alt=\"Inscripci\u00f3 oberta\" width=\"16\" height=\"16\" border=\"0\" \/><\/td>\n<td valign=\"TOP\"><span style=\"font-family: arial, helvetica, geneva; font-size: small;\">1070211107<\/span><\/td>\n<td valign=\"TOP\"><span style=\"font-family: arial, helvetica, geneva; font-size: small;\"><b><a href=\"https:\/\/aplicacions.gestioeducativa.gencat.cat\/pls\/soloas\/pk_for_mod_ins.p_for_detall_activitat?p_header=Llista%20d%27activitats^pk_for_mod_ins.p_for_cons_activitats?p_any=2024-2025%26p_totes=S%26p_inici=1%26p_excloure_crp_rec=T&amp;p_codi=1070211107&amp;p_curs=2024-2025&amp;p_excloure_crp_rec=T\">Intervenci\u00f3 en aspectes que condicionen el desenvolupament de l&#8217;alumnat amb TEA<\/a><\/b><\/span><\/td>\n<\/tr>\n<tr>\n<td colspan=\"3\"><\/td>\n<td valign=\"TOP\"><span style=\"font-family: arial, helvetica, geneva; font-size: xx-small;\">Taller d&#8217;equips de centre. CEE La Ginesta (Barcelona). Del dimecres 9\/10\/2024 al 22\/1\/2025 de 17:00 a 19:00<\/span><\/td>\n<\/tr>\n<tr>\n<td><\/td>\n<td valign=\"TOP\"><img loading=\"lazy\" decoding=\"async\" src=\"https:\/\/aplicacions.gestioeducativa.gencat.cat\/est\/gafadm\/img\/ins_ok.gif\" alt=\"Inscripci\u00f3 oberta\" width=\"16\" height=\"16\" border=\"0\" \/><\/td>\n<td valign=\"TOP\"><span style=\"font-family: arial, helvetica, geneva; font-size: small;\">1070231107<\/span><\/td>\n<td valign=\"TOP\"><span style=\"font-family: arial, helvetica, geneva; font-size: small;\"><b><a href=\"https:\/\/aplicacions.gestioeducativa.gencat.cat\/pls\/soloas\/pk_for_mod_ins.p_for_detall_activitat?p_header=Llista%20d%27activitats^pk_for_mod_ins.p_for_cons_activitats?p_any=2024-2025%26p_totes=S%26p_inici=1%26p_excloure_crp_rec=T&amp;p_codi=1070231107&amp;p_curs=2024-2025&amp;p_excloure_crp_rec=T\">Autisme i pluridiscapacitat<\/a><\/b><\/span><\/td>\n<\/tr>\n<tr>\n<td colspan=\"3\"><\/td>\n<td valign=\"TOP\"><span style=\"font-family: arial, helvetica, geneva; font-size: xx-small;\">Taller a centre. CEE Folch i Camarasa (Barcelona). Del dijous 17\/10\/2024 al 30\/6\/2025 de 15:00 a 17:00<\/span><\/td>\n<\/tr>\n<tr>\n<td><\/td>\n<td valign=\"TOP\"><\/td>\n<td valign=\"TOP\"><span style=\"font-family: arial, helvetica, geneva; font-size: small;\">1080031108<\/span><\/td>\n<td valign=\"TOP\"><span style=\"font-family: arial, helvetica, geneva; font-size: small;\"><b><a href=\"https:\/\/aplicacions.gestioeducativa.gencat.cat\/pls\/soloas\/pk_for_mod_ins.p_for_detall_activitat?p_header=Llista%20d%27activitats^pk_for_mod_ins.p_for_cons_activitats?p_any=2024-2025%26p_totes=S%26p_inici=1%26p_excloure_crp_rec=T&amp;p_codi=1080031108&amp;p_curs=2024-2025&amp;p_excloure_crp_rec=T\">Pla de suport individualitzat (PSI)<\/a><\/b><\/span><\/td>\n<\/tr>\n<tr>\n<td colspan=\"3\"><\/td>\n<td valign=\"TOP\"><span style=\"font-family: arial, helvetica, geneva; font-size: xx-small;\">Taller. CRP Nou Barris (Barcelona). Del divendres 8\/11\/2024 al 30\/6\/2025 de 17:00 a 19:00<\/span><\/td>\n<\/tr>\n<tr>\n<td><\/td>\n<td valign=\"TOP\"><img loading=\"lazy\" decoding=\"async\" src=\"https:\/\/aplicacions.gestioeducativa.gencat.cat\/est\/gafadm\/img\/ins_ok.gif\" alt=\"Inscripci\u00f3 oberta\" width=\"16\" height=\"16\" border=\"0\" \/><\/td>\n<td valign=\"TOP\"><span style=\"font-family: arial, helvetica, geneva; font-size: small;\">1080131108<\/span><\/td>\n<td valign=\"TOP\"><span style=\"font-family: arial, helvetica, geneva; font-size: small;\"><b><a href=\"https:\/\/aplicacions.gestioeducativa.gencat.cat\/pls\/soloas\/pk_for_mod_ins.p_for_detall_activitat?p_header=Llista%20d%27activitats^pk_for_mod_ins.p_for_cons_activitats?p_any=2024-2025%26p_totes=S%26p_inici=1%26p_excloure_crp_rec=T&amp;p_codi=1080131108&amp;p_curs=2024-2025&amp;p_excloure_crp_rec=T\">Seminari d&#8217;atenci\u00f3 a l&#8217;educaci\u00f3 inclusiva<\/a><\/b><\/span><\/td>\n<\/tr>\n<tr>\n<td colspan=\"3\"><\/td>\n<td valign=\"TOP\"><span style=\"font-family: arial, helvetica, geneva; font-size: xx-small;\">Seminari de coordinaci\u00f3. CRP Nou Barris (Barcelona). Del dimarts 22\/10\/2024 al 13\/5\/2025 de 17:00 a 19:00<\/span><\/td>\n<\/tr>\n<tr>\n<td><\/td>\n<td valign=\"TOP\"><img loading=\"lazy\" decoding=\"async\" src=\"https:\/\/aplicacions.gestioeducativa.gencat.cat\/est\/gafadm\/img\/ins_ok.gif\" alt=\"Inscripci\u00f3 oberta\" width=\"16\" height=\"16\" border=\"0\" \/><\/td>\n<td valign=\"TOP\"><span style=\"font-family: arial, helvetica, geneva; font-size: small;\">1080151108<\/span><\/td>\n<td valign=\"TOP\"><span style=\"font-family: arial, helvetica, geneva; font-size: small;\"><b><a href=\"https:\/\/aplicacions.gestioeducativa.gencat.cat\/pls\/soloas\/pk_for_mod_ins.p_for_detall_activitat?p_header=Llista%20d%27activitats^pk_for_mod_ins.p_for_cons_activitats?p_any=2024-2025%26p_totes=S%26p_inici=1%26p_excloure_crp_rec=T&amp;p_codi=1080151108&amp;p_curs=2024-2025&amp;p_excloure_crp_rec=T\">Seminari de professionals del SIEI (Suport Intensiu per a l&#8217;Escolaritzaci\u00f3 Inclusiva)<\/a><\/b><\/span><\/td>\n<\/tr>\n<tr>\n<td colspan=\"3\"><\/td>\n<td valign=\"TOP\"><span style=\"font-family: arial, helvetica, geneva; font-size: xx-small;\">Seminari de coordinaci\u00f3. CRP Nou Barris (Barcelona). Del dimarts 15\/10\/2024 al 20\/5\/2025 de 17:00 a 19:00<\/span><\/td>\n<\/tr>\n<tr>\n<td><\/td>\n<td valign=\"TOP\"><img loading=\"lazy\" decoding=\"async\" src=\"https:\/\/aplicacions.gestioeducativa.gencat.cat\/est\/gafadm\/img\/ins_ok.gif\" alt=\"Inscripci\u00f3 oberta\" width=\"16\" height=\"16\" border=\"0\" \/><\/td>\n<td valign=\"TOP\"><span style=\"font-family: arial, helvetica, geneva; font-size: small;\">1090290511<\/span><\/td>\n<td valign=\"TOP\"><span style=\"font-family: arial, helvetica, geneva; font-size: small;\"><b><a href=\"https:\/\/aplicacions.gestioeducativa.gencat.cat\/pls\/soloas\/pk_for_mod_ins.p_for_detall_activitat?p_header=Llista%20d%27activitats^pk_for_mod_ins.p_for_cons_activitats?p_any=2024-2025%26p_totes=S%26p_inici=1%26p_excloure_crp_rec=T&amp;p_codi=1090290511&amp;p_curs=2024-2025&amp;p_excloure_crp_rec=T\">Seminari educaci\u00f3 inclusiva<\/a><\/b><\/span><\/td>\n<\/tr>\n<tr>\n<td colspan=\"3\"><\/td>\n<td valign=\"TOP\"><span style=\"font-family: arial, helvetica, geneva; font-size: xx-small;\">Seminari de coordinaci\u00f3. CRP Sant Andreu (Barcelona). Del dilluns 21\/10\/2024 al 15\/6\/2025 de 11:00 a<\/span><\/td>\n<\/tr>\n<tr>\n<td><\/td>\n<td valign=\"TOP\"><img loading=\"lazy\" decoding=\"async\" src=\"https:\/\/aplicacions.gestioeducativa.gencat.cat\/est\/gafadm\/img\/ins_ok.gif\" alt=\"Inscripci\u00f3 oberta\" width=\"16\" height=\"16\" border=\"0\" \/><\/td>\n<td valign=\"TOP\"><span style=\"font-family: arial, helvetica, geneva; font-size: small;\">1100051110<\/span><\/td>\n<td valign=\"TOP\"><span style=\"font-family: arial, helvetica, geneva; font-size: small;\"><b><a href=\"https:\/\/aplicacions.gestioeducativa.gencat.cat\/pls\/soloas\/pk_for_mod_ins.p_for_detall_activitat?p_header=Llista%20d%27activitats^pk_for_mod_ins.p_for_cons_activitats?p_any=2024-2025%26p_totes=S%26p_inici=1%26p_excloure_crp_rec=T&amp;p_codi=1100051110&amp;p_curs=2024-2025&amp;p_excloure_crp_rec=T\">Seminari SIEI. Districte Sant Mart\u00ed<\/a><\/b><\/span><\/td>\n<\/tr>\n<tr>\n<td colspan=\"3\"><\/td>\n<td valign=\"TOP\"><span style=\"font-family: arial, helvetica, geneva; font-size: xx-small;\">Seminari de coordinaci\u00f3. EAP EAP B-21 Sant Mart\u00ed-Verneda (Barcelona). Del dimarts 1\/10\/2024 al 20\/6\/2025 de a<\/span><\/td>\n<\/tr>\n<tr>\n<td><\/td>\n<td valign=\"TOP\"><img loading=\"lazy\" decoding=\"async\" src=\"https:\/\/aplicacions.gestioeducativa.gencat.cat\/est\/gafadm\/img\/ins_ok.gif\" alt=\"Inscripci\u00f3 oberta\" width=\"16\" height=\"16\" border=\"0\" \/><\/td>\n<td valign=\"TOP\"><span style=\"font-family: arial, helvetica, geneva; font-size: small;\">1100061110<\/span><\/td>\n<td valign=\"TOP\"><span style=\"font-family: arial, helvetica, geneva; font-size: small;\"><b><a href=\"https:\/\/aplicacions.gestioeducativa.gencat.cat\/pls\/soloas\/pk_for_mod_ins.p_for_detall_activitat?p_header=Llista%20d%27activitats^pk_for_mod_ins.p_for_cons_activitats?p_any=2024-2025%26p_totes=S%26p_inici=1%26p_excloure_crp_rec=T&amp;p_codi=1100061110&amp;p_curs=2024-2025&amp;p_excloure_crp_rec=T\">Seminari de coordinaci\u00f3 de professionals que fan suport a la inclusi\u00f3<\/a><\/b><\/span><\/td>\n<\/tr>\n<tr>\n<td colspan=\"3\"><\/td>\n<td valign=\"TOP\"><span style=\"font-family: arial, helvetica, geneva; font-size: xx-small;\">Seminari de coordinaci\u00f3. EAP EAP B-21 Sant Mart\u00ed-Verneda (Barcelona). Del dimarts 1\/10\/2024 al 20\/6\/2025 de a<\/span><\/td>\n<\/tr>\n<tr>\n<td><\/td>\n<td valign=\"TOP\"><img loading=\"lazy\" decoding=\"async\" src=\"https:\/\/aplicacions.gestioeducativa.gencat.cat\/est\/gafadm\/img\/ins_ok.gif\" alt=\"Inscripci\u00f3 oberta\" width=\"16\" height=\"16\" border=\"0\" \/><\/td>\n<td valign=\"TOP\"><span style=\"font-family: arial, helvetica, geneva; font-size: small;\">1100121110<\/span><\/td>\n<td valign=\"TOP\"><span style=\"font-family: arial, helvetica, geneva; font-size: small;\"><b><a href=\"https:\/\/aplicacions.gestioeducativa.gencat.cat\/pls\/soloas\/pk_for_mod_ins.p_for_detall_activitat?p_header=Llista%20d%27activitats^pk_for_mod_ins.p_for_cons_activitats?p_any=2024-2025%26p_totes=S%26p_inici=1%26p_excloure_crp_rec=T&amp;p_codi=1100121110&amp;p_curs=2024-2025&amp;p_excloure_crp_rec=T\">Reflexi\u00f3 per a la millora de la pedagogia del CEE Concha Espina<\/a><\/b><\/span><\/td>\n<\/tr>\n<tr>\n<td colspan=\"3\"><\/td>\n<td valign=\"TOP\"><span style=\"font-family: arial, helvetica, geneva; font-size: xx-small;\">Formaci\u00f3 interna de centre. CEE Concha Espina (Barcelona). Del dissabte 28\/9\/2024 al 25\/5\/2025 de a<\/span><\/td>\n<\/tr>\n<tr>\n<td><\/td>\n<td valign=\"TOP\"><img loading=\"lazy\" decoding=\"async\" src=\"https:\/\/aplicacions.gestioeducativa.gencat.cat\/est\/gafadm\/img\/ins_ok.gif\" alt=\"Inscripci\u00f3 oberta\" width=\"16\" height=\"16\" border=\"0\" \/><\/td>\n<td valign=\"TOP\"><span style=\"font-family: arial, helvetica, geneva; font-size: small;\">1100161110<\/span><\/td>\n<td valign=\"TOP\"><span style=\"font-family: arial, helvetica, geneva; font-size: small;\"><b><a href=\"https:\/\/aplicacions.gestioeducativa.gencat.cat\/pls\/soloas\/pk_for_mod_ins.p_for_detall_activitat?p_header=Llista%20d%27activitats^pk_for_mod_ins.p_for_cons_activitats?p_any=2024-2025%26p_totes=S%26p_inici=1%26p_excloure_crp_rec=T&amp;p_codi=1100161110&amp;p_curs=2024-2025&amp;p_excloure_crp_rec=T\">Programar situacions d&#8217;aprenentatge DUA (2) Escola Pere IV<\/a><\/b><\/span><\/td>\n<\/tr>\n<tr>\n<td colspan=\"3\"><\/td>\n<td valign=\"TOP\"><span style=\"font-family: arial, helvetica, geneva; font-size: xx-small;\">Curs. ESC Pere IV (Barcelona). Del dissabte 28\/9\/2024 al 25\/5\/2025 de a<\/span><\/td>\n<\/tr>\n<tr>\n<td><\/td>\n<td valign=\"TOP\"><img loading=\"lazy\" decoding=\"async\" src=\"https:\/\/aplicacions.gestioeducativa.gencat.cat\/est\/gafadm\/img\/ins_ok.gif\" alt=\"Inscripci\u00f3 oberta\" width=\"16\" height=\"16\" border=\"0\" \/><\/td>\n<td valign=\"TOP\"><span style=\"font-family: arial, helvetica, geneva; font-size: small;\">1100311110<\/span><\/td>\n<td valign=\"TOP\"><span style=\"font-family: arial, helvetica, geneva; font-size: small;\"><b><a href=\"https:\/\/aplicacions.gestioeducativa.gencat.cat\/pls\/soloas\/pk_for_mod_ins.p_for_detall_activitat?p_header=Llista%20d%27activitats^pk_for_mod_ins.p_for_cons_activitats?p_any=2024-2025%26p_totes=S%26p_inici=1%26p_excloure_crp_rec=T&amp;p_codi=1100311110&amp;p_curs=2024-2025&amp;p_excloure_crp_rec=T\">Repensem els tallers de llengua a l&#8217;Escola Sant Mart\u00ed<\/a><\/b><\/span><\/td>\n<\/tr>\n<tr>\n<td colspan=\"3\"><\/td>\n<td valign=\"TOP\"><span style=\"font-family: arial, helvetica, geneva; font-size: xx-small;\">Formaci\u00f3 interna de centre. ESC Sant Mart\u00ed (Barcelona). Del dissabte 28\/9\/2024 al 25\/5\/2025 de a<\/span><\/td>\n<\/tr>\n<tr>\n<td><\/td>\n<td valign=\"TOP\"><\/td>\n<td valign=\"TOP\"><span style=\"font-family: arial, helvetica, geneva; font-size: small;\">2003030512<\/span><\/td>\n<td valign=\"TOP\"><span style=\"font-family: arial, helvetica, geneva; font-size: small;\"><b><a href=\"https:\/\/aplicacions.gestioeducativa.gencat.cat\/pls\/soloas\/pk_for_mod_ins.p_for_detall_activitat?p_header=Llista%20d%27activitats^pk_for_mod_ins.p_for_cons_activitats?p_any=2024-2025%26p_totes=S%26p_inici=1%26p_excloure_crp_rec=T&amp;p_codi=2003030512&amp;p_curs=2024-2025&amp;p_excloure_crp_rec=T\">Formaci\u00f3 als centres que incorporen el SIEI<\/a><\/b><\/span><\/td>\n<\/tr>\n<tr>\n<td colspan=\"3\"><\/td>\n<td valign=\"TOP\"><span style=\"font-family: arial, helvetica, geneva; font-size: xx-small;\">Curs. INS Eugeni d&#8217;Ors (Badalona). Del dimecres 4\/9\/2024 al 26\/6\/2025 de a<\/span><\/td>\n<\/tr>\n<tr>\n<td><\/td>\n<td valign=\"TOP\"><img loading=\"lazy\" decoding=\"async\" src=\"https:\/\/aplicacions.gestioeducativa.gencat.cat\/est\/gafadm\/img\/ins_ok.gif\" alt=\"Inscripci\u00f3 oberta\" width=\"16\" height=\"16\" border=\"0\" \/><\/td>\n<td valign=\"TOP\"><span style=\"font-family: arial, helvetica, geneva; font-size: small;\">2010821201<\/span><\/td>\n<td valign=\"TOP\"><span style=\"font-family: arial, helvetica, geneva; font-size: small;\"><b><a href=\"https:\/\/aplicacions.gestioeducativa.gencat.cat\/pls\/soloas\/pk_for_mod_ins.p_for_detall_activitat?p_header=Llista%20d%27activitats^pk_for_mod_ins.p_for_cons_activitats?p_any=2024-2025%26p_totes=S%26p_inici=1%26p_excloure_crp_rec=T&amp;p_codi=2010821201&amp;p_curs=2024-2025&amp;p_excloure_crp_rec=T\">Entorns d&#8217;aprenentatge oberts i flexibles. Disseny d&#8217;activitats. DUA<\/a><\/b><\/span><\/td>\n<\/tr>\n<tr>\n<td colspan=\"3\"><\/td>\n<td valign=\"TOP\"><span style=\"font-family: arial, helvetica, geneva; font-size: xx-small;\">Taller. CRP de l&#8217;Alt Pened\u00e8s (Vilafranca del Pened\u00e8s). Del dilluns 7\/10\/2024 al 9\/12\/2024 de 17:30 a 19:30<\/span><\/td>\n<\/tr>\n<tr>\n<td><\/td>\n<td valign=\"TOP\"><img loading=\"lazy\" decoding=\"async\" src=\"https:\/\/aplicacions.gestioeducativa.gencat.cat\/est\/gafadm\/img\/ins_ok.gif\" alt=\"Inscripci\u00f3 oberta\" width=\"16\" height=\"16\" border=\"0\" \/><\/td>\n<td valign=\"TOP\"><span style=\"font-family: arial, helvetica, geneva; font-size: small;\">2010871201<\/span><\/td>\n<td valign=\"TOP\"><span style=\"font-family: arial, helvetica, geneva; font-size: small;\"><b><a href=\"https:\/\/aplicacions.gestioeducativa.gencat.cat\/pls\/soloas\/pk_for_mod_ins.p_for_detall_activitat?p_header=Llista%20d%27activitats^pk_for_mod_ins.p_for_cons_activitats?p_any=2024-2025%26p_totes=S%26p_inici=1%26p_excloure_crp_rec=T&amp;p_codi=2010871201&amp;p_curs=2024-2025&amp;p_excloure_crp_rec=T\">C\u00e0psules formatives en comunicaci\u00f3 augmentativa i suports visuals<\/a><\/b><\/span><\/td>\n<\/tr>\n<tr>\n<td colspan=\"3\"><\/td>\n<td valign=\"TOP\"><span style=\"font-family: arial, helvetica, geneva; font-size: xx-small;\">Taller. EAP EAP B-15 Alt Pened\u00e8s (Vilafranca del Pened\u00e8s). Del dijous 23\/1\/2025 al 6\/2\/2025 de 17:00 a 19:30<\/span><\/td>\n<\/tr>\n<tr>\n<td><\/td>\n<td valign=\"TOP\"><img loading=\"lazy\" decoding=\"async\" src=\"https:\/\/aplicacions.gestioeducativa.gencat.cat\/est\/gafadm\/img\/ins_ok.gif\" alt=\"Inscripci\u00f3 oberta\" width=\"16\" height=\"16\" border=\"0\" \/><\/td>\n<td valign=\"TOP\"><span style=\"font-family: arial, helvetica, geneva; font-size: small;\">2010901201<\/span><\/td>\n<td valign=\"TOP\"><span style=\"font-family: arial, helvetica, geneva; font-size: small;\"><b><a href=\"https:\/\/aplicacions.gestioeducativa.gencat.cat\/pls\/soloas\/pk_for_mod_ins.p_for_detall_activitat?p_header=Llista%20d%27activitats^pk_for_mod_ins.p_for_cons_activitats?p_any=2024-2025%26p_totes=S%26p_inici=1%26p_excloure_crp_rec=T&amp;p_codi=2010901201&amp;p_curs=2024-2025&amp;p_excloure_crp_rec=T\">Aprenentatge entre iguals: Adequar l&#8217;entorn de l&#8217;aula a les necessitats educatives. Els factors de diversitat psicopedag\u00f2gica<\/a><\/b><\/span><\/td>\n<\/tr>\n<tr>\n<td colspan=\"3\"><\/td>\n<td valign=\"TOP\"><span style=\"font-family: arial, helvetica, geneva; font-size: xx-small;\">Taller. EAP EAP B-15 Alt Pened\u00e8s (Vilafranca del Pened\u00e8s). Del dijous 7\/11\/2024 al 10\/4\/2025 de 17:15 a 19:15<\/span><\/td>\n<\/tr>\n<tr>\n<td><\/td>\n<td valign=\"TOP\"><img loading=\"lazy\" decoding=\"async\" src=\"https:\/\/aplicacions.gestioeducativa.gencat.cat\/est\/gafadm\/img\/ins_ok.gif\" alt=\"Inscripci\u00f3 oberta\" width=\"16\" height=\"16\" border=\"0\" \/><\/td>\n<td valign=\"TOP\"><span style=\"font-family: arial, helvetica, geneva; font-size: small;\">2010921201<\/span><\/td>\n<td valign=\"TOP\"><span style=\"font-family: arial, helvetica, geneva; font-size: small;\"><b><a href=\"https:\/\/aplicacions.gestioeducativa.gencat.cat\/pls\/soloas\/pk_for_mod_ins.p_for_detall_activitat?p_header=Llista%20d%27activitats^pk_for_mod_ins.p_for_cons_activitats?p_any=2024-2025%26p_totes=S%26p_inici=1%26p_excloure_crp_rec=T&amp;p_codi=2010921201&amp;p_curs=2024-2025&amp;p_excloure_crp_rec=T\">La lectura: adquisici\u00f3, ensenyament i avaluaci\u00f3<\/a><\/b><\/span><\/td>\n<\/tr>\n<tr>\n<td colspan=\"3\"><\/td>\n<td valign=\"TOP\"><span style=\"font-family: arial, helvetica, geneva; font-size: xx-small;\">Taller. EAP EAP B-15 Alt Pened\u00e8s (Vilafranca del Pened\u00e8s). Del dijous 17\/10\/2024 al 5\/6\/2025 de 17:30 a 19:30<\/span><\/td>\n<\/tr>\n<tr>\n<td><\/td>\n<td valign=\"TOP\"><img loading=\"lazy\" decoding=\"async\" src=\"https:\/\/aplicacions.gestioeducativa.gencat.cat\/est\/gafadm\/img\/ins_ok.gif\" alt=\"Inscripci\u00f3 oberta\" width=\"16\" height=\"16\" border=\"0\" \/><\/td>\n<td valign=\"TOP\"><span style=\"font-family: arial, helvetica, geneva; font-size: small;\">2040111204<\/span><\/td>\n<td valign=\"TOP\"><span style=\"font-family: arial, helvetica, geneva; font-size: small;\"><b><a href=\"https:\/\/aplicacions.gestioeducativa.gencat.cat\/pls\/soloas\/pk_for_mod_ins.p_for_detall_activitat?p_header=Llista%20d%27activitats^pk_for_mod_ins.p_for_cons_activitats?p_any=2024-2025%26p_totes=S%26p_inici=1%26p_excloure_crp_rec=T&amp;p_codi=2040111204&amp;p_curs=2024-2025&amp;p_excloure_crp_rec=T\">Mestres d&#8217;Educaci\u00f3 especial i de SIEI de centres de prim\u00e0ria de Badalona<\/a><\/b><\/span><\/td>\n<\/tr>\n<tr>\n<td colspan=\"3\"><\/td>\n<td valign=\"TOP\"><span style=\"font-family: arial, helvetica, geneva; font-size: xx-small;\">Seminari de coordinaci\u00f3. CRP Ciutat de Badalona (Badalona). Del dijous 17\/10\/2024 al 22\/5\/2025 de 17:30 a 19:00<\/span><\/td>\n<\/tr>\n<tr>\n<td><\/td>\n<td valign=\"TOP\"><img loading=\"lazy\" decoding=\"async\" src=\"https:\/\/aplicacions.gestioeducativa.gencat.cat\/est\/gafadm\/img\/ins_ok.gif\" alt=\"Inscripci\u00f3 oberta\" width=\"16\" height=\"16\" border=\"0\" \/><\/td>\n<td valign=\"TOP\"><span style=\"font-family: arial, helvetica, geneva; font-size: small;\">2040121204<\/span><\/td>\n<td valign=\"TOP\"><span style=\"font-family: arial, helvetica, geneva; font-size: small;\"><b><a href=\"https:\/\/aplicacions.gestioeducativa.gencat.cat\/pls\/soloas\/pk_for_mod_ins.p_for_detall_activitat?p_header=Llista%20d%27activitats^pk_for_mod_ins.p_for_cons_activitats?p_any=2024-2025%26p_totes=S%26p_inici=1%26p_excloure_crp_rec=T&amp;p_codi=2040121204&amp;p_curs=2024-2025&amp;p_excloure_crp_rec=T\">Orientadors\/es i educadors\/es de SIEI dels centres de secund\u00e0ria inclusius<\/a><\/b><\/span><\/td>\n<\/tr>\n<tr>\n<td colspan=\"3\"><\/td>\n<td valign=\"TOP\"><span style=\"font-family: arial, helvetica, geneva; font-size: xx-small;\">Seminari de coordinaci\u00f3. CRP Ciutat de Badalona (Badalona). Del dijous 17\/10\/2024 al 22\/5\/2025 de 17:30 a 19:00<\/span><\/td>\n<\/tr>\n<tr>\n<td><\/td>\n<td valign=\"TOP\"><img loading=\"lazy\" decoding=\"async\" src=\"https:\/\/aplicacions.gestioeducativa.gencat.cat\/est\/gafadm\/img\/ins_ok.gif\" alt=\"Inscripci\u00f3 oberta\" width=\"16\" height=\"16\" border=\"0\" \/><\/td>\n<td valign=\"TOP\"><span style=\"font-family: arial, helvetica, geneva; font-size: small;\">2040161204<\/span><\/td>\n<td valign=\"TOP\"><span style=\"font-family: arial, helvetica, geneva; font-size: small;\"><b><a href=\"https:\/\/aplicacions.gestioeducativa.gencat.cat\/pls\/soloas\/pk_for_mod_ins.p_for_detall_activitat?p_header=Llista%20d%27activitats^pk_for_mod_ins.p_for_cons_activitats?p_any=2024-2025%26p_totes=S%26p_inici=1%26p_excloure_crp_rec=T&amp;p_codi=2040161204&amp;p_curs=2024-2025&amp;p_excloure_crp_rec=T\">Coordinaci\u00f3 i intercanvi d&#8217;experi\u00e8ncies entre les professionals TIS<\/a><\/b><\/span><\/td>\n<\/tr>\n<tr>\n<td colspan=\"3\"><\/td>\n<td valign=\"TOP\"><span style=\"font-family: arial, helvetica, geneva; font-size: xx-small;\">Seminari de coordinaci\u00f3. CRP Ciutat de Badalona (Badalona). Del dijous 17\/10\/2024 al 29\/5\/2025 de 12:00 a 14:00<\/span><\/td>\n<\/tr>\n<tr>\n<td><\/td>\n<td valign=\"TOP\"><img loading=\"lazy\" decoding=\"async\" src=\"https:\/\/aplicacions.gestioeducativa.gencat.cat\/est\/gafadm\/img\/ins_ok.gif\" alt=\"Inscripci\u00f3 oberta\" width=\"16\" height=\"16\" border=\"0\" \/><\/td>\n<td valign=\"TOP\"><span style=\"font-family: arial, helvetica, geneva; font-size: small;\">2041061204<\/span><\/td>\n<td valign=\"TOP\"><span style=\"font-family: arial, helvetica, geneva; font-size: small;\"><b><a href=\"https:\/\/aplicacions.gestioeducativa.gencat.cat\/pls\/soloas\/pk_for_mod_ins.p_for_detall_activitat?p_header=Llista%20d%27activitats^pk_for_mod_ins.p_for_cons_activitats?p_any=2024-2025%26p_totes=S%26p_inici=1%26p_excloure_crp_rec=T&amp;p_codi=2041061204&amp;p_curs=2024-2025&amp;p_excloure_crp_rec=T\">Alumnat TEA per a educadores i mestres de l&#8217;etapa 0-6<\/a><\/b><\/span><\/td>\n<\/tr>\n<tr>\n<td colspan=\"3\"><\/td>\n<td valign=\"TOP\"><span style=\"font-family: arial, helvetica, geneva; font-size: xx-small;\">Taller. CRP Ciutat de Badalona (Badalona). Del dimarts 29\/10\/2024 al 14\/1\/2025 de 17:30 a 19:30<\/span><\/td>\n<\/tr>\n<tr>\n<td><\/td>\n<td valign=\"TOP\"><img loading=\"lazy\" decoding=\"async\" src=\"https:\/\/aplicacions.gestioeducativa.gencat.cat\/est\/gafadm\/img\/ins_ok.gif\" alt=\"Inscripci\u00f3 oberta\" width=\"16\" height=\"16\" border=\"0\" \/><\/td>\n<td valign=\"TOP\"><span style=\"font-family: arial, helvetica, geneva; font-size: small;\">2041071204<\/span><\/td>\n<td valign=\"TOP\"><span style=\"font-family: arial, helvetica, geneva; font-size: small;\"><b><a href=\"https:\/\/aplicacions.gestioeducativa.gencat.cat\/pls\/soloas\/pk_for_mod_ins.p_for_detall_activitat?p_header=Llista%20d%27activitats^pk_for_mod_ins.p_for_cons_activitats?p_any=2024-2025%26p_totes=S%26p_inici=1%26p_excloure_crp_rec=T&amp;p_codi=2041071204&amp;p_curs=2024-2025&amp;p_excloure_crp_rec=T\">Autisme: conceptualitzaci\u00f3 i estrat\u00e8gies d&#8217;intervenci\u00f3 a l&#8217;aula de prim\u00e0ria<\/a><\/b><\/span><\/td>\n<\/tr>\n<tr>\n<td colspan=\"3\"><\/td>\n<td valign=\"TOP\"><span style=\"font-family: arial, helvetica, geneva; font-size: xx-small;\">Taller. CRP Ciutat de Badalona (Badalona). Del dilluns 21\/10\/2024 al 13\/1\/2025 de 17:30 a 19:30<\/span><\/td>\n<\/tr>\n<tr>\n<td><\/td>\n<td valign=\"TOP\"><\/td>\n<td valign=\"TOP\"><span style=\"font-family: arial, helvetica, geneva; font-size: small;\">2041081204<\/span><\/td>\n<td valign=\"TOP\"><span style=\"font-family: arial, helvetica, geneva; font-size: small;\"><b><a href=\"https:\/\/aplicacions.gestioeducativa.gencat.cat\/pls\/soloas\/pk_for_mod_ins.p_for_detall_activitat?p_header=Llista%20d%27activitats^pk_for_mod_ins.p_for_cons_activitats?p_any=2024-2025%26p_totes=S%26p_inici=1%26p_excloure_crp_rec=T&amp;p_codi=2041081204&amp;p_curs=2024-2025&amp;p_excloure_crp_rec=T\">Autisme: Conceptualitzaci\u00f3 i estrat\u00e8gies d&#8217;intervenci\u00f3 a l&#8217;aula de Secund\u00e0ria<\/a><\/b><\/span><\/td>\n<\/tr>\n<tr>\n<td colspan=\"3\"><\/td>\n<td valign=\"TOP\"><span style=\"font-family: arial, helvetica, geneva; font-size: xx-small;\">Taller. CRP Ciutat de Badalona (Badalona). Del diumenge 19\/1\/2025 al 30\/6\/2025 de 11:00 a<\/span><\/td>\n<\/tr>\n<tr>\n<td><\/td>\n<td valign=\"TOP\"><img loading=\"lazy\" decoding=\"async\" src=\"https:\/\/aplicacions.gestioeducativa.gencat.cat\/est\/gafadm\/img\/ins_ok.gif\" alt=\"Inscripci\u00f3 oberta\" width=\"16\" height=\"16\" border=\"0\" \/><\/td>\n<td valign=\"TOP\"><span style=\"font-family: arial, helvetica, geneva; font-size: small;\">2042051204<\/span><\/td>\n<td valign=\"TOP\"><span style=\"font-family: arial, helvetica, geneva; font-size: small;\"><b><a href=\"https:\/\/aplicacions.gestioeducativa.gencat.cat\/pls\/soloas\/pk_for_mod_ins.p_for_detall_activitat?p_header=Llista%20d%27activitats^pk_for_mod_ins.p_for_cons_activitats?p_any=2024-2025%26p_totes=S%26p_inici=1%26p_excloure_crp_rec=T&amp;p_codi=2042051204&amp;p_curs=2024-2025&amp;p_excloure_crp_rec=T\">L&#8217;Escola Inclusiva per DTotes 1 al Pere de Tera<\/a><\/b><\/span><\/td>\n<\/tr>\n<tr>\n<td colspan=\"3\"><\/td>\n<td valign=\"TOP\"><span style=\"font-family: arial, helvetica, geneva; font-size: xx-small;\">Taller a centre. ESC Pere de Tera (Badalona). Del dijous 19\/9\/2024 al 26\/3\/2025 de 17:00 a 19:00<\/span><\/td>\n<\/tr>\n<tr>\n<td><\/td>\n<td valign=\"TOP\"><img loading=\"lazy\" decoding=\"async\" src=\"https:\/\/aplicacions.gestioeducativa.gencat.cat\/est\/gafadm\/img\/ins_ok.gif\" alt=\"Inscripci\u00f3 oberta\" width=\"16\" height=\"16\" border=\"0\" \/><\/td>\n<td valign=\"TOP\"><span style=\"font-family: arial, helvetica, geneva; font-size: small;\">2042081204<\/span><\/td>\n<td valign=\"TOP\"><span style=\"font-family: arial, helvetica, geneva; font-size: small;\"><b><a href=\"https:\/\/aplicacions.gestioeducativa.gencat.cat\/pls\/soloas\/pk_for_mod_ins.p_for_detall_activitat?p_header=Llista%20d%27activitats^pk_for_mod_ins.p_for_cons_activitats?p_any=2024-2025%26p_totes=S%26p_inici=1%26p_excloure_crp_rec=T&amp;p_codi=2042081204&amp;p_curs=2024-2025&amp;p_excloure_crp_rec=T\">\u00das de la maleta vivencial als centres d&#8217;Educaci\u00f3 Especial de Badalona<\/a><\/b><\/span><\/td>\n<\/tr>\n<tr>\n<td colspan=\"3\"><\/td>\n<td valign=\"TOP\"><span style=\"font-family: arial, helvetica, geneva; font-size: xx-small;\">Taller. CEE Escola Llevant (Badalona). Del dimecres 6\/11\/2024 al 15\/1\/2025 de 17:00 a 19:00<\/span><\/td>\n<\/tr>\n<tr>\n<td><\/td>\n<td valign=\"TOP\"><img loading=\"lazy\" decoding=\"async\" src=\"https:\/\/aplicacions.gestioeducativa.gencat.cat\/est\/gafadm\/img\/ins_ok.gif\" alt=\"Inscripci\u00f3 oberta\" width=\"16\" height=\"16\" border=\"0\" \/><\/td>\n<td valign=\"TOP\"><span style=\"font-family: arial, helvetica, geneva; font-size: small;\">2042130512<\/span><\/td>\n<td valign=\"TOP\"><span style=\"font-family: arial, helvetica, geneva; font-size: small;\"><b><a href=\"https:\/\/aplicacions.gestioeducativa.gencat.cat\/pls\/soloas\/pk_for_mod_ins.p_for_detall_activitat?p_header=Llista%20d%27activitats^pk_for_mod_ins.p_for_cons_activitats?p_any=2024-2025%26p_totes=S%26p_inici=1%26p_excloure_crp_rec=T&amp;p_codi=2042130512&amp;p_curs=2024-2025&amp;p_excloure_crp_rec=T\">C\u00e0psula de sensibilitzaci\u00f3 d&#8217;educaci\u00f3 inclusiva<\/a><\/b><\/span><\/td>\n<\/tr>\n<tr>\n<td colspan=\"3\"><\/td>\n<td valign=\"TOP\"><span style=\"font-family: arial, helvetica, geneva; font-size: xx-small;\">Confer\u00e8ncia. C Sant Dom\u00e8nec Savio (Badalona). Del dimecres 25\/9\/2024 al 25\/9\/2024 de 17:15 a 19:15<\/span><\/td>\n<\/tr>\n<tr>\n<td><\/td>\n<td valign=\"TOP\"><img loading=\"lazy\" decoding=\"async\" src=\"https:\/\/aplicacions.gestioeducativa.gencat.cat\/est\/gafadm\/img\/ins_ok.gif\" alt=\"Inscripci\u00f3 oberta\" width=\"16\" height=\"16\" border=\"0\" \/><\/td>\n<td valign=\"TOP\"><span style=\"font-family: arial, helvetica, geneva; font-size: small;\">2042151204<\/span><\/td>\n<td valign=\"TOP\"><span style=\"font-family: arial, helvetica, geneva; font-size: small;\"><b><a href=\"https:\/\/aplicacions.gestioeducativa.gencat.cat\/pls\/soloas\/pk_for_mod_ins.p_for_detall_activitat?p_header=Llista%20d%27activitats^pk_for_mod_ins.p_for_cons_activitats?p_any=2024-2025%26p_totes=S%26p_inici=1%26p_excloure_crp_rec=T&amp;p_codi=2042151204&amp;p_curs=2024-2025&amp;p_excloure_crp_rec=T\">Mesures de suport per a la inclusi\u00f3<\/a><\/b><\/span><\/td>\n<\/tr>\n<tr>\n<td colspan=\"3\"><\/td>\n<td valign=\"TOP\"><span style=\"font-family: arial, helvetica, geneva; font-size: xx-small;\">Taller a centre. ESC Bufal\u00e0 (Badalona). Del dijous 10\/10\/2024 al 27\/2\/2025 de 12:45 a 14:00<\/span><\/td>\n<\/tr>\n<tr>\n<td><\/td>\n<td valign=\"TOP\"><img loading=\"lazy\" decoding=\"async\" src=\"https:\/\/aplicacions.gestioeducativa.gencat.cat\/est\/gafadm\/img\/ins_ok.gif\" alt=\"Inscripci\u00f3 oberta\" width=\"16\" height=\"16\" border=\"0\" \/><\/td>\n<td valign=\"TOP\"><span style=\"font-family: arial, helvetica, geneva; font-size: small;\">2042180512<\/span><\/td>\n<td valign=\"TOP\"><span style=\"font-family: arial, helvetica, geneva; font-size: small;\"><b><a href=\"https:\/\/aplicacions.gestioeducativa.gencat.cat\/pls\/soloas\/pk_for_mod_ins.p_for_detall_activitat?p_header=Llista%20d%27activitats^pk_for_mod_ins.p_for_cons_activitats?p_any=2024-2025%26p_totes=S%26p_inici=1%26p_excloure_crp_rec=T&amp;p_codi=2042180512&amp;p_curs=2024-2025&amp;p_excloure_crp_rec=T\">Mesures i suports universals<\/a><\/b><\/span><\/td>\n<\/tr>\n<tr>\n<td colspan=\"3\"><\/td>\n<td valign=\"TOP\"><span style=\"font-family: arial, helvetica, geneva; font-size: xx-small;\">Taller. ESC Artur Martorell (Badalona). Del dijous 3\/10\/2024 al 21\/11\/2024 de 17:00 a 19:00<\/span><\/td>\n<\/tr>\n<tr>\n<td><\/td>\n<td valign=\"TOP\"><img loading=\"lazy\" decoding=\"async\" src=\"https:\/\/aplicacions.gestioeducativa.gencat.cat\/est\/gafadm\/img\/ins_ok.gif\" alt=\"Inscripci\u00f3 oberta\" width=\"16\" height=\"16\" border=\"0\" \/><\/td>\n<td valign=\"TOP\"><span style=\"font-family: arial, helvetica, geneva; font-size: small;\">2042190512<\/span><\/td>\n<td valign=\"TOP\"><span style=\"font-family: arial, helvetica, geneva; font-size: small;\"><b><a href=\"https:\/\/aplicacions.gestioeducativa.gencat.cat\/pls\/soloas\/pk_for_mod_ins.p_for_detall_activitat?p_header=Llista%20d%27activitats^pk_for_mod_ins.p_for_cons_activitats?p_any=2024-2025%26p_totes=S%26p_inici=1%26p_excloure_crp_rec=T&amp;p_codi=2042190512&amp;p_curs=2024-2025&amp;p_excloure_crp_rec=T\">Mesures i suports universals<\/a><\/b><\/span><\/td>\n<\/tr>\n<tr>\n<td colspan=\"3\"><\/td>\n<td valign=\"TOP\"><span style=\"font-family: arial, helvetica, geneva; font-size: xx-small;\">Taller. ESC Josep Carner (Badalona). Del dimecres 6\/11\/2024 al 11\/12\/2024 de 17:00 a 19:00<\/span><\/td>\n<\/tr>\n<tr>\n<td><\/td>\n<td valign=\"TOP\"><img loading=\"lazy\" decoding=\"async\" src=\"https:\/\/aplicacions.gestioeducativa.gencat.cat\/est\/gafadm\/img\/ins_ok.gif\" alt=\"Inscripci\u00f3 oberta\" width=\"16\" height=\"16\" border=\"0\" \/><\/td>\n<td valign=\"TOP\"><span style=\"font-family: arial, helvetica, geneva; font-size: small;\">2042280512<\/span><\/td>\n<td valign=\"TOP\"><span style=\"font-family: arial, helvetica, geneva; font-size: small;\"><b><a href=\"https:\/\/aplicacions.gestioeducativa.gencat.cat\/pls\/soloas\/pk_for_mod_ins.p_for_detall_activitat?p_header=Llista%20d%27activitats^pk_for_mod_ins.p_for_cons_activitats?p_any=2024-2025%26p_totes=S%26p_inici=1%26p_excloure_crp_rec=T&amp;p_codi=2042280512&amp;p_curs=2024-2025&amp;p_excloure_crp_rec=T\">Mesures i suports universals<\/a><\/b><\/span><\/td>\n<\/tr>\n<tr>\n<td colspan=\"3\"><\/td>\n<td valign=\"TOP\"><span style=\"font-family: arial, helvetica, geneva; font-size: xx-small;\">Taller. ESC Montigal\u00e0 (Badalona). Del divendres 4\/10\/2024 al 29\/11\/2024 de 12:30 a 14:00<\/span><\/td>\n<\/tr>\n<tr>\n<td><\/td>\n<td valign=\"TOP\"><img loading=\"lazy\" decoding=\"async\" src=\"https:\/\/aplicacions.gestioeducativa.gencat.cat\/est\/gafadm\/img\/ins_ok.gif\" alt=\"Inscripci\u00f3 oberta\" width=\"16\" height=\"16\" border=\"0\" \/><\/td>\n<td valign=\"TOP\"><span style=\"font-family: arial, helvetica, geneva; font-size: small;\">2042290512<\/span><\/td>\n<td valign=\"TOP\"><span style=\"font-family: arial, helvetica, geneva; font-size: small;\"><b><a href=\"https:\/\/aplicacions.gestioeducativa.gencat.cat\/pls\/soloas\/pk_for_mod_ins.p_for_detall_activitat?p_header=Llista%20d%27activitats^pk_for_mod_ins.p_for_cons_activitats?p_any=2024-2025%26p_totes=S%26p_inici=1%26p_excloure_crp_rec=T&amp;p_codi=2042290512&amp;p_curs=2024-2025&amp;p_excloure_crp_rec=T\">C\u00e0psula de sensibilitzaci\u00f3 d&#8217;educaci\u00f3 inclusiva<\/a><\/b><\/span><\/td>\n<\/tr>\n<tr>\n<td colspan=\"3\"><\/td>\n<td valign=\"TOP\"><span style=\"font-family: arial, helvetica, geneva; font-size: xx-small;\">Confer\u00e8ncia. ESC Jungfrau (Badalona). Del dilluns 7\/10\/2024 al 7\/10\/2024 de 13:30 a 15:00<\/span><\/td>\n<\/tr>\n<tr>\n<td><\/td>\n<td valign=\"TOP\"><img loading=\"lazy\" decoding=\"async\" src=\"https:\/\/aplicacions.gestioeducativa.gencat.cat\/est\/gafadm\/img\/ins_ok.gif\" alt=\"Inscripci\u00f3 oberta\" width=\"16\" height=\"16\" border=\"0\" \/><\/td>\n<td valign=\"TOP\"><span style=\"font-family: arial, helvetica, geneva; font-size: small;\">2042311204<\/span><\/td>\n<td valign=\"TOP\"><span style=\"font-family: arial, helvetica, geneva; font-size: small;\"><b><a href=\"https:\/\/aplicacions.gestioeducativa.gencat.cat\/pls\/soloas\/pk_for_mod_ins.p_for_detall_activitat?p_header=Llista%20d%27activitats^pk_for_mod_ins.p_for_cons_activitats?p_any=2024-2025%26p_totes=S%26p_inici=1%26p_excloure_crp_rec=T&amp;p_codi=2042311204&amp;p_curs=2024-2025&amp;p_excloure_crp_rec=T\">Ab\u00fas Sexual Infantil: Identificaci\u00f3, actuaci\u00f3 i prevenci\u00f3<\/a><\/b><\/span><\/td>\n<\/tr>\n<tr>\n<td colspan=\"3\"><\/td>\n<td valign=\"TOP\"><span style=\"font-family: arial, helvetica, geneva; font-size: xx-small;\">Taller a centre. INS J\u00falia Minguell (Badalona). Del dilluns 7\/10\/2024 al 30\/11\/2024 de 16:00 a 18:00<\/span><\/td>\n<\/tr>\n<tr>\n<td><\/td>\n<td valign=\"TOP\"><img loading=\"lazy\" decoding=\"async\" src=\"https:\/\/aplicacions.gestioeducativa.gencat.cat\/est\/gafadm\/img\/ins_ok.gif\" alt=\"Inscripci\u00f3 oberta\" width=\"16\" height=\"16\" border=\"0\" \/><\/td>\n<td valign=\"TOP\"><span style=\"font-family: arial, helvetica, geneva; font-size: small;\">2042320512<\/span><\/td>\n<td valign=\"TOP\"><span style=\"font-family: arial, helvetica, geneva; font-size: small;\"><b><a href=\"https:\/\/aplicacions.gestioeducativa.gencat.cat\/pls\/soloas\/pk_for_mod_ins.p_for_detall_activitat?p_header=Llista%20d%27activitats^pk_for_mod_ins.p_for_cons_activitats?p_any=2024-2025%26p_totes=S%26p_inici=1%26p_excloure_crp_rec=T&amp;p_codi=2042320512&amp;p_curs=2024-2025&amp;p_excloure_crp_rec=T\">C\u00e0psula de sensibilitzaci\u00f3 d&#8217;educaci\u00f3 inclusiva<\/a><\/b><\/span><\/td>\n<\/tr>\n<tr>\n<td colspan=\"3\"><\/td>\n<td valign=\"TOP\"><span style=\"font-family: arial, helvetica, geneva; font-size: xx-small;\">Confer\u00e8ncia. ESC Bufal\u00e0 (Badalona). Del dijous 3\/10\/2024 al 3\/10\/2024 de 12:30 a 14:00<\/span><\/td>\n<\/tr>\n<tr>\n<td><\/td>\n<td valign=\"TOP\"><img loading=\"lazy\" decoding=\"async\" src=\"https:\/\/aplicacions.gestioeducativa.gencat.cat\/est\/gafadm\/img\/ins_ok.gif\" alt=\"Inscripci\u00f3 oberta\" width=\"16\" height=\"16\" border=\"0\" \/><\/td>\n<td valign=\"TOP\"><span style=\"font-family: arial, helvetica, geneva; font-size: small;\">2042330512<\/span><\/td>\n<td valign=\"TOP\"><span style=\"font-family: arial, helvetica, geneva; font-size: small;\"><b><a href=\"https:\/\/aplicacions.gestioeducativa.gencat.cat\/pls\/soloas\/pk_for_mod_ins.p_for_detall_activitat?p_header=Llista%20d%27activitats^pk_for_mod_ins.p_for_cons_activitats?p_any=2024-2025%26p_totes=S%26p_inici=1%26p_excloure_crp_rec=T&amp;p_codi=2042330512&amp;p_curs=2024-2025&amp;p_excloure_crp_rec=T\">C\u00e0psula de sensibilitzaci\u00f3 d&#8217;educaci\u00f3 inclusiva<\/a><\/b><\/span><\/td>\n<\/tr>\n<tr>\n<td colspan=\"3\"><\/td>\n<td valign=\"TOP\"><span style=\"font-family: arial, helvetica, geneva; font-size: xx-small;\">Confer\u00e8ncia. EA Pau Gargallo (Badalona). Del dimecres 23\/10\/2024 al 23\/10\/2024 de 13:30 a 15:30<\/span><\/td>\n<\/tr>\n<tr>\n<td><\/td>\n<td valign=\"TOP\"><img loading=\"lazy\" decoding=\"async\" src=\"https:\/\/aplicacions.gestioeducativa.gencat.cat\/est\/gafadm\/img\/ins_ok.gif\" alt=\"Inscripci\u00f3 oberta\" width=\"16\" height=\"16\" border=\"0\" \/><\/td>\n<td valign=\"TOP\"><span style=\"font-family: arial, helvetica, geneva; font-size: small;\">2050061205<\/span><\/td>\n<td valign=\"TOP\"><span style=\"font-family: arial, helvetica, geneva; font-size: small;\"><b><a href=\"https:\/\/aplicacions.gestioeducativa.gencat.cat\/pls\/soloas\/pk_for_mod_ins.p_for_detall_activitat?p_header=Llista%20d%27activitats^pk_for_mod_ins.p_for_cons_activitats?p_any=2024-2025%26p_totes=S%26p_inici=1%26p_excloure_crp_rec=T&amp;p_codi=2050061205&amp;p_curs=2024-2025&amp;p_excloure_crp_rec=T\">Coordinaci\u00f3 Etapa infantil 0-6. Intercanvi d&#8217;experi\u00e8ncies<\/a><\/b><\/span><\/td>\n<\/tr>\n<tr>\n<td colspan=\"3\"><\/td>\n<td valign=\"TOP\"><span style=\"font-family: arial, helvetica, geneva; font-size: xx-small;\">Seminari de coordinaci\u00f3. CRP Ciutat de l&#8217;Hospitalet de Llobregat (L&#8217;Hospitalet de Llobregat). Del dijous 24\/10\/2024 al 8\/5\/2025 de 17:30 a 19:30<\/span><\/td>\n<\/tr>\n<tr>\n<td><\/td>\n<td valign=\"TOP\"><img loading=\"lazy\" decoding=\"async\" src=\"https:\/\/aplicacions.gestioeducativa.gencat.cat\/est\/gafadm\/img\/ins_ok.gif\" alt=\"Inscripci\u00f3 oberta\" width=\"16\" height=\"16\" border=\"0\" \/><\/td>\n<td valign=\"TOP\"><span style=\"font-family: arial, helvetica, geneva; font-size: small;\">2050201205<\/span><\/td>\n<td valign=\"TOP\"><span style=\"font-family: arial, helvetica, geneva; font-size: small;\"><b><a href=\"https:\/\/aplicacions.gestioeducativa.gencat.cat\/pls\/soloas\/pk_for_mod_ins.p_for_detall_activitat?p_header=Llista%20d%27activitats^pk_for_mod_ins.p_for_cons_activitats?p_any=2024-2025%26p_totes=S%26p_inici=1%26p_excloure_crp_rec=T&amp;p_codi=2050201205&amp;p_curs=2024-2025&amp;p_excloure_crp_rec=T\">Coordinaci\u00f3 i intercanvi d&#8217;experi\u00e8ncies entre les professionals TIS<\/a><\/b><\/span><\/td>\n<\/tr>\n<tr>\n<td colspan=\"3\"><\/td>\n<td valign=\"TOP\"><span style=\"font-family: arial, helvetica, geneva; font-size: xx-small;\">Seminari de coordinaci\u00f3. CRP Ciutat de l&#8217;Hospitalet de Llobregat (L&#8217;Hospitalet de Llobregat). Del dijous 24\/10\/2024 al 8\/5\/2025 de 9:00 a 11:00<\/span><\/td>\n<\/tr>\n<tr>\n<td><\/td>\n<td valign=\"TOP\"><img loading=\"lazy\" decoding=\"async\" src=\"https:\/\/aplicacions.gestioeducativa.gencat.cat\/est\/gafadm\/img\/ins_ok.gif\" alt=\"Inscripci\u00f3 oberta\" width=\"16\" height=\"16\" border=\"0\" \/><\/td>\n<td valign=\"TOP\"><span style=\"font-family: arial, helvetica, geneva; font-size: small;\">2050211205<\/span><\/td>\n<td valign=\"TOP\"><span style=\"font-family: arial, helvetica, geneva; font-size: small;\"><b><a href=\"https:\/\/aplicacions.gestioeducativa.gencat.cat\/pls\/soloas\/pk_for_mod_ins.p_for_detall_activitat?p_header=Llista%20d%27activitats^pk_for_mod_ins.p_for_cons_activitats?p_any=2024-2025%26p_totes=S%26p_inici=1%26p_excloure_crp_rec=T&amp;p_codi=2050211205&amp;p_curs=2024-2025&amp;p_excloure_crp_rec=T\">Suport a la inclusi\u00f3.<\/a><\/b><\/span><\/td>\n<\/tr>\n<tr>\n<td colspan=\"3\"><\/td>\n<td valign=\"TOP\"><span style=\"font-family: arial, helvetica, geneva; font-size: xx-small;\">Seminari de coordinaci\u00f3. CRP Ciutat de l&#8217;Hospitalet de Llobregat (L&#8217;Hospitalet de Llobregat). Del dijous 24\/10\/2024 al 20\/3\/2025 de 17:15 a 19:15<\/span><\/td>\n<\/tr>\n<tr>\n<td><\/td>\n<td valign=\"TOP\"><img loading=\"lazy\" decoding=\"async\" src=\"https:\/\/aplicacions.gestioeducativa.gencat.cat\/est\/gafadm\/img\/ins_ok.gif\" alt=\"Inscripci\u00f3 oberta\" width=\"16\" height=\"16\" border=\"0\" \/><\/td>\n<td valign=\"TOP\"><span style=\"font-family: arial, helvetica, geneva; font-size: small;\">2050221205<\/span><\/td>\n<td valign=\"TOP\"><span style=\"font-family: arial, helvetica, geneva; font-size: small;\"><b><a href=\"https:\/\/aplicacions.gestioeducativa.gencat.cat\/pls\/soloas\/pk_for_mod_ins.p_for_detall_activitat?p_header=Llista%20d%27activitats^pk_for_mod_ins.p_for_cons_activitats?p_any=2024-2025%26p_totes=S%26p_inici=1%26p_excloure_crp_rec=T&amp;p_codi=2050221205&amp;p_curs=2024-2025&amp;p_excloure_crp_rec=T\">Suports intensius<\/a><\/b><\/span><\/td>\n<\/tr>\n<tr>\n<td colspan=\"3\"><\/td>\n<td valign=\"TOP\"><span style=\"font-family: arial, helvetica, geneva; font-size: xx-small;\">Seminari de coordinaci\u00f3. CRP Ciutat de l&#8217;Hospitalet de Llobregat (L&#8217;Hospitalet de Llobregat). Del dimarts 22\/10\/2024 al 25\/3\/2025 de 17:30 a 19:30<\/span><\/td>\n<\/tr>\n<tr>\n<td><\/td>\n<td valign=\"TOP\"><img loading=\"lazy\" decoding=\"async\" src=\"https:\/\/aplicacions.gestioeducativa.gencat.cat\/est\/gafadm\/img\/ins_ok.gif\" alt=\"Inscripci\u00f3 oberta\" width=\"16\" height=\"16\" border=\"0\" \/><\/td>\n<td valign=\"TOP\"><span style=\"font-family: arial, helvetica, geneva; font-size: small;\">2050351205<\/span><\/td>\n<td valign=\"TOP\"><span style=\"font-family: arial, helvetica, geneva; font-size: small;\"><b><a href=\"https:\/\/aplicacions.gestioeducativa.gencat.cat\/pls\/soloas\/pk_for_mod_ins.p_for_detall_activitat?p_header=Llista%20d%27activitats^pk_for_mod_ins.p_for_cons_activitats?p_any=2024-2025%26p_totes=S%26p_inici=1%26p_excloure_crp_rec=T&amp;p_codi=2050351205&amp;p_curs=2024-2025&amp;p_excloure_crp_rec=T\">Coordinaci\u00f3 del programa CA\/AC. Introducci\u00f3<\/a><\/b><\/span><\/td>\n<\/tr>\n<tr>\n<td colspan=\"3\"><\/td>\n<td valign=\"TOP\"><span style=\"font-family: arial, helvetica, geneva; font-size: xx-small;\">Assessorament. I-E Maria Miret (L&#8217;Hospitalet de Llobregat). Del dijous 10\/10\/2024 al 19\/5\/2025 de 16:30 a 19:30<\/span><\/td>\n<\/tr>\n<tr>\n<td><\/td>\n<td valign=\"TOP\"><img loading=\"lazy\" decoding=\"async\" src=\"https:\/\/aplicacions.gestioeducativa.gencat.cat\/est\/gafadm\/img\/ins_ok.gif\" alt=\"Inscripci\u00f3 oberta\" width=\"16\" height=\"16\" border=\"0\" \/><\/td>\n<td valign=\"TOP\"><span style=\"font-family: arial, helvetica, geneva; font-size: small;\">2050400512<\/span><\/td>\n<td valign=\"TOP\"><span style=\"font-family: arial, helvetica, geneva; font-size: small;\"><b><a href=\"https:\/\/aplicacions.gestioeducativa.gencat.cat\/pls\/soloas\/pk_for_mod_ins.p_for_detall_activitat?p_header=Llista%20d%27activitats^pk_for_mod_ins.p_for_cons_activitats?p_any=2024-2025%26p_totes=S%26p_inici=1%26p_excloure_crp_rec=T&amp;p_codi=2050400512&amp;p_curs=2024-2025&amp;p_excloure_crp_rec=T\">Mesures i suports universals<\/a><\/b><\/span><\/td>\n<\/tr>\n<tr>\n<td colspan=\"3\"><\/td>\n<td valign=\"TOP\"><span style=\"font-family: arial, helvetica, geneva; font-size: xx-small;\">Taller. C Balaguer (L&#8217;Hospitalet de Llobregat). Del dijous 19\/9\/2024 al 26\/11\/2024 de a<\/span><\/td>\n<\/tr>\n<tr>\n<td><\/td>\n<td valign=\"TOP\"><img loading=\"lazy\" decoding=\"async\" src=\"https:\/\/aplicacions.gestioeducativa.gencat.cat\/est\/gafadm\/img\/ins_ok.gif\" alt=\"Inscripci\u00f3 oberta\" width=\"16\" height=\"16\" border=\"0\" \/><\/td>\n<td valign=\"TOP\"><span style=\"font-family: arial, helvetica, geneva; font-size: small;\">2050421205<\/span><\/td>\n<td valign=\"TOP\"><span style=\"font-family: arial, helvetica, geneva; font-size: small;\"><b><a href=\"https:\/\/aplicacions.gestioeducativa.gencat.cat\/pls\/soloas\/pk_for_mod_ins.p_for_detall_activitat?p_header=Llista%20d%27activitats^pk_for_mod_ins.p_for_cons_activitats?p_any=2024-2025%26p_totes=S%26p_inici=1%26p_excloure_crp_rec=T&amp;p_codi=2050421205&amp;p_curs=2024-2025&amp;p_excloure_crp_rec=T\">Atenci\u00f3 a l&#8217;escolaritzaci\u00f3 inclusiva. Aprofundiment<\/a><\/b><\/span><\/td>\n<\/tr>\n<tr>\n<td colspan=\"3\"><\/td>\n<td valign=\"TOP\"><span style=\"font-family: arial, helvetica, geneva; font-size: xx-small;\">Taller a centre. I-E Puig i Gairalt (L&#8217;Hospitalet de Llobregat). Del dimecres 23\/10\/2024 al 19\/2\/2025 de 16:30 a 18:30<\/span><\/td>\n<\/tr>\n<tr>\n<td><\/td>\n<td valign=\"TOP\"><img loading=\"lazy\" decoding=\"async\" src=\"https:\/\/aplicacions.gestioeducativa.gencat.cat\/est\/gafadm\/img\/ins_ok.gif\" alt=\"Inscripci\u00f3 oberta\" width=\"16\" height=\"16\" border=\"0\" \/><\/td>\n<td valign=\"TOP\"><span style=\"font-family: arial, helvetica, geneva; font-size: small;\">2050440512<\/span><\/td>\n<td valign=\"TOP\"><span style=\"font-family: arial, helvetica, geneva; font-size: small;\"><b><a href=\"https:\/\/aplicacions.gestioeducativa.gencat.cat\/pls\/soloas\/pk_for_mod_ins.p_for_detall_activitat?p_header=Llista%20d%27activitats^pk_for_mod_ins.p_for_cons_activitats?p_any=2024-2025%26p_totes=S%26p_inici=1%26p_excloure_crp_rec=T&amp;p_codi=2050440512&amp;p_curs=2024-2025&amp;p_excloure_crp_rec=T\">Mesures i suports universals<\/a><\/b><\/span><\/td>\n<\/tr>\n<tr>\n<td colspan=\"3\"><\/td>\n<td valign=\"TOP\"><span style=\"font-family: arial, helvetica, geneva; font-size: xx-small;\">Taller. ESC Sant Josep &#8211; El Pi (L&#8217;Hospitalet de Llobregat). Del dimecres 9\/10\/2024 al 5\/3\/2025 de 12:30 a 14:00<\/span><\/td>\n<\/tr>\n<tr>\n<td><\/td>\n<td valign=\"TOP\"><img loading=\"lazy\" decoding=\"async\" src=\"https:\/\/aplicacions.gestioeducativa.gencat.cat\/est\/gafadm\/img\/ins_ok.gif\" alt=\"Inscripci\u00f3 oberta\" width=\"16\" height=\"16\" border=\"0\" \/><\/td>\n<td valign=\"TOP\"><span style=\"font-family: arial, helvetica, geneva; font-size: small;\">2050860512<\/span><\/td>\n<td valign=\"TOP\"><span style=\"font-family: arial, helvetica, geneva; font-size: small;\"><b><a href=\"https:\/\/aplicacions.gestioeducativa.gencat.cat\/pls\/soloas\/pk_for_mod_ins.p_for_detall_activitat?p_header=Llista%20d%27activitats^pk_for_mod_ins.p_for_cons_activitats?p_any=2024-2025%26p_totes=S%26p_inici=1%26p_excloure_crp_rec=T&amp;p_codi=2050860512&amp;p_curs=2024-2025&amp;p_excloure_crp_rec=T\">C\u00e0psula de sensibilitzaci\u00f3 d&#8217;educaci\u00f3 inclusiva<\/a><\/b><\/span><\/td>\n<\/tr>\n<tr>\n<td colspan=\"3\"><\/td>\n<td valign=\"TOP\"><span style=\"font-family: arial, helvetica, geneva; font-size: xx-small;\">Confer\u00e8ncia. ESC Joan Maragall (L&#8217;Hospitalet de Llobregat). Del dijous 17\/10\/2024 al 22\/10\/2024 de 12:45 a 13:45<\/span><\/td>\n<\/tr>\n<tr>\n<td><\/td>\n<td valign=\"TOP\"><img loading=\"lazy\" decoding=\"async\" src=\"https:\/\/aplicacions.gestioeducativa.gencat.cat\/est\/gafadm\/img\/ins_ok.gif\" alt=\"Inscripci\u00f3 oberta\" width=\"16\" height=\"16\" border=\"0\" \/><\/td>\n<td valign=\"TOP\"><span style=\"font-family: arial, helvetica, geneva; font-size: small;\">2060121206<\/span><\/td>\n<td valign=\"TOP\"><span style=\"font-family: arial, helvetica, geneva; font-size: small;\"><b><a href=\"https:\/\/aplicacions.gestioeducativa.gencat.cat\/pls\/soloas\/pk_for_mod_ins.p_for_detall_activitat?p_header=Llista%20d%27activitats^pk_for_mod_ins.p_for_cons_activitats?p_any=2024-2025%26p_totes=S%26p_inici=1%26p_excloure_crp_rec=T&amp;p_codi=2060121206&amp;p_curs=2024-2025&amp;p_excloure_crp_rec=T\">Xarxa de centres inclusius<\/a><\/b><\/span><\/td>\n<\/tr>\n<tr>\n<td colspan=\"3\"><\/td>\n<td valign=\"TOP\"><span style=\"font-family: arial, helvetica, geneva; font-size: xx-small;\">Taller. CRP Ciutat de Sant Adri\u00e0 de Bes\u00f2s (Sant Adri\u00e0 de Bes\u00f2s). Del dijous 31\/10\/2024 al 29\/5\/2025 de 17:00 a 19:00<\/span><\/td>\n<\/tr>\n<tr>\n<td><\/td>\n<td valign=\"TOP\"><img loading=\"lazy\" decoding=\"async\" src=\"https:\/\/aplicacions.gestioeducativa.gencat.cat\/est\/gafadm\/img\/ins_ok.gif\" alt=\"Inscripci\u00f3 oberta\" width=\"16\" height=\"16\" border=\"0\" \/><\/td>\n<td valign=\"TOP\"><span style=\"font-family: arial, helvetica, geneva; font-size: small;\">2062090512<\/span><\/td>\n<td valign=\"TOP\"><span style=\"font-family: arial, helvetica, geneva; font-size: small;\"><b><a href=\"https:\/\/aplicacions.gestioeducativa.gencat.cat\/pls\/soloas\/pk_for_mod_ins.p_for_detall_activitat?p_header=Llista%20d%27activitats^pk_for_mod_ins.p_for_cons_activitats?p_any=2024-2025%26p_totes=S%26p_inici=1%26p_excloure_crp_rec=T&amp;p_codi=2062090512&amp;p_curs=2024-2025&amp;p_excloure_crp_rec=T\">C\u00e0psula de sensibilitzaci\u00f3 d&#8217;educaci\u00f3 inclusiva<\/a><\/b><\/span><\/td>\n<\/tr>\n<tr>\n<td colspan=\"3\"><\/td>\n<td valign=\"TOP\"><span style=\"font-family: arial, helvetica, geneva; font-size: xx-small;\">Confer\u00e8ncia. INS Manuel V\u00e1zquez Montalb\u00e1n (Sant Adri\u00e0 de Bes\u00f2s). Del dilluns 23\/9\/2024 al 23\/9\/2024 de 15:30 a 17:30<\/span><\/td>\n<\/tr>\n<tr>\n<td><\/td>\n<td valign=\"TOP\"><img loading=\"lazy\" decoding=\"async\" src=\"https:\/\/aplicacions.gestioeducativa.gencat.cat\/est\/gafadm\/img\/ins_ok.gif\" alt=\"Inscripci\u00f3 oberta\" width=\"16\" height=\"16\" border=\"0\" \/><\/td>\n<td valign=\"TOP\"><span style=\"font-family: arial, helvetica, geneva; font-size: small;\">2070081207<\/span><\/td>\n<td valign=\"TOP\"><span style=\"font-family: arial, helvetica, geneva; font-size: small;\"><b><a href=\"https:\/\/aplicacions.gestioeducativa.gencat.cat\/pls\/soloas\/pk_for_mod_ins.p_for_detall_activitat?p_header=Llista%20d%27activitats^pk_for_mod_ins.p_for_cons_activitats?p_any=2024-2025%26p_totes=S%26p_inici=1%26p_excloure_crp_rec=T&amp;p_codi=2070081207&amp;p_curs=2024-2025&amp;p_excloure_crp_rec=T\">Seminari d&#8217;educaci\u00f3 inclusiva<\/a><\/b><\/span><\/td>\n<\/tr>\n<tr>\n<td colspan=\"3\"><\/td>\n<td valign=\"TOP\"><span style=\"font-family: arial, helvetica, geneva; font-size: xx-small;\">Seminari de coordinaci\u00f3. CRP Ciutat de Sta. Coloma Gramenet (Santa Coloma de Gramenet). Del dimarts 15\/10\/2024 al 29\/5\/2025 de 17:15 a 18:45<\/span><\/td>\n<\/tr>\n<tr>\n<td><\/td>\n<td valign=\"TOP\"><img loading=\"lazy\" decoding=\"async\" src=\"https:\/\/aplicacions.gestioeducativa.gencat.cat\/est\/gafadm\/img\/ins_ok.gif\" alt=\"Inscripci\u00f3 oberta\" width=\"16\" height=\"16\" border=\"0\" \/><\/td>\n<td valign=\"TOP\"><span style=\"font-family: arial, helvetica, geneva; font-size: small;\">2070191207<\/span><\/td>\n<td valign=\"TOP\"><span style=\"font-family: arial, helvetica, geneva; font-size: small;\"><b><a href=\"https:\/\/aplicacions.gestioeducativa.gencat.cat\/pls\/soloas\/pk_for_mod_ins.p_for_detall_activitat?p_header=Llista%20d%27activitats^pk_for_mod_ins.p_for_cons_activitats?p_any=2024-2025%26p_totes=S%26p_inici=1%26p_excloure_crp_rec=T&amp;p_codi=2070191207&amp;p_curs=2024-2025&amp;p_excloure_crp_rec=T\">Integradors\/es socials<\/a><\/b><\/span><\/td>\n<\/tr>\n<tr>\n<td colspan=\"3\"><\/td>\n<td valign=\"TOP\"><span style=\"font-family: arial, helvetica, geneva; font-size: xx-small;\">Seminari de coordinaci\u00f3. CRP Ciutat de Sta. Coloma Gramenet (Santa Coloma de Gramenet). Del dijous 17\/10\/2024 al 22\/5\/2025 de 9:00 a 11:00<\/span><\/td>\n<\/tr>\n<tr>\n<td><\/td>\n<td valign=\"TOP\"><img loading=\"lazy\" decoding=\"async\" src=\"https:\/\/aplicacions.gestioeducativa.gencat.cat\/est\/gafadm\/img\/ins_ok.gif\" alt=\"Inscripci\u00f3 oberta\" width=\"16\" height=\"16\" border=\"0\" \/><\/td>\n<td valign=\"TOP\"><span style=\"font-family: arial, helvetica, geneva; font-size: small;\">2072010512<\/span><\/td>\n<td valign=\"TOP\"><span style=\"font-family: arial, helvetica, geneva; font-size: small;\"><b><a href=\"https:\/\/aplicacions.gestioeducativa.gencat.cat\/pls\/soloas\/pk_for_mod_ins.p_for_detall_activitat?p_header=Llista%20d%27activitats^pk_for_mod_ins.p_for_cons_activitats?p_any=2024-2025%26p_totes=S%26p_inici=1%26p_excloure_crp_rec=T&amp;p_codi=2072010512&amp;p_curs=2024-2025&amp;p_excloure_crp_rec=T\">C\u00e0psula de sensibilitzaci\u00f3 d&#8217;educaci\u00f3 inclusiva<\/a><\/b><\/span><\/td>\n<\/tr>\n<tr>\n<td colspan=\"3\"><\/td>\n<td valign=\"TOP\"><span style=\"font-family: arial, helvetica, geneva; font-size: xx-small;\">Confer\u00e8ncia. ESC Tanit (Santa Coloma de Gramenet). Del dilluns 7\/10\/2024 al 21\/10\/2024 de 17:00 a 19:30<\/span><\/td>\n<\/tr>\n<tr>\n<td><\/td>\n<td valign=\"TOP\"><img loading=\"lazy\" decoding=\"async\" src=\"https:\/\/aplicacions.gestioeducativa.gencat.cat\/est\/gafadm\/img\/ins_ok.gif\" alt=\"Inscripci\u00f3 oberta\" width=\"16\" height=\"16\" border=\"0\" \/><\/td>\n<td valign=\"TOP\"><span style=\"font-family: arial, helvetica, geneva; font-size: small;\">2072111207<\/span><\/td>\n<td valign=\"TOP\"><span style=\"font-family: arial, helvetica, geneva; font-size: small;\"><b><a href=\"https:\/\/aplicacions.gestioeducativa.gencat.cat\/pls\/soloas\/pk_for_mod_ins.p_for_detall_activitat?p_header=Llista%20d%27activitats^pk_for_mod_ins.p_for_cons_activitats?p_any=2024-2025%26p_totes=S%26p_inici=1%26p_excloure_crp_rec=T&amp;p_codi=2072111207&amp;p_curs=2024-2025&amp;p_excloure_crp_rec=T\">Acompanyament per la promoci\u00f3, prevenci\u00f3 i intervenci\u00f3 pel benestar emocional i relacional en la inf\u00e0ncia en escolaritat infantil i prim\u00e0ria.<\/a><\/b><\/span><\/td>\n<\/tr>\n<tr>\n<td colspan=\"3\"><\/td>\n<td valign=\"TOP\"><span style=\"font-family: arial, helvetica, geneva; font-size: xx-small;\">Formaci\u00f3 interna de centre. ESC Fray Luis de Le\u00f3n (Santa Coloma de Gramenet). Del dijous 10\/10\/2024 al 30\/6\/2025 de 12:45 a 14:15<\/span><\/td>\n<\/tr>\n<tr>\n<td><\/td>\n<td valign=\"TOP\"><img loading=\"lazy\" decoding=\"async\" src=\"https:\/\/aplicacions.gestioeducativa.gencat.cat\/est\/gafadm\/img\/ins_ok.gif\" alt=\"Inscripci\u00f3 oberta\" width=\"16\" height=\"16\" border=\"0\" \/><\/td>\n<td valign=\"TOP\"><span style=\"font-family: arial, helvetica, geneva; font-size: small;\">2072170512<\/span><\/td>\n<td valign=\"TOP\"><span style=\"font-family: arial, helvetica, geneva; font-size: small;\"><b><a href=\"https:\/\/aplicacions.gestioeducativa.gencat.cat\/pls\/soloas\/pk_for_mod_ins.p_for_detall_activitat?p_header=Llista%20d%27activitats^pk_for_mod_ins.p_for_cons_activitats?p_any=2024-2025%26p_totes=S%26p_inici=1%26p_excloure_crp_rec=T&amp;p_codi=2072170512&amp;p_curs=2024-2025&amp;p_excloure_crp_rec=T\">Mesures i suports universals<\/a><\/b><\/span><\/td>\n<\/tr>\n<tr>\n<td colspan=\"3\"><\/td>\n<td valign=\"TOP\"><span style=\"font-family: arial, helvetica, geneva; font-size: xx-small;\">Taller. ESC Wagner (Santa Coloma de Gramenet). Del dijous 28\/11\/2024 al 20\/3\/2025 de 13:00 a 14:00<\/span><\/td>\n<\/tr>\n<tr>\n<td><\/td>\n<td valign=\"TOP\"><img loading=\"lazy\" decoding=\"async\" src=\"https:\/\/aplicacions.gestioeducativa.gencat.cat\/est\/gafadm\/img\/ins_ok.gif\" alt=\"Inscripci\u00f3 oberta\" width=\"16\" height=\"16\" border=\"0\" \/><\/td>\n<td valign=\"TOP\"><span style=\"font-family: arial, helvetica, geneva; font-size: small;\">2080111208<\/span><\/td>\n<td valign=\"TOP\"><span style=\"font-family: arial, helvetica, geneva; font-size: small;\"><b><a href=\"https:\/\/aplicacions.gestioeducativa.gencat.cat\/pls\/soloas\/pk_for_mod_ins.p_for_detall_activitat?p_header=Llista%20d%27activitats^pk_for_mod_ins.p_for_cons_activitats?p_any=2024-2025%26p_totes=S%26p_inici=1%26p_excloure_crp_rec=T&amp;p_codi=2080111208&amp;p_curs=2024-2025&amp;p_excloure_crp_rec=T\">Per a l&#8217;educaci\u00f3 inclusiva al Garraf<\/a><\/b><\/span><\/td>\n<\/tr>\n<tr>\n<td colspan=\"3\"><\/td>\n<td valign=\"TOP\"><span style=\"font-family: arial, helvetica, geneva; font-size: xx-small;\">Seminari de coordinaci\u00f3. CRP del Garraf (Vilanova i la Geltr\u00fa). Del dimecres 16\/10\/2024 al 14\/5\/2025 de 17:15 a 19:15<\/span><\/td>\n<\/tr>\n<tr>\n<td><\/td>\n<td valign=\"TOP\"><\/td>\n<td valign=\"TOP\"><span style=\"font-family: arial, helvetica, geneva; font-size: small;\">2080121208<\/span><\/td>\n<td valign=\"TOP\"><span style=\"font-family: arial, helvetica, geneva; font-size: small;\"><b><a href=\"https:\/\/aplicacions.gestioeducativa.gencat.cat\/pls\/soloas\/pk_for_mod_ins.p_for_detall_activitat?p_header=Llista%20d%27activitats^pk_for_mod_ins.p_for_cons_activitats?p_any=2024-2025%26p_totes=S%26p_inici=1%26p_excloure_crp_rec=T&amp;p_codi=2080121208&amp;p_curs=2024-2025&amp;p_excloure_crp_rec=T\">L&#8217;orientaci\u00f3 educativa a l&#8217;ESO<\/a><\/b><\/span><\/td>\n<\/tr>\n<tr>\n<td colspan=\"3\"><\/td>\n<td valign=\"TOP\"><span style=\"font-family: arial, helvetica, geneva; font-size: xx-small;\">Seminari de coordinaci\u00f3. CRP del Garraf (Vilanova i la Geltr\u00fa). Del dilluns 14\/10\/2024 al 12\/5\/2025 de 17:30 a 19:30<\/span><\/td>\n<\/tr>\n<tr>\n<td><\/td>\n<td valign=\"TOP\"><img loading=\"lazy\" decoding=\"async\" src=\"https:\/\/aplicacions.gestioeducativa.gencat.cat\/est\/gafadm\/img\/ins_ok.gif\" alt=\"Inscripci\u00f3 oberta\" width=\"16\" height=\"16\" border=\"0\" \/><\/td>\n<td valign=\"TOP\"><span style=\"font-family: arial, helvetica, geneva; font-size: small;\">2084311208<\/span><\/td>\n<td valign=\"TOP\"><span style=\"font-family: arial, helvetica, geneva; font-size: small;\"><b><a href=\"https:\/\/aplicacions.gestioeducativa.gencat.cat\/pls\/soloas\/pk_for_mod_ins.p_for_detall_activitat?p_header=Llista%20d%27activitats^pk_for_mod_ins.p_for_cons_activitats?p_any=2024-2025%26p_totes=S%26p_inici=1%26p_excloure_crp_rec=T&amp;p_codi=2084311208&amp;p_curs=2024-2025&amp;p_excloure_crp_rec=T\">Orientacions per l&#8217;acompanyament de l&#8217;alumnat amb TEA<\/a><\/b><\/span><\/td>\n<\/tr>\n<tr>\n<td colspan=\"3\"><\/td>\n<td valign=\"TOP\"><span style=\"font-family: arial, helvetica, geneva; font-size: xx-small;\">Taller. ESC Josep Andreu &#8211; Charlie Rivel (Cubelles). Del dimarts 22\/10\/2024 al 28\/1\/2025 de 17:00 a 19:00<\/span><\/td>\n<\/tr>\n<tr>\n<td><\/td>\n<td valign=\"TOP\"><\/td>\n<td valign=\"TOP\"><span style=\"font-family: arial, helvetica, geneva; font-size: small;\">2088131208<\/span><\/td>\n<td valign=\"TOP\"><span style=\"font-family: arial, helvetica, geneva; font-size: small;\"><b><a href=\"https:\/\/aplicacions.gestioeducativa.gencat.cat\/pls\/soloas\/pk_for_mod_ins.p_for_detall_activitat?p_header=Llista%20d%27activitats^pk_for_mod_ins.p_for_cons_activitats?p_any=2024-2025%26p_totes=S%26p_inici=1%26p_excloure_crp_rec=T&amp;p_codi=2088131208&amp;p_curs=2024-2025&amp;p_excloure_crp_rec=T\">Aprenem sobre la diversitat de perfils NESE de l&#8217;alumnat (ESO-Batxillerat G1)<\/a><\/b><\/span><\/td>\n<\/tr>\n<tr>\n<td colspan=\"3\"><\/td>\n<td valign=\"TOP\"><span style=\"font-family: arial, helvetica, geneva; font-size: xx-small;\">Taller a centre. INS Joan Ramon Benapr\u00e8s (Sitges). Del dijous 5\/9\/2024 al 30\/9\/2024 de a<\/span><\/td>\n<\/tr>\n<tr>\n<td><\/td>\n<td valign=\"TOP\"><\/td>\n<td valign=\"TOP\"><span style=\"font-family: arial, helvetica, geneva; font-size: small;\">2088141208<\/span><\/td>\n<td valign=\"TOP\"><span style=\"font-family: arial, helvetica, geneva; font-size: small;\"><b><a href=\"https:\/\/aplicacions.gestioeducativa.gencat.cat\/pls\/soloas\/pk_for_mod_ins.p_for_detall_activitat?p_header=Llista%20d%27activitats^pk_for_mod_ins.p_for_cons_activitats?p_any=2024-2025%26p_totes=S%26p_inici=1%26p_excloure_crp_rec=T&amp;p_codi=2088141208&amp;p_curs=2024-2025&amp;p_excloure_crp_rec=T\">Aprenem sobre la diversitat de perfils NESE de l&#8217;alumnat (ESO-Batxillerat G2)<\/a><\/b><\/span><\/td>\n<\/tr>\n<tr>\n<td colspan=\"3\"><\/td>\n<td valign=\"TOP\"><span style=\"font-family: arial, helvetica, geneva; font-size: xx-small;\">Taller a centre. INS Joan Ramon Benapr\u00e8s (Sitges). Del dijous 5\/9\/2024 al 30\/9\/2024 de a<\/span><\/td>\n<\/tr>\n<tr>\n<td><\/td>\n<td valign=\"TOP\"><\/td>\n<td valign=\"TOP\"><span style=\"font-family: arial, helvetica, geneva; font-size: small;\">2088151208<\/span><\/td>\n<td valign=\"TOP\"><span style=\"font-family: arial, helvetica, geneva; font-size: small;\"><b><a href=\"https:\/\/aplicacions.gestioeducativa.gencat.cat\/pls\/soloas\/pk_for_mod_ins.p_for_detall_activitat?p_header=Llista%20d%27activitats^pk_for_mod_ins.p_for_cons_activitats?p_any=2024-2025%26p_totes=S%26p_inici=1%26p_excloure_crp_rec=T&amp;p_codi=2088151208&amp;p_curs=2024-2025&amp;p_excloure_crp_rec=T\">Aprenem sobre la diversitat de perfils NESE de l&#8217;alumnat (Formaci\u00f3 professional)<\/a><\/b><\/span><\/td>\n<\/tr>\n<tr>\n<td colspan=\"3\"><\/td>\n<td valign=\"TOP\"><span style=\"font-family: arial, helvetica, geneva; font-size: xx-small;\">Taller a centre. INS Joan Ramon Benapr\u00e8s (Sitges). Del dijous 5\/9\/2024 al 30\/9\/2024 de a<\/span><\/td>\n<\/tr>\n<tr>\n<td><\/td>\n<td valign=\"TOP\"><img loading=\"lazy\" decoding=\"async\" src=\"https:\/\/aplicacions.gestioeducativa.gencat.cat\/est\/gafadm\/img\/ins_ok.gif\" alt=\"Inscripci\u00f3 oberta\" width=\"16\" height=\"16\" border=\"0\" \/><\/td>\n<td valign=\"TOP\"><span style=\"font-family: arial, helvetica, geneva; font-size: small;\">3000060503<\/span><\/td>\n<td valign=\"TOP\"><span style=\"font-family: arial, helvetica, geneva; font-size: small;\"><b><a href=\"https:\/\/aplicacions.gestioeducativa.gencat.cat\/pls\/soloas\/pk_for_mod_ins.p_for_detall_activitat?p_header=Llista%20d%27activitats^pk_for_mod_ins.p_for_cons_activitats?p_any=2024-2025%26p_totes=S%26p_inici=1%26p_excloure_crp_rec=T&amp;p_codi=3000060503&amp;p_curs=2024-2025&amp;p_excloure_crp_rec=T\">Interescolais 6.0<\/a><\/b><\/span><\/td>\n<\/tr>\n<tr>\n<td colspan=\"3\"><\/td>\n<td valign=\"TOP\"><span style=\"font-family: arial, helvetica, geneva; font-size: xx-small;\">Seminari de coordinaci\u00f3. VT Curs a dist\u00e0ncia (A dist\u00e0ncia). Del dimecres 16\/10\/2024 al 26\/3\/2025 de 17:00 a 19:00<\/span><\/td>\n<\/tr>\n<tr>\n<td><\/td>\n<td valign=\"TOP\"><img loading=\"lazy\" decoding=\"async\" src=\"https:\/\/aplicacions.gestioeducativa.gencat.cat\/est\/gafadm\/img\/ins_ok.gif\" alt=\"Inscripci\u00f3 oberta\" width=\"16\" height=\"16\" border=\"0\" \/><\/td>\n<td valign=\"TOP\"><span style=\"font-family: arial, helvetica, geneva; font-size: small;\">3000080503<\/span><\/td>\n<td valign=\"TOP\"><span style=\"font-family: arial, helvetica, geneva; font-size: small;\"><b><a href=\"https:\/\/aplicacions.gestioeducativa.gencat.cat\/pls\/soloas\/pk_for_mod_ins.p_for_detall_activitat?p_header=Llista%20d%27activitats^pk_for_mod_ins.p_for_cons_activitats?p_any=2024-2025%26p_totes=S%26p_inici=1%26p_excloure_crp_rec=T&amp;p_codi=3000080503&amp;p_curs=2024-2025&amp;p_excloure_crp_rec=T\">Interescolais 6.0.1<\/a><\/b><\/span><\/td>\n<\/tr>\n<tr>\n<td colspan=\"3\"><\/td>\n<td valign=\"TOP\"><span style=\"font-family: arial, helvetica, geneva; font-size: xx-small;\">Taller. VT Curs a dist\u00e0ncia (A dist\u00e0ncia). Del dimecres 16\/10\/2024 al 16\/10\/2024 de 17:00 a 19:00<\/span><\/td>\n<\/tr>\n<tr>\n<td><\/td>\n<td valign=\"TOP\"><\/td>\n<td valign=\"TOP\"><span style=\"font-family: arial, helvetica, geneva; font-size: small;\">3000500512<\/span><\/td>\n<td valign=\"TOP\"><span style=\"font-family: arial, helvetica, geneva; font-size: small;\"><b><a href=\"https:\/\/aplicacions.gestioeducativa.gencat.cat\/pls\/soloas\/pk_for_mod_ins.p_for_detall_activitat?p_header=Llista%20d%27activitats^pk_for_mod_ins.p_for_cons_activitats?p_any=2024-2025%26p_totes=S%26p_inici=1%26p_excloure_crp_rec=T&amp;p_codi=3000500512&amp;p_curs=2024-2025&amp;p_excloure_crp_rec=T\">Formaci\u00f3 als centres que incorporen el SIEI<\/a><\/b><\/span><\/td>\n<\/tr>\n<tr>\n<td colspan=\"3\"><\/td>\n<td valign=\"TOP\"><span style=\"font-family: arial, helvetica, geneva; font-size: xx-small;\">Curs. INS Mart\u00ed Dot (Sant Feliu de Llobregat). Del dimecres 25\/9\/2024 al 30\/6\/2025 de 17:30 a 19:30<\/span><\/td>\n<\/tr>\n<tr>\n<td><\/td>\n<td valign=\"TOP\"><img loading=\"lazy\" decoding=\"async\" src=\"https:\/\/aplicacions.gestioeducativa.gencat.cat\/est\/gafadm\/img\/ins_ok.gif\" alt=\"Inscripci\u00f3 oberta\" width=\"16\" height=\"16\" border=\"0\" \/><\/td>\n<td valign=\"TOP\"><span style=\"font-family: arial, helvetica, geneva; font-size: small;\">3020061302<\/span><\/td>\n<td valign=\"TOP\"><span style=\"font-family: arial, helvetica, geneva; font-size: small;\"><b><a href=\"https:\/\/aplicacions.gestioeducativa.gencat.cat\/pls\/soloas\/pk_for_mod_ins.p_for_detall_activitat?p_header=Llista%20d%27activitats^pk_for_mod_ins.p_for_cons_activitats?p_any=2024-2025%26p_totes=S%26p_inici=1%26p_excloure_crp_rec=T&amp;p_codi=3020061302&amp;p_curs=2024-2025&amp;p_excloure_crp_rec=T\">L\u2019escola inclusiva: Fam\u00edlies i Escola. Corresponsabilitat necess\u00e0ria per al benestar i l\u2019aprenentatge<\/a><\/b><\/span><\/td>\n<\/tr>\n<tr>\n<td colspan=\"3\"><\/td>\n<td valign=\"TOP\"><span style=\"font-family: arial, helvetica, geneva; font-size: xx-small;\">Seminari de coordinaci\u00f3. CRP del Baix Llobregat I (Sant Feliu de Llobregat). Del dimarts 19\/11\/2024 al 20\/5\/2025 de 15:30 a 17:30<\/span><\/td>\n<\/tr>\n<tr>\n<td><\/td>\n<td valign=\"TOP\"><img loading=\"lazy\" decoding=\"async\" src=\"https:\/\/aplicacions.gestioeducativa.gencat.cat\/est\/gafadm\/img\/ins_ok.gif\" alt=\"Inscripci\u00f3 oberta\" width=\"16\" height=\"16\" border=\"0\" \/><\/td>\n<td valign=\"TOP\"><span style=\"font-family: arial, helvetica, geneva; font-size: small;\">3020071302<\/span><\/td>\n<td valign=\"TOP\"><span style=\"font-family: arial, helvetica, geneva; font-size: small;\"><b><a href=\"https:\/\/aplicacions.gestioeducativa.gencat.cat\/pls\/soloas\/pk_for_mod_ins.p_for_detall_activitat?p_header=Llista%20d%27activitats^pk_for_mod_ins.p_for_cons_activitats?p_any=2024-2025%26p_totes=S%26p_inici=1%26p_excloure_crp_rec=T&amp;p_codi=3020071302&amp;p_curs=2024-2025&amp;p_excloure_crp_rec=T\">Xarxa dels professionals de Suport Intensiu a l&#8217;Educaci\u00f3 Inclusiva (SIEI)<\/a><\/b><\/span><\/td>\n<\/tr>\n<tr>\n<td colspan=\"3\"><\/td>\n<td valign=\"TOP\"><span style=\"font-family: arial, helvetica, geneva; font-size: xx-small;\">Seminari de coordinaci\u00f3. CRP del Baix Llobregat I (Sant Feliu de Llobregat). Del dimarts 15\/10\/2024 al 11\/3\/2025 de 12:00 a 14:00<\/span><\/td>\n<\/tr>\n<tr>\n<td><\/td>\n<td valign=\"TOP\"><img loading=\"lazy\" decoding=\"async\" src=\"https:\/\/aplicacions.gestioeducativa.gencat.cat\/est\/gafadm\/img\/ins_ok.gif\" alt=\"Inscripci\u00f3 oberta\" width=\"16\" height=\"16\" border=\"0\" \/><\/td>\n<td valign=\"TOP\"><span style=\"font-family: arial, helvetica, geneva; font-size: small;\">3021051302<\/span><\/td>\n<td valign=\"TOP\"><span style=\"font-family: arial, helvetica, geneva; font-size: small;\"><b><a href=\"https:\/\/aplicacions.gestioeducativa.gencat.cat\/pls\/soloas\/pk_for_mod_ins.p_for_detall_activitat?p_header=Llista%20d%27activitats^pk_for_mod_ins.p_for_cons_activitats?p_any=2024-2025%26p_totes=S%26p_inici=1%26p_excloure_crp_rec=T&amp;p_codi=3021051302&amp;p_curs=2024-2025&amp;p_excloure_crp_rec=T\">La inclusi\u00f3 a la S\u00ednia: un horitz\u00f3 amb molts camins<\/a><\/b><\/span><\/td>\n<\/tr>\n<tr>\n<td colspan=\"3\"><\/td>\n<td valign=\"TOP\"><span style=\"font-family: arial, helvetica, geneva; font-size: xx-small;\">Taller a centre. ESC La S\u00ednia (Molins de Rei). Del dimarts 8\/10\/2024 al 28\/1\/2025 de 17:00 a 19:00<\/span><\/td>\n<\/tr>\n<tr>\n<td><\/td>\n<td valign=\"TOP\"><img loading=\"lazy\" decoding=\"async\" src=\"https:\/\/aplicacions.gestioeducativa.gencat.cat\/est\/gafadm\/img\/ins_ok.gif\" alt=\"Inscripci\u00f3 oberta\" width=\"16\" height=\"16\" border=\"0\" \/><\/td>\n<td valign=\"TOP\"><span style=\"font-family: arial, helvetica, geneva; font-size: small;\">3021081302<\/span><\/td>\n<td valign=\"TOP\"><span style=\"font-family: arial, helvetica, geneva; font-size: small;\"><b><a href=\"https:\/\/aplicacions.gestioeducativa.gencat.cat\/pls\/soloas\/pk_for_mod_ins.p_for_detall_activitat?p_header=Llista%20d%27activitats^pk_for_mod_ins.p_for_cons_activitats?p_any=2024-2025%26p_totes=S%26p_inici=1%26p_excloure_crp_rec=T&amp;p_codi=3021081302&amp;p_curs=2024-2025&amp;p_excloure_crp_rec=T\">De la reflexi\u00f3 a la intervenci\u00f3: cos i TEA<\/a><\/b><\/span><\/td>\n<\/tr>\n<tr>\n<td colspan=\"3\"><\/td>\n<td valign=\"TOP\"><span style=\"font-family: arial, helvetica, geneva; font-size: xx-small;\">Taller a centre. EAP EAP B-46 Sant Feliu de Llobregat (Sant Feliu de Llobregat). Del divendres 4\/10\/2024 al 18\/2\/2025 de 15:30 a 17:30<\/span><\/td>\n<\/tr>\n<tr>\n<td><\/td>\n<td valign=\"TOP\"><img loading=\"lazy\" decoding=\"async\" src=\"https:\/\/aplicacions.gestioeducativa.gencat.cat\/est\/gafadm\/img\/ins_ok.gif\" alt=\"Inscripci\u00f3 oberta\" width=\"16\" height=\"16\" border=\"0\" \/><\/td>\n<td valign=\"TOP\"><span style=\"font-family: arial, helvetica, geneva; font-size: small;\">3030101303<\/span><\/td>\n<td valign=\"TOP\"><span style=\"font-family: arial, helvetica, geneva; font-size: small;\"><b><a href=\"https:\/\/aplicacions.gestioeducativa.gencat.cat\/pls\/soloas\/pk_for_mod_ins.p_for_detall_activitat?p_header=Llista%20d%27activitats^pk_for_mod_ins.p_for_cons_activitats?p_any=2024-2025%26p_totes=S%26p_inici=1%26p_excloure_crp_rec=T&amp;p_codi=3030101303&amp;p_curs=2024-2025&amp;p_excloure_crp_rec=T\">Coordinaci\u00f3 Mestres d&#8217;Educaci\u00f3 al Suport Inclusiu (MESI)<\/a><\/b><\/span><\/td>\n<\/tr>\n<tr>\n<td colspan=\"3\"><\/td>\n<td valign=\"TOP\"><span style=\"font-family: arial, helvetica, geneva; font-size: xx-small;\">Seminari de coordinaci\u00f3. CRP del Baix Llobregat II (Gav\u00e0). Del dimecres 16\/10\/2024 al 28\/5\/2025 de 17:00 a 19:00<\/span><\/td>\n<\/tr>\n<tr>\n<td><\/td>\n<td valign=\"TOP\"><img loading=\"lazy\" decoding=\"async\" src=\"https:\/\/aplicacions.gestioeducativa.gencat.cat\/est\/gafadm\/img\/ins_ok.gif\" alt=\"Inscripci\u00f3 oberta\" width=\"16\" height=\"16\" border=\"0\" \/><\/td>\n<td valign=\"TOP\"><span style=\"font-family: arial, helvetica, geneva; font-size: small;\">3030121303<\/span><\/td>\n<td valign=\"TOP\"><span style=\"font-family: arial, helvetica, geneva; font-size: small;\"><b><a href=\"https:\/\/aplicacions.gestioeducativa.gencat.cat\/pls\/soloas\/pk_for_mod_ins.p_for_detall_activitat?p_header=Llista%20d%27activitats^pk_for_mod_ins.p_for_cons_activitats?p_any=2024-2025%26p_totes=S%26p_inici=1%26p_excloure_crp_rec=T&amp;p_codi=3030121303&amp;p_curs=2024-2025&amp;p_excloure_crp_rec=T\">Coordinaci\u00f3 d&#8217;orientadors de zona<\/a><\/b><\/span><\/td>\n<\/tr>\n<tr>\n<td colspan=\"3\"><\/td>\n<td valign=\"TOP\"><span style=\"font-family: arial, helvetica, geneva; font-size: xx-small;\">Seminari de coordinaci\u00f3. INS de Sales (Viladecans). Del dilluns 14\/10\/2024 al 30\/5\/2025 de 17:30 a 19:30<\/span><\/td>\n<\/tr>\n<tr>\n<td><\/td>\n<td valign=\"TOP\"><img loading=\"lazy\" decoding=\"async\" src=\"https:\/\/aplicacions.gestioeducativa.gencat.cat\/est\/gafadm\/img\/ins_ok.gif\" alt=\"Inscripci\u00f3 oberta\" width=\"16\" height=\"16\" border=\"0\" \/><\/td>\n<td valign=\"TOP\"><span style=\"font-family: arial, helvetica, geneva; font-size: small;\">3030141303<\/span><\/td>\n<td valign=\"TOP\"><span style=\"font-family: arial, helvetica, geneva; font-size: small;\"><b><a href=\"https:\/\/aplicacions.gestioeducativa.gencat.cat\/pls\/soloas\/pk_for_mod_ins.p_for_detall_activitat?p_header=Llista%20d%27activitats^pk_for_mod_ins.p_for_cons_activitats?p_any=2024-2025%26p_totes=S%26p_inici=1%26p_excloure_crp_rec=T&amp;p_codi=3030141303&amp;p_curs=2024-2025&amp;p_excloure_crp_rec=T\">Dinamitzaci\u00f3 de la Biblioteca Escolar<\/a><\/b><\/span><\/td>\n<\/tr>\n<tr>\n<td colspan=\"3\"><\/td>\n<td valign=\"TOP\"><span style=\"font-family: arial, helvetica, geneva; font-size: xx-small;\">Seminari de coordinaci\u00f3. CRP del Baix Llobregat II (Gav\u00e0). Del dilluns 21\/10\/2024 al 19\/5\/2025 de 17:00 a 19:00<\/span><\/td>\n<\/tr>\n<tr>\n<td><\/td>\n<td valign=\"TOP\"><img loading=\"lazy\" decoding=\"async\" src=\"https:\/\/aplicacions.gestioeducativa.gencat.cat\/est\/gafadm\/img\/ins_ok.gif\" alt=\"Inscripci\u00f3 oberta\" width=\"16\" height=\"16\" border=\"0\" \/><\/td>\n<td valign=\"TOP\"><span style=\"font-family: arial, helvetica, geneva; font-size: small;\">3030581303<\/span><\/td>\n<td valign=\"TOP\"><span style=\"font-family: arial, helvetica, geneva; font-size: small;\"><b><a href=\"https:\/\/aplicacions.gestioeducativa.gencat.cat\/pls\/soloas\/pk_for_mod_ins.p_for_detall_activitat?p_header=Llista%20d%27activitats^pk_for_mod_ins.p_for_cons_activitats?p_any=2024-2025%26p_totes=S%26p_inici=1%26p_excloure_crp_rec=T&amp;p_codi=3030581303&amp;p_curs=2024-2025&amp;p_excloure_crp_rec=T\">Situacions d&#8217;aprenentatge<\/a><\/b><\/span><\/td>\n<\/tr>\n<tr>\n<td colspan=\"3\"><\/td>\n<td valign=\"TOP\"><span style=\"font-family: arial, helvetica, geneva; font-size: xx-small;\">Formaci\u00f3 interna de centre. ESC Germans Amat i Targa (Viladecans). Del dijous 3\/10\/2024 al 8\/5\/2025 de 12:30 a 14:00<\/span><\/td>\n<\/tr>\n<tr>\n<td><\/td>\n<td valign=\"TOP\"><\/td>\n<td valign=\"TOP\"><span style=\"font-family: arial, helvetica, geneva; font-size: small;\">3030670512<\/span><\/td>\n<td valign=\"TOP\"><span style=\"font-family: arial, helvetica, geneva; font-size: small;\"><b><a href=\"https:\/\/aplicacions.gestioeducativa.gencat.cat\/pls\/soloas\/pk_for_mod_ins.p_for_detall_activitat?p_header=Llista%20d%27activitats^pk_for_mod_ins.p_for_cons_activitats?p_any=2024-2025%26p_totes=S%26p_inici=1%26p_excloure_crp_rec=T&amp;p_codi=3030670512&amp;p_curs=2024-2025&amp;p_excloure_crp_rec=T\">C\u00e0psula de sensibilitzaci\u00f3 d&#8217;educaci\u00f3 inclusiva<\/a><\/b><\/span><\/td>\n<\/tr>\n<tr>\n<td colspan=\"3\"><\/td>\n<td valign=\"TOP\"><span style=\"font-family: arial, helvetica, geneva; font-size: xx-small;\">Confer\u00e8ncia. C Sant Gabriel (Viladecans). Del dimecres 4\/9\/2024 al 4\/9\/2024 de 11:30 a 13:30<\/span><\/td>\n<\/tr>\n<tr>\n<td><\/td>\n<td valign=\"TOP\"><img loading=\"lazy\" decoding=\"async\" src=\"https:\/\/aplicacions.gestioeducativa.gencat.cat\/est\/gafadm\/img\/ins_ok.gif\" alt=\"Inscripci\u00f3 oberta\" width=\"16\" height=\"16\" border=\"0\" \/><\/td>\n<td valign=\"TOP\"><span style=\"font-family: arial, helvetica, geneva; font-size: small;\">3030680512<\/span><\/td>\n<td valign=\"TOP\"><span style=\"font-family: arial, helvetica, geneva; font-size: small;\"><b><a href=\"https:\/\/aplicacions.gestioeducativa.gencat.cat\/pls\/soloas\/pk_for_mod_ins.p_for_detall_activitat?p_header=Llista%20d%27activitats^pk_for_mod_ins.p_for_cons_activitats?p_any=2024-2025%26p_totes=S%26p_inici=1%26p_excloure_crp_rec=T&amp;p_codi=3030680512&amp;p_curs=2024-2025&amp;p_excloure_crp_rec=T\">C\u00e0psula de sensibilitzaci\u00f3 d&#8217;educaci\u00f3 inclusiva<\/a><\/b><\/span><\/td>\n<\/tr>\n<tr>\n<td colspan=\"3\"><\/td>\n<td valign=\"TOP\"><span style=\"font-family: arial, helvetica, geneva; font-size: xx-small;\">Confer\u00e8ncia. C Teide (Viladecans). Del dimecres 25\/9\/2024 al 25\/9\/2024 de 13:00 a 15:00<\/span><\/td>\n<\/tr>\n<tr>\n<td><\/td>\n<td valign=\"TOP\"><img loading=\"lazy\" decoding=\"async\" src=\"https:\/\/aplicacions.gestioeducativa.gencat.cat\/est\/gafadm\/img\/ins_ok.gif\" alt=\"Inscripci\u00f3 oberta\" width=\"16\" height=\"16\" border=\"0\" \/><\/td>\n<td valign=\"TOP\"><span style=\"font-family: arial, helvetica, geneva; font-size: small;\">3030690512<\/span><\/td>\n<td valign=\"TOP\"><span style=\"font-family: arial, helvetica, geneva; font-size: small;\"><b><a href=\"https:\/\/aplicacions.gestioeducativa.gencat.cat\/pls\/soloas\/pk_for_mod_ins.p_for_detall_activitat?p_header=Llista%20d%27activitats^pk_for_mod_ins.p_for_cons_activitats?p_any=2024-2025%26p_totes=S%26p_inici=1%26p_excloure_crp_rec=T&amp;p_codi=3030690512&amp;p_curs=2024-2025&amp;p_excloure_crp_rec=T\">C\u00e0psula de sensibilitzaci\u00f3 d&#8217;educaci\u00f3 inclusiva<\/a><\/b><\/span><\/td>\n<\/tr>\n<tr>\n<td colspan=\"3\"><\/td>\n<td valign=\"TOP\"><span style=\"font-family: arial, helvetica, geneva; font-size: xx-small;\">Confer\u00e8ncia. C Teide (Viladecans). Del dimecres 25\/9\/2024 al 25\/9\/2024 de 15:00 a 17:00<\/span><\/td>\n<\/tr>\n<tr>\n<td><\/td>\n<td valign=\"TOP\"><img loading=\"lazy\" decoding=\"async\" src=\"https:\/\/aplicacions.gestioeducativa.gencat.cat\/est\/gafadm\/img\/ins_ok.gif\" alt=\"Inscripci\u00f3 oberta\" width=\"16\" height=\"16\" border=\"0\" \/><\/td>\n<td valign=\"TOP\"><span style=\"font-family: arial, helvetica, geneva; font-size: small;\">3030700512<\/span><\/td>\n<td valign=\"TOP\"><span style=\"font-family: arial, helvetica, geneva; font-size: small;\"><b><a href=\"https:\/\/aplicacions.gestioeducativa.gencat.cat\/pls\/soloas\/pk_for_mod_ins.p_for_detall_activitat?p_header=Llista%20d%27activitats^pk_for_mod_ins.p_for_cons_activitats?p_any=2024-2025%26p_totes=S%26p_inici=1%26p_excloure_crp_rec=T&amp;p_codi=3030700512&amp;p_curs=2024-2025&amp;p_excloure_crp_rec=T\">C\u00e0psula de sensibilitzaci\u00f3 d&#8217;educaci\u00f3 inclusiva<\/a><\/b><\/span><\/td>\n<\/tr>\n<tr>\n<td colspan=\"3\"><\/td>\n<td valign=\"TOP\"><span style=\"font-family: arial, helvetica, geneva; font-size: xx-small;\">Confer\u00e8ncia. C Sagrada Fam\u00edlia (Viladecans). Del dimecres 15\/1\/2025 al 15\/1\/2025 de 17:00 a 19:00<\/span><\/td>\n<\/tr>\n<tr>\n<td><\/td>\n<td valign=\"TOP\"><\/td>\n<td valign=\"TOP\"><span style=\"font-family: arial, helvetica, geneva; font-size: small;\">3030710512<\/span><\/td>\n<td valign=\"TOP\"><span style=\"font-family: arial, helvetica, geneva; font-size: small;\"><b><a href=\"https:\/\/aplicacions.gestioeducativa.gencat.cat\/pls\/soloas\/pk_for_mod_ins.p_for_detall_activitat?p_header=Llista%20d%27activitats^pk_for_mod_ins.p_for_cons_activitats?p_any=2024-2025%26p_totes=S%26p_inici=1%26p_excloure_crp_rec=T&amp;p_codi=3030710512&amp;p_curs=2024-2025&amp;p_excloure_crp_rec=T\">Mesures i suports universals<\/a><\/b><\/span><\/td>\n<\/tr>\n<tr>\n<td colspan=\"3\"><\/td>\n<td valign=\"TOP\"><span style=\"font-family: arial, helvetica, geneva; font-size: xx-small;\">Taller. ESC Marta Mata (Viladecans). Del dijous 16\/1\/2025 al 18\/3\/2025 de 12:30 a 14:00<\/span><\/td>\n<\/tr>\n<tr>\n<td><\/td>\n<td valign=\"TOP\"><\/td>\n<td valign=\"TOP\"><span style=\"font-family: arial, helvetica, geneva; font-size: small;\">3030720512<\/span><\/td>\n<td valign=\"TOP\"><span style=\"font-family: arial, helvetica, geneva; font-size: small;\"><b><a href=\"https:\/\/aplicacions.gestioeducativa.gencat.cat\/pls\/soloas\/pk_for_mod_ins.p_for_detall_activitat?p_header=Llista%20d%27activitats^pk_for_mod_ins.p_for_cons_activitats?p_any=2024-2025%26p_totes=S%26p_inici=1%26p_excloure_crp_rec=T&amp;p_codi=3030720512&amp;p_curs=2024-2025&amp;p_excloure_crp_rec=T\">Mesures i suports universals<\/a><\/b><\/span><\/td>\n<\/tr>\n<tr>\n<td colspan=\"3\"><\/td>\n<td valign=\"TOP\"><span style=\"font-family: arial, helvetica, geneva; font-size: xx-small;\">Taller. ESC Doctor Trueta (Viladecans). Del dimarts 21\/1\/2025 al 1\/4\/2025 de 12:30 a 14:00<\/span><\/td>\n<\/tr>\n<tr>\n<td><\/td>\n<td valign=\"TOP\"><\/td>\n<td valign=\"TOP\"><span style=\"font-family: arial, helvetica, geneva; font-size: small;\">3030730512<\/span><\/td>\n<td valign=\"TOP\"><span style=\"font-family: arial, helvetica, geneva; font-size: small;\"><b><a href=\"https:\/\/aplicacions.gestioeducativa.gencat.cat\/pls\/soloas\/pk_for_mod_ins.p_for_detall_activitat?p_header=Llista%20d%27activitats^pk_for_mod_ins.p_for_cons_activitats?p_any=2024-2025%26p_totes=S%26p_inici=1%26p_excloure_crp_rec=T&amp;p_codi=3030730512&amp;p_curs=2024-2025&amp;p_excloure_crp_rec=T\">Mesures i suports universals<\/a><\/b><\/span><\/td>\n<\/tr>\n<tr>\n<td colspan=\"3\"><\/td>\n<td valign=\"TOP\"><span style=\"font-family: arial, helvetica, geneva; font-size: xx-small;\">Taller. C Sagrada Fam\u00edlia (Viladecans). Del divendres 24\/1\/2025 al 7\/3\/2025 de 14:30 a 16:30<\/span><\/td>\n<\/tr>\n<tr>\n<td><\/td>\n<td valign=\"TOP\"><img loading=\"lazy\" decoding=\"async\" src=\"https:\/\/aplicacions.gestioeducativa.gencat.cat\/est\/gafadm\/img\/ins_ok.gif\" alt=\"Inscripci\u00f3 oberta\" width=\"16\" height=\"16\" border=\"0\" \/><\/td>\n<td valign=\"TOP\"><span style=\"font-family: arial, helvetica, geneva; font-size: small;\">3030791303<\/span><\/td>\n<td valign=\"TOP\"><span style=\"font-family: arial, helvetica, geneva; font-size: small;\"><b><a href=\"https:\/\/aplicacions.gestioeducativa.gencat.cat\/pls\/soloas\/pk_for_mod_ins.p_for_detall_activitat?p_header=Llista%20d%27activitats^pk_for_mod_ins.p_for_cons_activitats?p_any=2024-2025%26p_totes=S%26p_inici=1%26p_excloure_crp_rec=T&amp;p_codi=3030791303&amp;p_curs=2024-2025&amp;p_excloure_crp_rec=T\">Acompanyament al professorat en el treball amb l\u2019alumnat amb dificultats significatives en la regulaci\u00f3 de la conducta<\/a><\/b><\/span><\/td>\n<\/tr>\n<tr>\n<td colspan=\"3\"><\/td>\n<td valign=\"TOP\"><span style=\"font-family: arial, helvetica, geneva; font-size: xx-small;\">Taller a centre. ESC Marcel\u00b7l\u00ed Moragas (Gav\u00e0). Del dimecres 9\/10\/2024 al 5\/3\/2025 de 12:15 a 14:15<\/span><\/td>\n<\/tr>\n<tr>\n<td><\/td>\n<td valign=\"TOP\"><img loading=\"lazy\" decoding=\"async\" src=\"https:\/\/aplicacions.gestioeducativa.gencat.cat\/est\/gafadm\/img\/ins_ok.gif\" alt=\"Inscripci\u00f3 oberta\" width=\"16\" height=\"16\" border=\"0\" \/><\/td>\n<td valign=\"TOP\"><span style=\"font-family: arial, helvetica, geneva; font-size: small;\">3030801303<\/span><\/td>\n<td valign=\"TOP\"><span style=\"font-family: arial, helvetica, geneva; font-size: small;\"><b><a href=\"https:\/\/aplicacions.gestioeducativa.gencat.cat\/pls\/soloas\/pk_for_mod_ins.p_for_detall_activitat?p_header=Llista%20d%27activitats^pk_for_mod_ins.p_for_cons_activitats?p_any=2024-2025%26p_totes=S%26p_inici=1%26p_excloure_crp_rec=T&amp;p_codi=3030801303&amp;p_curs=2024-2025&amp;p_excloure_crp_rec=T\">Acompanyament al professorat en el treball amb l\u2019alumnat amb dificultats significatives en la regulaci\u00f3 de la conducta<\/a><\/b><\/span><\/td>\n<\/tr>\n<tr>\n<td colspan=\"3\"><\/td>\n<td valign=\"TOP\"><span style=\"font-family: arial, helvetica, geneva; font-size: xx-small;\">Taller a centre. I-E Institut-Escola Gav\u00e0 Mar (Gav\u00e0). Del dimarts 5\/11\/2024 al 5\/12\/2024 de 12:30 a 14:30<\/span><\/td>\n<\/tr>\n<tr>\n<td><\/td>\n<td valign=\"TOP\"><img loading=\"lazy\" decoding=\"async\" src=\"https:\/\/aplicacions.gestioeducativa.gencat.cat\/est\/gafadm\/img\/ins_ok.gif\" alt=\"Inscripci\u00f3 oberta\" width=\"16\" height=\"16\" border=\"0\" \/><\/td>\n<td valign=\"TOP\"><span style=\"font-family: arial, helvetica, geneva; font-size: small;\">3030811303<\/span><\/td>\n<td valign=\"TOP\"><span style=\"font-family: arial, helvetica, geneva; font-size: small;\"><b><a href=\"https:\/\/aplicacions.gestioeducativa.gencat.cat\/pls\/soloas\/pk_for_mod_ins.p_for_detall_activitat?p_header=Llista%20d%27activitats^pk_for_mod_ins.p_for_cons_activitats?p_any=2024-2025%26p_totes=S%26p_inici=1%26p_excloure_crp_rec=T&amp;p_codi=3030811303&amp;p_curs=2024-2025&amp;p_excloure_crp_rec=T\">Suport al professorat en l&#8217;acompanyament educatiu a l&#8217;alumnat TEA<\/a><\/b><\/span><\/td>\n<\/tr>\n<tr>\n<td colspan=\"3\"><\/td>\n<td valign=\"TOP\"><span style=\"font-family: arial, helvetica, geneva; font-size: xx-small;\">Taller a centre. I-E Institut-Escola Gav\u00e0 Mar (Gav\u00e0). Del dimarts 24\/9\/2024 al 18\/2\/2025 de 12:15 a 14:15<\/span><\/td>\n<\/tr>\n<tr>\n<td><\/td>\n<td valign=\"TOP\"><img loading=\"lazy\" decoding=\"async\" src=\"https:\/\/aplicacions.gestioeducativa.gencat.cat\/est\/gafadm\/img\/ins_ok.gif\" alt=\"Inscripci\u00f3 oberta\" width=\"16\" height=\"16\" border=\"0\" \/><\/td>\n<td valign=\"TOP\"><span style=\"font-family: arial, helvetica, geneva; font-size: small;\">3040191304<\/span><\/td>\n<td valign=\"TOP\"><span style=\"font-family: arial, helvetica, geneva; font-size: small;\"><b><a href=\"https:\/\/aplicacions.gestioeducativa.gencat.cat\/pls\/soloas\/pk_for_mod_ins.p_for_detall_activitat?p_header=Llista%20d%27activitats^pk_for_mod_ins.p_for_cons_activitats?p_any=2024-2025%26p_totes=S%26p_inici=1%26p_excloure_crp_rec=T&amp;p_codi=3040191304&amp;p_curs=2024-2025&amp;p_excloure_crp_rec=T\">L&#8217;atenci\u00f3 a la diversitat coordinaci\u00f3 del professorat d&#8217;EE<\/a><\/b><\/span><\/td>\n<\/tr>\n<tr>\n<td colspan=\"3\"><\/td>\n<td valign=\"TOP\"><span style=\"font-family: arial, helvetica, geneva; font-size: xx-small;\">Seminari de coordinaci\u00f3. CRP del Baix Llobregat III (Sant Boi de Llobregat). Del dimecres 16\/10\/2024 al 30\/5\/2025 de a<\/span><\/td>\n<\/tr>\n<tr>\n<td><\/td>\n<td valign=\"TOP\"><img loading=\"lazy\" decoding=\"async\" src=\"https:\/\/aplicacions.gestioeducativa.gencat.cat\/est\/gafadm\/img\/ins_ok.gif\" alt=\"Inscripci\u00f3 oberta\" width=\"16\" height=\"16\" border=\"0\" \/><\/td>\n<td valign=\"TOP\"><span style=\"font-family: arial, helvetica, geneva; font-size: small;\">3040201304<\/span><\/td>\n<td valign=\"TOP\"><span style=\"font-family: arial, helvetica, geneva; font-size: small;\"><b><a href=\"https:\/\/aplicacions.gestioeducativa.gencat.cat\/pls\/soloas\/pk_for_mod_ins.p_for_detall_activitat?p_header=Llista%20d%27activitats^pk_for_mod_ins.p_for_cons_activitats?p_any=2024-2025%26p_totes=S%26p_inici=1%26p_excloure_crp_rec=T&amp;p_codi=3040201304&amp;p_curs=2024-2025&amp;p_excloure_crp_rec=T\">Explorant metodologies. SIEI<\/a><\/b><\/span><\/td>\n<\/tr>\n<tr>\n<td colspan=\"3\"><\/td>\n<td valign=\"TOP\"><span style=\"font-family: arial, helvetica, geneva; font-size: xx-small;\">Seminari de coordinaci\u00f3. CRP del Baix Llobregat III (Sant Boi de Llobregat). Del dimecres 16\/10\/2024 al 30\/5\/2025 de 17:00 a 19:00<\/span><\/td>\n<\/tr>\n<tr>\n<td><\/td>\n<td valign=\"TOP\"><img loading=\"lazy\" decoding=\"async\" src=\"https:\/\/aplicacions.gestioeducativa.gencat.cat\/est\/gafadm\/img\/ins_ok.gif\" alt=\"Inscripci\u00f3 oberta\" width=\"16\" height=\"16\" border=\"0\" \/><\/td>\n<td valign=\"TOP\"><span style=\"font-family: arial, helvetica, geneva; font-size: small;\">3040300512<\/span><\/td>\n<td valign=\"TOP\"><span style=\"font-family: arial, helvetica, geneva; font-size: small;\"><b><a href=\"https:\/\/aplicacions.gestioeducativa.gencat.cat\/pls\/soloas\/pk_for_mod_ins.p_for_detall_activitat?p_header=Llista%20d%27activitats^pk_for_mod_ins.p_for_cons_activitats?p_any=2024-2025%26p_totes=S%26p_inici=1%26p_excloure_crp_rec=T&amp;p_codi=3040300512&amp;p_curs=2024-2025&amp;p_excloure_crp_rec=T\">Mesures i suports universals<\/a><\/b><\/span><\/td>\n<\/tr>\n<tr>\n<td colspan=\"3\"><\/td>\n<td valign=\"TOP\"><span style=\"font-family: arial, helvetica, geneva; font-size: xx-small;\">Taller. ESC Rafael Casanova (Sant Boi de Llobregat). Del dijous 19\/9\/2024 al 3\/12\/2024 de 12:30 a 14:00<\/span><\/td>\n<\/tr>\n<tr>\n<td><\/td>\n<td valign=\"TOP\"><img loading=\"lazy\" decoding=\"async\" src=\"https:\/\/aplicacions.gestioeducativa.gencat.cat\/est\/gafadm\/img\/ins_ok.gif\" alt=\"Inscripci\u00f3 oberta\" width=\"16\" height=\"16\" border=\"0\" \/><\/td>\n<td valign=\"TOP\"><span style=\"font-family: arial, helvetica, geneva; font-size: small;\">3040320512<\/span><\/td>\n<td valign=\"TOP\"><span style=\"font-family: arial, helvetica, geneva; font-size: small;\"><b><a href=\"https:\/\/aplicacions.gestioeducativa.gencat.cat\/pls\/soloas\/pk_for_mod_ins.p_for_detall_activitat?p_header=Llista%20d%27activitats^pk_for_mod_ins.p_for_cons_activitats?p_any=2024-2025%26p_totes=S%26p_inici=1%26p_excloure_crp_rec=T&amp;p_codi=3040320512&amp;p_curs=2024-2025&amp;p_excloure_crp_rec=T\">Mesures i suports universals<\/a><\/b><\/span><\/td>\n<\/tr>\n<tr>\n<td colspan=\"3\"><\/td>\n<td valign=\"TOP\"><span style=\"font-family: arial, helvetica, geneva; font-size: xx-small;\">Taller. INS Joaquim Rubi\u00f3 i Ors (Sant Boi de Llobregat). Del dimarts 1\/10\/2024 al 5\/11\/2024 de a<\/span><\/td>\n<\/tr>\n<tr>\n<td><\/td>\n<td valign=\"TOP\"><\/td>\n<td valign=\"TOP\"><span style=\"font-family: arial, helvetica, geneva; font-size: small;\">3040330512<\/span><\/td>\n<td valign=\"TOP\"><span style=\"font-family: arial, helvetica, geneva; font-size: small;\"><b><a href=\"https:\/\/aplicacions.gestioeducativa.gencat.cat\/pls\/soloas\/pk_for_mod_ins.p_for_detall_activitat?p_header=Llista%20d%27activitats^pk_for_mod_ins.p_for_cons_activitats?p_any=2024-2025%26p_totes=S%26p_inici=1%26p_excloure_crp_rec=T&amp;p_codi=3040330512&amp;p_curs=2024-2025&amp;p_excloure_crp_rec=T\">Mesures i suports universals<\/a><\/b><\/span><\/td>\n<\/tr>\n<tr>\n<td colspan=\"3\"><\/td>\n<td valign=\"TOP\"><span style=\"font-family: arial, helvetica, geneva; font-size: xx-small;\">Taller. ESC Marianao (Sant Boi de Llobregat). Del dijous 9\/1\/2025 al 20\/2\/2025 de a<\/span><\/td>\n<\/tr>\n<tr>\n<td><\/td>\n<td valign=\"TOP\"><img loading=\"lazy\" decoding=\"async\" src=\"https:\/\/aplicacions.gestioeducativa.gencat.cat\/est\/gafadm\/img\/ins_ok.gif\" alt=\"Inscripci\u00f3 oberta\" width=\"16\" height=\"16\" border=\"0\" \/><\/td>\n<td valign=\"TOP\"><span style=\"font-family: arial, helvetica, geneva; font-size: small;\">3050110512<\/span><\/td>\n<td valign=\"TOP\"><span style=\"font-family: arial, helvetica, geneva; font-size: small;\"><b><a href=\"https:\/\/aplicacions.gestioeducativa.gencat.cat\/pls\/soloas\/pk_for_mod_ins.p_for_detall_activitat?p_header=Llista%20d%27activitats^pk_for_mod_ins.p_for_cons_activitats?p_any=2024-2025%26p_totes=S%26p_inici=1%26p_excloure_crp_rec=T&amp;p_codi=3050110512&amp;p_curs=2024-2025&amp;p_excloure_crp_rec=T\">Seminari de professionals que fan suport a la inclusi\u00f3 SEEZ<\/a><\/b><\/span><\/td>\n<\/tr>\n<tr>\n<td colspan=\"3\"><\/td>\n<td valign=\"TOP\"><span style=\"font-family: arial, helvetica, geneva; font-size: xx-small;\">Seminari. CRP del Baix Llobregat IV (El Prat de Llobregat). Del dijous 24\/10\/2024 al 8\/5\/2025 de 15:00 a 17:00<\/span><\/td>\n<\/tr>\n<tr>\n<td><\/td>\n<td valign=\"TOP\"><img loading=\"lazy\" decoding=\"async\" src=\"https:\/\/aplicacions.gestioeducativa.gencat.cat\/est\/gafadm\/img\/ins_ok.gif\" alt=\"Inscripci\u00f3 oberta\" width=\"16\" height=\"16\" border=\"0\" \/><\/td>\n<td valign=\"TOP\"><span style=\"font-family: arial, helvetica, geneva; font-size: small;\">3050661305<\/span><\/td>\n<td valign=\"TOP\"><span style=\"font-family: arial, helvetica, geneva; font-size: small;\"><b><a href=\"https:\/\/aplicacions.gestioeducativa.gencat.cat\/pls\/soloas\/pk_for_mod_ins.p_for_detall_activitat?p_header=Llista%20d%27activitats^pk_for_mod_ins.p_for_cons_activitats?p_any=2024-2025%26p_totes=S%26p_inici=1%26p_excloure_crp_rec=T&amp;p_codi=3050661305&amp;p_curs=2024-2025&amp;p_excloure_crp_rec=T\">Komt\u00fc 3. Programa d&#8217;acompanyament per la promoci\u00f3, prevenci\u00f3 i intervenci\u00f3 pel benestar emocional i relacional en la inf\u00e0ncia en escolaritat infantil i prim\u00e0ria<\/a><\/b><\/span><\/td>\n<\/tr>\n<tr>\n<td colspan=\"3\"><\/td>\n<td valign=\"TOP\"><span style=\"font-family: arial, helvetica, geneva; font-size: xx-small;\">Assessorament. ESC Jacint Verdaguer (El Prat de Llobregat). Del dijous 3\/10\/2024 al 30\/6\/2025 de 12:45 a 14:00<\/span><\/td>\n<\/tr>\n<tr>\n<td><\/td>\n<td valign=\"TOP\"><\/td>\n<td valign=\"TOP\"><span style=\"font-family: arial, helvetica, geneva; font-size: small;\">3050841305<\/span><\/td>\n<td valign=\"TOP\"><span style=\"font-family: arial, helvetica, geneva; font-size: small;\"><b><a href=\"https:\/\/aplicacions.gestioeducativa.gencat.cat\/pls\/soloas\/pk_for_mod_ins.p_for_detall_activitat?p_header=Llista%20d%27activitats^pk_for_mod_ins.p_for_cons_activitats?p_any=2024-2025%26p_totes=S%26p_inici=1%26p_excloure_crp_rec=T&amp;p_codi=3050841305&amp;p_curs=2024-2025&amp;p_excloure_crp_rec=T\">Protocol d&#8217;alimentaci\u00f3 en alumnat TEA<\/a><\/b><\/span><\/td>\n<\/tr>\n<tr>\n<td colspan=\"3\"><\/td>\n<td valign=\"TOP\"><span style=\"font-family: arial, helvetica, geneva; font-size: xx-small;\">Taller. CRP del Baix Llobregat IV (El Prat de Llobregat). Del dimarts 17\/9\/2024 al 26\/9\/2025 de 17:00 a 19:00<\/span><\/td>\n<\/tr>\n<tr>\n<td><\/td>\n<td valign=\"TOP\"><img loading=\"lazy\" decoding=\"async\" src=\"https:\/\/aplicacions.gestioeducativa.gencat.cat\/est\/gafadm\/img\/ins_ok.gif\" alt=\"Inscripci\u00f3 oberta\" width=\"16\" height=\"16\" border=\"0\" \/><\/td>\n<td valign=\"TOP\"><span style=\"font-family: arial, helvetica, geneva; font-size: small;\">3050851305<\/span><\/td>\n<td valign=\"TOP\"><span style=\"font-family: arial, helvetica, geneva; font-size: small;\"><b><a href=\"https:\/\/aplicacions.gestioeducativa.gencat.cat\/pls\/soloas\/pk_for_mod_ins.p_for_detall_activitat?p_header=Llista%20d%27activitats^pk_for_mod_ins.p_for_cons_activitats?p_any=2024-2025%26p_totes=S%26p_inici=1%26p_excloure_crp_rec=T&amp;p_codi=3050851305&amp;p_curs=2024-2025&amp;p_excloure_crp_rec=T\">La rob\u00f2tica com a eina d\u2019inclusi\u00f3 des de la mirada dels CEE<\/a><\/b><\/span><\/td>\n<\/tr>\n<tr>\n<td colspan=\"3\"><\/td>\n<td valign=\"TOP\"><span style=\"font-family: arial, helvetica, geneva; font-size: xx-small;\">Taller. CEE Can Rigol (El Prat de Llobregat). Del dimarts 1\/10\/2024 al 3\/10\/2024 de 14:30 a 17:30<\/span><\/td>\n<\/tr>\n<tr>\n<td><\/td>\n<td valign=\"TOP\"><\/td>\n<td valign=\"TOP\"><span style=\"font-family: arial, helvetica, geneva; font-size: small;\">3051740512<\/span><\/td>\n<td valign=\"TOP\"><span style=\"font-family: arial, helvetica, geneva; font-size: small;\"><b><a href=\"https:\/\/aplicacions.gestioeducativa.gencat.cat\/pls\/soloas\/pk_for_mod_ins.p_for_detall_activitat?p_header=Llista%20d%27activitats^pk_for_mod_ins.p_for_cons_activitats?p_any=2024-2025%26p_totes=S%26p_inici=1%26p_excloure_crp_rec=T&amp;p_codi=3051740512&amp;p_curs=2024-2025&amp;p_excloure_crp_rec=T\">Mesures i suports universals<\/a><\/b><\/span><\/td>\n<\/tr>\n<tr>\n<td colspan=\"3\"><\/td>\n<td valign=\"TOP\"><span style=\"font-family: arial, helvetica, geneva; font-size: xx-small;\">Taller. ESC Honorable Josep Tarradellas (El Prat de Llobregat). Del dimarts 14\/1\/2025 al 25\/2\/2025 de 12:30 a 14:00<\/span><\/td>\n<\/tr>\n<tr>\n<td><\/td>\n<td valign=\"TOP\"><img loading=\"lazy\" decoding=\"async\" src=\"https:\/\/aplicacions.gestioeducativa.gencat.cat\/est\/gafadm\/img\/ins_ok.gif\" alt=\"Inscripci\u00f3 oberta\" width=\"16\" height=\"16\" border=\"0\" \/><\/td>\n<td valign=\"TOP\"><span style=\"font-family: arial, helvetica, geneva; font-size: small;\">3051750512<\/span><\/td>\n<td valign=\"TOP\"><span style=\"font-family: arial, helvetica, geneva; font-size: small;\"><b><a href=\"https:\/\/aplicacions.gestioeducativa.gencat.cat\/pls\/soloas\/pk_for_mod_ins.p_for_detall_activitat?p_header=Llista%20d%27activitats^pk_for_mod_ins.p_for_cons_activitats?p_any=2024-2025%26p_totes=S%26p_inici=1%26p_excloure_crp_rec=T&amp;p_codi=3051750512&amp;p_curs=2024-2025&amp;p_excloure_crp_rec=T\">C\u00e0psula de sensibilitzaci\u00f3 d&#8217;educaci\u00f3 inclusiva<\/a><\/b><\/span><\/td>\n<\/tr>\n<tr>\n<td colspan=\"3\"><\/td>\n<td valign=\"TOP\"><span style=\"font-family: arial, helvetica, geneva; font-size: xx-small;\">Confer\u00e8ncia. ESC Honorable Josep Tarradellas (El Prat de Llobregat). Del dimarts 19\/11\/2024 al 19\/11\/2024 de 12:30 a 14:00<\/span><\/td>\n<\/tr>\n<tr>\n<td><\/td>\n<td valign=\"TOP\"><img loading=\"lazy\" decoding=\"async\" src=\"https:\/\/aplicacions.gestioeducativa.gencat.cat\/est\/gafadm\/img\/ins_ok.gif\" alt=\"Inscripci\u00f3 oberta\" width=\"16\" height=\"16\" border=\"0\" \/><\/td>\n<td valign=\"TOP\"><span style=\"font-family: arial, helvetica, geneva; font-size: small;\">3051780512<\/span><\/td>\n<td valign=\"TOP\"><span style=\"font-family: arial, helvetica, geneva; font-size: small;\"><b><a href=\"https:\/\/aplicacions.gestioeducativa.gencat.cat\/pls\/soloas\/pk_for_mod_ins.p_for_detall_activitat?p_header=Llista%20d%27activitats^pk_for_mod_ins.p_for_cons_activitats?p_any=2024-2025%26p_totes=S%26p_inici=1%26p_excloure_crp_rec=T&amp;p_codi=3051780512&amp;p_curs=2024-2025&amp;p_excloure_crp_rec=T\">C\u00e0psula de sensibilitzaci\u00f3 d&#8217;educaci\u00f3 inclusiva<\/a><\/b><\/span><\/td>\n<\/tr>\n<tr>\n<td colspan=\"3\"><\/td>\n<td valign=\"TOP\"><span style=\"font-family: arial, helvetica, geneva; font-size: xx-small;\">Confer\u00e8ncia. CRP del Baix Llobregat IV (El Prat de Llobregat). Del dilluns 14\/10\/2024 al 14\/10\/2024 de 9:30 a 11:00<\/span><\/td>\n<\/tr>\n<tr>\n<td><\/td>\n<td valign=\"TOP\"><img loading=\"lazy\" decoding=\"async\" src=\"https:\/\/aplicacions.gestioeducativa.gencat.cat\/est\/gafadm\/img\/ins_ok.gif\" alt=\"Inscripci\u00f3 oberta\" width=\"16\" height=\"16\" border=\"0\" \/><\/td>\n<td valign=\"TOP\"><span style=\"font-family: arial, helvetica, geneva; font-size: small;\">3051790512<\/span><\/td>\n<td valign=\"TOP\"><span style=\"font-family: arial, helvetica, geneva; font-size: small;\"><b><a href=\"https:\/\/aplicacions.gestioeducativa.gencat.cat\/pls\/soloas\/pk_for_mod_ins.p_for_detall_activitat?p_header=Llista%20d%27activitats^pk_for_mod_ins.p_for_cons_activitats?p_any=2024-2025%26p_totes=S%26p_inici=1%26p_excloure_crp_rec=T&amp;p_codi=3051790512&amp;p_curs=2024-2025&amp;p_excloure_crp_rec=T\">C\u00e0psula de sensibilitzaci\u00f3 d&#8217;educaci\u00f3 inclusiva<\/a><\/b><\/span><\/td>\n<\/tr>\n<tr>\n<td colspan=\"3\"><\/td>\n<td valign=\"TOP\"><span style=\"font-family: arial, helvetica, geneva; font-size: xx-small;\">Confer\u00e8ncia. CRP del Baix Llobregat IV (El Prat de Llobregat). Del dilluns 14\/10\/2024 al 14\/10\/2024 de 12:30 a 14:00<\/span><\/td>\n<\/tr>\n<tr>\n<td><\/td>\n<td valign=\"TOP\"><img loading=\"lazy\" decoding=\"async\" src=\"https:\/\/aplicacions.gestioeducativa.gencat.cat\/est\/gafadm\/img\/ins_ok.gif\" alt=\"Inscripci\u00f3 oberta\" width=\"16\" height=\"16\" border=\"0\" \/><\/td>\n<td valign=\"TOP\"><span style=\"font-family: arial, helvetica, geneva; font-size: small;\">3051801305<\/span><\/td>\n<td valign=\"TOP\"><span style=\"font-family: arial, helvetica, geneva; font-size: small;\"><b><a href=\"https:\/\/aplicacions.gestioeducativa.gencat.cat\/pls\/soloas\/pk_for_mod_ins.p_for_detall_activitat?p_header=Llista%20d%27activitats^pk_for_mod_ins.p_for_cons_activitats?p_any=2024-2025%26p_totes=S%26p_inici=1%26p_excloure_crp_rec=T&amp;p_codi=3051801305&amp;p_curs=2024-2025&amp;p_excloure_crp_rec=T\">La intervenci\u00f3 en l&#8217;\u00e0mbit comunicatiu al CEE Can Rigol<\/a><\/b><\/span><\/td>\n<\/tr>\n<tr>\n<td colspan=\"3\"><\/td>\n<td valign=\"TOP\"><span style=\"font-family: arial, helvetica, geneva; font-size: xx-small;\">Taller. CEE Can Rigol (El Prat de Llobregat). Del dimarts 15\/10\/2024 al 12\/11\/2024 de 16:30 a 18:30<\/span><\/td>\n<\/tr>\n<tr>\n<td><\/td>\n<td valign=\"TOP\"><img loading=\"lazy\" decoding=\"async\" src=\"https:\/\/aplicacions.gestioeducativa.gencat.cat\/est\/gafadm\/img\/ins_ok.gif\" alt=\"Inscripci\u00f3 oberta\" width=\"16\" height=\"16\" border=\"0\" \/><\/td>\n<td valign=\"TOP\"><span style=\"font-family: arial, helvetica, geneva; font-size: small;\">3051811305<\/span><\/td>\n<td valign=\"TOP\"><span style=\"font-family: arial, helvetica, geneva; font-size: small;\"><b><a href=\"https:\/\/aplicacions.gestioeducativa.gencat.cat\/pls\/soloas\/pk_for_mod_ins.p_for_detall_activitat?p_header=Llista%20d%27activitats^pk_for_mod_ins.p_for_cons_activitats?p_any=2024-2025%26p_totes=S%26p_inici=1%26p_excloure_crp_rec=T&amp;p_codi=3051811305&amp;p_curs=2024-2025&amp;p_excloure_crp_rec=T\">Metodologia TEACCH<\/a><\/b><\/span><\/td>\n<\/tr>\n<tr>\n<td colspan=\"3\"><\/td>\n<td valign=\"TOP\"><span style=\"font-family: arial, helvetica, geneva; font-size: xx-small;\">Taller. CEE Can Rigol (El Prat de Llobregat). Del dimarts 15\/10\/2024 al 12\/11\/2024 de 16:30 a 18:30<\/span><\/td>\n<\/tr>\n<tr>\n<td><\/td>\n<td valign=\"TOP\"><img loading=\"lazy\" decoding=\"async\" src=\"https:\/\/aplicacions.gestioeducativa.gencat.cat\/est\/gafadm\/img\/ins_ok.gif\" alt=\"Inscripci\u00f3 oberta\" width=\"16\" height=\"16\" border=\"0\" \/><\/td>\n<td valign=\"TOP\"><span style=\"font-family: arial, helvetica, geneva; font-size: small;\">3060190512<\/span><\/td>\n<td valign=\"TOP\"><span style=\"font-family: arial, helvetica, geneva; font-size: small;\"><b><a href=\"https:\/\/aplicacions.gestioeducativa.gencat.cat\/pls\/soloas\/pk_for_mod_ins.p_for_detall_activitat?p_header=Llista%20d%27activitats^pk_for_mod_ins.p_for_cons_activitats?p_any=2024-2025%26p_totes=S%26p_inici=1%26p_excloure_crp_rec=T&amp;p_codi=3060190512&amp;p_curs=2024-2025&amp;p_excloure_crp_rec=T\">Seminari de professionals que fan suport a la inclusi\u00f3 SEEZ<\/a><\/b><\/span><\/td>\n<\/tr>\n<tr>\n<td colspan=\"3\"><\/td>\n<td valign=\"TOP\"><span style=\"font-family: arial, helvetica, geneva; font-size: xx-small;\">Seminari. CRP del Baix Llobregat V (Cornell\u00e0 de Llobregat). Del dilluns 30\/9\/2024 al 7\/5\/2025 de 17:15 a 19:15<\/span><\/td>\n<\/tr>\n<tr>\n<td><\/td>\n<td valign=\"TOP\"><\/td>\n<td valign=\"TOP\"><span style=\"font-family: arial, helvetica, geneva; font-size: small;\">3060631306<\/span><\/td>\n<td valign=\"TOP\"><span style=\"font-family: arial, helvetica, geneva; font-size: small;\"><b><a href=\"https:\/\/aplicacions.gestioeducativa.gencat.cat\/pls\/soloas\/pk_for_mod_ins.p_for_detall_activitat?p_header=Llista%20d%27activitats^pk_for_mod_ins.p_for_cons_activitats?p_any=2024-2025%26p_totes=S%26p_inici=1%26p_excloure_crp_rec=T&amp;p_codi=3060631306&amp;p_curs=2024-2025&amp;p_excloure_crp_rec=T\">Atenci\u00f3 a la diversitat al 0-6<\/a><\/b><\/span><\/td>\n<\/tr>\n<tr>\n<td colspan=\"3\"><\/td>\n<td valign=\"TOP\"><span style=\"font-family: arial, helvetica, geneva; font-size: xx-small;\">Taller. CRP del Baix Llobregat V (Cornell\u00e0 de Llobregat). Del dimarts 28\/1\/2025 al 25\/2\/2025 de 17:15 a 19:15<\/span><\/td>\n<\/tr>\n<tr>\n<td><\/td>\n<td valign=\"TOP\"><img loading=\"lazy\" decoding=\"async\" src=\"https:\/\/aplicacions.gestioeducativa.gencat.cat\/est\/gafadm\/img\/ins_ok.gif\" alt=\"Inscripci\u00f3 oberta\" width=\"16\" height=\"16\" border=\"0\" \/><\/td>\n<td valign=\"TOP\"><span style=\"font-family: arial, helvetica, geneva; font-size: small;\">3060971306<\/span><\/td>\n<td valign=\"TOP\"><span style=\"font-family: arial, helvetica, geneva; font-size: small;\"><b><a href=\"https:\/\/aplicacions.gestioeducativa.gencat.cat\/pls\/soloas\/pk_for_mod_ins.p_for_detall_activitat?p_header=Llista%20d%27activitats^pk_for_mod_ins.p_for_cons_activitats?p_any=2024-2025%26p_totes=S%26p_inici=1%26p_excloure_crp_rec=T&amp;p_codi=3060971306&amp;p_curs=2024-2025&amp;p_excloure_crp_rec=T\">L&#8217;educaci\u00f3 inclusiva a l&#8217;Institut Neus Catal\u00e0<\/a><\/b><\/span><\/td>\n<\/tr>\n<tr>\n<td colspan=\"3\"><\/td>\n<td valign=\"TOP\"><span style=\"font-family: arial, helvetica, geneva; font-size: xx-small;\">Taller a centre. INS Neus Catal\u00e0 (Cornell\u00e0 de Llobregat). Del dimarts 1\/10\/2024 al 31\/5\/2025 de 16:00 a 18:00<\/span><\/td>\n<\/tr>\n<tr>\n<td><\/td>\n<td valign=\"TOP\"><img loading=\"lazy\" decoding=\"async\" src=\"https:\/\/aplicacions.gestioeducativa.gencat.cat\/est\/gafadm\/img\/ins_ok.gif\" alt=\"Inscripci\u00f3 oberta\" width=\"16\" height=\"16\" border=\"0\" \/><\/td>\n<td valign=\"TOP\"><span style=\"font-family: arial, helvetica, geneva; font-size: small;\">3061001306<\/span><\/td>\n<td valign=\"TOP\"><span style=\"font-family: arial, helvetica, geneva; font-size: small;\"><b><a href=\"https:\/\/aplicacions.gestioeducativa.gencat.cat\/pls\/soloas\/pk_for_mod_ins.p_for_detall_activitat?p_header=Llista%20d%27activitats^pk_for_mod_ins.p_for_cons_activitats?p_any=2024-2025%26p_totes=S%26p_inici=1%26p_excloure_crp_rec=T&amp;p_codi=3061001306&amp;p_curs=2024-2025&amp;p_excloure_crp_rec=T\">Tractament de la diversitat a l&#8217;aula<\/a><\/b><\/span><\/td>\n<\/tr>\n<tr>\n<td colspan=\"3\"><\/td>\n<td valign=\"TOP\"><span style=\"font-family: arial, helvetica, geneva; font-size: xx-small;\">Taller a centre. INS Miquel Mart\u00ed i Pol (Cornell\u00e0 de Llobregat). Del dimarts 22\/10\/2024 al 19\/11\/2024 de a<\/span><\/td>\n<\/tr>\n<tr>\n<td><\/td>\n<td valign=\"TOP\"><img loading=\"lazy\" decoding=\"async\" src=\"https:\/\/aplicacions.gestioeducativa.gencat.cat\/est\/gafadm\/img\/ins_ok.gif\" alt=\"Inscripci\u00f3 oberta\" width=\"16\" height=\"16\" border=\"0\" \/><\/td>\n<td valign=\"TOP\"><span style=\"font-family: arial, helvetica, geneva; font-size: small;\">3061071306<\/span><\/td>\n<td valign=\"TOP\"><span style=\"font-family: arial, helvetica, geneva; font-size: small;\"><b><a href=\"https:\/\/aplicacions.gestioeducativa.gencat.cat\/pls\/soloas\/pk_for_mod_ins.p_for_detall_activitat?p_header=Llista%20d%27activitats^pk_for_mod_ins.p_for_cons_activitats?p_any=2024-2025%26p_totes=S%26p_inici=1%26p_excloure_crp_rec=T&amp;p_codi=3061071306&amp;p_curs=2024-2025&amp;p_excloure_crp_rec=T\">Gesti\u00f3 restaurativa de les relacions i els conflictes a l&#8217;escola Dolors Almeda<\/a><\/b><\/span><\/td>\n<\/tr>\n<tr>\n<td colspan=\"3\"><\/td>\n<td valign=\"TOP\"><span style=\"font-family: arial, helvetica, geneva; font-size: xx-small;\">Taller a centre. ESC Dolors Almeda (Cornell\u00e0 de Llobregat). Del dissabte 5\/10\/2024 al 17\/10\/2024 de 11:00 a<\/span><\/td>\n<\/tr>\n<tr>\n<td><\/td>\n<td valign=\"TOP\"><img loading=\"lazy\" decoding=\"async\" src=\"https:\/\/aplicacions.gestioeducativa.gencat.cat\/est\/gafadm\/img\/ins_ok.gif\" alt=\"Inscripci\u00f3 oberta\" width=\"16\" height=\"16\" border=\"0\" \/><\/td>\n<td valign=\"TOP\"><span style=\"font-family: arial, helvetica, geneva; font-size: small;\">3070101307<\/span><\/td>\n<td valign=\"TOP\"><span style=\"font-family: arial, helvetica, geneva; font-size: small;\"><b><a href=\"https:\/\/aplicacions.gestioeducativa.gencat.cat\/pls\/soloas\/pk_for_mod_ins.p_for_detall_activitat?p_header=Llista%20d%27activitats^pk_for_mod_ins.p_for_cons_activitats?p_any=2024-2025%26p_totes=S%26p_inici=1%26p_excloure_crp_rec=T&amp;p_codi=3070101307&amp;p_curs=2024-2025&amp;p_excloure_crp_rec=T\">Xarxa d&#8217;especialistes en educaci\u00f3 inclusiva i SIEI<\/a><\/b><\/span><\/td>\n<\/tr>\n<tr>\n<td colspan=\"3\"><\/td>\n<td valign=\"TOP\"><span style=\"font-family: arial, helvetica, geneva; font-size: xx-small;\">Seminari de coordinaci\u00f3. CRP del Baix Llobregat VI (Sant Vicen\u00e7 dels Horts). Del divendres 20\/9\/2024 al 30\/5\/2025 de 16:30 a 18:30<\/span><\/td>\n<\/tr>\n<tr>\n<td><\/td>\n<td valign=\"TOP\"><img loading=\"lazy\" decoding=\"async\" src=\"https:\/\/aplicacions.gestioeducativa.gencat.cat\/est\/gafadm\/img\/ins_ok.gif\" alt=\"Inscripci\u00f3 oberta\" width=\"16\" height=\"16\" border=\"0\" \/><\/td>\n<td valign=\"TOP\"><span style=\"font-family: arial, helvetica, geneva; font-size: small;\">3080661308<\/span><\/td>\n<td valign=\"TOP\"><span style=\"font-family: arial, helvetica, geneva; font-size: small;\"><b><a href=\"https:\/\/aplicacions.gestioeducativa.gencat.cat\/pls\/soloas\/pk_for_mod_ins.p_for_detall_activitat?p_header=Llista%20d%27activitats^pk_for_mod_ins.p_for_cons_activitats?p_any=2024-2025%26p_totes=S%26p_inici=1%26p_excloure_crp_rec=T&amp;p_codi=3080661308&amp;p_curs=2024-2025&amp;p_excloure_crp_rec=T\">L&#8217;alimentaci\u00f3 dins l&#8217;horari lectiu<\/a><\/b><\/span><\/td>\n<\/tr>\n<tr>\n<td colspan=\"3\"><\/td>\n<td valign=\"TOP\"><span style=\"font-family: arial, helvetica, geneva; font-size: xx-small;\">Taller a centre. CEE El Pontarr\u00f3 (Martorell). Del dimarts 15\/10\/2024 al 12\/12\/2025 de 16:30 a 18:30<\/span><\/td>\n<\/tr>\n<tr>\n<td><\/td>\n<td valign=\"TOP\"><img loading=\"lazy\" decoding=\"async\" src=\"https:\/\/aplicacions.gestioeducativa.gencat.cat\/est\/gafadm\/img\/ins_ok.gif\" alt=\"Inscripci\u00f3 oberta\" width=\"16\" height=\"16\" border=\"0\" \/><\/td>\n<td valign=\"TOP\"><span style=\"font-family: arial, helvetica, geneva; font-size: small;\">3080671308<\/span><\/td>\n<td valign=\"TOP\"><span style=\"font-family: arial, helvetica, geneva; font-size: small;\"><b><a href=\"https:\/\/aplicacions.gestioeducativa.gencat.cat\/pls\/soloas\/pk_for_mod_ins.p_for_detall_activitat?p_header=Llista%20d%27activitats^pk_for_mod_ins.p_for_cons_activitats?p_any=2024-2025%26p_totes=S%26p_inici=1%26p_excloure_crp_rec=T&amp;p_codi=3080671308&amp;p_curs=2024-2025&amp;p_excloure_crp_rec=T\">El curr\u00edculum de l\u2019educaci\u00f3 b\u00e0sica als CEE<\/a><\/b><\/span><\/td>\n<\/tr>\n<tr>\n<td colspan=\"3\"><\/td>\n<td valign=\"TOP\"><span style=\"font-family: arial, helvetica, geneva; font-size: xx-small;\">Assessorament. CEE El Pontarr\u00f3 (Martorell). Del dimarts 14\/1\/2025 al 11\/3\/2025 de 16:30 a 19:00<\/span><\/td>\n<\/tr>\n<tr>\n<td><\/td>\n<td valign=\"TOP\"><img loading=\"lazy\" decoding=\"async\" src=\"https:\/\/aplicacions.gestioeducativa.gencat.cat\/est\/gafadm\/img\/ins_ok.gif\" alt=\"Inscripci\u00f3 oberta\" width=\"16\" height=\"16\" border=\"0\" \/><\/td>\n<td valign=\"TOP\"><span style=\"font-family: arial, helvetica, geneva; font-size: small;\">3080870512<\/span><\/td>\n<td valign=\"TOP\"><span style=\"font-family: arial, helvetica, geneva; font-size: small;\"><b><a href=\"https:\/\/aplicacions.gestioeducativa.gencat.cat\/pls\/soloas\/pk_for_mod_ins.p_for_detall_activitat?p_header=Llista%20d%27activitats^pk_for_mod_ins.p_for_cons_activitats?p_any=2024-2025%26p_totes=S%26p_inici=1%26p_excloure_crp_rec=T&amp;p_codi=3080870512&amp;p_curs=2024-2025&amp;p_excloure_crp_rec=T\">Mesures i suports universals<\/a><\/b><\/span><\/td>\n<\/tr>\n<tr>\n<td colspan=\"3\"><\/td>\n<td valign=\"TOP\"><span style=\"font-family: arial, helvetica, geneva; font-size: xx-small;\">Taller. ESC Jos\u00e9 Juan Ortiz (Sant Andreu de la Barca). Del dimecres 2\/10\/2024 al 4\/12\/2024 de 12:30 a 14:00<\/span><\/td>\n<\/tr>\n<tr>\n<td><\/td>\n<td valign=\"TOP\"><img loading=\"lazy\" decoding=\"async\" src=\"https:\/\/aplicacions.gestioeducativa.gencat.cat\/est\/gafadm\/img\/ins_ok.gif\" alt=\"Inscripci\u00f3 oberta\" width=\"16\" height=\"16\" border=\"0\" \/><\/td>\n<td valign=\"TOP\"><span style=\"font-family: arial, helvetica, geneva; font-size: small;\">3110031311<\/span><\/td>\n<td valign=\"TOP\"><span style=\"font-family: arial, helvetica, geneva; font-size: small;\"><b><a href=\"https:\/\/aplicacions.gestioeducativa.gencat.cat\/pls\/soloas\/pk_for_mod_ins.p_for_detall_activitat?p_header=Llista%20d%27activitats^pk_for_mod_ins.p_for_cons_activitats?p_any=2024-2025%26p_totes=S%26p_inici=1%26p_excloure_crp_rec=T&amp;p_codi=3110031311&amp;p_curs=2024-2025&amp;p_excloure_crp_rec=T\">Grup d&#8217;educaci\u00f3 inclusiva<\/a><\/b><\/span><\/td>\n<\/tr>\n<tr>\n<td colspan=\"3\"><\/td>\n<td valign=\"TOP\"><span style=\"font-family: arial, helvetica, geneva; font-size: xx-small;\">Seminari de coordinaci\u00f3. CRP de Castelldefels (Castelldefels). Del dilluns 21\/10\/2024 al 19\/5\/2025 de 11:00 a<\/span><\/td>\n<\/tr>\n<tr>\n<td><\/td>\n<td valign=\"TOP\"><img loading=\"lazy\" decoding=\"async\" src=\"https:\/\/aplicacions.gestioeducativa.gencat.cat\/est\/gafadm\/img\/ins_ok.gif\" alt=\"Inscripci\u00f3 oberta\" width=\"16\" height=\"16\" border=\"0\" \/><\/td>\n<td valign=\"TOP\"><span style=\"font-family: arial, helvetica, geneva; font-size: small;\">3110140512<\/span><\/td>\n<td valign=\"TOP\"><span style=\"font-family: arial, helvetica, geneva; font-size: small;\"><b><a href=\"https:\/\/aplicacions.gestioeducativa.gencat.cat\/pls\/soloas\/pk_for_mod_ins.p_for_detall_activitat?p_header=Llista%20d%27activitats^pk_for_mod_ins.p_for_cons_activitats?p_any=2024-2025%26p_totes=S%26p_inici=1%26p_excloure_crp_rec=T&amp;p_codi=3110140512&amp;p_curs=2024-2025&amp;p_excloure_crp_rec=T\">Mesures i suports universals<\/a><\/b><\/span><\/td>\n<\/tr>\n<tr>\n<td colspan=\"3\"><\/td>\n<td valign=\"TOP\"><span style=\"font-family: arial, helvetica, geneva; font-size: xx-small;\">Taller. ESC Els Pins (Castelldefels). Del dijous 3\/10\/2024 al 26\/11\/2024 de a<\/span><\/td>\n<\/tr>\n<tr>\n<td><\/td>\n<td valign=\"TOP\"><\/td>\n<td valign=\"TOP\"><span style=\"font-family: arial, helvetica, geneva; font-size: small;\">3110150512<\/span><\/td>\n<td valign=\"TOP\"><span style=\"font-family: arial, helvetica, geneva; font-size: small;\"><b><a href=\"https:\/\/aplicacions.gestioeducativa.gencat.cat\/pls\/soloas\/pk_for_mod_ins.p_for_detall_activitat?p_header=Llista%20d%27activitats^pk_for_mod_ins.p_for_cons_activitats?p_any=2024-2025%26p_totes=S%26p_inici=1%26p_excloure_crp_rec=T&amp;p_codi=3110150512&amp;p_curs=2024-2025&amp;p_excloure_crp_rec=T\">Mesures i suports universals<\/a><\/b><\/span><\/td>\n<\/tr>\n<tr>\n<td colspan=\"3\"><\/td>\n<td valign=\"TOP\"><span style=\"font-family: arial, helvetica, geneva; font-size: xx-small;\">Taller. INS Les Marines (Castelldefels). Del dijous 12\/9\/2024 al 7\/11\/2024 de a<\/span><\/td>\n<\/tr>\n<tr>\n<td><\/td>\n<td valign=\"TOP\"><\/td>\n<td valign=\"TOP\"><span style=\"font-family: arial, helvetica, geneva; font-size: small;\">3110160512<\/span><\/td>\n<td valign=\"TOP\"><span style=\"font-family: arial, helvetica, geneva; font-size: small;\"><b><a href=\"https:\/\/aplicacions.gestioeducativa.gencat.cat\/pls\/soloas\/pk_for_mod_ins.p_for_detall_activitat?p_header=Llista%20d%27activitats^pk_for_mod_ins.p_for_cons_activitats?p_any=2024-2025%26p_totes=S%26p_inici=1%26p_excloure_crp_rec=T&amp;p_codi=3110160512&amp;p_curs=2024-2025&amp;p_excloure_crp_rec=T\">C\u00e0psula de sensibilitzaci\u00f3 d&#8217;educaci\u00f3 inclusiva<\/a><\/b><\/span><\/td>\n<\/tr>\n<tr>\n<td colspan=\"3\"><\/td>\n<td valign=\"TOP\"><span style=\"font-family: arial, helvetica, geneva; font-size: xx-small;\">Confer\u00e8ncia. ESC Jacint Verdaguer (Castelldefels). Del dimarts 10\/9\/2024 al 10\/9\/2024 de 9:00 a 11:00<\/span><\/td>\n<\/tr>\n<tr>\n<td><\/td>\n<td valign=\"TOP\"><\/td>\n<td valign=\"TOP\"><span style=\"font-family: arial, helvetica, geneva; font-size: small;\">3110170512<\/span><\/td>\n<td valign=\"TOP\"><span style=\"font-family: arial, helvetica, geneva; font-size: small;\"><b><a href=\"https:\/\/aplicacions.gestioeducativa.gencat.cat\/pls\/soloas\/pk_for_mod_ins.p_for_detall_activitat?p_header=Llista%20d%27activitats^pk_for_mod_ins.p_for_cons_activitats?p_any=2024-2025%26p_totes=S%26p_inici=1%26p_excloure_crp_rec=T&amp;p_codi=3110170512&amp;p_curs=2024-2025&amp;p_excloure_crp_rec=T\">C\u00e0psula de sensibilitzaci\u00f3 d&#8217;educaci\u00f3 inclusiva<\/a><\/b><\/span><\/td>\n<\/tr>\n<tr>\n<td colspan=\"3\"><\/td>\n<td valign=\"TOP\"><span style=\"font-family: arial, helvetica, geneva; font-size: xx-small;\">Confer\u00e8ncia. INS Les Marines (Castelldefels). Del dissabte 7\/9\/2024 al 7\/9\/2024 de 9:00 a 11:00<\/span><\/td>\n<\/tr>\n<tr>\n<td><\/td>\n<td valign=\"TOP\"><\/td>\n<td valign=\"TOP\"><span style=\"font-family: arial, helvetica, geneva; font-size: small;\">3110180512<\/span><\/td>\n<td valign=\"TOP\"><span style=\"font-family: arial, helvetica, geneva; font-size: small;\"><b><a href=\"https:\/\/aplicacions.gestioeducativa.gencat.cat\/pls\/soloas\/pk_for_mod_ins.p_for_detall_activitat?p_header=Llista%20d%27activitats^pk_for_mod_ins.p_for_cons_activitats?p_any=2024-2025%26p_totes=S%26p_inici=1%26p_excloure_crp_rec=T&amp;p_codi=3110180512&amp;p_curs=2024-2025&amp;p_excloure_crp_rec=T\">C\u00e0psula de sensibilitzaci\u00f3 d&#8217;educaci\u00f3 inclusiva<\/a><\/b><\/span><\/td>\n<\/tr>\n<tr>\n<td colspan=\"3\"><\/td>\n<td valign=\"TOP\"><span style=\"font-family: arial, helvetica, geneva; font-size: xx-small;\">Confer\u00e8ncia. ESC Garigot (Castelldefels). Del dilluns 16\/9\/2024 al 16\/9\/2024 de 12:30 a 14:00<\/span><\/td>\n<\/tr>\n<tr>\n<td><\/td>\n<td valign=\"TOP\"><img loading=\"lazy\" decoding=\"async\" src=\"https:\/\/aplicacions.gestioeducativa.gencat.cat\/est\/gafadm\/img\/ins_ok.gif\" alt=\"Inscripci\u00f3 oberta\" width=\"16\" height=\"16\" border=\"0\" \/><\/td>\n<td valign=\"TOP\"><span style=\"font-family: arial, helvetica, geneva; font-size: small;\">3110450512<\/span><\/td>\n<td valign=\"TOP\"><span style=\"font-family: arial, helvetica, geneva; font-size: small;\"><b><a href=\"https:\/\/aplicacions.gestioeducativa.gencat.cat\/pls\/soloas\/pk_for_mod_ins.p_for_detall_activitat?p_header=Llista%20d%27activitats^pk_for_mod_ins.p_for_cons_activitats?p_any=2024-2025%26p_totes=S%26p_inici=1%26p_excloure_crp_rec=T&amp;p_codi=3110450512&amp;p_curs=2024-2025&amp;p_excloure_crp_rec=T\">Mesures i suports universals<\/a><\/b><\/span><\/td>\n<\/tr>\n<tr>\n<td colspan=\"3\"><\/td>\n<td valign=\"TOP\"><span style=\"font-family: arial, helvetica, geneva; font-size: xx-small;\">Taller. ESC Garigot (Castelldefels). Del dijous 26\/9\/2024 al 12\/12\/2024 de 12:30 a 14:00<\/span><\/td>\n<\/tr>\n<tr>\n<td><\/td>\n<td valign=\"TOP\"><img loading=\"lazy\" decoding=\"async\" src=\"https:\/\/aplicacions.gestioeducativa.gencat.cat\/est\/gafadm\/img\/ins_ok.gif\" alt=\"Inscripci\u00f3 oberta\" width=\"16\" height=\"16\" border=\"0\" \/><\/td>\n<td valign=\"TOP\"><span style=\"font-family: arial, helvetica, geneva; font-size: small;\">3110460512<\/span><\/td>\n<td valign=\"TOP\"><span style=\"font-family: arial, helvetica, geneva; font-size: small;\"><b><a href=\"https:\/\/aplicacions.gestioeducativa.gencat.cat\/pls\/soloas\/pk_for_mod_ins.p_for_detall_activitat?p_header=Llista%20d%27activitats^pk_for_mod_ins.p_for_cons_activitats?p_any=2024-2025%26p_totes=S%26p_inici=1%26p_excloure_crp_rec=T&amp;p_codi=3110460512&amp;p_curs=2024-2025&amp;p_excloure_crp_rec=T\">C\u00e0psula de sensibilitzaci\u00f3 d&#8217;educaci\u00f3 inclusiva<\/a><\/b><\/span><\/td>\n<\/tr>\n<tr>\n<td colspan=\"3\"><\/td>\n<td valign=\"TOP\"><span style=\"font-family: arial, helvetica, geneva; font-size: xx-small;\">Confer\u00e8ncia. ESC Edumar (Castelldefels). Del dilluns 23\/9\/2024 al 23\/9\/2024 de 16:30 a 18:30<\/span><\/td>\n<\/tr>\n<tr>\n<td><\/td>\n<td valign=\"TOP\"><img loading=\"lazy\" decoding=\"async\" src=\"https:\/\/aplicacions.gestioeducativa.gencat.cat\/est\/gafadm\/img\/ins_ok.gif\" alt=\"Inscripci\u00f3 oberta\" width=\"16\" height=\"16\" border=\"0\" \/><\/td>\n<td valign=\"TOP\"><span style=\"font-family: arial, helvetica, geneva; font-size: small;\">4005060512<\/span><\/td>\n<td valign=\"TOP\"><span style=\"font-family: arial, helvetica, geneva; font-size: small;\"><b><a href=\"https:\/\/aplicacions.gestioeducativa.gencat.cat\/pls\/soloas\/pk_for_mod_ins.p_for_detall_activitat?p_header=Llista%20d%27activitats^pk_for_mod_ins.p_for_cons_activitats?p_any=2024-2025%26p_totes=S%26p_inici=1%26p_excloure_crp_rec=T&amp;p_codi=4005060512&amp;p_curs=2024-2025&amp;p_excloure_crp_rec=T\">Atenci\u00f3 a l\u2019alumnat amb Dificultat de Regulaci\u00f3 de la Conducta (DRC) Prim\u00e0ria<\/a><\/b><\/span><\/td>\n<\/tr>\n<tr>\n<td colspan=\"3\"><\/td>\n<td valign=\"TOP\"><span style=\"font-family: arial, helvetica, geneva; font-size: xx-small;\">Curs. CRP del Vall\u00e8s Occidental VII (Badia del Vall\u00e8s). Del dijous 14\/11\/2024 al 13\/3\/2025 de 17:15 a 19:15<\/span><\/td>\n<\/tr>\n<tr>\n<td><\/td>\n<td valign=\"TOP\"><img loading=\"lazy\" decoding=\"async\" src=\"https:\/\/aplicacions.gestioeducativa.gencat.cat\/est\/gafadm\/img\/ins_ok.gif\" alt=\"Inscripci\u00f3 oberta\" width=\"16\" height=\"16\" border=\"0\" \/><\/td>\n<td valign=\"TOP\"><span style=\"font-family: arial, helvetica, geneva; font-size: small;\">4005070512<\/span><\/td>\n<td valign=\"TOP\"><span style=\"font-family: arial, helvetica, geneva; font-size: small;\"><b><a href=\"https:\/\/aplicacions.gestioeducativa.gencat.cat\/pls\/soloas\/pk_for_mod_ins.p_for_detall_activitat?p_header=Llista%20d%27activitats^pk_for_mod_ins.p_for_cons_activitats?p_any=2024-2025%26p_totes=S%26p_inici=1%26p_excloure_crp_rec=T&amp;p_codi=4005070512&amp;p_curs=2024-2025&amp;p_excloure_crp_rec=T\">Atenci\u00f3 a l\u2019alumnat amb Dificultat de Regulaci\u00f3 de la Conducta (DRC) Secund\u00e0ria<\/a><\/b><\/span><\/td>\n<\/tr>\n<tr>\n<td colspan=\"3\"><\/td>\n<td valign=\"TOP\"><span style=\"font-family: arial, helvetica, geneva; font-size: xx-small;\">Curs. CRP del Vall\u00e8s Occidental VII (Badia del Vall\u00e8s). Del dijous 14\/11\/2024 al 13\/3\/2025 de 17:15 a 19:15<\/span><\/td>\n<\/tr>\n<tr>\n<td><\/td>\n<td valign=\"TOP\"><img loading=\"lazy\" decoding=\"async\" src=\"https:\/\/aplicacions.gestioeducativa.gencat.cat\/est\/gafadm\/img\/ins_ok.gif\" alt=\"Inscripci\u00f3 oberta\" width=\"16\" height=\"16\" border=\"0\" \/><\/td>\n<td valign=\"TOP\"><span style=\"font-family: arial, helvetica, geneva; font-size: small;\">4005200512<\/span><\/td>\n<td valign=\"TOP\"><span style=\"font-family: arial, helvetica, geneva; font-size: small;\"><b><a href=\"https:\/\/aplicacions.gestioeducativa.gencat.cat\/pls\/soloas\/pk_for_mod_ins.p_for_detall_activitat?p_header=Llista%20d%27activitats^pk_for_mod_ins.p_for_cons_activitats?p_any=2024-2025%26p_totes=S%26p_inici=1%26p_excloure_crp_rec=T&amp;p_codi=4005200512&amp;p_curs=2024-2025&amp;p_excloure_crp_rec=T\">Formaci\u00f3 als centres que incorporen el SIEI<\/a><\/b><\/span><\/td>\n<\/tr>\n<tr>\n<td colspan=\"3\"><\/td>\n<td valign=\"TOP\"><span style=\"font-family: arial, helvetica, geneva; font-size: xx-small;\">Curs. CRP del Vall\u00e8s Occidental VII (Badia del Vall\u00e8s). Del dijous 17\/10\/2024 al 20\/6\/2025 de 17:30 a 19:30<\/span><\/td>\n<\/tr>\n<tr>\n<td><\/td>\n<td valign=\"TOP\"><img loading=\"lazy\" decoding=\"async\" src=\"https:\/\/aplicacions.gestioeducativa.gencat.cat\/est\/gafadm\/img\/ins_ok.gif\" alt=\"Inscripci\u00f3 oberta\" width=\"16\" height=\"16\" border=\"0\" \/><\/td>\n<td valign=\"TOP\"><span style=\"font-family: arial, helvetica, geneva; font-size: small;\">4005400512<\/span><\/td>\n<td valign=\"TOP\"><span style=\"font-family: arial, helvetica, geneva; font-size: small;\"><b><a href=\"https:\/\/aplicacions.gestioeducativa.gencat.cat\/pls\/soloas\/pk_for_mod_ins.p_for_detall_activitat?p_header=Llista%20d%27activitats^pk_for_mod_ins.p_for_cons_activitats?p_any=2024-2025%26p_totes=S%26p_inici=1%26p_excloure_crp_rec=T&amp;p_codi=4005400512&amp;p_curs=2024-2025&amp;p_excloure_crp_rec=T\">C\u00e0psula de sensibilitzaci\u00f3 d&#8217;educaci\u00f3 inclusiva<\/a><\/b><\/span><\/td>\n<\/tr>\n<tr>\n<td colspan=\"3\"><\/td>\n<td valign=\"TOP\"><span style=\"font-family: arial, helvetica, geneva; font-size: xx-small;\">Confer\u00e8ncia. ESC El Turonet (Sant Quirze del Vall\u00e8s). Del dijous 3\/10\/2024 al 3\/10\/2024 de 12:30 a 14:30<\/span><\/td>\n<\/tr>\n<tr>\n<td><\/td>\n<td valign=\"TOP\"><img loading=\"lazy\" decoding=\"async\" src=\"https:\/\/aplicacions.gestioeducativa.gencat.cat\/est\/gafadm\/img\/ins_ok.gif\" alt=\"Inscripci\u00f3 oberta\" width=\"16\" height=\"16\" border=\"0\" \/><\/td>\n<td valign=\"TOP\"><span style=\"font-family: arial, helvetica, geneva; font-size: small;\">4005410512<\/span><\/td>\n<td valign=\"TOP\"><span style=\"font-family: arial, helvetica, geneva; font-size: small;\"><b><a href=\"https:\/\/aplicacions.gestioeducativa.gencat.cat\/pls\/soloas\/pk_for_mod_ins.p_for_detall_activitat?p_header=Llista%20d%27activitats^pk_for_mod_ins.p_for_cons_activitats?p_any=2024-2025%26p_totes=S%26p_inici=1%26p_excloure_crp_rec=T&amp;p_codi=4005410512&amp;p_curs=2024-2025&amp;p_excloure_crp_rec=T\">C\u00e0psula de sensibilitzaci\u00f3 d&#8217;educaci\u00f3 inclusiva<\/a><\/b><\/span><\/td>\n<\/tr>\n<tr>\n<td colspan=\"3\"><\/td>\n<td valign=\"TOP\"><span style=\"font-family: arial, helvetica, geneva; font-size: xx-small;\">Confer\u00e8ncia. ESC Joan Montllor (Sabadell). Del dilluns 7\/10\/2024 al 7\/10\/2024 de 13:00 a 15:00<\/span><\/td>\n<\/tr>\n<tr>\n<td><\/td>\n<td valign=\"TOP\"><img loading=\"lazy\" decoding=\"async\" src=\"https:\/\/aplicacions.gestioeducativa.gencat.cat\/est\/gafadm\/img\/ins_ok.gif\" alt=\"Inscripci\u00f3 oberta\" width=\"16\" height=\"16\" border=\"0\" \/><\/td>\n<td valign=\"TOP\"><span style=\"font-family: arial, helvetica, geneva; font-size: small;\">4011311401<\/span><\/td>\n<td valign=\"TOP\"><span style=\"font-family: arial, helvetica, geneva; font-size: small;\"><b><a href=\"https:\/\/aplicacions.gestioeducativa.gencat.cat\/pls\/soloas\/pk_for_mod_ins.p_for_detall_activitat?p_header=Llista%20d%27activitats^pk_for_mod_ins.p_for_cons_activitats?p_any=2024-2025%26p_totes=S%26p_inici=1%26p_excloure_crp_rec=T&amp;p_codi=4011311401&amp;p_curs=2024-2025&amp;p_excloure_crp_rec=T\">Seminari d&#8217;atenci\u00f3 a l&#8217;educaci\u00f3 inclusiva<\/a><\/b><\/span><\/td>\n<\/tr>\n<tr>\n<td colspan=\"3\"><\/td>\n<td valign=\"TOP\"><span style=\"font-family: arial, helvetica, geneva; font-size: xx-small;\">Seminari de coordinaci\u00f3. CRP del Vall\u00e8s Occidental I (Sabadell). Del dilluns 14\/10\/2024 al 28\/4\/2025 de 17:00 a 19:00<\/span><\/td>\n<\/tr>\n<tr>\n<td><\/td>\n<td valign=\"TOP\"><img loading=\"lazy\" decoding=\"async\" src=\"https:\/\/aplicacions.gestioeducativa.gencat.cat\/est\/gafadm\/img\/ins_ok.gif\" alt=\"Inscripci\u00f3 oberta\" width=\"16\" height=\"16\" border=\"0\" \/><\/td>\n<td valign=\"TOP\"><span style=\"font-family: arial, helvetica, geneva; font-size: small;\">4011431401<\/span><\/td>\n<td valign=\"TOP\"><span style=\"font-family: arial, helvetica, geneva; font-size: small;\"><b><a href=\"https:\/\/aplicacions.gestioeducativa.gencat.cat\/pls\/soloas\/pk_for_mod_ins.p_for_detall_activitat?p_header=Llista%20d%27activitats^pk_for_mod_ins.p_for_cons_activitats?p_any=2024-2025%26p_totes=S%26p_inici=1%26p_excloure_crp_rec=T&amp;p_codi=4011431401&amp;p_curs=2024-2025&amp;p_excloure_crp_rec=T\">La Import\u00e0ncia de la intervenci\u00f3 primerenca en infants amb TEA (0-6)<\/a><\/b><\/span><\/td>\n<\/tr>\n<tr>\n<td colspan=\"3\"><\/td>\n<td valign=\"TOP\"><span style=\"font-family: arial, helvetica, geneva; font-size: xx-small;\">Seminari de coordinaci\u00f3. CRP del Vall\u00e8s Occidental I (Sabadell). Del dimecres 23\/10\/2024 al 4\/6\/2025 de 17:00 a 19:00<\/span><\/td>\n<\/tr>\n<tr>\n<td><\/td>\n<td valign=\"TOP\"><img loading=\"lazy\" decoding=\"async\" src=\"https:\/\/aplicacions.gestioeducativa.gencat.cat\/est\/gafadm\/img\/ins_ok.gif\" alt=\"Inscripci\u00f3 oberta\" width=\"16\" height=\"16\" border=\"0\" \/><\/td>\n<td valign=\"TOP\"><span style=\"font-family: arial, helvetica, geneva; font-size: small;\">4011441401<\/span><\/td>\n<td valign=\"TOP\"><span style=\"font-family: arial, helvetica, geneva; font-size: small;\"><b><a href=\"https:\/\/aplicacions.gestioeducativa.gencat.cat\/pls\/soloas\/pk_for_mod_ins.p_for_detall_activitat?p_header=Llista%20d%27activitats^pk_for_mod_ins.p_for_cons_activitats?p_any=2024-2025%26p_totes=S%26p_inici=1%26p_excloure_crp_rec=T&amp;p_codi=4011441401&amp;p_curs=2024-2025&amp;p_excloure_crp_rec=T\">Seminari per a la coordinaci\u00f3 de la conviv\u00e8ncia i el benestar emocional (COCOBE) &#8211; PRIM\u00c0RIA<\/a><\/b><\/span><\/td>\n<\/tr>\n<tr>\n<td colspan=\"3\"><\/td>\n<td valign=\"TOP\"><span style=\"font-family: arial, helvetica, geneva; font-size: xx-small;\">Seminari de coordinaci\u00f3. CRP del Vall\u00e8s Occidental I (Sabadell). Del dilluns 21\/10\/2024 al 19\/5\/2025 de 17:00 a 19:00<\/span><\/td>\n<\/tr>\n<tr>\n<td><\/td>\n<td valign=\"TOP\"><img loading=\"lazy\" decoding=\"async\" src=\"https:\/\/aplicacions.gestioeducativa.gencat.cat\/est\/gafadm\/img\/ins_ok.gif\" alt=\"Inscripci\u00f3 oberta\" width=\"16\" height=\"16\" border=\"0\" \/><\/td>\n<td valign=\"TOP\"><span style=\"font-family: arial, helvetica, geneva; font-size: small;\">4011451401<\/span><\/td>\n<td valign=\"TOP\"><span style=\"font-family: arial, helvetica, geneva; font-size: small;\"><b><a href=\"https:\/\/aplicacions.gestioeducativa.gencat.cat\/pls\/soloas\/pk_for_mod_ins.p_for_detall_activitat?p_header=Llista%20d%27activitats^pk_for_mod_ins.p_for_cons_activitats?p_any=2024-2025%26p_totes=S%26p_inici=1%26p_excloure_crp_rec=T&amp;p_codi=4011451401&amp;p_curs=2024-2025&amp;p_excloure_crp_rec=T\">Pr\u00e0ctiques educatives de CEEPSIR als centres amb suport SIEI<\/a><\/b><\/span><\/td>\n<\/tr>\n<tr>\n<td colspan=\"3\"><\/td>\n<td valign=\"TOP\"><span style=\"font-family: arial, helvetica, geneva; font-size: xx-small;\">Seminari de coordinaci\u00f3. CRP del Vall\u00e8s Occidental I (Sabadell). Del dilluns 28\/10\/2024 al 26\/5\/2025 de 17:00 a 19:00<\/span><\/td>\n<\/tr>\n<tr>\n<td><\/td>\n<td valign=\"TOP\"><img loading=\"lazy\" decoding=\"async\" src=\"https:\/\/aplicacions.gestioeducativa.gencat.cat\/est\/gafadm\/img\/ins_ok.gif\" alt=\"Inscripci\u00f3 oberta\" width=\"16\" height=\"16\" border=\"0\" \/><\/td>\n<td valign=\"TOP\"><span style=\"font-family: arial, helvetica, geneva; font-size: small;\">4012561401<\/span><\/td>\n<td valign=\"TOP\"><span style=\"font-family: arial, helvetica, geneva; font-size: small;\"><b><a href=\"https:\/\/aplicacions.gestioeducativa.gencat.cat\/pls\/soloas\/pk_for_mod_ins.p_for_detall_activitat?p_header=Llista%20d%27activitats^pk_for_mod_ins.p_for_cons_activitats?p_any=2024-2025%26p_totes=S%26p_inici=1%26p_excloure_crp_rec=T&amp;p_codi=4012561401&amp;p_curs=2024-2025&amp;p_excloure_crp_rec=T\">Infants amb NEE: detecci\u00f3 i actuaci\u00f3 a l&#8217;aula<\/a><\/b><\/span><\/td>\n<\/tr>\n<tr>\n<td colspan=\"3\"><\/td>\n<td valign=\"TOP\"><span style=\"font-family: arial, helvetica, geneva; font-size: xx-small;\">Curs. Casal Pere Quart (Sabadell). Del dimecres 12\/3\/2025 al 28\/5\/2025 de 18:00 a 20:00<\/span><\/td>\n<\/tr>\n<tr>\n<td><\/td>\n<td valign=\"TOP\"><img loading=\"lazy\" decoding=\"async\" src=\"https:\/\/aplicacions.gestioeducativa.gencat.cat\/est\/gafadm\/img\/ins_ok.gif\" alt=\"Inscripci\u00f3 oberta\" width=\"16\" height=\"16\" border=\"0\" \/><\/td>\n<td valign=\"TOP\"><span style=\"font-family: arial, helvetica, geneva; font-size: small;\">4013221401<\/span><\/td>\n<td valign=\"TOP\"><span style=\"font-family: arial, helvetica, geneva; font-size: small;\"><b><a href=\"https:\/\/aplicacions.gestioeducativa.gencat.cat\/pls\/soloas\/pk_for_mod_ins.p_for_detall_activitat?p_header=Llista%20d%27activitats^pk_for_mod_ins.p_for_cons_activitats?p_any=2024-2025%26p_totes=S%26p_inici=1%26p_excloure_crp_rec=T&amp;p_codi=4013221401&amp;p_curs=2024-2025&amp;p_excloure_crp_rec=T\">La mirada de l\u2019escola cap a les aules d\u2019Educaci\u00f3 Infantil<\/a><\/b><\/span><\/td>\n<\/tr>\n<tr>\n<td colspan=\"3\"><\/td>\n<td valign=\"TOP\"><span style=\"font-family: arial, helvetica, geneva; font-size: xx-small;\">Taller a centre. ESC Miquel Mart\u00ed i Pol (Sabadell). Del dimarts 15\/10\/2024 al 31\/1\/2025 de 16:45 a 18:45<\/span><\/td>\n<\/tr>\n<tr>\n<td><\/td>\n<td valign=\"TOP\"><img loading=\"lazy\" decoding=\"async\" src=\"https:\/\/aplicacions.gestioeducativa.gencat.cat\/est\/gafadm\/img\/ins_ok.gif\" alt=\"Inscripci\u00f3 oberta\" width=\"16\" height=\"16\" border=\"0\" \/><\/td>\n<td valign=\"TOP\"><span style=\"font-family: arial, helvetica, geneva; font-size: small;\">4021061402<\/span><\/td>\n<td valign=\"TOP\"><span style=\"font-family: arial, helvetica, geneva; font-size: small;\"><b><a href=\"https:\/\/aplicacions.gestioeducativa.gencat.cat\/pls\/soloas\/pk_for_mod_ins.p_for_detall_activitat?p_header=Llista%20d%27activitats^pk_for_mod_ins.p_for_cons_activitats?p_any=2024-2025%26p_totes=S%26p_inici=1%26p_excloure_crp_rec=T&amp;p_codi=4021061402&amp;p_curs=2024-2025&amp;p_excloure_crp_rec=T\">La personalitzaci\u00f3 de l&#8217;aprenentatge<\/a><\/b><\/span><\/td>\n<\/tr>\n<tr>\n<td colspan=\"3\"><\/td>\n<td valign=\"TOP\"><span style=\"font-family: arial, helvetica, geneva; font-size: xx-small;\">Taller a centre. ESC El Vapor (Terrassa). Del dimecres 16\/10\/2024 al 30\/1\/2025 de 17:00 a 19:30<\/span><\/td>\n<\/tr>\n<tr>\n<td><\/td>\n<td valign=\"TOP\"><\/td>\n<td valign=\"TOP\"><span style=\"font-family: arial, helvetica, geneva; font-size: small;\">4022011402<\/span><\/td>\n<td valign=\"TOP\"><span style=\"font-family: arial, helvetica, geneva; font-size: small;\"><b><a href=\"https:\/\/aplicacions.gestioeducativa.gencat.cat\/pls\/soloas\/pk_for_mod_ins.p_for_detall_activitat?p_header=Llista%20d%27activitats^pk_for_mod_ins.p_for_cons_activitats?p_any=2024-2025%26p_totes=S%26p_inici=1%26p_excloure_crp_rec=T&amp;p_codi=4022011402&amp;p_curs=2024-2025&amp;p_excloure_crp_rec=T\">L\u2019alumnat NESE a la FP<\/a><\/b><\/span><\/td>\n<\/tr>\n<tr>\n<td colspan=\"3\"><\/td>\n<td valign=\"TOP\"><span style=\"font-family: arial, helvetica, geneva; font-size: xx-small;\">Taller a centre. INS Montserrat Roig (Terrassa). Del dilluns 9\/9\/2024 al 9\/9\/2024 de 9:15 a 13:15<\/span><\/td>\n<\/tr>\n<tr>\n<td><\/td>\n<td valign=\"TOP\"><img loading=\"lazy\" decoding=\"async\" src=\"https:\/\/aplicacions.gestioeducativa.gencat.cat\/est\/gafadm\/img\/ins_ok.gif\" alt=\"Inscripci\u00f3 oberta\" width=\"16\" height=\"16\" border=\"0\" \/><\/td>\n<td valign=\"TOP\"><span style=\"font-family: arial, helvetica, geneva; font-size: small;\">4027021402<\/span><\/td>\n<td valign=\"TOP\"><span style=\"font-family: arial, helvetica, geneva; font-size: small;\"><b><a href=\"https:\/\/aplicacions.gestioeducativa.gencat.cat\/pls\/soloas\/pk_for_mod_ins.p_for_detall_activitat?p_header=Llista%20d%27activitats^pk_for_mod_ins.p_for_cons_activitats?p_any=2024-2025%26p_totes=S%26p_inici=1%26p_excloure_crp_rec=T&amp;p_codi=4027021402&amp;p_curs=2024-2025&amp;p_excloure_crp_rec=T\">Coordinaci\u00f3 de centres amb projectes LECXIT<\/a><\/b><\/span><\/td>\n<\/tr>\n<tr>\n<td colspan=\"3\"><\/td>\n<td valign=\"TOP\"><span style=\"font-family: arial, helvetica, geneva; font-size: xx-small;\">Seminari de coordinaci\u00f3. CRP del Vall\u00e8s Occidental II (Terrassa). Del dijous 10\/10\/2024 al 22\/5\/2025 de a<\/span><\/td>\n<\/tr>\n<tr>\n<td><\/td>\n<td valign=\"TOP\"><img loading=\"lazy\" decoding=\"async\" src=\"https:\/\/aplicacions.gestioeducativa.gencat.cat\/est\/gafadm\/img\/ins_ok.gif\" alt=\"Inscripci\u00f3 oberta\" width=\"16\" height=\"16\" border=\"0\" \/><\/td>\n<td valign=\"TOP\"><span style=\"font-family: arial, helvetica, geneva; font-size: small;\">4027051402<\/span><\/td>\n<td valign=\"TOP\"><span style=\"font-family: arial, helvetica, geneva; font-size: small;\"><b><a href=\"https:\/\/aplicacions.gestioeducativa.gencat.cat\/pls\/soloas\/pk_for_mod_ins.p_for_detall_activitat?p_header=Llista%20d%27activitats^pk_for_mod_ins.p_for_cons_activitats?p_any=2024-2025%26p_totes=S%26p_inici=1%26p_excloure_crp_rec=T&amp;p_codi=4027051402&amp;p_curs=2024-2025&amp;p_excloure_crp_rec=T\">Coordinaci\u00f3 d&#8217;orientadores de centres p\u00fablics<\/a><\/b><\/span><\/td>\n<\/tr>\n<tr>\n<td colspan=\"3\"><\/td>\n<td valign=\"TOP\"><span style=\"font-family: arial, helvetica, geneva; font-size: xx-small;\">Seminari de coordinaci\u00f3. CRP del Vall\u00e8s Occidental II (Terrassa). Del dijous 17\/10\/2024 al 22\/5\/2025 de a<\/span><\/td>\n<\/tr>\n<tr>\n<td><\/td>\n<td valign=\"TOP\"><img loading=\"lazy\" decoding=\"async\" src=\"https:\/\/aplicacions.gestioeducativa.gencat.cat\/est\/gafadm\/img\/ins_ok.gif\" alt=\"Inscripci\u00f3 oberta\" width=\"16\" height=\"16\" border=\"0\" \/><\/td>\n<td valign=\"TOP\"><span style=\"font-family: arial, helvetica, geneva; font-size: small;\">4027061402<\/span><\/td>\n<td valign=\"TOP\"><span style=\"font-family: arial, helvetica, geneva; font-size: small;\"><b><a href=\"https:\/\/aplicacions.gestioeducativa.gencat.cat\/pls\/soloas\/pk_for_mod_ins.p_for_detall_activitat?p_header=Llista%20d%27activitats^pk_for_mod_ins.p_for_cons_activitats?p_any=2024-2025%26p_totes=S%26p_inici=1%26p_excloure_crp_rec=T&amp;p_codi=4027061402&amp;p_curs=2024-2025&amp;p_excloure_crp_rec=T\">Coordinaci\u00f3 d&#8217;orientadores de centres concertats<\/a><\/b><\/span><\/td>\n<\/tr>\n<tr>\n<td colspan=\"3\"><\/td>\n<td valign=\"TOP\"><span style=\"font-family: arial, helvetica, geneva; font-size: xx-small;\">Seminari de coordinaci\u00f3. CRP del Vall\u00e8s Occidental II (Terrassa). Del divendres 4\/10\/2024 al 22\/5\/2025 de a<\/span><\/td>\n<\/tr>\n<tr>\n<td><\/td>\n<td valign=\"TOP\"><img loading=\"lazy\" decoding=\"async\" src=\"https:\/\/aplicacions.gestioeducativa.gencat.cat\/est\/gafadm\/img\/ins_ok.gif\" alt=\"Inscripci\u00f3 oberta\" width=\"16\" height=\"16\" border=\"0\" \/><\/td>\n<td valign=\"TOP\"><span style=\"font-family: arial, helvetica, geneva; font-size: small;\">4027271402<\/span><\/td>\n<td valign=\"TOP\"><span style=\"font-family: arial, helvetica, geneva; font-size: small;\"><b><a href=\"https:\/\/aplicacions.gestioeducativa.gencat.cat\/pls\/soloas\/pk_for_mod_ins.p_for_detall_activitat?p_header=Llista%20d%27activitats^pk_for_mod_ins.p_for_cons_activitats?p_any=2024-2025%26p_totes=S%26p_inici=1%26p_excloure_crp_rec=T&amp;p_codi=4027271402&amp;p_curs=2024-2025&amp;p_excloure_crp_rec=T\">Coordinaci\u00f3 CLIC<\/a><\/b><\/span><\/td>\n<\/tr>\n<tr>\n<td colspan=\"3\"><\/td>\n<td valign=\"TOP\"><span style=\"font-family: arial, helvetica, geneva; font-size: xx-small;\">Seminari de coordinaci\u00f3. CRP del Vall\u00e8s Occidental II (Terrassa). Del dimarts 15\/10\/2024 al 13\/5\/2025 de a<\/span><\/td>\n<\/tr>\n<tr>\n<td><\/td>\n<td valign=\"TOP\"><img loading=\"lazy\" decoding=\"async\" src=\"https:\/\/aplicacions.gestioeducativa.gencat.cat\/est\/gafadm\/img\/ins_ok.gif\" alt=\"Inscripci\u00f3 oberta\" width=\"16\" height=\"16\" border=\"0\" \/><\/td>\n<td valign=\"TOP\"><span style=\"font-family: arial, helvetica, geneva; font-size: small;\">4030061403<\/span><\/td>\n<td valign=\"TOP\"><span style=\"font-family: arial, helvetica, geneva; font-size: small;\"><b><a href=\"https:\/\/aplicacions.gestioeducativa.gencat.cat\/pls\/soloas\/pk_for_mod_ins.p_for_detall_activitat?p_header=Llista%20d%27activitats^pk_for_mod_ins.p_for_cons_activitats?p_any=2024-2025%26p_totes=S%26p_inici=1%26p_excloure_crp_rec=T&amp;p_codi=4030061403&amp;p_curs=2024-2025&amp;p_excloure_crp_rec=T\">Atenci\u00f3 Educativa Domicili\u00e0ria. (AED)<\/a><\/b><\/span><\/td>\n<\/tr>\n<tr>\n<td colspan=\"3\"><\/td>\n<td valign=\"TOP\"><span style=\"font-family: arial, helvetica, geneva; font-size: xx-small;\">Seminari de coordinaci\u00f3. CRP del Vall\u00e8s Occidental III (Rub\u00ed). Del dimecres 23\/10\/2024 al 28\/5\/2025 de 12:00 a 14:00<\/span><\/td>\n<\/tr>\n<tr>\n<td><\/td>\n<td valign=\"TOP\"><img loading=\"lazy\" decoding=\"async\" src=\"https:\/\/aplicacions.gestioeducativa.gencat.cat\/est\/gafadm\/img\/ins_ok.gif\" alt=\"Inscripci\u00f3 oberta\" width=\"16\" height=\"16\" border=\"0\" \/><\/td>\n<td valign=\"TOP\"><span style=\"font-family: arial, helvetica, geneva; font-size: small;\">4032041403<\/span><\/td>\n<td valign=\"TOP\"><span style=\"font-family: arial, helvetica, geneva; font-size: small;\"><b><a href=\"https:\/\/aplicacions.gestioeducativa.gencat.cat\/pls\/soloas\/pk_for_mod_ins.p_for_detall_activitat?p_header=Llista%20d%27activitats^pk_for_mod_ins.p_for_cons_activitats?p_any=2024-2025%26p_totes=S%26p_inici=1%26p_excloure_crp_rec=T&amp;p_codi=4032041403&amp;p_curs=2024-2025&amp;p_excloure_crp_rec=T\">L&#8217;atenci\u00f3 domicili\u00e0ria: ampliem conceptes i compartim eines i recursos<\/a><\/b><\/span><\/td>\n<\/tr>\n<tr>\n<td colspan=\"3\"><\/td>\n<td valign=\"TOP\"><span style=\"font-family: arial, helvetica, geneva; font-size: xx-small;\">Curs. CRP del Vall\u00e8s Occidental III (Rub\u00ed). Del dimecres 23\/10\/2024 al 11\/6\/2025 de 12:30 a 14:00<\/span><\/td>\n<\/tr>\n<tr>\n<td><\/td>\n<td valign=\"TOP\"><img loading=\"lazy\" decoding=\"async\" src=\"https:\/\/aplicacions.gestioeducativa.gencat.cat\/est\/gafadm\/img\/ins_ok.gif\" alt=\"Inscripci\u00f3 oberta\" width=\"16\" height=\"16\" border=\"0\" \/><\/td>\n<td valign=\"TOP\"><span style=\"font-family: arial, helvetica, geneva; font-size: small;\">4040101404<\/span><\/td>\n<td valign=\"TOP\"><span style=\"font-family: arial, helvetica, geneva; font-size: small;\"><b><a href=\"https:\/\/aplicacions.gestioeducativa.gencat.cat\/pls\/soloas\/pk_for_mod_ins.p_for_detall_activitat?p_header=Llista%20d%27activitats^pk_for_mod_ins.p_for_cons_activitats?p_any=2024-2025%26p_totes=S%26p_inici=1%26p_excloure_crp_rec=T&amp;p_codi=4040101404&amp;p_curs=2024-2025&amp;p_excloure_crp_rec=T\">Coordinaci\u00f3 per a la inclusi\u00f3 educativa<\/a><\/b><\/span><\/td>\n<\/tr>\n<tr>\n<td colspan=\"3\"><\/td>\n<td valign=\"TOP\"><span style=\"font-family: arial, helvetica, geneva; font-size: xx-small;\">Seminari de coordinaci\u00f3. CRP del Vall\u00e8s Occidental IV (Sant Cugat del Vall\u00e8s). Del divendres 18\/10\/2024 al 16\/5\/2025 de 12:30 a 14:00<\/span><\/td>\n<\/tr>\n<tr>\n<td><\/td>\n<td valign=\"TOP\"><img loading=\"lazy\" decoding=\"async\" src=\"https:\/\/aplicacions.gestioeducativa.gencat.cat\/est\/gafadm\/img\/ins_ok.gif\" alt=\"Inscripci\u00f3 oberta\" width=\"16\" height=\"16\" border=\"0\" \/><\/td>\n<td valign=\"TOP\"><span style=\"font-family: arial, helvetica, geneva; font-size: small;\">4052801405<\/span><\/td>\n<td valign=\"TOP\"><span style=\"font-family: arial, helvetica, geneva; font-size: small;\"><b><a href=\"https:\/\/aplicacions.gestioeducativa.gencat.cat\/pls\/soloas\/pk_for_mod_ins.p_for_detall_activitat?p_header=Llista%20d%27activitats^pk_for_mod_ins.p_for_cons_activitats?p_any=2024-2025%26p_totes=S%26p_inici=1%26p_excloure_crp_rec=T&amp;p_codi=4052801405&amp;p_curs=2024-2025&amp;p_excloure_crp_rec=T\">Cicle de confer\u00e8ncies per al suport a la inclusi\u00f3<\/a><\/b><\/span><\/td>\n<\/tr>\n<tr>\n<td colspan=\"3\"><\/td>\n<td valign=\"TOP\"><span style=\"font-family: arial, helvetica, geneva; font-size: xx-small;\">Cicle de confer\u00e8ncies. CRP del Vall\u00e8s Occidental V (Cerdanyola del Vall\u00e8s). Del dimarts 22\/10\/2024 al 20\/5\/2025 de 17:00 a 19:00<\/span><\/td>\n<\/tr>\n<tr>\n<td><\/td>\n<td valign=\"TOP\"><img loading=\"lazy\" decoding=\"async\" src=\"https:\/\/aplicacions.gestioeducativa.gencat.cat\/est\/gafadm\/img\/ins_ok.gif\" alt=\"Inscripci\u00f3 oberta\" width=\"16\" height=\"16\" border=\"0\" \/><\/td>\n<td valign=\"TOP\"><span style=\"font-family: arial, helvetica, geneva; font-size: small;\">4060201406<\/span><\/td>\n<td valign=\"TOP\"><span style=\"font-family: arial, helvetica, geneva; font-size: small;\"><b><a href=\"https:\/\/aplicacions.gestioeducativa.gencat.cat\/pls\/soloas\/pk_for_mod_ins.p_for_detall_activitat?p_header=Llista%20d%27activitats^pk_for_mod_ins.p_for_cons_activitats?p_any=2024-2025%26p_totes=S%26p_inici=1%26p_excloure_crp_rec=T&amp;p_codi=4060201406&amp;p_curs=2024-2025&amp;p_excloure_crp_rec=T\">Seminari d&#8217;educaci\u00f3 inclusiva (prim\u00e0ria)<\/a><\/b><\/span><\/td>\n<\/tr>\n<tr>\n<td colspan=\"3\"><\/td>\n<td valign=\"TOP\"><span style=\"font-family: arial, helvetica, geneva; font-size: xx-small;\">Seminari de coordinaci\u00f3. CRP del Vall\u00e8s Occidental VI (Santa Perp\u00e8tua de Mogoda). Del dimarts 29\/10\/2024 al 29\/4\/2025 de 17:00 a 19:00<\/span><\/td>\n<\/tr>\n<tr>\n<td><\/td>\n<td valign=\"TOP\"><img loading=\"lazy\" decoding=\"async\" src=\"https:\/\/aplicacions.gestioeducativa.gencat.cat\/est\/gafadm\/img\/ins_ok.gif\" alt=\"Inscripci\u00f3 oberta\" width=\"16\" height=\"16\" border=\"0\" \/><\/td>\n<td valign=\"TOP\"><span style=\"font-family: arial, helvetica, geneva; font-size: small;\">4060211406<\/span><\/td>\n<td valign=\"TOP\"><span style=\"font-family: arial, helvetica, geneva; font-size: small;\"><b><a href=\"https:\/\/aplicacions.gestioeducativa.gencat.cat\/pls\/soloas\/pk_for_mod_ins.p_for_detall_activitat?p_header=Llista%20d%27activitats^pk_for_mod_ins.p_for_cons_activitats?p_any=2024-2025%26p_totes=S%26p_inici=1%26p_excloure_crp_rec=T&amp;p_codi=4060211406&amp;p_curs=2024-2025&amp;p_excloure_crp_rec=T\">Seminari d&#8217;educaci\u00f3 inclusiva (secund\u00e0ria).Grup de treball orientadores.<\/a><\/b><\/span><\/td>\n<\/tr>\n<tr>\n<td colspan=\"3\"><\/td>\n<td valign=\"TOP\"><span style=\"font-family: arial, helvetica, geneva; font-size: xx-small;\">Seminari de coordinaci\u00f3. CRP del Vall\u00e8s Occidental VI (Santa Perp\u00e8tua de Mogoda). Del dilluns 21\/10\/2024 al 19\/5\/2025 de 12:30 a 14:00<\/span><\/td>\n<\/tr>\n<tr>\n<td><\/td>\n<td valign=\"TOP\"><img loading=\"lazy\" decoding=\"async\" src=\"https:\/\/aplicacions.gestioeducativa.gencat.cat\/est\/gafadm\/img\/ins_ok.gif\" alt=\"Inscripci\u00f3 oberta\" width=\"16\" height=\"16\" border=\"0\" \/><\/td>\n<td valign=\"TOP\"><span style=\"font-family: arial, helvetica, geneva; font-size: small;\">4060291406<\/span><\/td>\n<td valign=\"TOP\"><span style=\"font-family: arial, helvetica, geneva; font-size: small;\"><b><a href=\"https:\/\/aplicacions.gestioeducativa.gencat.cat\/pls\/soloas\/pk_for_mod_ins.p_for_detall_activitat?p_header=Llista%20d%27activitats^pk_for_mod_ins.p_for_cons_activitats?p_any=2024-2025%26p_totes=S%26p_inici=1%26p_excloure_crp_rec=T&amp;p_codi=4060291406&amp;p_curs=2024-2025&amp;p_excloure_crp_rec=T\">Seminari de les persones TIS de Montcada i R, ST Perp\u00e8tua de M, Ripollet i Cerdanyola del V.<\/a><\/b><\/span><\/td>\n<\/tr>\n<tr>\n<td colspan=\"3\"><\/td>\n<td valign=\"TOP\"><span style=\"font-family: arial, helvetica, geneva; font-size: xx-small;\">Taller. CRP del Vall\u00e8s Occidental VI (Santa Perp\u00e8tua de Mogoda). Del dilluns 21\/10\/2024 al 19\/5\/2025 de 12:00 a 14:30<\/span><\/td>\n<\/tr>\n<tr>\n<td><\/td>\n<td valign=\"TOP\"><img loading=\"lazy\" decoding=\"async\" src=\"https:\/\/aplicacions.gestioeducativa.gencat.cat\/est\/gafadm\/img\/ins_ok.gif\" alt=\"Inscripci\u00f3 oberta\" width=\"16\" height=\"16\" border=\"0\" \/><\/td>\n<td valign=\"TOP\"><span style=\"font-family: arial, helvetica, geneva; font-size: small;\">4062141406<\/span><\/td>\n<td valign=\"TOP\"><span style=\"font-family: arial, helvetica, geneva; font-size: small;\"><b><a href=\"https:\/\/aplicacions.gestioeducativa.gencat.cat\/pls\/soloas\/pk_for_mod_ins.p_for_detall_activitat?p_header=Llista%20d%27activitats^pk_for_mod_ins.p_for_cons_activitats?p_any=2024-2025%26p_totes=S%26p_inici=1%26p_excloure_crp_rec=T&amp;p_codi=4062141406&amp;p_curs=2024-2025&amp;p_excloure_crp_rec=T\">Atenci\u00f3 a l\u2019alumnat TEA en el marc de l\u2019escola inclusiva<\/a><\/b><\/span><\/td>\n<\/tr>\n<tr>\n<td colspan=\"3\"><\/td>\n<td valign=\"TOP\"><span style=\"font-family: arial, helvetica, geneva; font-size: xx-small;\">Taller a centre. ESC Anselm Clav\u00e9 (Ripollet). Del divendres 4\/10\/2024 al 6\/2\/2025 de a<\/span><\/td>\n<\/tr>\n<tr>\n<td><\/td>\n<td valign=\"TOP\"><img loading=\"lazy\" decoding=\"async\" src=\"https:\/\/aplicacions.gestioeducativa.gencat.cat\/est\/gafadm\/img\/ins_ok.gif\" alt=\"Inscripci\u00f3 oberta\" width=\"16\" height=\"16\" border=\"0\" \/><\/td>\n<td valign=\"TOP\"><span style=\"font-family: arial, helvetica, geneva; font-size: small;\">4063131406<\/span><\/td>\n<td valign=\"TOP\"><span style=\"font-family: arial, helvetica, geneva; font-size: small;\"><b><a href=\"https:\/\/aplicacions.gestioeducativa.gencat.cat\/pls\/soloas\/pk_for_mod_ins.p_for_detall_activitat?p_header=Llista%20d%27activitats^pk_for_mod_ins.p_for_cons_activitats?p_any=2024-2025%26p_totes=S%26p_inici=1%26p_excloure_crp_rec=T&amp;p_codi=4063131406&amp;p_curs=2024-2025&amp;p_excloure_crp_rec=T\">L&#8217;alumnat amb necessitats educatives especials.<\/a><\/b><\/span><\/td>\n<\/tr>\n<tr>\n<td colspan=\"3\"><\/td>\n<td valign=\"TOP\"><span style=\"font-family: arial, helvetica, geneva; font-size: xx-small;\">Taller. AJ Ajuntament de Santa Perp\u00e8tua de Mogoda (Santa Perp\u00e8tua de Mogoda). Del dissabte 28\/9\/2024 al 5\/10\/2024 de 9:00 a 14:00<\/span><\/td>\n<\/tr>\n<tr>\n<td><\/td>\n<td valign=\"TOP\"><img loading=\"lazy\" decoding=\"async\" src=\"https:\/\/aplicacions.gestioeducativa.gencat.cat\/est\/gafadm\/img\/ins_ok.gif\" alt=\"Inscripci\u00f3 oberta\" width=\"16\" height=\"16\" border=\"0\" \/><\/td>\n<td valign=\"TOP\"><span style=\"font-family: arial, helvetica, geneva; font-size: small;\">4063141406<\/span><\/td>\n<td valign=\"TOP\"><span style=\"font-family: arial, helvetica, geneva; font-size: small;\"><b><a href=\"https:\/\/aplicacions.gestioeducativa.gencat.cat\/pls\/soloas\/pk_for_mod_ins.p_for_detall_activitat?p_header=Llista%20d%27activitats^pk_for_mod_ins.p_for_cons_activitats?p_any=2024-2025%26p_totes=S%26p_inici=1%26p_excloure_crp_rec=T&amp;p_codi=4063141406&amp;p_curs=2024-2025&amp;p_excloure_crp_rec=T\">Plans individualitzats i protocols d&#8217;actuaci\u00f3.<\/a><\/b><\/span><\/td>\n<\/tr>\n<tr>\n<td colspan=\"3\"><\/td>\n<td valign=\"TOP\"><span style=\"font-family: arial, helvetica, geneva; font-size: xx-small;\">Taller. AJ Ajuntament de Santa Perp\u00e8tua de Mogoda (Santa Perp\u00e8tua de Mogoda). Del dissabte 19\/10\/2024 al 26\/10\/2024 de 9:00 a 14:00<\/span><\/td>\n<\/tr>\n<tr>\n<td><\/td>\n<td valign=\"TOP\"><img loading=\"lazy\" decoding=\"async\" src=\"https:\/\/aplicacions.gestioeducativa.gencat.cat\/est\/gafadm\/img\/ins_ok.gif\" alt=\"Inscripci\u00f3 oberta\" width=\"16\" height=\"16\" border=\"0\" \/><\/td>\n<td valign=\"TOP\"><span style=\"font-family: arial, helvetica, geneva; font-size: small;\">4070061407<\/span><\/td>\n<td valign=\"TOP\"><span style=\"font-family: arial, helvetica, geneva; font-size: small;\"><b><a href=\"https:\/\/aplicacions.gestioeducativa.gencat.cat\/pls\/soloas\/pk_for_mod_ins.p_for_detall_activitat?p_header=Llista%20d%27activitats^pk_for_mod_ins.p_for_cons_activitats?p_any=2024-2025%26p_totes=S%26p_inici=1%26p_excloure_crp_rec=T&amp;p_codi=4070061407&amp;p_curs=2024-2025&amp;p_excloure_crp_rec=T\">Seminari d&#8217;inclusi\u00f3 i orientaci\u00f3<\/a><\/b><\/span><\/td>\n<\/tr>\n<tr>\n<td colspan=\"3\"><\/td>\n<td valign=\"TOP\"><span style=\"font-family: arial, helvetica, geneva; font-size: xx-small;\">Taller. CRP del Vall\u00e8s Occidental VII (Badia del Vall\u00e8s). Del dimarts 1\/10\/2024 al 31\/5\/2025 de a<\/span><\/td>\n<\/tr>\n<tr>\n<td><\/td>\n<td valign=\"TOP\"><img loading=\"lazy\" decoding=\"async\" src=\"https:\/\/aplicacions.gestioeducativa.gencat.cat\/est\/gafadm\/img\/ins_ok.gif\" alt=\"Inscripci\u00f3 oberta\" width=\"16\" height=\"16\" border=\"0\" \/><\/td>\n<td valign=\"TOP\"><span style=\"font-family: arial, helvetica, geneva; font-size: small;\">4070181407<\/span><\/td>\n<td valign=\"TOP\"><span style=\"font-family: arial, helvetica, geneva; font-size: small;\"><b><a href=\"https:\/\/aplicacions.gestioeducativa.gencat.cat\/pls\/soloas\/pk_for_mod_ins.p_for_detall_activitat?p_header=Llista%20d%27activitats^pk_for_mod_ins.p_for_cons_activitats?p_any=2024-2025%26p_totes=S%26p_inici=1%26p_excloure_crp_rec=T&amp;p_codi=4070181407&amp;p_curs=2024-2025&amp;p_excloure_crp_rec=T\">Seminari SIEI<\/a><\/b><\/span><\/td>\n<\/tr>\n<tr>\n<td colspan=\"3\"><\/td>\n<td valign=\"TOP\"><span style=\"font-family: arial, helvetica, geneva; font-size: xx-small;\">Taller. CRP del Vall\u00e8s Occidental VII (Badia del Vall\u00e8s). Del dimarts 1\/10\/2024 al 31\/5\/2025 de a<\/span><\/td>\n<\/tr>\n<tr>\n<td><\/td>\n<td valign=\"TOP\"><img loading=\"lazy\" decoding=\"async\" src=\"https:\/\/aplicacions.gestioeducativa.gencat.cat\/est\/gafadm\/img\/ins_ok.gif\" alt=\"Inscripci\u00f3 oberta\" width=\"16\" height=\"16\" border=\"0\" \/><\/td>\n<td valign=\"TOP\"><span style=\"font-family: arial, helvetica, geneva; font-size: small;\">4070321407<\/span><\/td>\n<td valign=\"TOP\"><span style=\"font-family: arial, helvetica, geneva; font-size: small;\"><b><a href=\"https:\/\/aplicacions.gestioeducativa.gencat.cat\/pls\/soloas\/pk_for_mod_ins.p_for_detall_activitat?p_header=Llista%20d%27activitats^pk_for_mod_ins.p_for_cons_activitats?p_any=2024-2025%26p_totes=S%26p_inici=1%26p_excloure_crp_rec=T&amp;p_codi=4070321407&amp;p_curs=2024-2025&amp;p_excloure_crp_rec=T\">Ambients d&#8217;aprenentatge a l&#8217;etapa d&#8217;infantil i prim\u00e0ria 24-25<\/a><\/b><\/span><\/td>\n<\/tr>\n<tr>\n<td colspan=\"3\"><\/td>\n<td valign=\"TOP\"><span style=\"font-family: arial, helvetica, geneva; font-size: xx-small;\">Taller. ESC del Bosc (Barber\u00e0 del Vall\u00e8s). Del dilluns 23\/9\/2024 al 14\/10\/2024 de 17:00 a 19:25<\/span><\/td>\n<\/tr>\n<tr>\n<td><\/td>\n<td valign=\"TOP\"><img loading=\"lazy\" decoding=\"async\" src=\"https:\/\/aplicacions.gestioeducativa.gencat.cat\/est\/gafadm\/img\/ins_ok.gif\" alt=\"Inscripci\u00f3 oberta\" width=\"16\" height=\"16\" border=\"0\" \/><\/td>\n<td valign=\"TOP\"><span style=\"font-family: arial, helvetica, geneva; font-size: small;\">4080201408<\/span><\/td>\n<td valign=\"TOP\"><span style=\"font-family: arial, helvetica, geneva; font-size: small;\"><b><a href=\"https:\/\/aplicacions.gestioeducativa.gencat.cat\/pls\/soloas\/pk_for_mod_ins.p_for_detall_activitat?p_header=Llista%20d%27activitats^pk_for_mod_ins.p_for_cons_activitats?p_any=2024-2025%26p_totes=S%26p_inici=1%26p_excloure_crp_rec=T&amp;p_codi=4080201408&amp;p_curs=2024-2025&amp;p_excloure_crp_rec=T\">Formaci\u00f3 en xarxa de professionals que fan suport a la inclusi\u00f3. SEEZ<\/a><\/b><\/span><\/td>\n<\/tr>\n<tr>\n<td colspan=\"3\"><\/td>\n<td valign=\"TOP\"><span style=\"font-family: arial, helvetica, geneva; font-size: xx-small;\">Seminari de coordinaci\u00f3. CRP del Vall\u00e8s Occidental VIII (Castellar del Vall\u00e8s). Del dijous 17\/10\/2024 al 30\/6\/2025 de a<\/span><\/td>\n<\/tr>\n<tr>\n<td><\/td>\n<td valign=\"TOP\"><img loading=\"lazy\" decoding=\"async\" src=\"https:\/\/aplicacions.gestioeducativa.gencat.cat\/est\/gafadm\/img\/ins_ok.gif\" alt=\"Inscripci\u00f3 oberta\" width=\"16\" height=\"16\" border=\"0\" \/><\/td>\n<td valign=\"TOP\"><span style=\"font-family: arial, helvetica, geneva; font-size: small;\">4080521408<\/span><\/td>\n<td valign=\"TOP\"><span style=\"font-family: arial, helvetica, geneva; font-size: small;\"><b><a href=\"https:\/\/aplicacions.gestioeducativa.gencat.cat\/pls\/soloas\/pk_for_mod_ins.p_for_detall_activitat?p_header=Llista%20d%27activitats^pk_for_mod_ins.p_for_cons_activitats?p_any=2024-2025%26p_totes=S%26p_inici=1%26p_excloure_crp_rec=T&amp;p_codi=4080521408&amp;p_curs=2024-2025&amp;p_excloure_crp_rec=T\">Estrat\u00e8gies per afrontar els trastorns del desenvolupament i la conducta (Aprofundiment)<\/a><\/b><\/span><\/td>\n<\/tr>\n<tr>\n<td colspan=\"3\"><\/td>\n<td valign=\"TOP\"><span style=\"font-family: arial, helvetica, geneva; font-size: xx-small;\">Formaci\u00f3 interna de centre. CFA Els Castanyers (Palau-solit\u00e0 i Plegamans). Del dijous 17\/10\/2024 al 30\/6\/2025 de a<\/span><\/td>\n<\/tr>\n<tr>\n<td><\/td>\n<td valign=\"TOP\"><img loading=\"lazy\" decoding=\"async\" src=\"https:\/\/aplicacions.gestioeducativa.gencat.cat\/est\/gafadm\/img\/ins_ok.gif\" alt=\"Inscripci\u00f3 oberta\" width=\"16\" height=\"16\" border=\"0\" \/><\/td>\n<td valign=\"TOP\"><span style=\"font-family: arial, helvetica, geneva; font-size: small;\">4080691408<\/span><\/td>\n<td valign=\"TOP\"><span style=\"font-family: arial, helvetica, geneva; font-size: small;\"><b><a href=\"https:\/\/aplicacions.gestioeducativa.gencat.cat\/pls\/soloas\/pk_for_mod_ins.p_for_detall_activitat?p_header=Llista%20d%27activitats^pk_for_mod_ins.p_for_cons_activitats?p_any=2024-2025%26p_totes=S%26p_inici=1%26p_excloure_crp_rec=T&amp;p_codi=4080691408&amp;p_curs=2024-2025&amp;p_excloure_crp_rec=T\">Avancem en la visi\u00f3 d&#8217;escola IV: aprendre amb sentit<\/a><\/b><\/span><\/td>\n<\/tr>\n<tr>\n<td colspan=\"3\"><\/td>\n<td valign=\"TOP\"><span style=\"font-family: arial, helvetica, geneva; font-size: xx-small;\">Formaci\u00f3 interna de centre. ESC El Sol i La Lluna (Castellar del Vall\u00e8s). Del dijous 17\/10\/2024 al 30\/6\/2025 de a<\/span><\/td>\n<\/tr>\n<tr>\n<td><\/td>\n<td valign=\"TOP\"><img loading=\"lazy\" decoding=\"async\" src=\"https:\/\/aplicacions.gestioeducativa.gencat.cat\/est\/gafadm\/img\/ins_ok.gif\" alt=\"Inscripci\u00f3 oberta\" width=\"16\" height=\"16\" border=\"0\" \/><\/td>\n<td valign=\"TOP\"><span style=\"font-family: arial, helvetica, geneva; font-size: small;\">5005060512<\/span><\/td>\n<td valign=\"TOP\"><span style=\"font-family: arial, helvetica, geneva; font-size: small;\"><b><a href=\"https:\/\/aplicacions.gestioeducativa.gencat.cat\/pls\/soloas\/pk_for_mod_ins.p_for_detall_activitat?p_header=Llista%20d%27activitats^pk_for_mod_ins.p_for_cons_activitats?p_any=2024-2025%26p_totes=S%26p_inici=1%26p_excloure_crp_rec=T&amp;p_codi=5005060512&amp;p_curs=2024-2025&amp;p_excloure_crp_rec=T\">Mesures i suports universals<\/a><\/b><\/span><\/td>\n<\/tr>\n<tr>\n<td colspan=\"3\"><\/td>\n<td valign=\"TOP\"><span style=\"font-family: arial, helvetica, geneva; font-size: xx-small;\">Taller. VT Curs a dist\u00e0ncia (A dist\u00e0ncia). Del dilluns 7\/10\/2024 al 2\/12\/2024 de 17:00 a 19:00<\/span><\/td>\n<\/tr>\n<tr>\n<td><\/td>\n<td valign=\"TOP\"><img loading=\"lazy\" decoding=\"async\" src=\"https:\/\/aplicacions.gestioeducativa.gencat.cat\/est\/gafadm\/img\/ins_ok.gif\" alt=\"Inscripci\u00f3 oberta\" width=\"16\" height=\"16\" border=\"0\" \/><\/td>\n<td valign=\"TOP\"><span style=\"font-family: arial, helvetica, geneva; font-size: small;\">5005070512<\/span><\/td>\n<td valign=\"TOP\"><span style=\"font-family: arial, helvetica, geneva; font-size: small;\"><b><a href=\"https:\/\/aplicacions.gestioeducativa.gencat.cat\/pls\/soloas\/pk_for_mod_ins.p_for_detall_activitat?p_header=Llista%20d%27activitats^pk_for_mod_ins.p_for_cons_activitats?p_any=2024-2025%26p_totes=S%26p_inici=1%26p_excloure_crp_rec=T&amp;p_codi=5005070512&amp;p_curs=2024-2025&amp;p_excloure_crp_rec=T\">Mesures i suports universals<\/a><\/b><\/span><\/td>\n<\/tr>\n<tr>\n<td colspan=\"3\"><\/td>\n<td valign=\"TOP\"><span style=\"font-family: arial, helvetica, geneva; font-size: xx-small;\">Taller. VT Curs a dist\u00e0ncia (A dist\u00e0ncia). Del dimarts 8\/10\/2024 al 3\/12\/2024 de 16:00 a 18:00<\/span><\/td>\n<\/tr>\n<tr>\n<td><\/td>\n<td valign=\"TOP\"><img loading=\"lazy\" decoding=\"async\" src=\"https:\/\/aplicacions.gestioeducativa.gencat.cat\/est\/gafadm\/img\/ins_ok.gif\" alt=\"Inscripci\u00f3 oberta\" width=\"16\" height=\"16\" border=\"0\" \/><\/td>\n<td valign=\"TOP\"><span style=\"font-family: arial, helvetica, geneva; font-size: small;\">5005080512<\/span><\/td>\n<td valign=\"TOP\"><span style=\"font-family: arial, helvetica, geneva; font-size: small;\"><b><a href=\"https:\/\/aplicacions.gestioeducativa.gencat.cat\/pls\/soloas\/pk_for_mod_ins.p_for_detall_activitat?p_header=Llista%20d%27activitats^pk_for_mod_ins.p_for_cons_activitats?p_any=2024-2025%26p_totes=S%26p_inici=1%26p_excloure_crp_rec=T&amp;p_codi=5005080512&amp;p_curs=2024-2025&amp;p_excloure_crp_rec=T\">Formaci\u00f3 als centres que incorporen el SIEI<\/a><\/b><\/span><\/td>\n<\/tr>\n<tr>\n<td colspan=\"3\"><\/td>\n<td valign=\"TOP\"><span style=\"font-family: arial, helvetica, geneva; font-size: xx-small;\">Curs. CRP del Giron\u00e8s (Girona). Del dijous 24\/10\/2024 al 22\/5\/2025 de 17:30 a 19:30<\/span><\/td>\n<\/tr>\n<tr>\n<td><\/td>\n<td valign=\"TOP\"><img loading=\"lazy\" decoding=\"async\" src=\"https:\/\/aplicacions.gestioeducativa.gencat.cat\/est\/gafadm\/img\/ins_ok.gif\" alt=\"Inscripci\u00f3 oberta\" width=\"16\" height=\"16\" border=\"0\" \/><\/td>\n<td valign=\"TOP\"><span style=\"font-family: arial, helvetica, geneva; font-size: small;\">5005100505<\/span><\/td>\n<td valign=\"TOP\"><span style=\"font-family: arial, helvetica, geneva; font-size: small;\"><b><a href=\"https:\/\/aplicacions.gestioeducativa.gencat.cat\/pls\/soloas\/pk_for_mod_ins.p_for_detall_activitat?p_header=Llista%20d%27activitats^pk_for_mod_ins.p_for_cons_activitats?p_any=2024-2025%26p_totes=S%26p_inici=1%26p_excloure_crp_rec=T&amp;p_codi=5005100505&amp;p_curs=2024-2025&amp;p_excloure_crp_rec=T\">Les altes capacitats a l&#8217;escola inclusiva: detecci\u00f3 i intervenci\u00f3<\/a><\/b><\/span><\/td>\n<\/tr>\n<tr>\n<td colspan=\"3\"><\/td>\n<td valign=\"TOP\"><span style=\"font-family: arial, helvetica, geneva; font-size: xx-small;\">Curs. VT Curs a dist\u00e0ncia (A dist\u00e0ncia). Del dimarts 15\/10\/2024 al 12\/11\/2024 de 17:30 a 19:30<\/span><\/td>\n<\/tr>\n<tr>\n<td><\/td>\n<td valign=\"TOP\"><img loading=\"lazy\" decoding=\"async\" src=\"https:\/\/aplicacions.gestioeducativa.gencat.cat\/est\/gafadm\/img\/ins_ok.gif\" alt=\"Inscripci\u00f3 oberta\" width=\"16\" height=\"16\" border=\"0\" \/><\/td>\n<td valign=\"TOP\"><span style=\"font-family: arial, helvetica, geneva; font-size: small;\">5010291501<\/span><\/td>\n<td valign=\"TOP\"><span style=\"font-family: arial, helvetica, geneva; font-size: small;\"><b><a href=\"https:\/\/aplicacions.gestioeducativa.gencat.cat\/pls\/soloas\/pk_for_mod_ins.p_for_detall_activitat?p_header=Llista%20d%27activitats^pk_for_mod_ins.p_for_cons_activitats?p_any=2024-2025%26p_totes=S%26p_inici=1%26p_excloure_crp_rec=T&amp;p_codi=5010291501&amp;p_curs=2024-2025&amp;p_excloure_crp_rec=T\">Aprofundiment en Mesures i Suports Universals: personalitzaci\u00f3 a l&#8217;aula<\/a><\/b><\/span><\/td>\n<\/tr>\n<tr>\n<td colspan=\"3\"><\/td>\n<td valign=\"TOP\"><span style=\"font-family: arial, helvetica, geneva; font-size: xx-small;\">Taller a centre. INS de La Jonquera (La Jonquera). Del dimarts 21\/1\/2025 al 18\/3\/2025 de 15:45 a 17:45<\/span><\/td>\n<\/tr>\n<tr>\n<td><\/td>\n<td valign=\"TOP\"><img loading=\"lazy\" decoding=\"async\" src=\"https:\/\/aplicacions.gestioeducativa.gencat.cat\/est\/gafadm\/img\/ins_ok.gif\" alt=\"Inscripci\u00f3 oberta\" width=\"16\" height=\"16\" border=\"0\" \/><\/td>\n<td valign=\"TOP\"><span style=\"font-family: arial, helvetica, geneva; font-size: small;\">5011081501<\/span><\/td>\n<td valign=\"TOP\"><span style=\"font-family: arial, helvetica, geneva; font-size: small;\"><b><a href=\"https:\/\/aplicacions.gestioeducativa.gencat.cat\/pls\/soloas\/pk_for_mod_ins.p_for_detall_activitat?p_header=Llista%20d%27activitats^pk_for_mod_ins.p_for_cons_activitats?p_any=2024-2025%26p_totes=S%26p_inici=1%26p_excloure_crp_rec=T&amp;p_codi=5011081501&amp;p_curs=2024-2025&amp;p_excloure_crp_rec=T\">Coordinaci\u00f3 de mestres d&#8217;Educaci\u00f3 Especial<\/a><\/b><\/span><\/td>\n<\/tr>\n<tr>\n<td colspan=\"3\"><\/td>\n<td valign=\"TOP\"><span style=\"font-family: arial, helvetica, geneva; font-size: xx-small;\">Seminari de coordinaci\u00f3. CRP de l&#8217;Alt Empord\u00e0 (Figueres). Del dimarts 15\/10\/2024 al 17\/6\/2025 de 17:00 a 19:00<\/span><\/td>\n<\/tr>\n<tr>\n<td><\/td>\n<td valign=\"TOP\"><img loading=\"lazy\" decoding=\"async\" src=\"https:\/\/aplicacions.gestioeducativa.gencat.cat\/est\/gafadm\/img\/ins_ok.gif\" alt=\"Inscripci\u00f3 oberta\" width=\"16\" height=\"16\" border=\"0\" \/><\/td>\n<td valign=\"TOP\"><span style=\"font-family: arial, helvetica, geneva; font-size: small;\">5011101501<\/span><\/td>\n<td valign=\"TOP\"><span style=\"font-family: arial, helvetica, geneva; font-size: small;\"><b><a href=\"https:\/\/aplicacions.gestioeducativa.gencat.cat\/pls\/soloas\/pk_for_mod_ins.p_for_detall_activitat?p_header=Llista%20d%27activitats^pk_for_mod_ins.p_for_cons_activitats?p_any=2024-2025%26p_totes=S%26p_inici=1%26p_excloure_crp_rec=T&amp;p_codi=5011101501&amp;p_curs=2024-2025&amp;p_excloure_crp_rec=T\">Orientaci\u00f3 i educaci\u00f3 inclusiva a l&#8217;ESO<\/a><\/b><\/span><\/td>\n<\/tr>\n<tr>\n<td colspan=\"3\"><\/td>\n<td valign=\"TOP\"><span style=\"font-family: arial, helvetica, geneva; font-size: xx-small;\">Seminari. CRP de l&#8217;Alt Empord\u00e0 (Figueres). Del dijous 3\/10\/2024 al 10\/4\/2025 de 16:00 a 18:00<\/span><\/td>\n<\/tr>\n<tr>\n<td><\/td>\n<td valign=\"TOP\"><img loading=\"lazy\" decoding=\"async\" src=\"https:\/\/aplicacions.gestioeducativa.gencat.cat\/est\/gafadm\/img\/ins_ok.gif\" alt=\"Inscripci\u00f3 oberta\" width=\"16\" height=\"16\" border=\"0\" \/><\/td>\n<td valign=\"TOP\"><span style=\"font-family: arial, helvetica, geneva; font-size: small;\">5011111501<\/span><\/td>\n<td valign=\"TOP\"><span style=\"font-family: arial, helvetica, geneva; font-size: small;\"><b><a href=\"https:\/\/aplicacions.gestioeducativa.gencat.cat\/pls\/soloas\/pk_for_mod_ins.p_for_detall_activitat?p_header=Llista%20d%27activitats^pk_for_mod_ins.p_for_cons_activitats?p_any=2024-2025%26p_totes=S%26p_inici=1%26p_excloure_crp_rec=T&amp;p_codi=5011111501&amp;p_curs=2024-2025&amp;p_excloure_crp_rec=T\">Estrat\u00e8gies de treball amb alumnat NESE NEE a educaci\u00f3 infantil<\/a><\/b><\/span><\/td>\n<\/tr>\n<tr>\n<td colspan=\"3\"><\/td>\n<td valign=\"TOP\"><span style=\"font-family: arial, helvetica, geneva; font-size: xx-small;\">Grup de treball. CRP de l&#8217;Alt Empord\u00e0 (Figueres). Del dimarts 1\/10\/2024 al 30\/6\/2025 de 17:30 a 19:00<\/span><\/td>\n<\/tr>\n<tr>\n<td><\/td>\n<td valign=\"TOP\"><img loading=\"lazy\" decoding=\"async\" src=\"https:\/\/aplicacions.gestioeducativa.gencat.cat\/est\/gafadm\/img\/ins_ok.gif\" alt=\"Inscripci\u00f3 oberta\" width=\"16\" height=\"16\" border=\"0\" \/><\/td>\n<td valign=\"TOP\"><span style=\"font-family: arial, helvetica, geneva; font-size: small;\">5011121501<\/span><\/td>\n<td valign=\"TOP\"><span style=\"font-family: arial, helvetica, geneva; font-size: small;\"><b><a href=\"https:\/\/aplicacions.gestioeducativa.gencat.cat\/pls\/soloas\/pk_for_mod_ins.p_for_detall_activitat?p_header=Llista%20d%27activitats^pk_for_mod_ins.p_for_cons_activitats?p_any=2024-2025%26p_totes=S%26p_inici=1%26p_excloure_crp_rec=T&amp;p_codi=5011121501&amp;p_curs=2024-2025&amp;p_excloure_crp_rec=T\">2a Jornada: Accions inclusives per a infants amb necessitats espec\u00edfiques de suport educatiu<\/a><\/b><\/span><\/td>\n<\/tr>\n<tr>\n<td colspan=\"3\"><\/td>\n<td valign=\"TOP\"><span style=\"font-family: arial, helvetica, geneva; font-size: xx-small;\">Jornada \/ Jornades. CRP de l&#8217;Alt Empord\u00e0 (Figueres). Del dissabte 16\/11\/2024 al 16\/11\/2024 de 9:00 a 14:00<\/span><\/td>\n<\/tr>\n<tr>\n<td><\/td>\n<td valign=\"TOP\"><img loading=\"lazy\" decoding=\"async\" src=\"https:\/\/aplicacions.gestioeducativa.gencat.cat\/est\/gafadm\/img\/ins_ok.gif\" alt=\"Inscripci\u00f3 oberta\" width=\"16\" height=\"16\" border=\"0\" \/><\/td>\n<td valign=\"TOP\"><span style=\"font-family: arial, helvetica, geneva; font-size: small;\">5014000512<\/span><\/td>\n<td valign=\"TOP\"><span style=\"font-family: arial, helvetica, geneva; font-size: small;\"><b><a href=\"https:\/\/aplicacions.gestioeducativa.gencat.cat\/pls\/soloas\/pk_for_mod_ins.p_for_detall_activitat?p_header=Llista%20d%27activitats^pk_for_mod_ins.p_for_cons_activitats?p_any=2024-2025%26p_totes=S%26p_inici=1%26p_excloure_crp_rec=T&amp;p_codi=5014000512&amp;p_curs=2024-2025&amp;p_excloure_crp_rec=T\">C\u00e0psula de sensibilitzaci\u00f3 d&#8217;educaci\u00f3 inclusiva<\/a><\/b><\/span><\/td>\n<\/tr>\n<tr>\n<td colspan=\"3\"><\/td>\n<td valign=\"TOP\"><span style=\"font-family: arial, helvetica, geneva; font-size: xx-small;\">Confer\u00e8ncia. INS Olivar Gran (Figueres). Del dilluns 10\/2\/2025 al 10\/2\/2025 de 15:30 a 17:00<\/span><\/td>\n<\/tr>\n<tr>\n<td><\/td>\n<td valign=\"TOP\"><img loading=\"lazy\" decoding=\"async\" src=\"https:\/\/aplicacions.gestioeducativa.gencat.cat\/est\/gafadm\/img\/ins_ok.gif\" alt=\"Inscripci\u00f3 oberta\" width=\"16\" height=\"16\" border=\"0\" \/><\/td>\n<td valign=\"TOP\"><span style=\"font-family: arial, helvetica, geneva; font-size: small;\">5014010512<\/span><\/td>\n<td valign=\"TOP\"><span style=\"font-family: arial, helvetica, geneva; font-size: small;\"><b><a href=\"https:\/\/aplicacions.gestioeducativa.gencat.cat\/pls\/soloas\/pk_for_mod_ins.p_for_detall_activitat?p_header=Llista%20d%27activitats^pk_for_mod_ins.p_for_cons_activitats?p_any=2024-2025%26p_totes=S%26p_inici=1%26p_excloure_crp_rec=T&amp;p_codi=5014010512&amp;p_curs=2024-2025&amp;p_excloure_crp_rec=T\">Mesures i suports universals<\/a><\/b><\/span><\/td>\n<\/tr>\n<tr>\n<td colspan=\"3\"><\/td>\n<td valign=\"TOP\"><span style=\"font-family: arial, helvetica, geneva; font-size: xx-small;\">Taller. ESC Josep de Ribot i Olivas (Vilamalla). Del dilluns 23\/9\/2024 al 9\/12\/2024 de 12:45 a 14:15<\/span><\/td>\n<\/tr>\n<tr>\n<td><\/td>\n<td valign=\"TOP\"><img loading=\"lazy\" decoding=\"async\" src=\"https:\/\/aplicacions.gestioeducativa.gencat.cat\/est\/gafadm\/img\/ins_ok.gif\" alt=\"Inscripci\u00f3 oberta\" width=\"16\" height=\"16\" border=\"0\" \/><\/td>\n<td valign=\"TOP\"><span style=\"font-family: arial, helvetica, geneva; font-size: small;\">5014020512<\/span><\/td>\n<td valign=\"TOP\"><span style=\"font-family: arial, helvetica, geneva; font-size: small;\"><b><a href=\"https:\/\/aplicacions.gestioeducativa.gencat.cat\/pls\/soloas\/pk_for_mod_ins.p_for_detall_activitat?p_header=Llista%20d%27activitats^pk_for_mod_ins.p_for_cons_activitats?p_any=2024-2025%26p_totes=S%26p_inici=1%26p_excloure_crp_rec=T&amp;p_codi=5014020512&amp;p_curs=2024-2025&amp;p_excloure_crp_rec=T\">Mesures i suports universals<\/a><\/b><\/span><\/td>\n<\/tr>\n<tr>\n<td colspan=\"3\"><\/td>\n<td valign=\"TOP\"><span style=\"font-family: arial, helvetica, geneva; font-size: xx-small;\">Taller. ESC Emp\u00faries (L&#8217;Escala). Del dimarts 1\/10\/2024 al 26\/11\/2024 de 16:45 a 18:45<\/span><\/td>\n<\/tr>\n<tr>\n<td><\/td>\n<td valign=\"TOP\"><img loading=\"lazy\" decoding=\"async\" src=\"https:\/\/aplicacions.gestioeducativa.gencat.cat\/est\/gafadm\/img\/ins_ok.gif\" alt=\"Inscripci\u00f3 oberta\" width=\"16\" height=\"16\" border=\"0\" \/><\/td>\n<td valign=\"TOP\"><span style=\"font-family: arial, helvetica, geneva; font-size: small;\">5014030512<\/span><\/td>\n<td valign=\"TOP\"><span style=\"font-family: arial, helvetica, geneva; font-size: small;\"><b><a href=\"https:\/\/aplicacions.gestioeducativa.gencat.cat\/pls\/soloas\/pk_for_mod_ins.p_for_detall_activitat?p_header=Llista%20d%27activitats^pk_for_mod_ins.p_for_cons_activitats?p_any=2024-2025%26p_totes=S%26p_inici=1%26p_excloure_crp_rec=T&amp;p_codi=5014030512&amp;p_curs=2024-2025&amp;p_excloure_crp_rec=T\">Mesures i suports universals<\/a><\/b><\/span><\/td>\n<\/tr>\n<tr>\n<td colspan=\"3\"><\/td>\n<td valign=\"TOP\"><span style=\"font-family: arial, helvetica, geneva; font-size: xx-small;\">Taller. ESC de Cabanes (Cabanes). Del dimecres 9\/10\/2024 al 4\/12\/2024 de 12:30 a 14:00<\/span><\/td>\n<\/tr>\n<tr>\n<td><\/td>\n<td valign=\"TOP\"><img loading=\"lazy\" decoding=\"async\" src=\"https:\/\/aplicacions.gestioeducativa.gencat.cat\/est\/gafadm\/img\/ins_ok.gif\" alt=\"Inscripci\u00f3 oberta\" width=\"16\" height=\"16\" border=\"0\" \/><\/td>\n<td valign=\"TOP\"><span style=\"font-family: arial, helvetica, geneva; font-size: small;\">5014040512<\/span><\/td>\n<td valign=\"TOP\"><span style=\"font-family: arial, helvetica, geneva; font-size: small;\"><b><a href=\"https:\/\/aplicacions.gestioeducativa.gencat.cat\/pls\/soloas\/pk_for_mod_ins.p_for_detall_activitat?p_header=Llista%20d%27activitats^pk_for_mod_ins.p_for_cons_activitats?p_any=2024-2025%26p_totes=S%26p_inici=1%26p_excloure_crp_rec=T&amp;p_codi=5014040512&amp;p_curs=2024-2025&amp;p_excloure_crp_rec=T\">Mesures i suports universals<\/a><\/b><\/span><\/td>\n<\/tr>\n<tr>\n<td colspan=\"3\"><\/td>\n<td valign=\"TOP\"><span style=\"font-family: arial, helvetica, geneva; font-size: xx-small;\">Taller. ESC Torre d&#8217;en Reig (Vilabertran). Del dijous 10\/10\/2024 al 4\/2\/2025 de 13:00 a 14:00<\/span><\/td>\n<\/tr>\n<tr>\n<td><\/td>\n<td valign=\"TOP\"><\/td>\n<td valign=\"TOP\"><span style=\"font-family: arial, helvetica, geneva; font-size: small;\">5014050512<\/span><\/td>\n<td valign=\"TOP\"><span style=\"font-family: arial, helvetica, geneva; font-size: small;\"><b><a href=\"https:\/\/aplicacions.gestioeducativa.gencat.cat\/pls\/soloas\/pk_for_mod_ins.p_for_detall_activitat?p_header=Llista%20d%27activitats^pk_for_mod_ins.p_for_cons_activitats?p_any=2024-2025%26p_totes=S%26p_inici=1%26p_excloure_crp_rec=T&amp;p_codi=5014050512&amp;p_curs=2024-2025&amp;p_excloure_crp_rec=T\">C\u00e0psula de sensibilitzaci\u00f3 d&#8217;educaci\u00f3 inclusiva<\/a><\/b><\/span><\/td>\n<\/tr>\n<tr>\n<td colspan=\"3\"><\/td>\n<td valign=\"TOP\"><span style=\"font-family: arial, helvetica, geneva; font-size: xx-small;\">Confer\u00e8ncia. ESC Torre d&#8217;en Reig (Vilabertran). Del dijous 5\/9\/2024 al 5\/9\/2024 de 9:00 a 10:30<\/span><\/td>\n<\/tr>\n<tr>\n<td><\/td>\n<td valign=\"TOP\"><img loading=\"lazy\" decoding=\"async\" src=\"https:\/\/aplicacions.gestioeducativa.gencat.cat\/est\/gafadm\/img\/ins_ok.gif\" alt=\"Inscripci\u00f3 oberta\" width=\"16\" height=\"16\" border=\"0\" \/><\/td>\n<td valign=\"TOP\"><span style=\"font-family: arial, helvetica, geneva; font-size: small;\">5014060512<\/span><\/td>\n<td valign=\"TOP\"><span style=\"font-family: arial, helvetica, geneva; font-size: small;\"><b><a href=\"https:\/\/aplicacions.gestioeducativa.gencat.cat\/pls\/soloas\/pk_for_mod_ins.p_for_detall_activitat?p_header=Llista%20d%27activitats^pk_for_mod_ins.p_for_cons_activitats?p_any=2024-2025%26p_totes=S%26p_inici=1%26p_excloure_crp_rec=T&amp;p_codi=5014060512&amp;p_curs=2024-2025&amp;p_excloure_crp_rec=T\">Mesures i suports universals<\/a><\/b><\/span><\/td>\n<\/tr>\n<tr>\n<td colspan=\"3\"><\/td>\n<td valign=\"TOP\"><span style=\"font-family: arial, helvetica, geneva; font-size: xx-small;\">Taller. ESC Joaquim Cus\u00ed i Furtunet (Figueres). Del dilluns 20\/1\/2025 al 31\/3\/2025 de 16:00 a 18:00<\/span><\/td>\n<\/tr>\n<tr>\n<td><\/td>\n<td valign=\"TOP\"><\/td>\n<td valign=\"TOP\"><span style=\"font-family: arial, helvetica, geneva; font-size: small;\">5014080512<\/span><\/td>\n<td valign=\"TOP\"><span style=\"font-family: arial, helvetica, geneva; font-size: small;\"><b><a href=\"https:\/\/aplicacions.gestioeducativa.gencat.cat\/pls\/soloas\/pk_for_mod_ins.p_for_detall_activitat?p_header=Llista%20d%27activitats^pk_for_mod_ins.p_for_cons_activitats?p_any=2024-2025%26p_totes=S%26p_inici=1%26p_excloure_crp_rec=T&amp;p_codi=5014080512&amp;p_curs=2024-2025&amp;p_excloure_crp_rec=T\">Mesures i suports universals<\/a><\/b><\/span><\/td>\n<\/tr>\n<tr>\n<td colspan=\"3\"><\/td>\n<td valign=\"TOP\"><span style=\"font-family: arial, helvetica, geneva; font-size: xx-small;\">Taller. ESC Les M\u00e8lies (Vilafant). Del dilluns 13\/1\/2025 al 17\/3\/2025 de a<\/span><\/td>\n<\/tr>\n<tr>\n<td><\/td>\n<td valign=\"TOP\"><img loading=\"lazy\" decoding=\"async\" src=\"https:\/\/aplicacions.gestioeducativa.gencat.cat\/est\/gafadm\/img\/ins_ok.gif\" alt=\"Inscripci\u00f3 oberta\" width=\"16\" height=\"16\" border=\"0\" \/><\/td>\n<td valign=\"TOP\"><span style=\"font-family: arial, helvetica, geneva; font-size: small;\">5020131502<\/span><\/td>\n<td valign=\"TOP\"><span style=\"font-family: arial, helvetica, geneva; font-size: small;\"><b><a href=\"https:\/\/aplicacions.gestioeducativa.gencat.cat\/pls\/soloas\/pk_for_mod_ins.p_for_detall_activitat?p_header=Llista%20d%27activitats^pk_for_mod_ins.p_for_cons_activitats?p_any=2024-2025%26p_totes=S%26p_inici=1%26p_excloure_crp_rec=T&amp;p_codi=5020131502&amp;p_curs=2024-2025&amp;p_excloure_crp_rec=T\">Formaci\u00f3 de professionals que fan suport a la inclusi\u00f3 SEEZ<\/a><\/b><\/span><\/td>\n<\/tr>\n<tr>\n<td colspan=\"3\"><\/td>\n<td valign=\"TOP\"><span style=\"font-family: arial, helvetica, geneva; font-size: xx-small;\">Seminari de coordinaci\u00f3. CRP del Baix Empord\u00e0 (La Bisbal d&#8217;Empord\u00e0). Del dimarts 15\/10\/2024 al 29\/4\/2025 de 17:30 a 19:30<\/span><\/td>\n<\/tr>\n<tr>\n<td><\/td>\n<td valign=\"TOP\"><img loading=\"lazy\" decoding=\"async\" src=\"https:\/\/aplicacions.gestioeducativa.gencat.cat\/est\/gafadm\/img\/ins_ok.gif\" alt=\"Inscripci\u00f3 oberta\" width=\"16\" height=\"16\" border=\"0\" \/><\/td>\n<td valign=\"TOP\"><span style=\"font-family: arial, helvetica, geneva; font-size: small;\">5020151502<\/span><\/td>\n<td valign=\"TOP\"><span style=\"font-family: arial, helvetica, geneva; font-size: small;\"><b><a href=\"https:\/\/aplicacions.gestioeducativa.gencat.cat\/pls\/soloas\/pk_for_mod_ins.p_for_detall_activitat?p_header=Llista%20d%27activitats^pk_for_mod_ins.p_for_cons_activitats?p_any=2024-2025%26p_totes=S%26p_inici=1%26p_excloure_crp_rec=T&amp;p_codi=5020151502&amp;p_curs=2024-2025&amp;p_excloure_crp_rec=T\">Coordinaci\u00f3 de SIEI (Prim\u00e0ria)<\/a><\/b><\/span><\/td>\n<\/tr>\n<tr>\n<td colspan=\"3\"><\/td>\n<td valign=\"TOP\"><span style=\"font-family: arial, helvetica, geneva; font-size: xx-small;\">Seminari de coordinaci\u00f3. CRP del Baix Empord\u00e0 (La Bisbal d&#8217;Empord\u00e0). Del dimarts 15\/10\/2024 al 16\/6\/2025 de 17:30 a 19:30<\/span><\/td>\n<\/tr>\n<tr>\n<td><\/td>\n<td valign=\"TOP\"><img loading=\"lazy\" decoding=\"async\" src=\"https:\/\/aplicacions.gestioeducativa.gencat.cat\/est\/gafadm\/img\/ins_ok.gif\" alt=\"Inscripci\u00f3 oberta\" width=\"16\" height=\"16\" border=\"0\" \/><\/td>\n<td valign=\"TOP\"><span style=\"font-family: arial, helvetica, geneva; font-size: small;\">5020161502<\/span><\/td>\n<td valign=\"TOP\"><span style=\"font-family: arial, helvetica, geneva; font-size: small;\"><b><a href=\"https:\/\/aplicacions.gestioeducativa.gencat.cat\/pls\/soloas\/pk_for_mod_ins.p_for_detall_activitat?p_header=Llista%20d%27activitats^pk_for_mod_ins.p_for_cons_activitats?p_any=2024-2025%26p_totes=S%26p_inici=1%26p_excloure_crp_rec=T&amp;p_codi=5020161502&amp;p_curs=2024-2025&amp;p_excloure_crp_rec=T\">Coordinaci\u00f3 de SIEI (Secund\u00e0ria)<\/a><\/b><\/span><\/td>\n<\/tr>\n<tr>\n<td colspan=\"3\"><\/td>\n<td valign=\"TOP\"><span style=\"font-family: arial, helvetica, geneva; font-size: xx-small;\">Seminari de coordinaci\u00f3. CRP del Baix Empord\u00e0 (La Bisbal d&#8217;Empord\u00e0). Del dimarts 15\/10\/2024 al 16\/6\/2025 de 17:30 a 19:30<\/span><\/td>\n<\/tr>\n<tr>\n<td><\/td>\n<td valign=\"TOP\"><img loading=\"lazy\" decoding=\"async\" src=\"https:\/\/aplicacions.gestioeducativa.gencat.cat\/est\/gafadm\/img\/ins_ok.gif\" alt=\"Inscripci\u00f3 oberta\" width=\"16\" height=\"16\" border=\"0\" \/><\/td>\n<td valign=\"TOP\"><span style=\"font-family: arial, helvetica, geneva; font-size: small;\">5020571502<\/span><\/td>\n<td valign=\"TOP\"><span style=\"font-family: arial, helvetica, geneva; font-size: small;\"><b><a href=\"https:\/\/aplicacions.gestioeducativa.gencat.cat\/pls\/soloas\/pk_for_mod_ins.p_for_detall_activitat?p_header=Llista%20d%27activitats^pk_for_mod_ins.p_for_cons_activitats?p_any=2024-2025%26p_totes=S%26p_inici=1%26p_excloure_crp_rec=T&amp;p_codi=5020571502&amp;p_curs=2024-2025&amp;p_excloure_crp_rec=T\">Estrat\u00e8gies metodol\u00f2giques per atendre la diversitat i personalitzar l&#8217;aprenentatge II<\/a><\/b><\/span><\/td>\n<\/tr>\n<tr>\n<td colspan=\"3\"><\/td>\n<td valign=\"TOP\"><span style=\"font-family: arial, helvetica, geneva; font-size: xx-small;\">Taller a centre. ESC Puig Rod\u00f3 &#8211; ZER Montgr\u00ed (Ull\u00e0). Del dilluns 14\/10\/2024 al 16\/6\/2025 de a<\/span><\/td>\n<\/tr>\n<tr>\n<td><\/td>\n<td valign=\"TOP\"><img loading=\"lazy\" decoding=\"async\" src=\"https:\/\/aplicacions.gestioeducativa.gencat.cat\/est\/gafadm\/img\/ins_ok.gif\" alt=\"Inscripci\u00f3 oberta\" width=\"16\" height=\"16\" border=\"0\" \/><\/td>\n<td valign=\"TOP\"><span style=\"font-family: arial, helvetica, geneva; font-size: small;\">5020600512<\/span><\/td>\n<td valign=\"TOP\"><span style=\"font-family: arial, helvetica, geneva; font-size: small;\"><b><a href=\"https:\/\/aplicacions.gestioeducativa.gencat.cat\/pls\/soloas\/pk_for_mod_ins.p_for_detall_activitat?p_header=Llista%20d%27activitats^pk_for_mod_ins.p_for_cons_activitats?p_any=2024-2025%26p_totes=S%26p_inici=1%26p_excloure_crp_rec=T&amp;p_codi=5020600512&amp;p_curs=2024-2025&amp;p_excloure_crp_rec=T\">C\u00e0psula de sensibilitzaci\u00f3 d&#8217;educaci\u00f3 inclusiva<\/a><\/b><\/span><\/td>\n<\/tr>\n<tr>\n<td colspan=\"3\"><\/td>\n<td valign=\"TOP\"><span style=\"font-family: arial, helvetica, geneva; font-size: xx-small;\">Confer\u00e8ncia. INS Montgr\u00ed (Torroella de Montgr\u00ed). Del dimecres 25\/9\/2024 al 25\/9\/2024 de 15:30 a 17:30<\/span><\/td>\n<\/tr>\n<tr>\n<td><\/td>\n<td valign=\"TOP\"><img loading=\"lazy\" decoding=\"async\" src=\"https:\/\/aplicacions.gestioeducativa.gencat.cat\/est\/gafadm\/img\/ins_ok.gif\" alt=\"Inscripci\u00f3 oberta\" width=\"16\" height=\"16\" border=\"0\" \/><\/td>\n<td valign=\"TOP\"><span style=\"font-family: arial, helvetica, geneva; font-size: small;\">5020880512<\/span><\/td>\n<td valign=\"TOP\"><span style=\"font-family: arial, helvetica, geneva; font-size: small;\"><b><a href=\"https:\/\/aplicacions.gestioeducativa.gencat.cat\/pls\/soloas\/pk_for_mod_ins.p_for_detall_activitat?p_header=Llista%20d%27activitats^pk_for_mod_ins.p_for_cons_activitats?p_any=2024-2025%26p_totes=S%26p_inici=1%26p_excloure_crp_rec=T&amp;p_codi=5020880512&amp;p_curs=2024-2025&amp;p_excloure_crp_rec=T\">Mesures i suports universals<\/a><\/b><\/span><\/td>\n<\/tr>\n<tr>\n<td colspan=\"3\"><\/td>\n<td valign=\"TOP\"><span style=\"font-family: arial, helvetica, geneva; font-size: xx-small;\">Taller. ESC Quermany (Pals). Del dilluns 14\/10\/2024 al 3\/6\/2025 de a<\/span><\/td>\n<\/tr>\n<tr>\n<td><\/td>\n<td valign=\"TOP\"><img loading=\"lazy\" decoding=\"async\" src=\"https:\/\/aplicacions.gestioeducativa.gencat.cat\/est\/gafadm\/img\/ins_ok.gif\" alt=\"Inscripci\u00f3 oberta\" width=\"16\" height=\"16\" border=\"0\" \/><\/td>\n<td valign=\"TOP\"><span style=\"font-family: arial, helvetica, geneva; font-size: small;\">5020890512<\/span><\/td>\n<td valign=\"TOP\"><span style=\"font-family: arial, helvetica, geneva; font-size: small;\"><b><a href=\"https:\/\/aplicacions.gestioeducativa.gencat.cat\/pls\/soloas\/pk_for_mod_ins.p_for_detall_activitat?p_header=Llista%20d%27activitats^pk_for_mod_ins.p_for_cons_activitats?p_any=2024-2025%26p_totes=S%26p_inici=1%26p_excloure_crp_rec=T&amp;p_codi=5020890512&amp;p_curs=2024-2025&amp;p_excloure_crp_rec=T\">Mesures i suports universals<\/a><\/b><\/span><\/td>\n<\/tr>\n<tr>\n<td colspan=\"3\"><\/td>\n<td valign=\"TOP\"><span style=\"font-family: arial, helvetica, geneva; font-size: xx-small;\">Taller. ESC Doctor Arruga (Begur). Del dilluns 14\/10\/2024 al 13\/6\/2025 de a<\/span><\/td>\n<\/tr>\n<tr>\n<td><\/td>\n<td valign=\"TOP\"><img loading=\"lazy\" decoding=\"async\" src=\"https:\/\/aplicacions.gestioeducativa.gencat.cat\/est\/gafadm\/img\/ins_ok.gif\" alt=\"Inscripci\u00f3 oberta\" width=\"16\" height=\"16\" border=\"0\" \/><\/td>\n<td valign=\"TOP\"><span style=\"font-family: arial, helvetica, geneva; font-size: small;\">5021060512<\/span><\/td>\n<td valign=\"TOP\"><span style=\"font-family: arial, helvetica, geneva; font-size: small;\"><b><a href=\"https:\/\/aplicacions.gestioeducativa.gencat.cat\/pls\/soloas\/pk_for_mod_ins.p_for_detall_activitat?p_header=Llista%20d%27activitats^pk_for_mod_ins.p_for_cons_activitats?p_any=2024-2025%26p_totes=S%26p_inici=1%26p_excloure_crp_rec=T&amp;p_codi=5021060512&amp;p_curs=2024-2025&amp;p_excloure_crp_rec=T\">Mesures i suports universals<\/a><\/b><\/span><\/td>\n<\/tr>\n<tr>\n<td colspan=\"3\"><\/td>\n<td valign=\"TOP\"><span style=\"font-family: arial, helvetica, geneva; font-size: xx-small;\">Taller. ESC Vall d&#8217;Aro (Castell-Platja d&#8217;Aro). Del dilluns 23\/9\/2024 al 25\/11\/2024 de 15:00 a 16:30<\/span><\/td>\n<\/tr>\n<tr>\n<td><\/td>\n<td valign=\"TOP\"><img loading=\"lazy\" decoding=\"async\" src=\"https:\/\/aplicacions.gestioeducativa.gencat.cat\/est\/gafadm\/img\/ins_ok.gif\" alt=\"Inscripci\u00f3 oberta\" width=\"16\" height=\"16\" border=\"0\" \/><\/td>\n<td valign=\"TOP\"><span style=\"font-family: arial, helvetica, geneva; font-size: small;\">5021070512<\/span><\/td>\n<td valign=\"TOP\"><span style=\"font-family: arial, helvetica, geneva; font-size: small;\"><b><a href=\"https:\/\/aplicacions.gestioeducativa.gencat.cat\/pls\/soloas\/pk_for_mod_ins.p_for_detall_activitat?p_header=Llista%20d%27activitats^pk_for_mod_ins.p_for_cons_activitats?p_any=2024-2025%26p_totes=S%26p_inici=1%26p_excloure_crp_rec=T&amp;p_codi=5021070512&amp;p_curs=2024-2025&amp;p_excloure_crp_rec=T\">Mesures i suports universals<\/a><\/b><\/span><\/td>\n<\/tr>\n<tr>\n<td colspan=\"3\"><\/td>\n<td valign=\"TOP\"><span style=\"font-family: arial, helvetica, geneva; font-size: xx-small;\">Taller. ESC Fanals d&#8217;Aro (Castell-Platja d&#8217;Aro). Del dimecres 25\/9\/2024 al 11\/12\/2024 de 14:15 a 15:45<\/span><\/td>\n<\/tr>\n<tr>\n<td><\/td>\n<td valign=\"TOP\"><\/td>\n<td valign=\"TOP\"><span style=\"font-family: arial, helvetica, geneva; font-size: small;\">5021110512<\/span><\/td>\n<td valign=\"TOP\"><span style=\"font-family: arial, helvetica, geneva; font-size: small;\"><b><a href=\"https:\/\/aplicacions.gestioeducativa.gencat.cat\/pls\/soloas\/pk_for_mod_ins.p_for_detall_activitat?p_header=Llista%20d%27activitats^pk_for_mod_ins.p_for_cons_activitats?p_any=2024-2025%26p_totes=S%26p_inici=1%26p_excloure_crp_rec=T&amp;p_codi=5021110512&amp;p_curs=2024-2025&amp;p_excloure_crp_rec=T\">C\u00e0psula de sensibilitzaci\u00f3 d&#8217;educaci\u00f3 inclusiva<\/a><\/b><\/span><\/td>\n<\/tr>\n<tr>\n<td colspan=\"3\"><\/td>\n<td valign=\"TOP\"><span style=\"font-family: arial, helvetica, geneva; font-size: xx-small;\">Confer\u00e8ncia. INS Ridaura (Castell-Platja d&#8217;Aro). Del dimecres 18\/9\/2024 al 18\/9\/2024 de 15:30 a 17:30<\/span><\/td>\n<\/tr>\n<tr>\n<td><\/td>\n<td valign=\"TOP\"><img loading=\"lazy\" decoding=\"async\" src=\"https:\/\/aplicacions.gestioeducativa.gencat.cat\/est\/gafadm\/img\/ins_ok.gif\" alt=\"Inscripci\u00f3 oberta\" width=\"16\" height=\"16\" border=\"0\" \/><\/td>\n<td valign=\"TOP\"><span style=\"font-family: arial, helvetica, geneva; font-size: small;\">5021170512<\/span><\/td>\n<td valign=\"TOP\"><span style=\"font-family: arial, helvetica, geneva; font-size: small;\"><b><a href=\"https:\/\/aplicacions.gestioeducativa.gencat.cat\/pls\/soloas\/pk_for_mod_ins.p_for_detall_activitat?p_header=Llista%20d%27activitats^pk_for_mod_ins.p_for_cons_activitats?p_any=2024-2025%26p_totes=S%26p_inici=1%26p_excloure_crp_rec=T&amp;p_codi=5021170512&amp;p_curs=2024-2025&amp;p_excloure_crp_rec=T\">C\u00e0psula de sensibilitzaci\u00f3 d&#8217;educaci\u00f3 inclusiva<\/a><\/b><\/span><\/td>\n<\/tr>\n<tr>\n<td colspan=\"3\"><\/td>\n<td valign=\"TOP\"><span style=\"font-family: arial, helvetica, geneva; font-size: xx-small;\">Confer\u00e8ncia. ESC L&#8217;Estaci\u00f3 (Sant Feliu de Gu\u00edxols). Del diumenge 22\/9\/2024 al 22\/9\/2024 de a<\/span><\/td>\n<\/tr>\n<tr>\n<td><\/td>\n<td valign=\"TOP\"><\/td>\n<td valign=\"TOP\"><span style=\"font-family: arial, helvetica, geneva; font-size: small;\">5021210512<\/span><\/td>\n<td valign=\"TOP\"><span style=\"font-family: arial, helvetica, geneva; font-size: small;\"><b><a href=\"https:\/\/aplicacions.gestioeducativa.gencat.cat\/pls\/soloas\/pk_for_mod_ins.p_for_detall_activitat?p_header=Llista%20d%27activitats^pk_for_mod_ins.p_for_cons_activitats?p_any=2024-2025%26p_totes=S%26p_inici=1%26p_excloure_crp_rec=T&amp;p_codi=5021210512&amp;p_curs=2024-2025&amp;p_excloure_crp_rec=T\">Mesures i suports universals<\/a><\/b><\/span><\/td>\n<\/tr>\n<tr>\n<td colspan=\"3\"><\/td>\n<td valign=\"TOP\"><span style=\"font-family: arial, helvetica, geneva; font-size: xx-small;\">Taller. ESC Moss\u00e8n Baldiri Reixach (Sant Feliu de Gu\u00edxols). Del dimarts 17\/9\/2024 al 26\/11\/2024 de 17:00 a 19:00<\/span><\/td>\n<\/tr>\n<tr>\n<td><\/td>\n<td valign=\"TOP\"><img loading=\"lazy\" decoding=\"async\" src=\"https:\/\/aplicacions.gestioeducativa.gencat.cat\/est\/gafadm\/img\/ins_ok.gif\" alt=\"Inscripci\u00f3 oberta\" width=\"16\" height=\"16\" border=\"0\" \/><\/td>\n<td valign=\"TOP\"><span style=\"font-family: arial, helvetica, geneva; font-size: small;\">5021260512<\/span><\/td>\n<td valign=\"TOP\"><span style=\"font-family: arial, helvetica, geneva; font-size: small;\"><b><a href=\"https:\/\/aplicacions.gestioeducativa.gencat.cat\/pls\/soloas\/pk_for_mod_ins.p_for_detall_activitat?p_header=Llista%20d%27activitats^pk_for_mod_ins.p_for_cons_activitats?p_any=2024-2025%26p_totes=S%26p_inici=1%26p_excloure_crp_rec=T&amp;p_codi=5021260512&amp;p_curs=2024-2025&amp;p_excloure_crp_rec=T\">Mesures i suports universals<\/a><\/b><\/span><\/td>\n<\/tr>\n<tr>\n<td colspan=\"3\"><\/td>\n<td valign=\"TOP\"><span style=\"font-family: arial, helvetica, geneva; font-size: xx-small;\">Taller. C La Salle (Palam\u00f3s). Del dilluns 7\/4\/2025 al 19\/5\/2025 de 17:15 a 19:15<\/span><\/td>\n<\/tr>\n<tr>\n<td><\/td>\n<td valign=\"TOP\"><img loading=\"lazy\" decoding=\"async\" src=\"https:\/\/aplicacions.gestioeducativa.gencat.cat\/est\/gafadm\/img\/ins_ok.gif\" alt=\"Inscripci\u00f3 oberta\" width=\"16\" height=\"16\" border=\"0\" \/><\/td>\n<td valign=\"TOP\"><span style=\"font-family: arial, helvetica, geneva; font-size: small;\">5021300512<\/span><\/td>\n<td valign=\"TOP\"><span style=\"font-family: arial, helvetica, geneva; font-size: small;\"><b><a href=\"https:\/\/aplicacions.gestioeducativa.gencat.cat\/pls\/soloas\/pk_for_mod_ins.p_for_detall_activitat?p_header=Llista%20d%27activitats^pk_for_mod_ins.p_for_cons_activitats?p_any=2024-2025%26p_totes=S%26p_inici=1%26p_excloure_crp_rec=T&amp;p_codi=5021300512&amp;p_curs=2024-2025&amp;p_excloure_crp_rec=T\">C\u00e0psula de sensibilitzaci\u00f3 d&#8217;educaci\u00f3 inclusiva<\/a><\/b><\/span><\/td>\n<\/tr>\n<tr>\n<td colspan=\"3\"><\/td>\n<td valign=\"TOP\"><span style=\"font-family: arial, helvetica, geneva; font-size: xx-small;\">Confer\u00e8ncia. ESC Torres Jonama (Palafrugell). Del dimarts 24\/9\/2024 al 24\/9\/2024 de 12:30 a<\/span><\/td>\n<\/tr>\n<tr>\n<td><\/td>\n<td valign=\"TOP\"><img loading=\"lazy\" decoding=\"async\" src=\"https:\/\/aplicacions.gestioeducativa.gencat.cat\/est\/gafadm\/img\/ins_ok.gif\" alt=\"Inscripci\u00f3 oberta\" width=\"16\" height=\"16\" border=\"0\" \/><\/td>\n<td valign=\"TOP\"><span style=\"font-family: arial, helvetica, geneva; font-size: small;\">5030191503<\/span><\/td>\n<td valign=\"TOP\"><span style=\"font-family: arial, helvetica, geneva; font-size: small;\"><b><a href=\"https:\/\/aplicacions.gestioeducativa.gencat.cat\/pls\/soloas\/pk_for_mod_ins.p_for_detall_activitat?p_header=Llista%20d%27activitats^pk_for_mod_ins.p_for_cons_activitats?p_any=2024-2025%26p_totes=S%26p_inici=1%26p_excloure_crp_rec=T&amp;p_codi=5030191503&amp;p_curs=2024-2025&amp;p_excloure_crp_rec=T\">Suport Signat a l\u2019escola: un recurs gestual que afavoreix la comunicaci\u00f3.<\/a><\/b><\/span><\/td>\n<\/tr>\n<tr>\n<td colspan=\"3\"><\/td>\n<td valign=\"TOP\"><span style=\"font-family: arial, helvetica, geneva; font-size: xx-small;\">Curs. ESC Mare de D\u00e9u de Tall\u00f3 (Bellver de Cerdanya). Del dilluns 13\/1\/2025 al 30\/5\/2025 de 11:00 a<\/span><\/td>\n<\/tr>\n<tr>\n<td><\/td>\n<td valign=\"TOP\"><img loading=\"lazy\" decoding=\"async\" src=\"https:\/\/aplicacions.gestioeducativa.gencat.cat\/est\/gafadm\/img\/ins_ok.gif\" alt=\"Inscripci\u00f3 oberta\" width=\"16\" height=\"16\" border=\"0\" \/><\/td>\n<td valign=\"TOP\"><span style=\"font-family: arial, helvetica, geneva; font-size: small;\">5040300512<\/span><\/td>\n<td valign=\"TOP\"><span style=\"font-family: arial, helvetica, geneva; font-size: small;\"><b><a href=\"https:\/\/aplicacions.gestioeducativa.gencat.cat\/pls\/soloas\/pk_for_mod_ins.p_for_detall_activitat?p_header=Llista%20d%27activitats^pk_for_mod_ins.p_for_cons_activitats?p_any=2024-2025%26p_totes=S%26p_inici=1%26p_excloure_crp_rec=T&amp;p_codi=5040300512&amp;p_curs=2024-2025&amp;p_excloure_crp_rec=T\">C\u00e0psula de sensibilitzaci\u00f3 d&#8217;educaci\u00f3 inclusiva<\/a><\/b><\/span><\/td>\n<\/tr>\n<tr>\n<td colspan=\"3\"><\/td>\n<td valign=\"TOP\"><span style=\"font-family: arial, helvetica, geneva; font-size: xx-small;\">Confer\u00e8ncia. ESC Rocalba (Sant Feliu de Pallerols). Del divendres 4\/10\/2024 al 4\/10\/2024 de 11:00 a 13:00<\/span><\/td>\n<\/tr>\n<tr>\n<td><\/td>\n<td valign=\"TOP\"><img loading=\"lazy\" decoding=\"async\" src=\"https:\/\/aplicacions.gestioeducativa.gencat.cat\/est\/gafadm\/img\/ins_ok.gif\" alt=\"Inscripci\u00f3 oberta\" width=\"16\" height=\"16\" border=\"0\" \/><\/td>\n<td valign=\"TOP\"><span style=\"font-family: arial, helvetica, geneva; font-size: small;\">5040350512<\/span><\/td>\n<td valign=\"TOP\"><span style=\"font-family: arial, helvetica, geneva; font-size: small;\"><b><a href=\"https:\/\/aplicacions.gestioeducativa.gencat.cat\/pls\/soloas\/pk_for_mod_ins.p_for_detall_activitat?p_header=Llista%20d%27activitats^pk_for_mod_ins.p_for_cons_activitats?p_any=2024-2025%26p_totes=S%26p_inici=1%26p_excloure_crp_rec=T&amp;p_codi=5040350512&amp;p_curs=2024-2025&amp;p_excloure_crp_rec=T\">Mesures i suports universals<\/a><\/b><\/span><\/td>\n<\/tr>\n<tr>\n<td colspan=\"3\"><\/td>\n<td valign=\"TOP\"><span style=\"font-family: arial, helvetica, geneva; font-size: xx-small;\">Taller. ESC Malagrida (Olot). Del dimecres 25\/9\/2024 al 20\/11\/2024 de 17:45 a 19:15<\/span><\/td>\n<\/tr>\n<tr>\n<td><\/td>\n<td valign=\"TOP\"><img loading=\"lazy\" decoding=\"async\" src=\"https:\/\/aplicacions.gestioeducativa.gencat.cat\/est\/gafadm\/img\/ins_ok.gif\" alt=\"Inscripci\u00f3 oberta\" width=\"16\" height=\"16\" border=\"0\" \/><\/td>\n<td valign=\"TOP\"><span style=\"font-family: arial, helvetica, geneva; font-size: small;\">5040470512<\/span><\/td>\n<td valign=\"TOP\"><span style=\"font-family: arial, helvetica, geneva; font-size: small;\"><b><a href=\"https:\/\/aplicacions.gestioeducativa.gencat.cat\/pls\/soloas\/pk_for_mod_ins.p_for_detall_activitat?p_header=Llista%20d%27activitats^pk_for_mod_ins.p_for_cons_activitats?p_any=2024-2025%26p_totes=S%26p_inici=1%26p_excloure_crp_rec=T&amp;p_codi=5040470512&amp;p_curs=2024-2025&amp;p_excloure_crp_rec=T\">C\u00e0psula de sensibilitzaci\u00f3 d&#8217;educaci\u00f3 inclusiva<\/a><\/b><\/span><\/td>\n<\/tr>\n<tr>\n<td colspan=\"3\"><\/td>\n<td valign=\"TOP\"><span style=\"font-family: arial, helvetica, geneva; font-size: xx-small;\">Confer\u00e8ncia. ESC Les Escomes (Sant Jaume de Llierca). Del dilluns 4\/11\/2024 al 4\/11\/2024 de 12:30 a 13:30<\/span><\/td>\n<\/tr>\n<tr>\n<td><\/td>\n<td valign=\"TOP\"><img loading=\"lazy\" decoding=\"async\" src=\"https:\/\/aplicacions.gestioeducativa.gencat.cat\/est\/gafadm\/img\/ins_ok.gif\" alt=\"Inscripci\u00f3 oberta\" width=\"16\" height=\"16\" border=\"0\" \/><\/td>\n<td valign=\"TOP\"><span style=\"font-family: arial, helvetica, geneva; font-size: small;\">5040520512<\/span><\/td>\n<td valign=\"TOP\"><span style=\"font-family: arial, helvetica, geneva; font-size: small;\"><b><a href=\"https:\/\/aplicacions.gestioeducativa.gencat.cat\/pls\/soloas\/pk_for_mod_ins.p_for_detall_activitat?p_header=Llista%20d%27activitats^pk_for_mod_ins.p_for_cons_activitats?p_any=2024-2025%26p_totes=S%26p_inici=1%26p_excloure_crp_rec=T&amp;p_codi=5040520512&amp;p_curs=2024-2025&amp;p_excloure_crp_rec=T\">Mesures i suports universals<\/a><\/b><\/span><\/td>\n<\/tr>\n<tr>\n<td colspan=\"3\"><\/td>\n<td valign=\"TOP\"><span style=\"font-family: arial, helvetica, geneva; font-size: xx-small;\">Taller. ESC Castellroc (Castellfollit de la Roca). Del dimecres 2\/10\/2024 al 22\/1\/2025 de 16:15 a 17:15<\/span><\/td>\n<\/tr>\n<tr>\n<td><\/td>\n<td valign=\"TOP\"><img loading=\"lazy\" decoding=\"async\" src=\"https:\/\/aplicacions.gestioeducativa.gencat.cat\/est\/gafadm\/img\/ins_ok.gif\" alt=\"Inscripci\u00f3 oberta\" width=\"16\" height=\"16\" border=\"0\" \/><\/td>\n<td valign=\"TOP\"><span style=\"font-family: arial, helvetica, geneva; font-size: small;\">5040770512<\/span><\/td>\n<td valign=\"TOP\"><span style=\"font-family: arial, helvetica, geneva; font-size: small;\"><b><a href=\"https:\/\/aplicacions.gestioeducativa.gencat.cat\/pls\/soloas\/pk_for_mod_ins.p_for_detall_activitat?p_header=Llista%20d%27activitats^pk_for_mod_ins.p_for_cons_activitats?p_any=2024-2025%26p_totes=S%26p_inici=1%26p_excloure_crp_rec=T&amp;p_codi=5040770512&amp;p_curs=2024-2025&amp;p_excloure_crp_rec=T\">C\u00e0psula de sensibilitzaci\u00f3 d&#8217;educaci\u00f3 inclusiva<\/a><\/b><\/span><\/td>\n<\/tr>\n<tr>\n<td colspan=\"3\"><\/td>\n<td valign=\"TOP\"><span style=\"font-family: arial, helvetica, geneva; font-size: xx-small;\">Confer\u00e8ncia. C Escola Pia d&#8217;Olot (Olot). Del dijous 26\/9\/2024 al 26\/9\/2024 de 17:15 a 18:45<\/span><\/td>\n<\/tr>\n<tr>\n<td><\/td>\n<td valign=\"TOP\"><img loading=\"lazy\" decoding=\"async\" src=\"https:\/\/aplicacions.gestioeducativa.gencat.cat\/est\/gafadm\/img\/ins_ok.gif\" alt=\"Inscripci\u00f3 oberta\" width=\"16\" height=\"16\" border=\"0\" \/><\/td>\n<td valign=\"TOP\"><span style=\"font-family: arial, helvetica, geneva; font-size: small;\">5040821504<\/span><\/td>\n<td valign=\"TOP\"><span style=\"font-family: arial, helvetica, geneva; font-size: small;\"><b><a href=\"https:\/\/aplicacions.gestioeducativa.gencat.cat\/pls\/soloas\/pk_for_mod_ins.p_for_detall_activitat?p_header=Llista%20d%27activitats^pk_for_mod_ins.p_for_cons_activitats?p_any=2024-2025%26p_totes=S%26p_inici=1%26p_excloure_crp_rec=T&amp;p_codi=5040821504&amp;p_curs=2024-2025&amp;p_excloure_crp_rec=T\">C\u00e0psula detecci\u00f3 de barreres<\/a><\/b><\/span><\/td>\n<\/tr>\n<tr>\n<td colspan=\"3\"><\/td>\n<td valign=\"TOP\"><span style=\"font-family: arial, helvetica, geneva; font-size: xx-small;\">Taller. CRP de la Garrotxa (Olot). Del dimecres 9\/10\/2024 al 9\/10\/2024 de 9:00 a 10:30<\/span><\/td>\n<\/tr>\n<tr>\n<td><\/td>\n<td valign=\"TOP\"><\/td>\n<td valign=\"TOP\"><span style=\"font-family: arial, helvetica, geneva; font-size: small;\">5041070512<\/span><\/td>\n<td valign=\"TOP\"><span style=\"font-family: arial, helvetica, geneva; font-size: small;\"><b><a href=\"https:\/\/aplicacions.gestioeducativa.gencat.cat\/pls\/soloas\/pk_for_mod_ins.p_for_detall_activitat?p_header=Llista%20d%27activitats^pk_for_mod_ins.p_for_cons_activitats?p_any=2024-2025%26p_totes=S%26p_inici=1%26p_excloure_crp_rec=T&amp;p_codi=5041070512&amp;p_curs=2024-2025&amp;p_excloure_crp_rec=T\">C\u00e0psula de sensibilitzaci\u00f3 d&#8217;educaci\u00f3 inclusiva<\/a><\/b><\/span><\/td>\n<\/tr>\n<tr>\n<td colspan=\"3\"><\/td>\n<td valign=\"TOP\"><span style=\"font-family: arial, helvetica, geneva; font-size: xx-small;\">Confer\u00e8ncia. EA d&#8217;Olot (Olot). Del dimecres 25\/12\/2024 al 25\/12\/2024 de 11:00 a 13:00<\/span><\/td>\n<\/tr>\n<tr>\n<td><\/td>\n<td valign=\"TOP\"><\/td>\n<td valign=\"TOP\"><span style=\"font-family: arial, helvetica, geneva; font-size: small;\">5041080512<\/span><\/td>\n<td valign=\"TOP\"><span style=\"font-family: arial, helvetica, geneva; font-size: small;\"><b><a href=\"https:\/\/aplicacions.gestioeducativa.gencat.cat\/pls\/soloas\/pk_for_mod_ins.p_for_detall_activitat?p_header=Llista%20d%27activitats^pk_for_mod_ins.p_for_cons_activitats?p_any=2024-2025%26p_totes=S%26p_inici=1%26p_excloure_crp_rec=T&amp;p_codi=5041080512&amp;p_curs=2024-2025&amp;p_excloure_crp_rec=T\">Mesures i suports universals<\/a><\/b><\/span><\/td>\n<\/tr>\n<tr>\n<td colspan=\"3\"><\/td>\n<td valign=\"TOP\"><span style=\"font-family: arial, helvetica, geneva; font-size: xx-small;\">Taller. C Escola Pia d&#8217;Olot (Olot). Del dijous 23\/1\/2025 al 3\/4\/2025 de 17:15 a 19:15<\/span><\/td>\n<\/tr>\n<tr>\n<td><\/td>\n<td valign=\"TOP\"><\/td>\n<td valign=\"TOP\"><span style=\"font-family: arial, helvetica, geneva; font-size: small;\">5041090512<\/span><\/td>\n<td valign=\"TOP\"><span style=\"font-family: arial, helvetica, geneva; font-size: small;\"><b><a href=\"https:\/\/aplicacions.gestioeducativa.gencat.cat\/pls\/soloas\/pk_for_mod_ins.p_for_detall_activitat?p_header=Llista%20d%27activitats^pk_for_mod_ins.p_for_cons_activitats?p_any=2024-2025%26p_totes=S%26p_inici=1%26p_excloure_crp_rec=T&amp;p_codi=5041090512&amp;p_curs=2024-2025&amp;p_excloure_crp_rec=T\">Mesures i suports universals<\/a><\/b><\/span><\/td>\n<\/tr>\n<tr>\n<td colspan=\"3\"><\/td>\n<td valign=\"TOP\"><span style=\"font-family: arial, helvetica, geneva; font-size: xx-small;\">Taller. C Escola Pia d&#8217;Olot (Olot). Del dijous 16\/1\/2025 al 27\/3\/2025 de 17:15 a 19:15<\/span><\/td>\n<\/tr>\n<tr>\n<td><\/td>\n<td valign=\"TOP\"><img loading=\"lazy\" decoding=\"async\" src=\"https:\/\/aplicacions.gestioeducativa.gencat.cat\/est\/gafadm\/img\/ins_ok.gif\" alt=\"Inscripci\u00f3 oberta\" width=\"16\" height=\"16\" border=\"0\" \/><\/td>\n<td valign=\"TOP\"><span style=\"font-family: arial, helvetica, geneva; font-size: small;\">5050210512<\/span><\/td>\n<td valign=\"TOP\"><span style=\"font-family: arial, helvetica, geneva; font-size: small;\"><b><a href=\"https:\/\/aplicacions.gestioeducativa.gencat.cat\/pls\/soloas\/pk_for_mod_ins.p_for_detall_activitat?p_header=Llista%20d%27activitats^pk_for_mod_ins.p_for_cons_activitats?p_any=2024-2025%26p_totes=S%26p_inici=1%26p_excloure_crp_rec=T&amp;p_codi=5050210512&amp;p_curs=2024-2025&amp;p_excloure_crp_rec=T\">Mesures i suports universals<\/a><\/b><\/span><\/td>\n<\/tr>\n<tr>\n<td colspan=\"3\"><\/td>\n<td valign=\"TOP\"><span style=\"font-family: arial, helvetica, geneva; font-size: xx-small;\">Taller. C FEDAC &#8211; Pont Major (Girona). Del dimarts 14\/1\/2025 al 25\/2\/2025 de 17:15 a 18:45<\/span><\/td>\n<\/tr>\n<tr>\n<td><\/td>\n<td valign=\"TOP\"><img loading=\"lazy\" decoding=\"async\" src=\"https:\/\/aplicacions.gestioeducativa.gencat.cat\/est\/gafadm\/img\/ins_ok.gif\" alt=\"Inscripci\u00f3 oberta\" width=\"16\" height=\"16\" border=\"0\" \/><\/td>\n<td valign=\"TOP\"><span style=\"font-family: arial, helvetica, geneva; font-size: small;\">5050260512<\/span><\/td>\n<td valign=\"TOP\"><span style=\"font-family: arial, helvetica, geneva; font-size: small;\"><b><a href=\"https:\/\/aplicacions.gestioeducativa.gencat.cat\/pls\/soloas\/pk_for_mod_ins.p_for_detall_activitat?p_header=Llista%20d%27activitats^pk_for_mod_ins.p_for_cons_activitats?p_any=2024-2025%26p_totes=S%26p_inici=1%26p_excloure_crp_rec=T&amp;p_codi=5050260512&amp;p_curs=2024-2025&amp;p_excloure_crp_rec=T\">C\u00e0psula de sensibilitzaci\u00f3 d&#8217;educaci\u00f3 inclusiva<\/a><\/b><\/span><\/td>\n<\/tr>\n<tr>\n<td colspan=\"3\"><\/td>\n<td valign=\"TOP\"><span style=\"font-family: arial, helvetica, geneva; font-size: xx-small;\">Confer\u00e8ncia. ESC Migdia (Girona). Del dilluns 7\/10\/2024 al 7\/10\/2024 de 12:30 a 14:00<\/span><\/td>\n<\/tr>\n<tr>\n<td><\/td>\n<td valign=\"TOP\"><img loading=\"lazy\" decoding=\"async\" src=\"https:\/\/aplicacions.gestioeducativa.gencat.cat\/est\/gafadm\/img\/ins_ok.gif\" alt=\"Inscripci\u00f3 oberta\" width=\"16\" height=\"16\" border=\"0\" \/><\/td>\n<td valign=\"TOP\"><span style=\"font-family: arial, helvetica, geneva; font-size: small;\">5050270512<\/span><\/td>\n<td valign=\"TOP\"><span style=\"font-family: arial, helvetica, geneva; font-size: small;\"><b><a href=\"https:\/\/aplicacions.gestioeducativa.gencat.cat\/pls\/soloas\/pk_for_mod_ins.p_for_detall_activitat?p_header=Llista%20d%27activitats^pk_for_mod_ins.p_for_cons_activitats?p_any=2024-2025%26p_totes=S%26p_inici=1%26p_excloure_crp_rec=T&amp;p_codi=5050270512&amp;p_curs=2024-2025&amp;p_excloure_crp_rec=T\">C\u00e0psula de sensibilitzaci\u00f3 d&#8217;educaci\u00f3 inclusiva<\/a><\/b><\/span><\/td>\n<\/tr>\n<tr>\n<td colspan=\"3\"><\/td>\n<td valign=\"TOP\"><span style=\"font-family: arial, helvetica, geneva; font-size: xx-small;\">Confer\u00e8ncia. ESC Montju\u00efc (Girona). Del dilluns 14\/10\/2024 al 14\/10\/2024 de 12:30 a 14:00<\/span><\/td>\n<\/tr>\n<tr>\n<td><\/td>\n<td valign=\"TOP\"><\/td>\n<td valign=\"TOP\"><span style=\"font-family: arial, helvetica, geneva; font-size: small;\">5050290512<\/span><\/td>\n<td valign=\"TOP\"><span style=\"font-family: arial, helvetica, geneva; font-size: small;\"><b><a href=\"https:\/\/aplicacions.gestioeducativa.gencat.cat\/pls\/soloas\/pk_for_mod_ins.p_for_detall_activitat?p_header=Llista%20d%27activitats^pk_for_mod_ins.p_for_cons_activitats?p_any=2024-2025%26p_totes=S%26p_inici=1%26p_excloure_crp_rec=T&amp;p_codi=5050290512&amp;p_curs=2024-2025&amp;p_excloure_crp_rec=T\">C\u00e0psula de sensibilitzaci\u00f3 d&#8217;educaci\u00f3 inclusiva<\/a><\/b><\/span><\/td>\n<\/tr>\n<tr>\n<td colspan=\"3\"><\/td>\n<td valign=\"TOP\"><span style=\"font-family: arial, helvetica, geneva; font-size: xx-small;\">Confer\u00e8ncia. INS Jaume Vicens Vives (Girona). Del dijous 5\/9\/2024 al 5\/9\/2024 de a<\/span><\/td>\n<\/tr>\n<tr>\n<td><\/td>\n<td valign=\"TOP\"><img loading=\"lazy\" decoding=\"async\" src=\"https:\/\/aplicacions.gestioeducativa.gencat.cat\/est\/gafadm\/img\/ins_ok.gif\" alt=\"Inscripci\u00f3 oberta\" width=\"16\" height=\"16\" border=\"0\" \/><\/td>\n<td valign=\"TOP\"><span style=\"font-family: arial, helvetica, geneva; font-size: small;\">5050300512<\/span><\/td>\n<td valign=\"TOP\"><span style=\"font-family: arial, helvetica, geneva; font-size: small;\"><b><a href=\"https:\/\/aplicacions.gestioeducativa.gencat.cat\/pls\/soloas\/pk_for_mod_ins.p_for_detall_activitat?p_header=Llista%20d%27activitats^pk_for_mod_ins.p_for_cons_activitats?p_any=2024-2025%26p_totes=S%26p_inici=1%26p_excloure_crp_rec=T&amp;p_codi=5050300512&amp;p_curs=2024-2025&amp;p_excloure_crp_rec=T\">C\u00e0psula de sensibilitzaci\u00f3 d&#8217;educaci\u00f3 inclusiva<\/a><\/b><\/span><\/td>\n<\/tr>\n<tr>\n<td colspan=\"3\"><\/td>\n<td valign=\"TOP\"><span style=\"font-family: arial, helvetica, geneva; font-size: xx-small;\">Confer\u00e8ncia. ESC de Bordils (Bordils). Del dijous 17\/10\/2024 al 17\/10\/2024 de a<\/span><\/td>\n<\/tr>\n<tr>\n<td><\/td>\n<td valign=\"TOP\"><img loading=\"lazy\" decoding=\"async\" src=\"https:\/\/aplicacions.gestioeducativa.gencat.cat\/est\/gafadm\/img\/ins_ok.gif\" alt=\"Inscripci\u00f3 oberta\" width=\"16\" height=\"16\" border=\"0\" \/><\/td>\n<td valign=\"TOP\"><span style=\"font-family: arial, helvetica, geneva; font-size: small;\">5050310512<\/span><\/td>\n<td valign=\"TOP\"><span style=\"font-family: arial, helvetica, geneva; font-size: small;\"><b><a href=\"https:\/\/aplicacions.gestioeducativa.gencat.cat\/pls\/soloas\/pk_for_mod_ins.p_for_detall_activitat?p_header=Llista%20d%27activitats^pk_for_mod_ins.p_for_cons_activitats?p_any=2024-2025%26p_totes=S%26p_inici=1%26p_excloure_crp_rec=T&amp;p_codi=5050310512&amp;p_curs=2024-2025&amp;p_excloure_crp_rec=T\">C\u00e0psula de sensibilitzaci\u00f3 d&#8217;educaci\u00f3 inclusiva<\/a><\/b><\/span><\/td>\n<\/tr>\n<tr>\n<td colspan=\"3\"><\/td>\n<td valign=\"TOP\"><span style=\"font-family: arial, helvetica, geneva; font-size: xx-small;\">Confer\u00e8ncia. CREDA Narc\u00eds Mas\u00f3 (Girona-Seu central-Salt) (Salt). Del dijous 17\/10\/2024 al 17\/10\/2024 de a<\/span><\/td>\n<\/tr>\n<tr>\n<td><\/td>\n<td valign=\"TOP\"><img loading=\"lazy\" decoding=\"async\" src=\"https:\/\/aplicacions.gestioeducativa.gencat.cat\/est\/gafadm\/img\/ins_ok.gif\" alt=\"Inscripci\u00f3 oberta\" width=\"16\" height=\"16\" border=\"0\" \/><\/td>\n<td valign=\"TOP\"><span style=\"font-family: arial, helvetica, geneva; font-size: small;\">5050320512<\/span><\/td>\n<td valign=\"TOP\"><span style=\"font-family: arial, helvetica, geneva; font-size: small;\"><b><a href=\"https:\/\/aplicacions.gestioeducativa.gencat.cat\/pls\/soloas\/pk_for_mod_ins.p_for_detall_activitat?p_header=Llista%20d%27activitats^pk_for_mod_ins.p_for_cons_activitats?p_any=2024-2025%26p_totes=S%26p_inici=1%26p_excloure_crp_rec=T&amp;p_codi=5050320512&amp;p_curs=2024-2025&amp;p_excloure_crp_rec=T\">C\u00e0psula de sensibilitzaci\u00f3 d&#8217;educaci\u00f3 inclusiva<\/a><\/b><\/span><\/td>\n<\/tr>\n<tr>\n<td colspan=\"3\"><\/td>\n<td valign=\"TOP\"><span style=\"font-family: arial, helvetica, geneva; font-size: xx-small;\">Confer\u00e8ncia. ESC Les Moreres (Fla\u00e7\u00e0). Del dijous 17\/10\/2024 al 17\/10\/2024 de a<\/span><\/td>\n<\/tr>\n<tr>\n<td><\/td>\n<td valign=\"TOP\"><img loading=\"lazy\" decoding=\"async\" src=\"https:\/\/aplicacions.gestioeducativa.gencat.cat\/est\/gafadm\/img\/ins_ok.gif\" alt=\"Inscripci\u00f3 oberta\" width=\"16\" height=\"16\" border=\"0\" \/><\/td>\n<td valign=\"TOP\"><span style=\"font-family: arial, helvetica, geneva; font-size: small;\">5050330512<\/span><\/td>\n<td valign=\"TOP\"><span style=\"font-family: arial, helvetica, geneva; font-size: small;\"><b><a href=\"https:\/\/aplicacions.gestioeducativa.gencat.cat\/pls\/soloas\/pk_for_mod_ins.p_for_detall_activitat?p_header=Llista%20d%27activitats^pk_for_mod_ins.p_for_cons_activitats?p_any=2024-2025%26p_totes=S%26p_inici=1%26p_excloure_crp_rec=T&amp;p_codi=5050330512&amp;p_curs=2024-2025&amp;p_excloure_crp_rec=T\">C\u00e0psula de sensibilitzaci\u00f3 d&#8217;educaci\u00f3 inclusiva<\/a><\/b><\/span><\/td>\n<\/tr>\n<tr>\n<td colspan=\"3\"><\/td>\n<td valign=\"TOP\"><span style=\"font-family: arial, helvetica, geneva; font-size: xx-small;\">Confer\u00e8ncia. INS Vall de Ll\u00e9mena (Sant Gregori). Del dijous 17\/10\/2024 al 17\/10\/2024 de a<\/span><\/td>\n<\/tr>\n<tr>\n<td><\/td>\n<td valign=\"TOP\"><\/td>\n<td valign=\"TOP\"><span style=\"font-family: arial, helvetica, geneva; font-size: small;\">5050340512<\/span><\/td>\n<td valign=\"TOP\"><span style=\"font-family: arial, helvetica, geneva; font-size: small;\"><b><a href=\"https:\/\/aplicacions.gestioeducativa.gencat.cat\/pls\/soloas\/pk_for_mod_ins.p_for_detall_activitat?p_header=Llista%20d%27activitats^pk_for_mod_ins.p_for_cons_activitats?p_any=2024-2025%26p_totes=S%26p_inici=1%26p_excloure_crp_rec=T&amp;p_codi=5050340512&amp;p_curs=2024-2025&amp;p_excloure_crp_rec=T\">C\u00e0psula de sensibilitzaci\u00f3 d&#8217;educaci\u00f3 inclusiva<\/a><\/b><\/span><\/td>\n<\/tr>\n<tr>\n<td colspan=\"3\"><\/td>\n<td valign=\"TOP\"><span style=\"font-family: arial, helvetica, geneva; font-size: xx-small;\">Confer\u00e8ncia. ESC Santa Fe (Mediny\u00e0). Del dimecres 18\/9\/2024 al 18\/9\/2024 de a<\/span><\/td>\n<\/tr>\n<tr>\n<td><\/td>\n<td valign=\"TOP\"><img loading=\"lazy\" decoding=\"async\" src=\"https:\/\/aplicacions.gestioeducativa.gencat.cat\/est\/gafadm\/img\/ins_ok.gif\" alt=\"Inscripci\u00f3 oberta\" width=\"16\" height=\"16\" border=\"0\" \/><\/td>\n<td valign=\"TOP\"><span style=\"font-family: arial, helvetica, geneva; font-size: small;\">5050350512<\/span><\/td>\n<td valign=\"TOP\"><span style=\"font-family: arial, helvetica, geneva; font-size: small;\"><b><a href=\"https:\/\/aplicacions.gestioeducativa.gencat.cat\/pls\/soloas\/pk_for_mod_ins.p_for_detall_activitat?p_header=Llista%20d%27activitats^pk_for_mod_ins.p_for_cons_activitats?p_any=2024-2025%26p_totes=S%26p_inici=1%26p_excloure_crp_rec=T&amp;p_codi=5050350512&amp;p_curs=2024-2025&amp;p_excloure_crp_rec=T\">C\u00e0psula de sensibilitzaci\u00f3 d&#8217;educaci\u00f3 inclusiva<\/a><\/b><\/span><\/td>\n<\/tr>\n<tr>\n<td colspan=\"3\"><\/td>\n<td valign=\"TOP\"><span style=\"font-family: arial, helvetica, geneva; font-size: xx-small;\">Confer\u00e8ncia. ESC El Pla (Salt). Del dilluns 23\/9\/2024 al 23\/9\/2024 de a<\/span><\/td>\n<\/tr>\n<tr>\n<td><\/td>\n<td valign=\"TOP\"><\/td>\n<td valign=\"TOP\"><span style=\"font-family: arial, helvetica, geneva; font-size: small;\">5050360512<\/span><\/td>\n<td valign=\"TOP\"><span style=\"font-family: arial, helvetica, geneva; font-size: small;\"><b><a href=\"https:\/\/aplicacions.gestioeducativa.gencat.cat\/pls\/soloas\/pk_for_mod_ins.p_for_detall_activitat?p_header=Llista%20d%27activitats^pk_for_mod_ins.p_for_cons_activitats?p_any=2024-2025%26p_totes=S%26p_inici=1%26p_excloure_crp_rec=T&amp;p_codi=5050360512&amp;p_curs=2024-2025&amp;p_excloure_crp_rec=T\">C\u00e0psula de sensibilitzaci\u00f3 d&#8217;educaci\u00f3 inclusiva<\/a><\/b><\/span><\/td>\n<\/tr>\n<tr>\n<td colspan=\"3\"><\/td>\n<td valign=\"TOP\"><span style=\"font-family: arial, helvetica, geneva; font-size: xx-small;\">Confer\u00e8ncia. C Vedruna (Girona). Del dimecres 4\/9\/2024 al 4\/9\/2024 de 9:00 a 11:00<\/span><\/td>\n<\/tr>\n<tr>\n<td><\/td>\n<td valign=\"TOP\"><img loading=\"lazy\" decoding=\"async\" src=\"https:\/\/aplicacions.gestioeducativa.gencat.cat\/est\/gafadm\/img\/ins_ok.gif\" alt=\"Inscripci\u00f3 oberta\" width=\"16\" height=\"16\" border=\"0\" \/><\/td>\n<td valign=\"TOP\"><span style=\"font-family: arial, helvetica, geneva; font-size: small;\">5050370512<\/span><\/td>\n<td valign=\"TOP\"><span style=\"font-family: arial, helvetica, geneva; font-size: small;\"><b><a href=\"https:\/\/aplicacions.gestioeducativa.gencat.cat\/pls\/soloas\/pk_for_mod_ins.p_for_detall_activitat?p_header=Llista%20d%27activitats^pk_for_mod_ins.p_for_cons_activitats?p_any=2024-2025%26p_totes=S%26p_inici=1%26p_excloure_crp_rec=T&amp;p_codi=5050370512&amp;p_curs=2024-2025&amp;p_excloure_crp_rec=T\">C\u00e0psula de sensibilitzaci\u00f3 d&#8217;educaci\u00f3 inclusiva<\/a><\/b><\/span><\/td>\n<\/tr>\n<tr>\n<td colspan=\"3\"><\/td>\n<td valign=\"TOP\"><span style=\"font-family: arial, helvetica, geneva; font-size: xx-small;\">Confer\u00e8ncia. INS de Llagostera (Llagostera). Del dijous 17\/10\/2024 al 17\/10\/2024 de a<\/span><\/td>\n<\/tr>\n<tr>\n<td><\/td>\n<td valign=\"TOP\"><img loading=\"lazy\" decoding=\"async\" src=\"https:\/\/aplicacions.gestioeducativa.gencat.cat\/est\/gafadm\/img\/ins_ok.gif\" alt=\"Inscripci\u00f3 oberta\" width=\"16\" height=\"16\" border=\"0\" \/><\/td>\n<td valign=\"TOP\"><span style=\"font-family: arial, helvetica, geneva; font-size: small;\">5050380512<\/span><\/td>\n<td valign=\"TOP\"><span style=\"font-family: arial, helvetica, geneva; font-size: small;\"><b><a href=\"https:\/\/aplicacions.gestioeducativa.gencat.cat\/pls\/soloas\/pk_for_mod_ins.p_for_detall_activitat?p_header=Llista%20d%27activitats^pk_for_mod_ins.p_for_cons_activitats?p_any=2024-2025%26p_totes=S%26p_inici=1%26p_excloure_crp_rec=T&amp;p_codi=5050380512&amp;p_curs=2024-2025&amp;p_excloure_crp_rec=T\">C\u00e0psula de sensibilitzaci\u00f3 d&#8217;educaci\u00f3 inclusiva<\/a><\/b><\/span><\/td>\n<\/tr>\n<tr>\n<td colspan=\"3\"><\/td>\n<td valign=\"TOP\"><span style=\"font-family: arial, helvetica, geneva; font-size: xx-small;\">Confer\u00e8ncia. CFA Les Bernardes (Salt). Del dijous 17\/10\/2024 al 17\/10\/2024 de a<\/span><\/td>\n<\/tr>\n<tr>\n<td><\/td>\n<td valign=\"TOP\"><img loading=\"lazy\" decoding=\"async\" src=\"https:\/\/aplicacions.gestioeducativa.gencat.cat\/est\/gafadm\/img\/ins_ok.gif\" alt=\"Inscripci\u00f3 oberta\" width=\"16\" height=\"16\" border=\"0\" \/><\/td>\n<td valign=\"TOP\"><span style=\"font-family: arial, helvetica, geneva; font-size: small;\">5050390512<\/span><\/td>\n<td valign=\"TOP\"><span style=\"font-family: arial, helvetica, geneva; font-size: small;\"><b><a href=\"https:\/\/aplicacions.gestioeducativa.gencat.cat\/pls\/soloas\/pk_for_mod_ins.p_for_detall_activitat?p_header=Llista%20d%27activitats^pk_for_mod_ins.p_for_cons_activitats?p_any=2024-2025%26p_totes=S%26p_inici=1%26p_excloure_crp_rec=T&amp;p_codi=5050390512&amp;p_curs=2024-2025&amp;p_excloure_crp_rec=T\">Mesures i suports universals<\/a><\/b><\/span><\/td>\n<\/tr>\n<tr>\n<td colspan=\"3\"><\/td>\n<td valign=\"TOP\"><span style=\"font-family: arial, helvetica, geneva; font-size: xx-small;\">Taller. INS de Sarri\u00e0 de Ter (Sarri\u00e0 de Ter). Del dilluns 13\/1\/2025 al 2\/4\/2025 de a<\/span><\/td>\n<\/tr>\n<tr>\n<td><\/td>\n<td valign=\"TOP\"><img loading=\"lazy\" decoding=\"async\" src=\"https:\/\/aplicacions.gestioeducativa.gencat.cat\/est\/gafadm\/img\/ins_ok.gif\" alt=\"Inscripci\u00f3 oberta\" width=\"16\" height=\"16\" border=\"0\" \/><\/td>\n<td valign=\"TOP\"><span style=\"font-family: arial, helvetica, geneva; font-size: small;\">5050400512<\/span><\/td>\n<td valign=\"TOP\"><span style=\"font-family: arial, helvetica, geneva; font-size: small;\"><b><a href=\"https:\/\/aplicacions.gestioeducativa.gencat.cat\/pls\/soloas\/pk_for_mod_ins.p_for_detall_activitat?p_header=Llista%20d%27activitats^pk_for_mod_ins.p_for_cons_activitats?p_any=2024-2025%26p_totes=S%26p_inici=1%26p_excloure_crp_rec=T&amp;p_codi=5050400512&amp;p_curs=2024-2025&amp;p_excloure_crp_rec=T\">Mesures i suports universals<\/a><\/b><\/span><\/td>\n<\/tr>\n<tr>\n<td colspan=\"3\"><\/td>\n<td valign=\"TOP\"><span style=\"font-family: arial, helvetica, geneva; font-size: xx-small;\">Taller. ESC Les Deveses (Salt). Del dilluns 21\/10\/2024 al 24\/2\/2025 de a<\/span><\/td>\n<\/tr>\n<tr>\n<td><\/td>\n<td valign=\"TOP\"><img loading=\"lazy\" decoding=\"async\" src=\"https:\/\/aplicacions.gestioeducativa.gencat.cat\/est\/gafadm\/img\/ins_ok.gif\" alt=\"Inscripci\u00f3 oberta\" width=\"16\" height=\"16\" border=\"0\" \/><\/td>\n<td valign=\"TOP\"><span style=\"font-family: arial, helvetica, geneva; font-size: small;\">5050410512<\/span><\/td>\n<td valign=\"TOP\"><span style=\"font-family: arial, helvetica, geneva; font-size: small;\"><b><a href=\"https:\/\/aplicacions.gestioeducativa.gencat.cat\/pls\/soloas\/pk_for_mod_ins.p_for_detall_activitat?p_header=Llista%20d%27activitats^pk_for_mod_ins.p_for_cons_activitats?p_any=2024-2025%26p_totes=S%26p_inici=1%26p_excloure_crp_rec=T&amp;p_codi=5050410512&amp;p_curs=2024-2025&amp;p_excloure_crp_rec=T\">Mesures i suports universals<\/a><\/b><\/span><\/td>\n<\/tr>\n<tr>\n<td colspan=\"3\"><\/td>\n<td valign=\"TOP\"><span style=\"font-family: arial, helvetica, geneva; font-size: xx-small;\">Taller. ESC El Gegant del Rec (Salt). Del dijous 17\/10\/2024 al 30\/6\/2025 de a<\/span><\/td>\n<\/tr>\n<tr>\n<td><\/td>\n<td valign=\"TOP\"><img loading=\"lazy\" decoding=\"async\" src=\"https:\/\/aplicacions.gestioeducativa.gencat.cat\/est\/gafadm\/img\/ins_ok.gif\" alt=\"Inscripci\u00f3 oberta\" width=\"16\" height=\"16\" border=\"0\" \/><\/td>\n<td valign=\"TOP\"><span style=\"font-family: arial, helvetica, geneva; font-size: small;\">5050501505<\/span><\/td>\n<td valign=\"TOP\"><span style=\"font-family: arial, helvetica, geneva; font-size: small;\"><b><a href=\"https:\/\/aplicacions.gestioeducativa.gencat.cat\/pls\/soloas\/pk_for_mod_ins.p_for_detall_activitat?p_header=Llista%20d%27activitats^pk_for_mod_ins.p_for_cons_activitats?p_any=2024-2025%26p_totes=S%26p_inici=1%26p_excloure_crp_rec=T&amp;p_codi=5050501505&amp;p_curs=2024-2025&amp;p_excloure_crp_rec=T\">Acompanyament-mentoria en el proc\u00e9s de transformaci\u00f3 de mirada CEE-CEEPSIR<\/a><\/b><\/span><\/td>\n<\/tr>\n<tr>\n<td colspan=\"3\"><\/td>\n<td valign=\"TOP\"><span style=\"font-family: arial, helvetica, geneva; font-size: xx-small;\">Assessorament. CEE La Masana (Salt). Del dijous 17\/10\/2024 al 30\/6\/2025 de a<\/span><\/td>\n<\/tr>\n<tr>\n<td><\/td>\n<td valign=\"TOP\"><img loading=\"lazy\" decoding=\"async\" src=\"https:\/\/aplicacions.gestioeducativa.gencat.cat\/est\/gafadm\/img\/ins_ok.gif\" alt=\"Inscripci\u00f3 oberta\" width=\"16\" height=\"16\" border=\"0\" \/><\/td>\n<td valign=\"TOP\"><span style=\"font-family: arial, helvetica, geneva; font-size: small;\">5050521505<\/span><\/td>\n<td valign=\"TOP\"><span style=\"font-family: arial, helvetica, geneva; font-size: small;\"><b><a href=\"https:\/\/aplicacions.gestioeducativa.gencat.cat\/pls\/soloas\/pk_for_mod_ins.p_for_detall_activitat?p_header=Llista%20d%27activitats^pk_for_mod_ins.p_for_cons_activitats?p_any=2024-2025%26p_totes=S%26p_inici=1%26p_excloure_crp_rec=T&amp;p_codi=5050521505&amp;p_curs=2024-2025&amp;p_excloure_crp_rec=T\">Mesures i suports universals<\/a><\/b><\/span><\/td>\n<\/tr>\n<tr>\n<td colspan=\"3\"><\/td>\n<td valign=\"TOP\"><span style=\"font-family: arial, helvetica, geneva; font-size: xx-small;\">Taller. C FEDAC &#8211; Sant Narc\u00eds (Girona). Del dimecres 2\/10\/2024 al 15\/1\/2025 de a<\/span><\/td>\n<\/tr>\n<tr>\n<td><\/td>\n<td valign=\"TOP\"><\/td>\n<td valign=\"TOP\"><span style=\"font-family: arial, helvetica, geneva; font-size: small;\">5050720512<\/span><\/td>\n<td valign=\"TOP\"><span style=\"font-family: arial, helvetica, geneva; font-size: small;\"><b><a href=\"https:\/\/aplicacions.gestioeducativa.gencat.cat\/pls\/soloas\/pk_for_mod_ins.p_for_detall_activitat?p_header=Llista%20d%27activitats^pk_for_mod_ins.p_for_cons_activitats?p_any=2024-2025%26p_totes=S%26p_inici=1%26p_excloure_crp_rec=T&amp;p_codi=5050720512&amp;p_curs=2024-2025&amp;p_excloure_crp_rec=T\">C\u00e0psula de sensibilitzaci\u00f3 d&#8217;educaci\u00f3 inclusiva<\/a><\/b><\/span><\/td>\n<\/tr>\n<tr>\n<td colspan=\"3\"><\/td>\n<td valign=\"TOP\"><span style=\"font-family: arial, helvetica, geneva; font-size: xx-small;\">Confer\u00e8ncia. ESC Puig d&#8217;Arques (Cass\u00e0 de la Selva). Del dijous 5\/9\/2024 al 5\/9\/2024 de a<\/span><\/td>\n<\/tr>\n<tr>\n<td><\/td>\n<td valign=\"TOP\"><img loading=\"lazy\" decoding=\"async\" src=\"https:\/\/aplicacions.gestioeducativa.gencat.cat\/est\/gafadm\/img\/ins_ok.gif\" alt=\"Inscripci\u00f3 oberta\" width=\"16\" height=\"16\" border=\"0\" \/><\/td>\n<td valign=\"TOP\"><span style=\"font-family: arial, helvetica, geneva; font-size: small;\">5050990512<\/span><\/td>\n<td valign=\"TOP\"><span style=\"font-family: arial, helvetica, geneva; font-size: small;\"><b><a href=\"https:\/\/aplicacions.gestioeducativa.gencat.cat\/pls\/soloas\/pk_for_mod_ins.p_for_detall_activitat?p_header=Llista%20d%27activitats^pk_for_mod_ins.p_for_cons_activitats?p_any=2024-2025%26p_totes=S%26p_inici=1%26p_excloure_crp_rec=T&amp;p_codi=5050990512&amp;p_curs=2024-2025&amp;p_excloure_crp_rec=T\">Mesures i suports universals<\/a><\/b><\/span><\/td>\n<\/tr>\n<tr>\n<td colspan=\"3\"><\/td>\n<td valign=\"TOP\"><span style=\"font-family: arial, helvetica, geneva; font-size: xx-small;\">Taller. ESC La Farga (Salt). Del dijous 17\/10\/2024 al 30\/6\/2025 de a<\/span><\/td>\n<\/tr>\n<tr>\n<td><\/td>\n<td valign=\"TOP\"><img loading=\"lazy\" decoding=\"async\" src=\"https:\/\/aplicacions.gestioeducativa.gencat.cat\/est\/gafadm\/img\/ins_ok.gif\" alt=\"Inscripci\u00f3 oberta\" width=\"16\" height=\"16\" border=\"0\" \/><\/td>\n<td valign=\"TOP\"><span style=\"font-family: arial, helvetica, geneva; font-size: small;\">5051030512<\/span><\/td>\n<td valign=\"TOP\"><span style=\"font-family: arial, helvetica, geneva; font-size: small;\"><b><a href=\"https:\/\/aplicacions.gestioeducativa.gencat.cat\/pls\/soloas\/pk_for_mod_ins.p_for_detall_activitat?p_header=Llista%20d%27activitats^pk_for_mod_ins.p_for_cons_activitats?p_any=2024-2025%26p_totes=S%26p_inici=1%26p_excloure_crp_rec=T&amp;p_codi=5051030512&amp;p_curs=2024-2025&amp;p_excloure_crp_rec=T\">Mesures i suports universals<\/a><\/b><\/span><\/td>\n<\/tr>\n<tr>\n<td colspan=\"3\"><\/td>\n<td valign=\"TOP\"><span style=\"font-family: arial, helvetica, geneva; font-size: xx-small;\">Taller. ESC Ve\u00efnat (Salt). Del dijous 17\/10\/2024 al 30\/6\/2025 de a<\/span><\/td>\n<\/tr>\n<tr>\n<td><\/td>\n<td valign=\"TOP\"><img loading=\"lazy\" decoding=\"async\" src=\"https:\/\/aplicacions.gestioeducativa.gencat.cat\/est\/gafadm\/img\/ins_ok.gif\" alt=\"Inscripci\u00f3 oberta\" width=\"16\" height=\"16\" border=\"0\" \/><\/td>\n<td valign=\"TOP\"><span style=\"font-family: arial, helvetica, geneva; font-size: small;\">5052031505<\/span><\/td>\n<td valign=\"TOP\"><span style=\"font-family: arial, helvetica, geneva; font-size: small;\"><b><a href=\"https:\/\/aplicacions.gestioeducativa.gencat.cat\/pls\/soloas\/pk_for_mod_ins.p_for_detall_activitat?p_header=Llista%20d%27activitats^pk_for_mod_ins.p_for_cons_activitats?p_any=2024-2025%26p_totes=S%26p_inici=1%26p_excloure_crp_rec=T&amp;p_codi=5052031505&amp;p_curs=2024-2025&amp;p_excloure_crp_rec=T\">La Salut Mental dels infants i joves. Com acompanyar els centres educatius.<\/a><\/b><\/span><\/td>\n<\/tr>\n<tr>\n<td colspan=\"3\"><\/td>\n<td valign=\"TOP\"><span style=\"font-family: arial, helvetica, geneva; font-size: xx-small;\">Taller. CRP del Giron\u00e8s (Girona). Del dimarts 26\/11\/2024 al 4\/2\/2025 de 16:00 a 19:00<\/span><\/td>\n<\/tr>\n<tr>\n<td><\/td>\n<td valign=\"TOP\"><img loading=\"lazy\" decoding=\"async\" src=\"https:\/\/aplicacions.gestioeducativa.gencat.cat\/est\/gafadm\/img\/ins_ok.gif\" alt=\"Inscripci\u00f3 oberta\" width=\"16\" height=\"16\" border=\"0\" \/><\/td>\n<td valign=\"TOP\"><span style=\"font-family: arial, helvetica, geneva; font-size: small;\">5054031505<\/span><\/td>\n<td valign=\"TOP\"><span style=\"font-family: arial, helvetica, geneva; font-size: small;\"><b><a href=\"https:\/\/aplicacions.gestioeducativa.gencat.cat\/pls\/soloas\/pk_for_mod_ins.p_for_detall_activitat?p_header=Llista%20d%27activitats^pk_for_mod_ins.p_for_cons_activitats?p_any=2024-2025%26p_totes=S%26p_inici=1%26p_excloure_crp_rec=T&amp;p_codi=5054031505&amp;p_curs=2024-2025&amp;p_excloure_crp_rec=T\">TEA-Trastorn Espectre Autista a secund\u00e0ria 24-25<\/a><\/b><\/span><\/td>\n<\/tr>\n<tr>\n<td colspan=\"3\"><\/td>\n<td valign=\"TOP\"><span style=\"font-family: arial, helvetica, geneva; font-size: xx-small;\">Confer\u00e8ncia. CRP del Giron\u00e8s (Girona). Del dilluns 14\/10\/2024 al 14\/10\/2024 de 16:00 a 19:00<\/span><\/td>\n<\/tr>\n<tr>\n<td><\/td>\n<td valign=\"TOP\"><img loading=\"lazy\" decoding=\"async\" src=\"https:\/\/aplicacions.gestioeducativa.gencat.cat\/est\/gafadm\/img\/ins_ok.gif\" alt=\"Inscripci\u00f3 oberta\" width=\"16\" height=\"16\" border=\"0\" \/><\/td>\n<td valign=\"TOP\"><span style=\"font-family: arial, helvetica, geneva; font-size: small;\">5054171505<\/span><\/td>\n<td valign=\"TOP\"><span style=\"font-family: arial, helvetica, geneva; font-size: small;\"><b><a href=\"https:\/\/aplicacions.gestioeducativa.gencat.cat\/pls\/soloas\/pk_for_mod_ins.p_for_detall_activitat?p_header=Llista%20d%27activitats^pk_for_mod_ins.p_for_cons_activitats?p_any=2024-2025%26p_totes=S%26p_inici=1%26p_excloure_crp_rec=T&amp;p_codi=5054171505&amp;p_curs=2024-2025&amp;p_excloure_crp_rec=T\">Grup de referents TEA 24-25<\/a><\/b><\/span><\/td>\n<\/tr>\n<tr>\n<td colspan=\"3\"><\/td>\n<td valign=\"TOP\"><span style=\"font-family: arial, helvetica, geneva; font-size: xx-small;\">Seminari de coordinaci\u00f3. CRP del Giron\u00e8s (Girona). Del dimecres 2\/10\/2024 al 4\/6\/2025 de 16:00 a 18:00<\/span><\/td>\n<\/tr>\n<tr>\n<td><\/td>\n<td valign=\"TOP\"><img loading=\"lazy\" decoding=\"async\" src=\"https:\/\/aplicacions.gestioeducativa.gencat.cat\/est\/gafadm\/img\/ins_ok.gif\" alt=\"Inscripci\u00f3 oberta\" width=\"16\" height=\"16\" border=\"0\" \/><\/td>\n<td valign=\"TOP\"><span style=\"font-family: arial, helvetica, geneva; font-size: small;\">5054181505<\/span><\/td>\n<td valign=\"TOP\"><span style=\"font-family: arial, helvetica, geneva; font-size: small;\"><b><a href=\"https:\/\/aplicacions.gestioeducativa.gencat.cat\/pls\/soloas\/pk_for_mod_ins.p_for_detall_activitat?p_header=Llista%20d%27activitats^pk_for_mod_ins.p_for_cons_activitats?p_any=2024-2025%26p_totes=S%26p_inici=1%26p_excloure_crp_rec=T&amp;p_codi=5054181505&amp;p_curs=2024-2025&amp;p_excloure_crp_rec=T\">Trobada de MESI<\/a><\/b><\/span><\/td>\n<\/tr>\n<tr>\n<td colspan=\"3\"><\/td>\n<td valign=\"TOP\"><span style=\"font-family: arial, helvetica, geneva; font-size: xx-small;\">Taller. CRP del Giron\u00e8s (Girona). Del dimecres 16\/10\/2024 al 29\/1\/2025 de 17:15 a 19:15<\/span><\/td>\n<\/tr>\n<tr>\n<td><\/td>\n<td valign=\"TOP\"><img loading=\"lazy\" decoding=\"async\" src=\"https:\/\/aplicacions.gestioeducativa.gencat.cat\/est\/gafadm\/img\/ins_ok.gif\" alt=\"Inscripci\u00f3 oberta\" width=\"16\" height=\"16\" border=\"0\" \/><\/td>\n<td valign=\"TOP\"><span style=\"font-family: arial, helvetica, geneva; font-size: small;\">5054611505<\/span><\/td>\n<td valign=\"TOP\"><span style=\"font-family: arial, helvetica, geneva; font-size: small;\"><b><a href=\"https:\/\/aplicacions.gestioeducativa.gencat.cat\/pls\/soloas\/pk_for_mod_ins.p_for_detall_activitat?p_header=Llista%20d%27activitats^pk_for_mod_ins.p_for_cons_activitats?p_any=2024-2025%26p_totes=S%26p_inici=1%26p_excloure_crp_rec=T&amp;p_codi=5054611505&amp;p_curs=2024-2025&amp;p_excloure_crp_rec=T\">Seminari de suport als docents d\u2019Atenci\u00f3 Educativa Domicili\u00e0ria<\/a><\/b><\/span><\/td>\n<\/tr>\n<tr>\n<td colspan=\"3\"><\/td>\n<td valign=\"TOP\"><span style=\"font-family: arial, helvetica, geneva; font-size: xx-small;\">Seminari. CRP del Giron\u00e8s (Girona). Del dilluns 21\/10\/2024 al 28\/4\/2025 de 17:00 a 19:00<\/span><\/td>\n<\/tr>\n<tr>\n<td><\/td>\n<td valign=\"TOP\"><img loading=\"lazy\" decoding=\"async\" src=\"https:\/\/aplicacions.gestioeducativa.gencat.cat\/est\/gafadm\/img\/ins_ok.gif\" alt=\"Inscripci\u00f3 oberta\" width=\"16\" height=\"16\" border=\"0\" \/><\/td>\n<td valign=\"TOP\"><span style=\"font-family: arial, helvetica, geneva; font-size: small;\">5060061506<\/span><\/td>\n<td valign=\"TOP\"><span style=\"font-family: arial, helvetica, geneva; font-size: small;\"><b><a href=\"https:\/\/aplicacions.gestioeducativa.gencat.cat\/pls\/soloas\/pk_for_mod_ins.p_for_detall_activitat?p_header=Llista%20d%27activitats^pk_for_mod_ins.p_for_cons_activitats?p_any=2024-2025%26p_totes=S%26p_inici=1%26p_excloure_crp_rec=T&amp;p_codi=5060061506&amp;p_curs=2024-2025&amp;p_excloure_crp_rec=T\">Les Altes Capacitats en el marc d\u2019una escola Inclusiva<\/a><\/b><\/span><\/td>\n<\/tr>\n<tr>\n<td colspan=\"3\"><\/td>\n<td valign=\"TOP\"><span style=\"font-family: arial, helvetica, geneva; font-size: xx-small;\">Taller a centre. INS Pere Alsius i Torrent (Banyoles). Del dimecres 6\/11\/2024 al 20\/11\/2024 de 15:45 a 18:15<\/span><\/td>\n<\/tr>\n<tr>\n<td><\/td>\n<td valign=\"TOP\"><img loading=\"lazy\" decoding=\"async\" src=\"https:\/\/aplicacions.gestioeducativa.gencat.cat\/est\/gafadm\/img\/ins_ok.gif\" alt=\"Inscripci\u00f3 oberta\" width=\"16\" height=\"16\" border=\"0\" \/><\/td>\n<td valign=\"TOP\"><span style=\"font-family: arial, helvetica, geneva; font-size: small;\">5060140512<\/span><\/td>\n<td valign=\"TOP\"><span style=\"font-family: arial, helvetica, geneva; font-size: small;\"><b><a href=\"https:\/\/aplicacions.gestioeducativa.gencat.cat\/pls\/soloas\/pk_for_mod_ins.p_for_detall_activitat?p_header=Llista%20d%27activitats^pk_for_mod_ins.p_for_cons_activitats?p_any=2024-2025%26p_totes=S%26p_inici=1%26p_excloure_crp_rec=T&amp;p_codi=5060140512&amp;p_curs=2024-2025&amp;p_excloure_crp_rec=T\">Mesures i suports universals<\/a><\/b><\/span><\/td>\n<\/tr>\n<tr>\n<td colspan=\"3\"><\/td>\n<td valign=\"TOP\"><span style=\"font-family: arial, helvetica, geneva; font-size: xx-small;\">Taller. ESC L&#8217;Entorn (Porqueres). Del dijous 17\/10\/2024 al 30\/5\/2025 de a<\/span><\/td>\n<\/tr>\n<tr>\n<td><\/td>\n<td valign=\"TOP\"><img loading=\"lazy\" decoding=\"async\" src=\"https:\/\/aplicacions.gestioeducativa.gencat.cat\/est\/gafadm\/img\/ins_ok.gif\" alt=\"Inscripci\u00f3 oberta\" width=\"16\" height=\"16\" border=\"0\" \/><\/td>\n<td valign=\"TOP\"><span style=\"font-family: arial, helvetica, geneva; font-size: small;\">5060170512<\/span><\/td>\n<td valign=\"TOP\"><span style=\"font-family: arial, helvetica, geneva; font-size: small;\"><b><a href=\"https:\/\/aplicacions.gestioeducativa.gencat.cat\/pls\/soloas\/pk_for_mod_ins.p_for_detall_activitat?p_header=Llista%20d%27activitats^pk_for_mod_ins.p_for_cons_activitats?p_any=2024-2025%26p_totes=S%26p_inici=1%26p_excloure_crp_rec=T&amp;p_codi=5060170512&amp;p_curs=2024-2025&amp;p_excloure_crp_rec=T\">C\u00e0psula de sensibilitzaci\u00f3 d&#8217;educaci\u00f3 inclusiva<\/a><\/b><\/span><\/td>\n<\/tr>\n<tr>\n<td colspan=\"3\"><\/td>\n<td valign=\"TOP\"><span style=\"font-family: arial, helvetica, geneva; font-size: xx-small;\">Confer\u00e8ncia. C Casa Nostra (Banyoles). Del divendres 17\/1\/2025 al 17\/1\/2025 de a<\/span><\/td>\n<\/tr>\n<tr>\n<td><\/td>\n<td valign=\"TOP\"><img loading=\"lazy\" decoding=\"async\" src=\"https:\/\/aplicacions.gestioeducativa.gencat.cat\/est\/gafadm\/img\/ins_ok.gif\" alt=\"Inscripci\u00f3 oberta\" width=\"16\" height=\"16\" border=\"0\" \/><\/td>\n<td valign=\"TOP\"><span style=\"font-family: arial, helvetica, geneva; font-size: small;\">5060180512<\/span><\/td>\n<td valign=\"TOP\"><span style=\"font-family: arial, helvetica, geneva; font-size: small;\"><b><a href=\"https:\/\/aplicacions.gestioeducativa.gencat.cat\/pls\/soloas\/pk_for_mod_ins.p_for_detall_activitat?p_header=Llista%20d%27activitats^pk_for_mod_ins.p_for_cons_activitats?p_any=2024-2025%26p_totes=S%26p_inici=1%26p_excloure_crp_rec=T&amp;p_codi=5060180512&amp;p_curs=2024-2025&amp;p_excloure_crp_rec=T\">C\u00e0psula de sensibilitzaci\u00f3 d&#8217;educaci\u00f3 inclusiva<\/a><\/b><\/span><\/td>\n<\/tr>\n<tr>\n<td colspan=\"3\"><\/td>\n<td valign=\"TOP\"><span style=\"font-family: arial, helvetica, geneva; font-size: xx-small;\">Confer\u00e8ncia. ESC Baldiri Reixac (Banyoles). Del dimecres 2\/10\/2024 al 2\/10\/2024 de 12:30 a 14:00<\/span><\/td>\n<\/tr>\n<tr>\n<td><\/td>\n<td valign=\"TOP\"><img loading=\"lazy\" decoding=\"async\" src=\"https:\/\/aplicacions.gestioeducativa.gencat.cat\/est\/gafadm\/img\/ins_ok.gif\" alt=\"Inscripci\u00f3 oberta\" width=\"16\" height=\"16\" border=\"0\" \/><\/td>\n<td valign=\"TOP\"><span style=\"font-family: arial, helvetica, geneva; font-size: small;\">5061150512<\/span><\/td>\n<td valign=\"TOP\"><span style=\"font-family: arial, helvetica, geneva; font-size: small;\"><b><a href=\"https:\/\/aplicacions.gestioeducativa.gencat.cat\/pls\/soloas\/pk_for_mod_ins.p_for_detall_activitat?p_header=Llista%20d%27activitats^pk_for_mod_ins.p_for_cons_activitats?p_any=2024-2025%26p_totes=S%26p_inici=1%26p_excloure_crp_rec=T&amp;p_codi=5061150512&amp;p_curs=2024-2025&amp;p_excloure_crp_rec=T\">Seminari de professionals que fan suport a la inclusi\u00f3 SEEZ<\/a><\/b><\/span><\/td>\n<\/tr>\n<tr>\n<td colspan=\"3\"><\/td>\n<td valign=\"TOP\"><span style=\"font-family: arial, helvetica, geneva; font-size: xx-small;\">Seminari. CRP del Pla de l&#8217;Estany (Banyoles). Del dilluns 4\/11\/2024 al 10\/3\/2025 de 17:00 a 19:00<\/span><\/td>\n<\/tr>\n<tr>\n<td><\/td>\n<td valign=\"TOP\"><img loading=\"lazy\" decoding=\"async\" src=\"https:\/\/aplicacions.gestioeducativa.gencat.cat\/est\/gafadm\/img\/ins_ok.gif\" alt=\"Inscripci\u00f3 oberta\" width=\"16\" height=\"16\" border=\"0\" \/><\/td>\n<td valign=\"TOP\"><span style=\"font-family: arial, helvetica, geneva; font-size: small;\">5070101507<\/span><\/td>\n<td valign=\"TOP\"><span style=\"font-family: arial, helvetica, geneva; font-size: small;\"><b><a href=\"https:\/\/aplicacions.gestioeducativa.gencat.cat\/pls\/soloas\/pk_for_mod_ins.p_for_detall_activitat?p_header=Llista%20d%27activitats^pk_for_mod_ins.p_for_cons_activitats?p_any=2024-2025%26p_totes=S%26p_inici=1%26p_excloure_crp_rec=T&amp;p_codi=5070101507&amp;p_curs=2024-2025&amp;p_excloure_crp_rec=T\">Seminari de professionals que fan suport a la inclusi\u00f3<\/a><\/b><\/span><\/td>\n<\/tr>\n<tr>\n<td colspan=\"3\"><\/td>\n<td valign=\"TOP\"><span style=\"font-family: arial, helvetica, geneva; font-size: xx-small;\">Seminari de coordinaci\u00f3. CRP del Ripoll\u00e8s (Ripoll). Del dissabte 21\/9\/2024 al 30\/6\/2025 de a<\/span><\/td>\n<\/tr>\n<tr>\n<td><\/td>\n<td valign=\"TOP\"><\/td>\n<td valign=\"TOP\"><span style=\"font-family: arial, helvetica, geneva; font-size: small;\">5070390512<\/span><\/td>\n<td valign=\"TOP\"><span style=\"font-family: arial, helvetica, geneva; font-size: small;\"><b><a href=\"https:\/\/aplicacions.gestioeducativa.gencat.cat\/pls\/soloas\/pk_for_mod_ins.p_for_detall_activitat?p_header=Llista%20d%27activitats^pk_for_mod_ins.p_for_cons_activitats?p_any=2024-2025%26p_totes=S%26p_inici=1%26p_excloure_crp_rec=T&amp;p_codi=5070390512&amp;p_curs=2024-2025&amp;p_excloure_crp_rec=T\">C\u00e0psula de sensibilitzaci\u00f3 d&#8217;educaci\u00f3 inclusiva<\/a><\/b><\/span><\/td>\n<\/tr>\n<tr>\n<td colspan=\"3\"><\/td>\n<td valign=\"TOP\"><span style=\"font-family: arial, helvetica, geneva; font-size: xx-small;\">Confer\u00e8ncia. CRP del Ripoll\u00e8s (Ripoll). Del dimecres 12\/3\/2025 al 12\/3\/2025 de a<\/span><\/td>\n<\/tr>\n<tr>\n<td><\/td>\n<td valign=\"TOP\"><\/td>\n<td valign=\"TOP\"><span style=\"font-family: arial, helvetica, geneva; font-size: small;\">5070400512<\/span><\/td>\n<td valign=\"TOP\"><span style=\"font-family: arial, helvetica, geneva; font-size: small;\"><b><a href=\"https:\/\/aplicacions.gestioeducativa.gencat.cat\/pls\/soloas\/pk_for_mod_ins.p_for_detall_activitat?p_header=Llista%20d%27activitats^pk_for_mod_ins.p_for_cons_activitats?p_any=2024-2025%26p_totes=S%26p_inici=1%26p_excloure_crp_rec=T&amp;p_codi=5070400512&amp;p_curs=2024-2025&amp;p_excloure_crp_rec=T\">Mesures i suports universals<\/a><\/b><\/span><\/td>\n<\/tr>\n<tr>\n<td colspan=\"3\"><\/td>\n<td valign=\"TOP\"><span style=\"font-family: arial, helvetica, geneva; font-size: xx-small;\">Taller. CRP del Ripoll\u00e8s (Ripoll). Del dilluns 28\/4\/2025 al 2\/6\/2025 de 17:30 a 19:30<\/span><\/td>\n<\/tr>\n<tr>\n<td><\/td>\n<td valign=\"TOP\"><img loading=\"lazy\" decoding=\"async\" src=\"https:\/\/aplicacions.gestioeducativa.gencat.cat\/est\/gafadm\/img\/ins_ok.gif\" alt=\"Inscripci\u00f3 oberta\" width=\"16\" height=\"16\" border=\"0\" \/><\/td>\n<td valign=\"TOP\"><span style=\"font-family: arial, helvetica, geneva; font-size: small;\">5080681508<\/span><\/td>\n<td valign=\"TOP\"><span style=\"font-family: arial, helvetica, geneva; font-size: small;\"><b><a href=\"https:\/\/aplicacions.gestioeducativa.gencat.cat\/pls\/soloas\/pk_for_mod_ins.p_for_detall_activitat?p_header=Llista%20d%27activitats^pk_for_mod_ins.p_for_cons_activitats?p_any=2024-2025%26p_totes=S%26p_inici=1%26p_excloure_crp_rec=T&amp;p_codi=5080681508&amp;p_curs=2024-2025&amp;p_excloure_crp_rec=T\">Coeducaci\u00f3<\/a><\/b><\/span><\/td>\n<\/tr>\n<tr>\n<td colspan=\"3\"><\/td>\n<td valign=\"TOP\"><span style=\"font-family: arial, helvetica, geneva; font-size: xx-small;\">Taller. CRP de la Selva I (Santa Coloma de Farners). Del dimarts 15\/10\/2024 al 3\/12\/2024 de 17:30 a 19:30<\/span><\/td>\n<\/tr>\n<tr>\n<td><\/td>\n<td valign=\"TOP\"><\/td>\n<td valign=\"TOP\"><span style=\"font-family: arial, helvetica, geneva; font-size: small;\">5080700512<\/span><\/td>\n<td valign=\"TOP\"><span style=\"font-family: arial, helvetica, geneva; font-size: small;\"><b><a href=\"https:\/\/aplicacions.gestioeducativa.gencat.cat\/pls\/soloas\/pk_for_mod_ins.p_for_detall_activitat?p_header=Llista%20d%27activitats^pk_for_mod_ins.p_for_cons_activitats?p_any=2024-2025%26p_totes=S%26p_inici=1%26p_excloure_crp_rec=T&amp;p_codi=5080700512&amp;p_curs=2024-2025&amp;p_excloure_crp_rec=T\">C\u00e0psula de sensibilitzaci\u00f3 d&#8217;educaci\u00f3 inclusiva<\/a><\/b><\/span><\/td>\n<\/tr>\n<tr>\n<td colspan=\"3\"><\/td>\n<td valign=\"TOP\"><span style=\"font-family: arial, helvetica, geneva; font-size: xx-small;\">Confer\u00e8ncia. INS Anton Busquets i Punset (Sant Hilari Sacalm). Del dimarts 17\/9\/2024 al 17\/9\/2024 de 16:00 a 18:00<\/span><\/td>\n<\/tr>\n<tr>\n<td><\/td>\n<td valign=\"TOP\"><img loading=\"lazy\" decoding=\"async\" src=\"https:\/\/aplicacions.gestioeducativa.gencat.cat\/est\/gafadm\/img\/ins_ok.gif\" alt=\"Inscripci\u00f3 oberta\" width=\"16\" height=\"16\" border=\"0\" \/><\/td>\n<td valign=\"TOP\"><span style=\"font-family: arial, helvetica, geneva; font-size: small;\">5080710512<\/span><\/td>\n<td valign=\"TOP\"><span style=\"font-family: arial, helvetica, geneva; font-size: small;\"><b><a href=\"https:\/\/aplicacions.gestioeducativa.gencat.cat\/pls\/soloas\/pk_for_mod_ins.p_for_detall_activitat?p_header=Llista%20d%27activitats^pk_for_mod_ins.p_for_cons_activitats?p_any=2024-2025%26p_totes=S%26p_inici=1%26p_excloure_crp_rec=T&amp;p_codi=5080710512&amp;p_curs=2024-2025&amp;p_excloure_crp_rec=T\">C\u00e0psula de sensibilitzaci\u00f3 d&#8217;educaci\u00f3 inclusiva<\/a><\/b><\/span><\/td>\n<\/tr>\n<tr>\n<td colspan=\"3\"><\/td>\n<td valign=\"TOP\"><span style=\"font-family: arial, helvetica, geneva; font-size: xx-small;\">Confer\u00e8ncia. ESC La Vall (Osor). Del dijous 7\/11\/2024 al 7\/11\/2024 de 12:30 a 14:00<\/span><\/td>\n<\/tr>\n<tr>\n<td><\/td>\n<td valign=\"TOP\"><img loading=\"lazy\" decoding=\"async\" src=\"https:\/\/aplicacions.gestioeducativa.gencat.cat\/est\/gafadm\/img\/ins_ok.gif\" alt=\"Inscripci\u00f3 oberta\" width=\"16\" height=\"16\" border=\"0\" \/><\/td>\n<td valign=\"TOP\"><span style=\"font-family: arial, helvetica, geneva; font-size: small;\">5080720512<\/span><\/td>\n<td valign=\"TOP\"><span style=\"font-family: arial, helvetica, geneva; font-size: small;\"><b><a href=\"https:\/\/aplicacions.gestioeducativa.gencat.cat\/pls\/soloas\/pk_for_mod_ins.p_for_detall_activitat?p_header=Llista%20d%27activitats^pk_for_mod_ins.p_for_cons_activitats?p_any=2024-2025%26p_totes=S%26p_inici=1%26p_excloure_crp_rec=T&amp;p_codi=5080720512&amp;p_curs=2024-2025&amp;p_excloure_crp_rec=T\">Mesures i suports universals<\/a><\/b><\/span><\/td>\n<\/tr>\n<tr>\n<td colspan=\"3\"><\/td>\n<td valign=\"TOP\"><span style=\"font-family: arial, helvetica, geneva; font-size: xx-small;\">Taller. Cent Fonts (Sant Hilari Sacalm). Del dilluns 23\/9\/2024 al 9\/10\/2024 de 15:30 a 17:30<\/span><\/td>\n<\/tr>\n<tr>\n<td><\/td>\n<td valign=\"TOP\"><img loading=\"lazy\" decoding=\"async\" src=\"https:\/\/aplicacions.gestioeducativa.gencat.cat\/est\/gafadm\/img\/ins_ok.gif\" alt=\"Inscripci\u00f3 oberta\" width=\"16\" height=\"16\" border=\"0\" \/><\/td>\n<td valign=\"TOP\"><span style=\"font-family: arial, helvetica, geneva; font-size: small;\">5080730512<\/span><\/td>\n<td valign=\"TOP\"><span style=\"font-family: arial, helvetica, geneva; font-size: small;\"><b><a href=\"https:\/\/aplicacions.gestioeducativa.gencat.cat\/pls\/soloas\/pk_for_mod_ins.p_for_detall_activitat?p_header=Llista%20d%27activitats^pk_for_mod_ins.p_for_cons_activitats?p_any=2024-2025%26p_totes=S%26p_inici=1%26p_excloure_crp_rec=T&amp;p_codi=5080730512&amp;p_curs=2024-2025&amp;p_excloure_crp_rec=T\">Mesures i suports universals<\/a><\/b><\/span><\/td>\n<\/tr>\n<tr>\n<td colspan=\"3\"><\/td>\n<td valign=\"TOP\"><span style=\"font-family: arial, helvetica, geneva; font-size: xx-small;\">Taller. ESC Josep Madrenys (Vilob\u00ed d&#8217;Onyar). Del dimarts 24\/9\/2024 al 3\/12\/2024 de 12:30 a 14:00<\/span><\/td>\n<\/tr>\n<tr>\n<td><\/td>\n<td valign=\"TOP\"><img loading=\"lazy\" decoding=\"async\" src=\"https:\/\/aplicacions.gestioeducativa.gencat.cat\/est\/gafadm\/img\/ins_ok.gif\" alt=\"Inscripci\u00f3 oberta\" width=\"16\" height=\"16\" border=\"0\" \/><\/td>\n<td valign=\"TOP\"><span style=\"font-family: arial, helvetica, geneva; font-size: small;\">5080781508<\/span><\/td>\n<td valign=\"TOP\"><span style=\"font-family: arial, helvetica, geneva; font-size: small;\"><b><a href=\"https:\/\/aplicacions.gestioeducativa.gencat.cat\/pls\/soloas\/pk_for_mod_ins.p_for_detall_activitat?p_header=Llista%20d%27activitats^pk_for_mod_ins.p_for_cons_activitats?p_any=2024-2025%26p_totes=S%26p_inici=1%26p_excloure_crp_rec=T&amp;p_codi=5080781508&amp;p_curs=2024-2025&amp;p_excloure_crp_rec=T\">Detecci\u00f3 de Barreres per MEE i orientadors<\/a><\/b><\/span><\/td>\n<\/tr>\n<tr>\n<td colspan=\"3\"><\/td>\n<td valign=\"TOP\"><span style=\"font-family: arial, helvetica, geneva; font-size: xx-small;\">Confer\u00e8ncia. CRP de la Selva I (Santa Coloma de Farners). Del dimarts 8\/10\/2024 al 8\/10\/2024 de 17:30 a 19:30<\/span><\/td>\n<\/tr>\n<tr>\n<td><\/td>\n<td valign=\"TOP\"><img loading=\"lazy\" decoding=\"async\" src=\"https:\/\/aplicacions.gestioeducativa.gencat.cat\/est\/gafadm\/img\/ins_ok.gif\" alt=\"Inscripci\u00f3 oberta\" width=\"16\" height=\"16\" border=\"0\" \/><\/td>\n<td valign=\"TOP\"><span style=\"font-family: arial, helvetica, geneva; font-size: small;\">5080790512<\/span><\/td>\n<td valign=\"TOP\"><span style=\"font-family: arial, helvetica, geneva; font-size: small;\"><b><a href=\"https:\/\/aplicacions.gestioeducativa.gencat.cat\/pls\/soloas\/pk_for_mod_ins.p_for_detall_activitat?p_header=Llista%20d%27activitats^pk_for_mod_ins.p_for_cons_activitats?p_any=2024-2025%26p_totes=S%26p_inici=1%26p_excloure_crp_rec=T&amp;p_codi=5080790512&amp;p_curs=2024-2025&amp;p_excloure_crp_rec=T\">Mesures i suports universals<\/a><\/b><\/span><\/td>\n<\/tr>\n<tr>\n<td colspan=\"3\"><\/td>\n<td valign=\"TOP\"><span style=\"font-family: arial, helvetica, geneva; font-size: xx-small;\">Taller. INS de Santa Coloma de Farners (Santa Coloma de Farners). Del dimecres 16\/10\/2024 al 30\/6\/2025 de 11:00 a<\/span><\/td>\n<\/tr>\n<tr>\n<td><\/td>\n<td valign=\"TOP\"><img loading=\"lazy\" decoding=\"async\" src=\"https:\/\/aplicacions.gestioeducativa.gencat.cat\/est\/gafadm\/img\/ins_ok.gif\" alt=\"Inscripci\u00f3 oberta\" width=\"16\" height=\"16\" border=\"0\" \/><\/td>\n<td valign=\"TOP\"><span style=\"font-family: arial, helvetica, geneva; font-size: small;\">5081050512<\/span><\/td>\n<td valign=\"TOP\"><span style=\"font-family: arial, helvetica, geneva; font-size: small;\"><b><a href=\"https:\/\/aplicacions.gestioeducativa.gencat.cat\/pls\/soloas\/pk_for_mod_ins.p_for_detall_activitat?p_header=Llista%20d%27activitats^pk_for_mod_ins.p_for_cons_activitats?p_any=2024-2025%26p_totes=S%26p_inici=1%26p_excloure_crp_rec=T&amp;p_codi=5081050512&amp;p_curs=2024-2025&amp;p_excloure_crp_rec=T\">C\u00e0psula de sensibilitzaci\u00f3 d&#8217;educaci\u00f3 inclusiva<\/a><\/b><\/span><\/td>\n<\/tr>\n<tr>\n<td colspan=\"3\"><\/td>\n<td valign=\"TOP\"><span style=\"font-family: arial, helvetica, geneva; font-size: xx-small;\">Confer\u00e8ncia. ESC Juncadella (La Cellera de Ter). Del dimecres 29\/1\/2025 al 29\/1\/2025 de 12:30 a 14:00<\/span><\/td>\n<\/tr>\n<tr>\n<td><\/td>\n<td valign=\"TOP\"><img loading=\"lazy\" decoding=\"async\" src=\"https:\/\/aplicacions.gestioeducativa.gencat.cat\/est\/gafadm\/img\/ins_ok.gif\" alt=\"Inscripci\u00f3 oberta\" width=\"16\" height=\"16\" border=\"0\" \/><\/td>\n<td valign=\"TOP\"><span style=\"font-family: arial, helvetica, geneva; font-size: small;\">5090101509<\/span><\/td>\n<td valign=\"TOP\"><span style=\"font-family: arial, helvetica, geneva; font-size: small;\"><b><a href=\"https:\/\/aplicacions.gestioeducativa.gencat.cat\/pls\/soloas\/pk_for_mod_ins.p_for_detall_activitat?p_header=Llista%20d%27activitats^pk_for_mod_ins.p_for_cons_activitats?p_any=2024-2025%26p_totes=S%26p_inici=1%26p_excloure_crp_rec=T&amp;p_codi=5090101509&amp;p_curs=2024-2025&amp;p_excloure_crp_rec=T\">Grup de treball MESI<\/a><\/b><\/span><\/td>\n<\/tr>\n<tr>\n<td colspan=\"3\"><\/td>\n<td valign=\"TOP\"><span style=\"font-family: arial, helvetica, geneva; font-size: xx-small;\">Seminari de coordinaci\u00f3. CRP de la Selva II (Blanes). Del dimarts 22\/10\/2024 al 6\/5\/2025 de 17:30 a 20:00<\/span><\/td>\n<\/tr>\n<tr>\n<td><\/td>\n<td valign=\"TOP\"><\/td>\n<td valign=\"TOP\"><span style=\"font-family: arial, helvetica, geneva; font-size: small;\">5090390512<\/span><\/td>\n<td valign=\"TOP\"><span style=\"font-family: arial, helvetica, geneva; font-size: small;\"><b><a href=\"https:\/\/aplicacions.gestioeducativa.gencat.cat\/pls\/soloas\/pk_for_mod_ins.p_for_detall_activitat?p_header=Llista%20d%27activitats^pk_for_mod_ins.p_for_cons_activitats?p_any=2024-2025%26p_totes=S%26p_inici=1%26p_excloure_crp_rec=T&amp;p_codi=5090390512&amp;p_curs=2024-2025&amp;p_excloure_crp_rec=T\">Mesures i suports universals<\/a><\/b><\/span><\/td>\n<\/tr>\n<tr>\n<td colspan=\"3\"><\/td>\n<td valign=\"TOP\"><span style=\"font-family: arial, helvetica, geneva; font-size: xx-small;\">Taller. ESC Sant Jordi (Ma\u00e7anet de la Selva). Del dilluns 13\/1\/2025 al 17\/3\/2025 de 12:15 a 13:45<\/span><\/td>\n<\/tr>\n<tr>\n<td><\/td>\n<td valign=\"TOP\"><\/td>\n<td valign=\"TOP\"><span style=\"font-family: arial, helvetica, geneva; font-size: small;\">5090430512<\/span><\/td>\n<td valign=\"TOP\"><span style=\"font-family: arial, helvetica, geneva; font-size: small;\"><b><a href=\"https:\/\/aplicacions.gestioeducativa.gencat.cat\/pls\/soloas\/pk_for_mod_ins.p_for_detall_activitat?p_header=Llista%20d%27activitats^pk_for_mod_ins.p_for_cons_activitats?p_any=2024-2025%26p_totes=S%26p_inici=1%26p_excloure_crp_rec=T&amp;p_codi=5090430512&amp;p_curs=2024-2025&amp;p_excloure_crp_rec=T\">Mesures i suports universals<\/a><\/b><\/span><\/td>\n<\/tr>\n<tr>\n<td colspan=\"3\"><\/td>\n<td valign=\"TOP\"><span style=\"font-family: arial, helvetica, geneva; font-size: xx-small;\">Taller. ESC Pinya de Rosa (Blanes). Del dijous 12\/9\/2024 al 21\/11\/2025 de 12:30 a 14:00<\/span><\/td>\n<\/tr>\n<tr>\n<td><\/td>\n<td valign=\"TOP\"><\/td>\n<td valign=\"TOP\"><span style=\"font-family: arial, helvetica, geneva; font-size: small;\">5090450512<\/span><\/td>\n<td valign=\"TOP\"><span style=\"font-family: arial, helvetica, geneva; font-size: small;\"><b><a href=\"https:\/\/aplicacions.gestioeducativa.gencat.cat\/pls\/soloas\/pk_for_mod_ins.p_for_detall_activitat?p_header=Llista%20d%27activitats^pk_for_mod_ins.p_for_cons_activitats?p_any=2024-2025%26p_totes=S%26p_inici=1%26p_excloure_crp_rec=T&amp;p_codi=5090450512&amp;p_curs=2024-2025&amp;p_excloure_crp_rec=T\">C\u00e0psula de sensibilitzaci\u00f3 d&#8217;educaci\u00f3 inclusiva<\/a><\/b><\/span><\/td>\n<\/tr>\n<tr>\n<td colspan=\"3\"><\/td>\n<td valign=\"TOP\"><span style=\"font-family: arial, helvetica, geneva; font-size: xx-small;\">Confer\u00e8ncia. INS Ma\u00e7anet de la Selva (Ma\u00e7anet de la Selva). Del divendres 6\/9\/2024 al 6\/9\/2024 de a<\/span><\/td>\n<\/tr>\n<tr>\n<td><\/td>\n<td valign=\"TOP\"><\/td>\n<td valign=\"TOP\"><span style=\"font-family: arial, helvetica, geneva; font-size: small;\">5090481509<\/span><\/td>\n<td valign=\"TOP\"><span style=\"font-family: arial, helvetica, geneva; font-size: small;\"><b><a href=\"https:\/\/aplicacions.gestioeducativa.gencat.cat\/pls\/soloas\/pk_for_mod_ins.p_for_detall_activitat?p_header=Llista%20d%27activitats^pk_for_mod_ins.p_for_cons_activitats?p_any=2024-2025%26p_totes=S%26p_inici=1%26p_excloure_crp_rec=T&amp;p_codi=5090481509&amp;p_curs=2024-2025&amp;p_excloure_crp_rec=T\">L&#8217;aprenentatge basat en projectes<\/a><\/b><\/span><\/td>\n<\/tr>\n<tr>\n<td colspan=\"3\"><\/td>\n<td valign=\"TOP\"><span style=\"font-family: arial, helvetica, geneva; font-size: xx-small;\">Taller. CRP de la Selva II (Blanes). Del divendres 7\/2\/2025 al 11\/6\/2025 de 15:30 a 17:30<\/span><\/td>\n<\/tr>\n<tr>\n<td><\/td>\n<td valign=\"TOP\"><img loading=\"lazy\" decoding=\"async\" src=\"https:\/\/aplicacions.gestioeducativa.gencat.cat\/est\/gafadm\/img\/ins_ok.gif\" alt=\"Inscripci\u00f3 oberta\" width=\"16\" height=\"16\" border=\"0\" \/><\/td>\n<td valign=\"TOP\"><span style=\"font-family: arial, helvetica, geneva; font-size: small;\">5090550512<\/span><\/td>\n<td valign=\"TOP\"><span style=\"font-family: arial, helvetica, geneva; font-size: small;\"><b><a href=\"https:\/\/aplicacions.gestioeducativa.gencat.cat\/pls\/soloas\/pk_for_mod_ins.p_for_detall_activitat?p_header=Llista%20d%27activitats^pk_for_mod_ins.p_for_cons_activitats?p_any=2024-2025%26p_totes=S%26p_inici=1%26p_excloure_crp_rec=T&amp;p_codi=5090550512&amp;p_curs=2024-2025&amp;p_excloure_crp_rec=T\">Mesures i suports universals<\/a><\/b><\/span><\/td>\n<\/tr>\n<tr>\n<td colspan=\"3\"><\/td>\n<td valign=\"TOP\"><span style=\"font-family: arial, helvetica, geneva; font-size: xx-small;\">Taller. ESC Esteve Carles (Lloret de Mar). Del dimecres 2\/10\/2024 al 5\/2\/2025 de 12:30 a 14:00<\/span><\/td>\n<\/tr>\n<tr>\n<td><\/td>\n<td valign=\"TOP\"><\/td>\n<td valign=\"TOP\"><span style=\"font-family: arial, helvetica, geneva; font-size: small;\">5090980512<\/span><\/td>\n<td valign=\"TOP\"><span style=\"font-family: arial, helvetica, geneva; font-size: small;\"><b><a href=\"https:\/\/aplicacions.gestioeducativa.gencat.cat\/pls\/soloas\/pk_for_mod_ins.p_for_detall_activitat?p_header=Llista%20d%27activitats^pk_for_mod_ins.p_for_cons_activitats?p_any=2024-2025%26p_totes=S%26p_inici=1%26p_excloure_crp_rec=T&amp;p_codi=5090980512&amp;p_curs=2024-2025&amp;p_excloure_crp_rec=T\">C\u00e0psula de sensibilitzaci\u00f3 d&#8217;educaci\u00f3 inclusiva<\/a><\/b><\/span><\/td>\n<\/tr>\n<tr>\n<td colspan=\"3\"><\/td>\n<td valign=\"TOP\"><span style=\"font-family: arial, helvetica, geneva; font-size: xx-small;\">Confer\u00e8ncia. ESC Sant Iscle (Vidreres). Del dilluns 27\/1\/2025 al 27\/1\/2025 de 12:45 a 14:15<\/span><\/td>\n<\/tr>\n<tr>\n<td><\/td>\n<td valign=\"TOP\"><img loading=\"lazy\" decoding=\"async\" src=\"https:\/\/aplicacions.gestioeducativa.gencat.cat\/est\/gafadm\/img\/ins_ok.gif\" alt=\"Inscripci\u00f3 oberta\" width=\"16\" height=\"16\" border=\"0\" \/><\/td>\n<td valign=\"TOP\"><span style=\"font-family: arial, helvetica, geneva; font-size: small;\">6003830506<\/span><\/td>\n<td valign=\"TOP\"><span style=\"font-family: arial, helvetica, geneva; font-size: small;\"><b><a href=\"https:\/\/aplicacions.gestioeducativa.gencat.cat\/pls\/soloas\/pk_for_mod_ins.p_for_detall_activitat?p_header=Llista%20d%27activitats^pk_for_mod_ins.p_for_cons_activitats?p_any=2024-2025%26p_totes=S%26p_inici=1%26p_excloure_crp_rec=T&amp;p_codi=6003830506&amp;p_curs=2024-2025&amp;p_excloure_crp_rec=T\">La diabetis en l&#8217;\u00e0mbit escolar<\/a><\/b><\/span><\/td>\n<\/tr>\n<tr>\n<td colspan=\"3\"><\/td>\n<td valign=\"TOP\"><span style=\"font-family: arial, helvetica, geneva; font-size: xx-small;\">Jornada \/ Jornades. Centre C\u00edvic Bal\u00e0fia (Lleida). Del divendres 25\/10\/2024 al 25\/10\/2024 de 9:00 a 14:00<\/span><\/td>\n<\/tr>\n<tr>\n<td><\/td>\n<td valign=\"TOP\"><img loading=\"lazy\" decoding=\"async\" src=\"https:\/\/aplicacions.gestioeducativa.gencat.cat\/est\/gafadm\/img\/ins_ok.gif\" alt=\"Inscripci\u00f3 oberta\" width=\"16\" height=\"16\" border=\"0\" \/><\/td>\n<td valign=\"TOP\"><span style=\"font-family: arial, helvetica, geneva; font-size: small;\">6004290512<\/span><\/td>\n<td valign=\"TOP\"><span style=\"font-family: arial, helvetica, geneva; font-size: small;\"><b><a href=\"https:\/\/aplicacions.gestioeducativa.gencat.cat\/pls\/soloas\/pk_for_mod_ins.p_for_detall_activitat?p_header=Llista%20d%27activitats^pk_for_mod_ins.p_for_cons_activitats?p_any=2024-2025%26p_totes=S%26p_inici=1%26p_excloure_crp_rec=T&amp;p_codi=6004290512&amp;p_curs=2024-2025&amp;p_excloure_crp_rec=T\">Formaci\u00f3 als centres que incorporen el SIEI<\/a><\/b><\/span><\/td>\n<\/tr>\n<tr>\n<td colspan=\"3\"><\/td>\n<td valign=\"TOP\"><span style=\"font-family: arial, helvetica, geneva; font-size: xx-small;\">Curs. INS Torrevicens (Lleida). Del dijous 17\/10\/2024 al 26\/6\/2025 de 17:30 a 19:30<\/span><\/td>\n<\/tr>\n<tr>\n<td><\/td>\n<td valign=\"TOP\"><\/td>\n<td valign=\"TOP\"><span style=\"font-family: arial, helvetica, geneva; font-size: small;\">6004370506<\/span><\/td>\n<td valign=\"TOP\"><span style=\"font-family: arial, helvetica, geneva; font-size: small;\"><b><a href=\"https:\/\/aplicacions.gestioeducativa.gencat.cat\/pls\/soloas\/pk_for_mod_ins.p_for_detall_activitat?p_header=Llista%20d%27activitats^pk_for_mod_ins.p_for_cons_activitats?p_any=2024-2025%26p_totes=S%26p_inici=1%26p_excloure_crp_rec=T&amp;p_codi=6004370506&amp;p_curs=2024-2025&amp;p_excloure_crp_rec=T\">Estrat\u00e8gies per adaptar el SIEI a l\u2019alumnat amb el Trastorn de l\u2019Espectre Autista<\/a><\/b><\/span><\/td>\n<\/tr>\n<tr>\n<td colspan=\"3\"><\/td>\n<td valign=\"TOP\"><span style=\"font-family: arial, helvetica, geneva; font-size: xx-small;\">Taller. CRP del Segri\u00e0 (Lleida). Del dijous 12\/9\/2024 al 7\/10\/2024 de 17:15 a 19:45<\/span><\/td>\n<\/tr>\n<tr>\n<td><\/td>\n<td valign=\"TOP\"><img loading=\"lazy\" decoding=\"async\" src=\"https:\/\/aplicacions.gestioeducativa.gencat.cat\/est\/gafadm\/img\/ins_ok.gif\" alt=\"Inscripci\u00f3 oberta\" width=\"16\" height=\"16\" border=\"0\" \/><\/td>\n<td valign=\"TOP\"><span style=\"font-family: arial, helvetica, geneva; font-size: small;\">6010121601<\/span><\/td>\n<td valign=\"TOP\"><span style=\"font-family: arial, helvetica, geneva; font-size: small;\"><b><a href=\"https:\/\/aplicacions.gestioeducativa.gencat.cat\/pls\/soloas\/pk_for_mod_ins.p_for_detall_activitat?p_header=Llista%20d%27activitats^pk_for_mod_ins.p_for_cons_activitats?p_any=2024-2025%26p_totes=S%26p_inici=1%26p_excloure_crp_rec=T&amp;p_codi=6010121601&amp;p_curs=2024-2025&amp;p_excloure_crp_rec=T\">Coordinaci\u00f3 d&#8217;educaci\u00f3 inclusiva Alt Urgell i Cerdanya<\/a><\/b><\/span><\/td>\n<\/tr>\n<tr>\n<td colspan=\"3\"><\/td>\n<td valign=\"TOP\"><span style=\"font-family: arial, helvetica, geneva; font-size: xx-small;\">Seminari de coordinaci\u00f3. CRP de l&#8217;Alt Urgell (La Seu d&#8217;Urgell). Del dimarts 15\/10\/2024 al 16\/6\/2025 de 17:30 a 19:30<\/span><\/td>\n<\/tr>\n<tr>\n<td><\/td>\n<td valign=\"TOP\"><\/td>\n<td valign=\"TOP\"><span style=\"font-family: arial, helvetica, geneva; font-size: small;\">6010321601<\/span><\/td>\n<td valign=\"TOP\"><span style=\"font-family: arial, helvetica, geneva; font-size: small;\"><b><a href=\"https:\/\/aplicacions.gestioeducativa.gencat.cat\/pls\/soloas\/pk_for_mod_ins.p_for_detall_activitat?p_header=Llista%20d%27activitats^pk_for_mod_ins.p_for_cons_activitats?p_any=2024-2025%26p_totes=S%26p_inici=1%26p_excloure_crp_rec=T&amp;p_codi=6010321601&amp;p_curs=2024-2025&amp;p_excloure_crp_rec=T\">Intercanvi docents prim\u00e0ria secund\u00e0ria Diversitat<\/a><\/b><\/span><\/td>\n<\/tr>\n<tr>\n<td colspan=\"3\"><\/td>\n<td valign=\"TOP\"><span style=\"font-family: arial, helvetica, geneva; font-size: xx-small;\">Jornada \/ Jornades. INS Joan Brudieu (La Seu d&#8217;Urgell). Del dijous 3\/4\/2025 al 3\/4\/2025 de a<\/span><\/td>\n<\/tr>\n<tr>\n<td><\/td>\n<td valign=\"TOP\"><img loading=\"lazy\" decoding=\"async\" src=\"https:\/\/aplicacions.gestioeducativa.gencat.cat\/est\/gafadm\/img\/ins_ok.gif\" alt=\"Inscripci\u00f3 oberta\" width=\"16\" height=\"16\" border=\"0\" \/><\/td>\n<td valign=\"TOP\"><span style=\"font-family: arial, helvetica, geneva; font-size: small;\">6041071604<\/span><\/td>\n<td valign=\"TOP\"><span style=\"font-family: arial, helvetica, geneva; font-size: small;\"><b><a href=\"https:\/\/aplicacions.gestioeducativa.gencat.cat\/pls\/soloas\/pk_for_mod_ins.p_for_detall_activitat?p_header=Llista%20d%27activitats^pk_for_mod_ins.p_for_cons_activitats?p_any=2024-2025%26p_totes=S%26p_inici=1%26p_excloure_crp_rec=T&amp;p_codi=6041071604&amp;p_curs=2024-2025&amp;p_excloure_crp_rec=T\">Trastorns de l\u2019alimentaci\u00f3 en persones amb Trastorn de l\u2019Espectre Autista<\/a><\/b><\/span><\/td>\n<\/tr>\n<tr>\n<td colspan=\"3\"><\/td>\n<td valign=\"TOP\"><span style=\"font-family: arial, helvetica, geneva; font-size: xx-small;\">Taller a centre. C L&#8217;Estel (Balaguer). Del dimarts 1\/10\/2024 al 22\/10\/2024 de a<\/span><\/td>\n<\/tr>\n<tr>\n<td><\/td>\n<td valign=\"TOP\"><img loading=\"lazy\" decoding=\"async\" src=\"https:\/\/aplicacions.gestioeducativa.gencat.cat\/est\/gafadm\/img\/ins_ok.gif\" alt=\"Inscripci\u00f3 oberta\" width=\"16\" height=\"16\" border=\"0\" \/><\/td>\n<td valign=\"TOP\"><span style=\"font-family: arial, helvetica, geneva; font-size: small;\">6047061604<\/span><\/td>\n<td valign=\"TOP\"><span style=\"font-family: arial, helvetica, geneva; font-size: small;\"><b><a href=\"https:\/\/aplicacions.gestioeducativa.gencat.cat\/pls\/soloas\/pk_for_mod_ins.p_for_detall_activitat?p_header=Llista%20d%27activitats^pk_for_mod_ins.p_for_cons_activitats?p_any=2024-2025%26p_totes=S%26p_inici=1%26p_excloure_crp_rec=T&amp;p_codi=6047061604&amp;p_curs=2024-2025&amp;p_excloure_crp_rec=T\">Treballem la inclusi\u00f3 a l&#8217;aula (MEE)<\/a><\/b><\/span><\/td>\n<\/tr>\n<tr>\n<td colspan=\"3\"><\/td>\n<td valign=\"TOP\"><span style=\"font-family: arial, helvetica, geneva; font-size: xx-small;\">Seminari de coordinaci\u00f3. EAP EAP L-05 La Noguera (Balaguer). Del dimarts 1\/10\/2024 al 27\/5\/2025 de 17:30 a 19:30<\/span><\/td>\n<\/tr>\n<tr>\n<td><\/td>\n<td valign=\"TOP\"><\/td>\n<td valign=\"TOP\"><span style=\"font-family: arial, helvetica, geneva; font-size: small;\">6047771604<\/span><\/td>\n<td valign=\"TOP\"><span style=\"font-family: arial, helvetica, geneva; font-size: small;\"><b><a href=\"https:\/\/aplicacions.gestioeducativa.gencat.cat\/pls\/soloas\/pk_for_mod_ins.p_for_detall_activitat?p_header=Llista%20d%27activitats^pk_for_mod_ins.p_for_cons_activitats?p_any=2024-2025%26p_totes=S%26p_inici=1%26p_excloure_crp_rec=T&amp;p_codi=6047771604&amp;p_curs=2024-2025&amp;p_excloure_crp_rec=T\">Comunicador Asterics Grid<\/a><\/b><\/span><\/td>\n<\/tr>\n<tr>\n<td colspan=\"3\"><\/td>\n<td valign=\"TOP\"><span style=\"font-family: arial, helvetica, geneva; font-size: xx-small;\">Taller. CRP de la Noguera (Balaguer). Del dilluns 7\/10\/2024 al 7\/10\/2024 de 17:00 a 20:00<\/span><\/td>\n<\/tr>\n<tr>\n<td><\/td>\n<td valign=\"TOP\"><\/td>\n<td valign=\"TOP\"><span style=\"font-family: arial, helvetica, geneva; font-size: small;\">6047781604<\/span><\/td>\n<td valign=\"TOP\"><span style=\"font-family: arial, helvetica, geneva; font-size: small;\"><b><a href=\"https:\/\/aplicacions.gestioeducativa.gencat.cat\/pls\/soloas\/pk_for_mod_ins.p_for_detall_activitat?p_header=Llista%20d%27activitats^pk_for_mod_ins.p_for_cons_activitats?p_any=2024-2025%26p_totes=S%26p_inici=1%26p_excloure_crp_rec=T&amp;p_codi=6047781604&amp;p_curs=2024-2025&amp;p_excloure_crp_rec=T\">Posem en pr\u00e0ctica les hist\u00f2ries socials<\/a><\/b><\/span><\/td>\n<\/tr>\n<tr>\n<td colspan=\"3\"><\/td>\n<td valign=\"TOP\"><span style=\"font-family: arial, helvetica, geneva; font-size: xx-small;\">Taller. CRP de la Noguera (Balaguer). Del dilluns 30\/9\/2024 al 30\/9\/2024 de 17:00 a 20:00<\/span><\/td>\n<\/tr>\n<tr>\n<td><\/td>\n<td valign=\"TOP\"><img loading=\"lazy\" decoding=\"async\" src=\"https:\/\/aplicacions.gestioeducativa.gencat.cat\/est\/gafadm\/img\/ins_ok.gif\" alt=\"Inscripci\u00f3 oberta\" width=\"16\" height=\"16\" border=\"0\" \/><\/td>\n<td valign=\"TOP\"><span style=\"font-family: arial, helvetica, geneva; font-size: small;\">6070091607<\/span><\/td>\n<td valign=\"TOP\"><span style=\"font-family: arial, helvetica, geneva; font-size: small;\"><b><a href=\"https:\/\/aplicacions.gestioeducativa.gencat.cat\/pls\/soloas\/pk_for_mod_ins.p_for_detall_activitat?p_header=Llista%20d%27activitats^pk_for_mod_ins.p_for_cons_activitats?p_any=2024-2025%26p_totes=S%26p_inici=1%26p_excloure_crp_rec=T&amp;p_codi=6070091607&amp;p_curs=2024-2025&amp;p_excloure_crp_rec=T\">Mestres de suport a la inclusi\u00f3 del Pla d&#8217;Urgell<\/a><\/b><\/span><\/td>\n<\/tr>\n<tr>\n<td colspan=\"3\"><\/td>\n<td valign=\"TOP\"><span style=\"font-family: arial, helvetica, geneva; font-size: xx-small;\">Seminari de coordinaci\u00f3. CRP del Pla d&#8217;Urgell (Mollerussa). Del dilluns 21\/10\/2024 al 9\/6\/2025 de 17:00 a 19:00<\/span><\/td>\n<\/tr>\n<tr>\n<td><\/td>\n<td valign=\"TOP\"><img loading=\"lazy\" decoding=\"async\" src=\"https:\/\/aplicacions.gestioeducativa.gencat.cat\/est\/gafadm\/img\/ins_ok.gif\" alt=\"Inscripci\u00f3 oberta\" width=\"16\" height=\"16\" border=\"0\" \/><\/td>\n<td valign=\"TOP\"><span style=\"font-family: arial, helvetica, geneva; font-size: small;\">6070281607<\/span><\/td>\n<td valign=\"TOP\"><span style=\"font-family: arial, helvetica, geneva; font-size: small;\"><b><a href=\"https:\/\/aplicacions.gestioeducativa.gencat.cat\/pls\/soloas\/pk_for_mod_ins.p_for_detall_activitat?p_header=Llista%20d%27activitats^pk_for_mod_ins.p_for_cons_activitats?p_any=2024-2025%26p_totes=S%26p_inici=1%26p_excloure_crp_rec=T&amp;p_codi=6070281607&amp;p_curs=2024-2025&amp;p_excloure_crp_rec=T\">Mesures i suports universals<\/a><\/b><\/span><\/td>\n<\/tr>\n<tr>\n<td colspan=\"3\"><\/td>\n<td valign=\"TOP\"><span style=\"font-family: arial, helvetica, geneva; font-size: xx-small;\">Taller. CRP del Pla d&#8217;Urgell (Mollerussa). Del dimarts 26\/11\/2024 al 14\/1\/2025 de 17:00 a 19:30<\/span><\/td>\n<\/tr>\n<tr>\n<td><\/td>\n<td valign=\"TOP\"><\/td>\n<td valign=\"TOP\"><span style=\"font-family: arial, helvetica, geneva; font-size: small;\">6070520512<\/span><\/td>\n<td valign=\"TOP\"><span style=\"font-family: arial, helvetica, geneva; font-size: small;\"><b><a href=\"https:\/\/aplicacions.gestioeducativa.gencat.cat\/pls\/soloas\/pk_for_mod_ins.p_for_detall_activitat?p_header=Llista%20d%27activitats^pk_for_mod_ins.p_for_cons_activitats?p_any=2024-2025%26p_totes=S%26p_inici=1%26p_excloure_crp_rec=T&amp;p_codi=6070520512&amp;p_curs=2024-2025&amp;p_excloure_crp_rec=T\">C\u00e0psula de sensibilitzaci\u00f3 d&#8217;educaci\u00f3 inclusiva<\/a><\/b><\/span><\/td>\n<\/tr>\n<tr>\n<td colspan=\"3\"><\/td>\n<td valign=\"TOP\"><span style=\"font-family: arial, helvetica, geneva; font-size: xx-small;\">Confer\u00e8ncia. ESC Sant Miquel (Miralcamp). Del dijous 5\/9\/2024 al 5\/9\/2024 de 12:00 a 14:00<\/span><\/td>\n<\/tr>\n<tr>\n<td><\/td>\n<td valign=\"TOP\"><img loading=\"lazy\" decoding=\"async\" src=\"https:\/\/aplicacions.gestioeducativa.gencat.cat\/est\/gafadm\/img\/ins_ok.gif\" alt=\"Inscripci\u00f3 oberta\" width=\"16\" height=\"16\" border=\"0\" \/><\/td>\n<td valign=\"TOP\"><span style=\"font-family: arial, helvetica, geneva; font-size: small;\">6080061608<\/span><\/td>\n<td valign=\"TOP\"><span style=\"font-family: arial, helvetica, geneva; font-size: small;\"><b><a href=\"https:\/\/aplicacions.gestioeducativa.gencat.cat\/pls\/soloas\/pk_for_mod_ins.p_for_detall_activitat?p_header=Llista%20d%27activitats^pk_for_mod_ins.p_for_cons_activitats?p_any=2024-2025%26p_totes=S%26p_inici=1%26p_excloure_crp_rec=T&amp;p_codi=6080061608&amp;p_curs=2024-2025&amp;p_excloure_crp_rec=T\">Visi\u00f3 i aprenentatge<\/a><\/b><\/span><\/td>\n<\/tr>\n<tr>\n<td colspan=\"3\"><\/td>\n<td valign=\"TOP\"><span style=\"font-family: arial, helvetica, geneva; font-size: xx-small;\">Taller a centre. ESC Jaume Balmes (Cervera). Del dimecres 9\/10\/2024 al 27\/11\/2024 de 12:30 a 14:00<\/span><\/td>\n<\/tr>\n<tr>\n<td><\/td>\n<td valign=\"TOP\"><img loading=\"lazy\" decoding=\"async\" src=\"https:\/\/aplicacions.gestioeducativa.gencat.cat\/est\/gafadm\/img\/ins_ok.gif\" alt=\"Inscripci\u00f3 oberta\" width=\"16\" height=\"16\" border=\"0\" \/><\/td>\n<td valign=\"TOP\"><span style=\"font-family: arial, helvetica, geneva; font-size: small;\">6090101609<\/span><\/td>\n<td valign=\"TOP\"><span style=\"font-family: arial, helvetica, geneva; font-size: small;\"><b><a href=\"https:\/\/aplicacions.gestioeducativa.gencat.cat\/pls\/soloas\/pk_for_mod_ins.p_for_detall_activitat?p_header=Llista%20d%27activitats^pk_for_mod_ins.p_for_cons_activitats?p_any=2024-2025%26p_totes=S%26p_inici=1%26p_excloure_crp_rec=T&amp;p_codi=6090101609&amp;p_curs=2024-2025&amp;p_excloure_crp_rec=T\">Aules inclusives, com ens hi afrontem? El TEA des d\u2019una altra mirada<\/a><\/b><\/span><\/td>\n<\/tr>\n<tr>\n<td colspan=\"3\"><\/td>\n<td valign=\"TOP\"><span style=\"font-family: arial, helvetica, geneva; font-size: xx-small;\">Jornada \/ Jornades. Diputaci\u00f3 de Lleida (Lleida). Del dimecres 9\/10\/2024 al 10\/10\/2024 de 17:30 a 19:30<\/span><\/td>\n<\/tr>\n<tr>\n<td><\/td>\n<td valign=\"TOP\"><img loading=\"lazy\" decoding=\"async\" src=\"https:\/\/aplicacions.gestioeducativa.gencat.cat\/est\/gafadm\/img\/ins_ok.gif\" alt=\"Inscripci\u00f3 oberta\" width=\"16\" height=\"16\" border=\"0\" \/><\/td>\n<td valign=\"TOP\"><span style=\"font-family: arial, helvetica, geneva; font-size: small;\">6090521609<\/span><\/td>\n<td valign=\"TOP\"><span style=\"font-family: arial, helvetica, geneva; font-size: small;\"><b><a href=\"https:\/\/aplicacions.gestioeducativa.gencat.cat\/pls\/soloas\/pk_for_mod_ins.p_for_detall_activitat?p_header=Llista%20d%27activitats^pk_for_mod_ins.p_for_cons_activitats?p_any=2024-2025%26p_totes=S%26p_inici=1%26p_excloure_crp_rec=T&amp;p_codi=6090521609&amp;p_curs=2024-2025&amp;p_excloure_crp_rec=T\">El PI (Pla de suport individualitzat). Estrat\u00e8gies i recursos per elaborar-lo<\/a><\/b><\/span><\/td>\n<\/tr>\n<tr>\n<td colspan=\"3\"><\/td>\n<td valign=\"TOP\"><span style=\"font-family: arial, helvetica, geneva; font-size: xx-small;\">Taller. CRP del Segri\u00e0 (Lleida). Del dimecres 25\/9\/2024 al 9\/10\/2024 de 17:30 a 19:30<\/span><\/td>\n<\/tr>\n<tr>\n<td><\/td>\n<td valign=\"TOP\"><img loading=\"lazy\" decoding=\"async\" src=\"https:\/\/aplicacions.gestioeducativa.gencat.cat\/est\/gafadm\/img\/ins_ok.gif\" alt=\"Inscripci\u00f3 oberta\" width=\"16\" height=\"16\" border=\"0\" \/><\/td>\n<td valign=\"TOP\"><span style=\"font-family: arial, helvetica, geneva; font-size: small;\">6090551609<\/span><\/td>\n<td valign=\"TOP\"><span style=\"font-family: arial, helvetica, geneva; font-size: small;\"><b><a href=\"https:\/\/aplicacions.gestioeducativa.gencat.cat\/pls\/soloas\/pk_for_mod_ins.p_for_detall_activitat?p_header=Llista%20d%27activitats^pk_for_mod_ins.p_for_cons_activitats?p_any=2024-2025%26p_totes=S%26p_inici=1%26p_excloure_crp_rec=T&amp;p_codi=6090551609&amp;p_curs=2024-2025&amp;p_excloure_crp_rec=T\">Habilitats comunicatives a 0-3<\/a><\/b><\/span><\/td>\n<\/tr>\n<tr>\n<td colspan=\"3\"><\/td>\n<td valign=\"TOP\"><span style=\"font-family: arial, helvetica, geneva; font-size: xx-small;\">Taller. CREDA Lleida (Seu central-Lleida) (Lleida). Del dimecres 2\/10\/2024 al 9\/10\/2024 de 17:30 a 19:30<\/span><\/td>\n<\/tr>\n<tr>\n<td><\/td>\n<td valign=\"TOP\"><img loading=\"lazy\" decoding=\"async\" src=\"https:\/\/aplicacions.gestioeducativa.gencat.cat\/est\/gafadm\/img\/ins_ok.gif\" alt=\"Inscripci\u00f3 oberta\" width=\"16\" height=\"16\" border=\"0\" \/><\/td>\n<td valign=\"TOP\"><span style=\"font-family: arial, helvetica, geneva; font-size: small;\">6090561609<\/span><\/td>\n<td valign=\"TOP\"><span style=\"font-family: arial, helvetica, geneva; font-size: small;\"><b><a href=\"https:\/\/aplicacions.gestioeducativa.gencat.cat\/pls\/soloas\/pk_for_mod_ins.p_for_detall_activitat?p_header=Llista%20d%27activitats^pk_for_mod_ins.p_for_cons_activitats?p_any=2024-2025%26p_totes=S%26p_inici=1%26p_excloure_crp_rec=T&amp;p_codi=6090561609&amp;p_curs=2024-2025&amp;p_excloure_crp_rec=T\">Consci\u00e8ncia fonol\u00f2gica a Educaci\u00f3 infantil i Cicle inicial<\/a><\/b><\/span><\/td>\n<\/tr>\n<tr>\n<td colspan=\"3\"><\/td>\n<td valign=\"TOP\"><span style=\"font-family: arial, helvetica, geneva; font-size: xx-small;\">Taller. CREDA Lleida (Seu central-Lleida) (Lleida). Del dijous 3\/10\/2024 al 9\/10\/2024 de 17:00 a 19:00<\/span><\/td>\n<\/tr>\n<tr>\n<td><\/td>\n<td valign=\"TOP\"><\/td>\n<td valign=\"TOP\"><span style=\"font-family: arial, helvetica, geneva; font-size: small;\">6090600512<\/span><\/td>\n<td valign=\"TOP\"><span style=\"font-family: arial, helvetica, geneva; font-size: small;\"><b><a href=\"https:\/\/aplicacions.gestioeducativa.gencat.cat\/pls\/soloas\/pk_for_mod_ins.p_for_detall_activitat?p_header=Llista%20d%27activitats^pk_for_mod_ins.p_for_cons_activitats?p_any=2024-2025%26p_totes=S%26p_inici=1%26p_excloure_crp_rec=T&amp;p_codi=6090600512&amp;p_curs=2024-2025&amp;p_excloure_crp_rec=T\">Mesures i suports universals<\/a><\/b><\/span><\/td>\n<\/tr>\n<tr>\n<td colspan=\"3\"><\/td>\n<td valign=\"TOP\"><span style=\"font-family: arial, helvetica, geneva; font-size: xx-small;\">Taller. EA Municipal Leandre Crist\u00f2fol (Lleida). Del dimecres 4\/9\/2024 al 12\/9\/2024 de 9:00 a 12:00<\/span><\/td>\n<\/tr>\n<tr>\n<td><\/td>\n<td valign=\"TOP\"><\/td>\n<td valign=\"TOP\"><span style=\"font-family: arial, helvetica, geneva; font-size: small;\">6090851609<\/span><\/td>\n<td valign=\"TOP\"><span style=\"font-family: arial, helvetica, geneva; font-size: small;\"><b><a href=\"https:\/\/aplicacions.gestioeducativa.gencat.cat\/pls\/soloas\/pk_for_mod_ins.p_for_detall_activitat?p_header=Llista%20d%27activitats^pk_for_mod_ins.p_for_cons_activitats?p_any=2024-2025%26p_totes=S%26p_inici=1%26p_excloure_crp_rec=T&amp;p_codi=6090851609&amp;p_curs=2024-2025&amp;p_excloure_crp_rec=T\">Mestres novells d&#8217;alumnat amb sordesa<\/a><\/b><\/span><\/td>\n<\/tr>\n<tr>\n<td colspan=\"3\"><\/td>\n<td valign=\"TOP\"><span style=\"font-family: arial, helvetica, geneva; font-size: xx-small;\">Taller. CREDA Lleida (Seu central-Lleida) (Lleida). Del dijous 5\/9\/2024 al 30\/9\/2024 de 9:00 a 14:00<\/span><\/td>\n<\/tr>\n<tr>\n<td><\/td>\n<td valign=\"TOP\"><img loading=\"lazy\" decoding=\"async\" src=\"https:\/\/aplicacions.gestioeducativa.gencat.cat\/est\/gafadm\/img\/ins_ok.gif\" alt=\"Inscripci\u00f3 oberta\" width=\"16\" height=\"16\" border=\"0\" \/><\/td>\n<td valign=\"TOP\"><span style=\"font-family: arial, helvetica, geneva; font-size: small;\">6090861609<\/span><\/td>\n<td valign=\"TOP\"><span style=\"font-family: arial, helvetica, geneva; font-size: small;\"><b><a href=\"https:\/\/aplicacions.gestioeducativa.gencat.cat\/pls\/soloas\/pk_for_mod_ins.p_for_detall_activitat?p_header=Llista%20d%27activitats^pk_for_mod_ins.p_for_cons_activitats?p_any=2024-2025%26p_totes=S%26p_inici=1%26p_excloure_crp_rec=T&amp;p_codi=6090861609&amp;p_curs=2024-2025&amp;p_excloure_crp_rec=T\">An\u00e0lisi de Casos d&#8217;alumnat amb dificultats de l&#8217;audici\u00f3, la parla, la comunicaci\u00f3 i\/o el llenguatge<\/a><\/b><\/span><\/td>\n<\/tr>\n<tr>\n<td colspan=\"3\"><\/td>\n<td valign=\"TOP\"><span style=\"font-family: arial, helvetica, geneva; font-size: xx-small;\">Seminari. CREDA Lleida (Seu central-Lleida) (Lleida). Del divendres 27\/9\/2024 al 25\/4\/2025 de 15:00 a 17:00<\/span><\/td>\n<\/tr>\n<tr>\n<td><\/td>\n<td valign=\"TOP\"><img loading=\"lazy\" decoding=\"async\" src=\"https:\/\/aplicacions.gestioeducativa.gencat.cat\/est\/gafadm\/img\/ins_ok.gif\" alt=\"Inscripci\u00f3 oberta\" width=\"16\" height=\"16\" border=\"0\" \/><\/td>\n<td valign=\"TOP\"><span style=\"font-family: arial, helvetica, geneva; font-size: small;\">6090881609<\/span><\/td>\n<td valign=\"TOP\"><span style=\"font-family: arial, helvetica, geneva; font-size: small;\"><b><a href=\"https:\/\/aplicacions.gestioeducativa.gencat.cat\/pls\/soloas\/pk_for_mod_ins.p_for_detall_activitat?p_header=Llista%20d%27activitats^pk_for_mod_ins.p_for_cons_activitats?p_any=2024-2025%26p_totes=S%26p_inici=1%26p_excloure_crp_rec=T&amp;p_codi=6090881609&amp;p_curs=2024-2025&amp;p_excloure_crp_rec=T\">Actualitzaci\u00f3 enTAC per a professionals en actiu del CREDA Lleida<\/a><\/b><\/span><\/td>\n<\/tr>\n<tr>\n<td colspan=\"3\"><\/td>\n<td valign=\"TOP\"><span style=\"font-family: arial, helvetica, geneva; font-size: xx-small;\">Curs. CREDA Lleida (Seu central-Lleida) (Lleida). Del divendres 7\/2\/2025 al 9\/5\/2025 de 9:00 a 14:00<\/span><\/td>\n<\/tr>\n<tr>\n<td><\/td>\n<td valign=\"TOP\"><img loading=\"lazy\" decoding=\"async\" src=\"https:\/\/aplicacions.gestioeducativa.gencat.cat\/est\/gafadm\/img\/ins_ok.gif\" alt=\"Inscripci\u00f3 oberta\" width=\"16\" height=\"16\" border=\"0\" \/><\/td>\n<td valign=\"TOP\"><span style=\"font-family: arial, helvetica, geneva; font-size: small;\">6090891609<\/span><\/td>\n<td valign=\"TOP\"><span style=\"font-family: arial, helvetica, geneva; font-size: small;\"><b><a href=\"https:\/\/aplicacions.gestioeducativa.gencat.cat\/pls\/soloas\/pk_for_mod_ins.p_for_detall_activitat?p_header=Llista%20d%27activitats^pk_for_mod_ins.p_for_cons_activitats?p_any=2024-2025%26p_totes=S%26p_inici=1%26p_excloure_crp_rec=T&amp;p_codi=6090891609&amp;p_curs=2024-2025&amp;p_excloure_crp_rec=T\">El treball amb l\u2019alumnat TdL a l\u2019aula ordin\u00e0ria<\/a><\/b><\/span><\/td>\n<\/tr>\n<tr>\n<td colspan=\"3\"><\/td>\n<td valign=\"TOP\"><span style=\"font-family: arial, helvetica, geneva; font-size: xx-small;\">Curs. CREDA Lleida (Seu central-Lleida) (Lleida). Del dimarts 25\/2\/2025 al 24\/3\/2025 de 17:00 a 19:30<\/span><\/td>\n<\/tr>\n<tr>\n<td><\/td>\n<td valign=\"TOP\"><img loading=\"lazy\" decoding=\"async\" src=\"https:\/\/aplicacions.gestioeducativa.gencat.cat\/est\/gafadm\/img\/ins_ok.gif\" alt=\"Inscripci\u00f3 oberta\" width=\"16\" height=\"16\" border=\"0\" \/><\/td>\n<td valign=\"TOP\"><span style=\"font-family: arial, helvetica, geneva; font-size: small;\">6090901609<\/span><\/td>\n<td valign=\"TOP\"><span style=\"font-family: arial, helvetica, geneva; font-size: small;\"><b><a href=\"https:\/\/aplicacions.gestioeducativa.gencat.cat\/pls\/soloas\/pk_for_mod_ins.p_for_detall_activitat?p_header=Llista%20d%27activitats^pk_for_mod_ins.p_for_cons_activitats?p_any=2024-2025%26p_totes=S%26p_inici=1%26p_excloure_crp_rec=T&amp;p_codi=6090901609&amp;p_curs=2024-2025&amp;p_excloure_crp_rec=T\">Actualitzaci\u00f3 metodol\u00f2gica del treball logop\u00e8dic<\/a><\/b><\/span><\/td>\n<\/tr>\n<tr>\n<td colspan=\"3\"><\/td>\n<td valign=\"TOP\"><span style=\"font-family: arial, helvetica, geneva; font-size: xx-small;\">Curs. CREDA Lleida (Seu central-Lleida) (Lleida). Del divendres 4\/10\/2024 al 7\/3\/2025 de a<\/span><\/td>\n<\/tr>\n<tr>\n<td><\/td>\n<td valign=\"TOP\"><img loading=\"lazy\" decoding=\"async\" src=\"https:\/\/aplicacions.gestioeducativa.gencat.cat\/est\/gafadm\/img\/ins_ok.gif\" alt=\"Inscripci\u00f3 oberta\" width=\"16\" height=\"16\" border=\"0\" \/><\/td>\n<td valign=\"TOP\"><span style=\"font-family: arial, helvetica, geneva; font-size: small;\">6092081609<\/span><\/td>\n<td valign=\"TOP\"><span style=\"font-family: arial, helvetica, geneva; font-size: small;\"><b><a href=\"https:\/\/aplicacions.gestioeducativa.gencat.cat\/pls\/soloas\/pk_for_mod_ins.p_for_detall_activitat?p_header=Llista%20d%27activitats^pk_for_mod_ins.p_for_cons_activitats?p_any=2024-2025%26p_totes=S%26p_inici=1%26p_excloure_crp_rec=T&amp;p_codi=6092081609&amp;p_curs=2024-2025&amp;p_excloure_crp_rec=T\">MALL dels centres educatius dels SSTT de Lleida<\/a><\/b><\/span><\/td>\n<\/tr>\n<tr>\n<td colspan=\"3\"><\/td>\n<td valign=\"TOP\"><span style=\"font-family: arial, helvetica, geneva; font-size: xx-small;\">Grup de treball. VT Curs a dist\u00e0ncia (A dist\u00e0ncia). Del dimarts 15\/10\/2024 al 15\/5\/2025 de a<\/span><\/td>\n<\/tr>\n<tr>\n<td><\/td>\n<td valign=\"TOP\"><img loading=\"lazy\" decoding=\"async\" src=\"https:\/\/aplicacions.gestioeducativa.gencat.cat\/est\/gafadm\/img\/ins_ok.gif\" alt=\"Inscripci\u00f3 oberta\" width=\"16\" height=\"16\" border=\"0\" \/><\/td>\n<td valign=\"TOP\"><span style=\"font-family: arial, helvetica, geneva; font-size: small;\">6092501609<\/span><\/td>\n<td valign=\"TOP\"><span style=\"font-family: arial, helvetica, geneva; font-size: small;\"><b><a href=\"https:\/\/aplicacions.gestioeducativa.gencat.cat\/pls\/soloas\/pk_for_mod_ins.p_for_detall_activitat?p_header=Llista%20d%27activitats^pk_for_mod_ins.p_for_cons_activitats?p_any=2024-2025%26p_totes=S%26p_inici=1%26p_excloure_crp_rec=T&amp;p_codi=6092501609&amp;p_curs=2024-2025&amp;p_excloure_crp_rec=T\">Coordinaci\u00f3 per a equips directius de CEE<\/a><\/b><\/span><\/td>\n<\/tr>\n<tr>\n<td colspan=\"3\"><\/td>\n<td valign=\"TOP\"><span style=\"font-family: arial, helvetica, geneva; font-size: xx-small;\">Seminari de coordinaci\u00f3. VT Curs a dist\u00e0ncia (A dist\u00e0ncia). Del dijous 3\/10\/2024 al 29\/5\/2025 de 10:00 a 12:00<\/span><\/td>\n<\/tr>\n<tr>\n<td><\/td>\n<td valign=\"TOP\"><img loading=\"lazy\" decoding=\"async\" src=\"https:\/\/aplicacions.gestioeducativa.gencat.cat\/est\/gafadm\/img\/ins_ok.gif\" alt=\"Inscripci\u00f3 oberta\" width=\"16\" height=\"16\" border=\"0\" \/><\/td>\n<td valign=\"TOP\"><span style=\"font-family: arial, helvetica, geneva; font-size: small;\">6093101609<\/span><\/td>\n<td valign=\"TOP\"><span style=\"font-family: arial, helvetica, geneva; font-size: small;\"><b><a href=\"https:\/\/aplicacions.gestioeducativa.gencat.cat\/pls\/soloas\/pk_for_mod_ins.p_for_detall_activitat?p_header=Llista%20d%27activitats^pk_for_mod_ins.p_for_cons_activitats?p_any=2024-2025%26p_totes=S%26p_inici=1%26p_excloure_crp_rec=T&amp;p_codi=6093101609&amp;p_curs=2024-2025&amp;p_excloure_crp_rec=T\">Educar l&#8217;atenci\u00f3 com a eina d&#8217;aprenentatge<\/a><\/b><\/span><\/td>\n<\/tr>\n<tr>\n<td colspan=\"3\"><\/td>\n<td valign=\"TOP\"><span style=\"font-family: arial, helvetica, geneva; font-size: xx-small;\">Taller a centre. ESC Parc de l&#8217;Aigua (Lleida). Del dilluns 21\/10\/2024 al 25\/10\/2024 de 12:30 a 14:00<\/span><\/td>\n<\/tr>\n<tr>\n<td><\/td>\n<td valign=\"TOP\"><\/td>\n<td valign=\"TOP\"><span style=\"font-family: arial, helvetica, geneva; font-size: small;\">6093161609<\/span><\/td>\n<td valign=\"TOP\"><span style=\"font-family: arial, helvetica, geneva; font-size: small;\"><b><a href=\"https:\/\/aplicacions.gestioeducativa.gencat.cat\/pls\/soloas\/pk_for_mod_ins.p_for_detall_activitat?p_header=Llista%20d%27activitats^pk_for_mod_ins.p_for_cons_activitats?p_any=2024-2025%26p_totes=S%26p_inici=1%26p_excloure_crp_rec=T&amp;p_codi=6093161609&amp;p_curs=2024-2025&amp;p_excloure_crp_rec=T\">Estrat\u00e8gies per entendre i abordar el Trastorn de l\u2019Espectre Autista dins de l\u2019entorn escolar<\/a><\/b><\/span><\/td>\n<\/tr>\n<tr>\n<td colspan=\"3\"><\/td>\n<td valign=\"TOP\"><span style=\"font-family: arial, helvetica, geneva; font-size: xx-small;\">Taller a centre. ESC La Mitjana (Lleida). Del dimarts 10\/9\/2024 al 8\/10\/2024 de 17:00 a 19:00<\/span><\/td>\n<\/tr>\n<tr>\n<td><\/td>\n<td valign=\"TOP\"><img loading=\"lazy\" decoding=\"async\" src=\"https:\/\/aplicacions.gestioeducativa.gencat.cat\/est\/gafadm\/img\/ins_ok.gif\" alt=\"Inscripci\u00f3 oberta\" width=\"16\" height=\"16\" border=\"0\" \/><\/td>\n<td valign=\"TOP\"><span style=\"font-family: arial, helvetica, geneva; font-size: small;\">6093310512<\/span><\/td>\n<td valign=\"TOP\"><span style=\"font-family: arial, helvetica, geneva; font-size: small;\"><b><a href=\"https:\/\/aplicacions.gestioeducativa.gencat.cat\/pls\/soloas\/pk_for_mod_ins.p_for_detall_activitat?p_header=Llista%20d%27activitats^pk_for_mod_ins.p_for_cons_activitats?p_any=2024-2025%26p_totes=S%26p_inici=1%26p_excloure_crp_rec=T&amp;p_codi=6093310512&amp;p_curs=2024-2025&amp;p_excloure_crp_rec=T\">Mesures i suports universals<\/a><\/b><\/span><\/td>\n<\/tr>\n<tr>\n<td colspan=\"3\"><\/td>\n<td valign=\"TOP\"><span style=\"font-family: arial, helvetica, geneva; font-size: xx-small;\">Taller. ZER La Coma (Sudanell). Del dijous 19\/9\/2024 al 29\/10\/2024 de 17:00 a 19:30<\/span><\/td>\n<\/tr>\n<tr>\n<td><\/td>\n<td valign=\"TOP\"><img loading=\"lazy\" decoding=\"async\" src=\"https:\/\/aplicacions.gestioeducativa.gencat.cat\/est\/gafadm\/img\/ins_ok.gif\" alt=\"Inscripci\u00f3 oberta\" width=\"16\" height=\"16\" border=\"0\" \/><\/td>\n<td valign=\"TOP\"><span style=\"font-family: arial, helvetica, geneva; font-size: small;\">6095011609<\/span><\/td>\n<td valign=\"TOP\"><span style=\"font-family: arial, helvetica, geneva; font-size: small;\"><b><a href=\"https:\/\/aplicacions.gestioeducativa.gencat.cat\/pls\/soloas\/pk_for_mod_ins.p_for_detall_activitat?p_header=Llista%20d%27activitats^pk_for_mod_ins.p_for_cons_activitats?p_any=2024-2025%26p_totes=S%26p_inici=1%26p_excloure_crp_rec=T&amp;p_codi=6095011609&amp;p_curs=2024-2025&amp;p_excloure_crp_rec=T\">Abordatge de trastorns que afecten l&#8217;aprenentatge (disl\u00e8xia, TDA, dispr\u00e0xia&#8230;)<\/a><\/b><\/span><\/td>\n<\/tr>\n<tr>\n<td colspan=\"3\"><\/td>\n<td valign=\"TOP\"><span style=\"font-family: arial, helvetica, geneva; font-size: xx-small;\">Taller a centre. ESC Frederic God\u00e0s (Lleida). Del dimarts 24\/9\/2024 al 12\/11\/2024 de 12:30 a 14:00<\/span><\/td>\n<\/tr>\n<tr>\n<td><\/td>\n<td valign=\"TOP\"><img loading=\"lazy\" decoding=\"async\" src=\"https:\/\/aplicacions.gestioeducativa.gencat.cat\/est\/gafadm\/img\/ins_ok.gif\" alt=\"Inscripci\u00f3 oberta\" width=\"16\" height=\"16\" border=\"0\" \/><\/td>\n<td valign=\"TOP\"><span style=\"font-family: arial, helvetica, geneva; font-size: small;\">6095531609<\/span><\/td>\n<td valign=\"TOP\"><span style=\"font-family: arial, helvetica, geneva; font-size: small;\"><b><a href=\"https:\/\/aplicacions.gestioeducativa.gencat.cat\/pls\/soloas\/pk_for_mod_ins.p_for_detall_activitat?p_header=Llista%20d%27activitats^pk_for_mod_ins.p_for_cons_activitats?p_any=2024-2025%26p_totes=S%26p_inici=1%26p_excloure_crp_rec=T&amp;p_codi=6095531609&amp;p_curs=2024-2025&amp;p_excloure_crp_rec=T\">El Trastorn de l\u2019Espectre Autista.<\/a><\/b><\/span><\/td>\n<\/tr>\n<tr>\n<td colspan=\"3\"><\/td>\n<td valign=\"TOP\"><span style=\"font-family: arial, helvetica, geneva; font-size: xx-small;\">Taller a centre. ESC Minerva (Lleida). Del dijous 3\/10\/2024 al 23\/1\/2025 de a<\/span><\/td>\n<\/tr>\n<tr>\n<td><\/td>\n<td valign=\"TOP\"><img loading=\"lazy\" decoding=\"async\" src=\"https:\/\/aplicacions.gestioeducativa.gencat.cat\/est\/gafadm\/img\/ins_ok.gif\" alt=\"Inscripci\u00f3 oberta\" width=\"16\" height=\"16\" border=\"0\" \/><\/td>\n<td valign=\"TOP\"><span style=\"font-family: arial, helvetica, geneva; font-size: small;\">6096441609<\/span><\/td>\n<td valign=\"TOP\"><span style=\"font-family: arial, helvetica, geneva; font-size: small;\"><b><a href=\"https:\/\/aplicacions.gestioeducativa.gencat.cat\/pls\/soloas\/pk_for_mod_ins.p_for_detall_activitat?p_header=Llista%20d%27activitats^pk_for_mod_ins.p_for_cons_activitats?p_any=2024-2025%26p_totes=S%26p_inici=1%26p_excloure_crp_rec=T&amp;p_codi=6096441609&amp;p_curs=2024-2025&amp;p_excloure_crp_rec=T\">PINDOLES TEM\u00c0TIQUES EN L&#8217;EDUCACI\u00d3<\/a><\/b><\/span><\/td>\n<\/tr>\n<tr>\n<td colspan=\"3\"><\/td>\n<td valign=\"TOP\"><span style=\"font-family: arial, helvetica, geneva; font-size: xx-small;\">Taller a centre. INS La Mitjana (Lleida). Del dissabte 21\/9\/2024 al 10\/3\/2025 de 15:30 a 17:00<\/span><\/td>\n<\/tr>\n<tr>\n<td><\/td>\n<td valign=\"TOP\"><\/td>\n<td valign=\"TOP\"><span style=\"font-family: arial, helvetica, geneva; font-size: small;\">6096800512<\/span><\/td>\n<td valign=\"TOP\"><span style=\"font-family: arial, helvetica, geneva; font-size: small;\"><b><a href=\"https:\/\/aplicacions.gestioeducativa.gencat.cat\/pls\/soloas\/pk_for_mod_ins.p_for_detall_activitat?p_header=Llista%20d%27activitats^pk_for_mod_ins.p_for_cons_activitats?p_any=2024-2025%26p_totes=S%26p_inici=1%26p_excloure_crp_rec=T&amp;p_codi=6096800512&amp;p_curs=2024-2025&amp;p_excloure_crp_rec=T\">C\u00e0psula de sensibilitzaci\u00f3 d&#8217;educaci\u00f3 inclusiva<\/a><\/b><\/span><\/td>\n<\/tr>\n<tr>\n<td colspan=\"3\"><\/td>\n<td valign=\"TOP\"><span style=\"font-family: arial, helvetica, geneva; font-size: xx-small;\">Confer\u00e8ncia. INS Ronda (Lleida). Del dimecres 18\/9\/2024 al 18\/9\/2024 de 16:00 a 18:00<\/span><\/td>\n<\/tr>\n<tr>\n<td><\/td>\n<td valign=\"TOP\"><img loading=\"lazy\" decoding=\"async\" src=\"https:\/\/aplicacions.gestioeducativa.gencat.cat\/est\/gafadm\/img\/ins_ok.gif\" alt=\"Inscripci\u00f3 oberta\" width=\"16\" height=\"16\" border=\"0\" \/><\/td>\n<td valign=\"TOP\"><span style=\"font-family: arial, helvetica, geneva; font-size: small;\">6097901609<\/span><\/td>\n<td valign=\"TOP\"><span style=\"font-family: arial, helvetica, geneva; font-size: small;\"><b><a href=\"https:\/\/aplicacions.gestioeducativa.gencat.cat\/pls\/soloas\/pk_for_mod_ins.p_for_detall_activitat?p_header=Llista%20d%27activitats^pk_for_mod_ins.p_for_cons_activitats?p_any=2024-2025%26p_totes=S%26p_inici=1%26p_excloure_crp_rec=T&amp;p_codi=6097901609&amp;p_curs=2024-2025&amp;p_excloure_crp_rec=T\">Recursos multisensorials per al suport a la comunicaci\u00f3<\/a><\/b><\/span><\/td>\n<\/tr>\n<tr>\n<td colspan=\"3\"><\/td>\n<td valign=\"TOP\"><span style=\"font-family: arial, helvetica, geneva; font-size: xx-small;\">Taller a centre. C Aremi (Lleida). Del divendres 4\/10\/2024 al 21\/3\/2025 de 12:00 a 14:00<\/span><\/td>\n<\/tr>\n<tr>\n<td><\/td>\n<td valign=\"TOP\"><img loading=\"lazy\" decoding=\"async\" src=\"https:\/\/aplicacions.gestioeducativa.gencat.cat\/est\/gafadm\/img\/ins_ok.gif\" alt=\"Inscripci\u00f3 oberta\" width=\"16\" height=\"16\" border=\"0\" \/><\/td>\n<td valign=\"TOP\"><span style=\"font-family: arial, helvetica, geneva; font-size: small;\">6097911609<\/span><\/td>\n<td valign=\"TOP\"><span style=\"font-family: arial, helvetica, geneva; font-size: small;\"><b><a href=\"https:\/\/aplicacions.gestioeducativa.gencat.cat\/pls\/soloas\/pk_for_mod_ins.p_for_detall_activitat?p_header=Llista%20d%27activitats^pk_for_mod_ins.p_for_cons_activitats?p_any=2024-2025%26p_totes=S%26p_inici=1%26p_excloure_crp_rec=T&amp;p_codi=6097911609&amp;p_curs=2024-2025&amp;p_excloure_crp_rec=T\">Alimentaci\u00f3 en infants amb TEA<\/a><\/b><\/span><\/td>\n<\/tr>\n<tr>\n<td colspan=\"3\"><\/td>\n<td valign=\"TOP\"><span style=\"font-family: arial, helvetica, geneva; font-size: xx-small;\">Taller a centre. C Plan\u00e7\u00f3 (Lleida). Del dissabte 26\/10\/2024 al 26\/10\/2024 de 9:00 a 17:00<\/span><\/td>\n<\/tr>\n<tr>\n<td><\/td>\n<td valign=\"TOP\"><img loading=\"lazy\" decoding=\"async\" src=\"https:\/\/aplicacions.gestioeducativa.gencat.cat\/est\/gafadm\/img\/ins_ok.gif\" alt=\"Inscripci\u00f3 oberta\" width=\"16\" height=\"16\" border=\"0\" \/><\/td>\n<td valign=\"TOP\"><span style=\"font-family: arial, helvetica, geneva; font-size: small;\">6110081611<\/span><\/td>\n<td valign=\"TOP\"><span style=\"font-family: arial, helvetica, geneva; font-size: small;\"><b><a href=\"https:\/\/aplicacions.gestioeducativa.gencat.cat\/pls\/soloas\/pk_for_mod_ins.p_for_detall_activitat?p_header=Llista%20d%27activitats^pk_for_mod_ins.p_for_cons_activitats?p_any=2024-2025%26p_totes=S%26p_inici=1%26p_excloure_crp_rec=T&amp;p_codi=6110081611&amp;p_curs=2024-2025&amp;p_excloure_crp_rec=T\">Implementaci\u00f3 d&#8217;estrat\u00e8gies de baixa intensita per a l&#8217;abordatge de la conducta<\/a><\/b><\/span><\/td>\n<\/tr>\n<tr>\n<td colspan=\"3\"><\/td>\n<td valign=\"TOP\"><span style=\"font-family: arial, helvetica, geneva; font-size: xx-small;\">Taller a centre. C Santa Maria del Alba (T\u00e0rrega). Del dijous 17\/10\/2024 al 30\/6\/2025 de a<\/span><\/td>\n<\/tr>\n<tr>\n<td><\/td>\n<td valign=\"TOP\"><img loading=\"lazy\" decoding=\"async\" src=\"https:\/\/aplicacions.gestioeducativa.gencat.cat\/est\/gafadm\/img\/ins_ok.gif\" alt=\"Inscripci\u00f3 oberta\" width=\"16\" height=\"16\" border=\"0\" \/><\/td>\n<td valign=\"TOP\"><span style=\"font-family: arial, helvetica, geneva; font-size: small;\">6110111611<\/span><\/td>\n<td valign=\"TOP\"><span style=\"font-family: arial, helvetica, geneva; font-size: small;\"><b><a href=\"https:\/\/aplicacions.gestioeducativa.gencat.cat\/pls\/soloas\/pk_for_mod_ins.p_for_detall_activitat?p_header=Llista%20d%27activitats^pk_for_mod_ins.p_for_cons_activitats?p_any=2024-2025%26p_totes=S%26p_inici=1%26p_excloure_crp_rec=T&amp;p_codi=6110111611&amp;p_curs=2024-2025&amp;p_excloure_crp_rec=T\">Disseny universal d&#8217;aprenentatge<\/a><\/b><\/span><\/td>\n<\/tr>\n<tr>\n<td colspan=\"3\"><\/td>\n<td valign=\"TOP\"><span style=\"font-family: arial, helvetica, geneva; font-size: xx-small;\">Taller a centre. CFA T\u00e0rrega (T\u00e0rrega). Del dijous 17\/10\/2024 al 30\/6\/2025 de a<\/span><\/td>\n<\/tr>\n<tr>\n<td><\/td>\n<td valign=\"TOP\"><img loading=\"lazy\" decoding=\"async\" src=\"https:\/\/aplicacions.gestioeducativa.gencat.cat\/est\/gafadm\/img\/ins_ok.gif\" alt=\"Inscripci\u00f3 oberta\" width=\"16\" height=\"16\" border=\"0\" \/><\/td>\n<td valign=\"TOP\"><span style=\"font-family: arial, helvetica, geneva; font-size: small;\">6110521611<\/span><\/td>\n<td valign=\"TOP\"><span style=\"font-family: arial, helvetica, geneva; font-size: small;\"><b><a href=\"https:\/\/aplicacions.gestioeducativa.gencat.cat\/pls\/soloas\/pk_for_mod_ins.p_for_detall_activitat?p_header=Llista%20d%27activitats^pk_for_mod_ins.p_for_cons_activitats?p_any=2024-2025%26p_totes=S%26p_inici=1%26p_excloure_crp_rec=T&amp;p_codi=6110521611&amp;p_curs=2024-2025&amp;p_excloure_crp_rec=T\">Dinamitzaci\u00f3 dels SIEI (suport intensiu d&#8217;escola inclusiva)<\/a><\/b><\/span><\/td>\n<\/tr>\n<tr>\n<td colspan=\"3\"><\/td>\n<td valign=\"TOP\"><span style=\"font-family: arial, helvetica, geneva; font-size: xx-small;\">Seminari de coordinaci\u00f3. INS Manuel de Pedrolo (T\u00e0rrega). Del dijous 17\/10\/2024 al 30\/6\/2025 de a<\/span><\/td>\n<\/tr>\n<tr>\n<td><\/td>\n<td valign=\"TOP\"><img loading=\"lazy\" decoding=\"async\" src=\"https:\/\/aplicacions.gestioeducativa.gencat.cat\/est\/gafadm\/img\/ins_ok.gif\" alt=\"Inscripci\u00f3 oberta\" width=\"16\" height=\"16\" border=\"0\" \/><\/td>\n<td valign=\"TOP\"><span style=\"font-family: arial, helvetica, geneva; font-size: small;\">6110561611<\/span><\/td>\n<td valign=\"TOP\"><span style=\"font-family: arial, helvetica, geneva; font-size: small;\"><b><a href=\"https:\/\/aplicacions.gestioeducativa.gencat.cat\/pls\/soloas\/pk_for_mod_ins.p_for_detall_activitat?p_header=Llista%20d%27activitats^pk_for_mod_ins.p_for_cons_activitats?p_any=2024-2025%26p_totes=S%26p_inici=1%26p_excloure_crp_rec=T&amp;p_codi=6110561611&amp;p_curs=2024-2025&amp;p_excloure_crp_rec=T\">Comissi\u00f3 de treball d&#8217;esport del PEE<\/a><\/b><\/span><\/td>\n<\/tr>\n<tr>\n<td colspan=\"3\"><\/td>\n<td valign=\"TOP\"><span style=\"font-family: arial, helvetica, geneva; font-size: xx-small;\">Taller. CRP de l&#8217;Urgell (T\u00e0rrega). Del dijous 17\/10\/2024 al 30\/6\/2025 de a<\/span><\/td>\n<\/tr>\n<tr>\n<td><\/td>\n<td valign=\"TOP\"><img loading=\"lazy\" decoding=\"async\" src=\"https:\/\/aplicacions.gestioeducativa.gencat.cat\/est\/gafadm\/img\/ins_ok.gif\" alt=\"Inscripci\u00f3 oberta\" width=\"16\" height=\"16\" border=\"0\" \/><\/td>\n<td valign=\"TOP\"><span style=\"font-family: arial, helvetica, geneva; font-size: small;\">6110611611<\/span><\/td>\n<td valign=\"TOP\"><span style=\"font-family: arial, helvetica, geneva; font-size: small;\"><b><a href=\"https:\/\/aplicacions.gestioeducativa.gencat.cat\/pls\/soloas\/pk_for_mod_ins.p_for_detall_activitat?p_header=Llista%20d%27activitats^pk_for_mod_ins.p_for_cons_activitats?p_any=2024-2025%26p_totes=S%26p_inici=1%26p_excloure_crp_rec=T&amp;p_codi=6110611611&amp;p_curs=2024-2025&amp;p_excloure_crp_rec=T\">comissi\u00f3 de treball d&#8217;orientaci\u00f3 del PEE<\/a><\/b><\/span><\/td>\n<\/tr>\n<tr>\n<td colspan=\"3\"><\/td>\n<td valign=\"TOP\"><span style=\"font-family: arial, helvetica, geneva; font-size: xx-small;\">Taller. CRP de l&#8217;Urgell (T\u00e0rrega). Del dijous 17\/10\/2024 al 30\/6\/2025 de a<\/span><\/td>\n<\/tr>\n<tr>\n<td><\/td>\n<td valign=\"TOP\"><img loading=\"lazy\" decoding=\"async\" src=\"https:\/\/aplicacions.gestioeducativa.gencat.cat\/est\/gafadm\/img\/ins_ok.gif\" alt=\"Inscripci\u00f3 oberta\" width=\"16\" height=\"16\" border=\"0\" \/><\/td>\n<td valign=\"TOP\"><span style=\"font-family: arial, helvetica, geneva; font-size: small;\">6110701611<\/span><\/td>\n<td valign=\"TOP\"><span style=\"font-family: arial, helvetica, geneva; font-size: small;\"><b><a href=\"https:\/\/aplicacions.gestioeducativa.gencat.cat\/pls\/soloas\/pk_for_mod_ins.p_for_detall_activitat?p_header=Llista%20d%27activitats^pk_for_mod_ins.p_for_cons_activitats?p_any=2024-2025%26p_totes=S%26p_inici=1%26p_excloure_crp_rec=T&amp;p_codi=6110701611&amp;p_curs=2024-2025&amp;p_excloure_crp_rec=T\">Estructura del curr\u00edculum i elaboraci\u00f3 del Pla individualitzat<\/a><\/b><\/span><\/td>\n<\/tr>\n<tr>\n<td colspan=\"3\"><\/td>\n<td valign=\"TOP\"><span style=\"font-family: arial, helvetica, geneva; font-size: xx-small;\">Confer\u00e8ncia. CRP de l&#8217;Urgell (T\u00e0rrega). Del dimarts 8\/10\/2024 al 8\/10\/2024 de 17:30 a 19:30<\/span><\/td>\n<\/tr>\n<tr>\n<td><\/td>\n<td valign=\"TOP\"><img loading=\"lazy\" decoding=\"async\" src=\"https:\/\/aplicacions.gestioeducativa.gencat.cat\/est\/gafadm\/img\/ins_ok.gif\" alt=\"Inscripci\u00f3 oberta\" width=\"16\" height=\"16\" border=\"0\" \/><\/td>\n<td valign=\"TOP\"><span style=\"font-family: arial, helvetica, geneva; font-size: small;\">6140191614<\/span><\/td>\n<td valign=\"TOP\"><span style=\"font-family: arial, helvetica, geneva; font-size: small;\"><b><a href=\"https:\/\/aplicacions.gestioeducativa.gencat.cat\/pls\/soloas\/pk_for_mod_ins.p_for_detall_activitat?p_header=Llista%20d%27activitats^pk_for_mod_ins.p_for_cons_activitats?p_any=2024-2025%26p_totes=S%26p_inici=1%26p_excloure_crp_rec=T&amp;p_codi=6140191614&amp;p_curs=2024-2025&amp;p_excloure_crp_rec=T\">Seminari d\u2019Educaci\u00f3 Inclusiva<\/a><\/b><\/span><\/td>\n<\/tr>\n<tr>\n<td colspan=\"3\"><\/td>\n<td valign=\"TOP\"><span style=\"font-family: arial, helvetica, geneva; font-size: xx-small;\">Seminari de coordinaci\u00f3. CRP de l&#8217;Alta Ribagor\u00e7a i la Val d&#8217;Aran (Vielha e Mijaran). Del dilluns 14\/10\/2024 al 25\/5\/2025 de 17:30 a 19:30<\/span><\/td>\n<\/tr>\n<tr>\n<td><\/td>\n<td valign=\"TOP\"><\/td>\n<td valign=\"TOP\"><span style=\"font-family: arial, helvetica, geneva; font-size: small;\">6150111615<\/span><\/td>\n<td valign=\"TOP\"><span style=\"font-family: arial, helvetica, geneva; font-size: small;\"><b><a href=\"https:\/\/aplicacions.gestioeducativa.gencat.cat\/pls\/soloas\/pk_for_mod_ins.p_for_detall_activitat?p_header=Llista%20d%27activitats^pk_for_mod_ins.p_for_cons_activitats?p_any=2024-2025%26p_totes=S%26p_inici=1%26p_excloure_crp_rec=T&amp;p_codi=6150111615&amp;p_curs=2024-2025&amp;p_excloure_crp_rec=T\">Mesures i suports universals per una escola inclusiva<\/a><\/b><\/span><\/td>\n<\/tr>\n<tr>\n<td colspan=\"3\"><\/td>\n<td valign=\"TOP\"><span style=\"font-family: arial, helvetica, geneva; font-size: xx-small;\">Taller a centre. ESC \u00c0ngel Seraf\u00ed i Casanovas (Sort). Del dimecres 12\/2\/2025 al 2\/4\/2025 de a<\/span><\/td>\n<\/tr>\n<tr>\n<td><\/td>\n<td valign=\"TOP\"><img loading=\"lazy\" decoding=\"async\" src=\"https:\/\/aplicacions.gestioeducativa.gencat.cat\/est\/gafadm\/img\/ins_ok.gif\" alt=\"Inscripci\u00f3 oberta\" width=\"16\" height=\"16\" border=\"0\" \/><\/td>\n<td valign=\"TOP\"><span style=\"font-family: arial, helvetica, geneva; font-size: small;\">6150151615<\/span><\/td>\n<td valign=\"TOP\"><span style=\"font-family: arial, helvetica, geneva; font-size: small;\"><b><a href=\"https:\/\/aplicacions.gestioeducativa.gencat.cat\/pls\/soloas\/pk_for_mod_ins.p_for_detall_activitat?p_header=Llista%20d%27activitats^pk_for_mod_ins.p_for_cons_activitats?p_any=2024-2025%26p_totes=S%26p_inici=1%26p_excloure_crp_rec=T&amp;p_codi=6150151615&amp;p_curs=2024-2025&amp;p_excloure_crp_rec=T\">Mesures i suports universals per una escola inclusiva<\/a><\/b><\/span><\/td>\n<\/tr>\n<tr>\n<td colspan=\"3\"><\/td>\n<td valign=\"TOP\"><span style=\"font-family: arial, helvetica, geneva; font-size: xx-small;\">Taller a centre. ZER Alt Pallars Sobir\u00e0 (Llavors\u00ed). Del dimarts 15\/10\/2024 al 15\/6\/2025 de a<\/span><\/td>\n<\/tr>\n<tr>\n<td><\/td>\n<td valign=\"TOP\"><img loading=\"lazy\" decoding=\"async\" src=\"https:\/\/aplicacions.gestioeducativa.gencat.cat\/est\/gafadm\/img\/ins_ok.gif\" alt=\"Inscripci\u00f3 oberta\" width=\"16\" height=\"16\" border=\"0\" \/><\/td>\n<td valign=\"TOP\"><span style=\"font-family: arial, helvetica, geneva; font-size: small;\">6150271615<\/span><\/td>\n<td valign=\"TOP\"><span style=\"font-family: arial, helvetica, geneva; font-size: small;\"><b><a href=\"https:\/\/aplicacions.gestioeducativa.gencat.cat\/pls\/soloas\/pk_for_mod_ins.p_for_detall_activitat?p_header=Llista%20d%27activitats^pk_for_mod_ins.p_for_cons_activitats?p_any=2024-2025%26p_totes=S%26p_inici=1%26p_excloure_crp_rec=T&amp;p_codi=6150271615&amp;p_curs=2024-2025&amp;p_excloure_crp_rec=T\">Seminari de coordinaci\u00f3 d\u2019inclusi\u00f3 Pallars<\/a><\/b><\/span><\/td>\n<\/tr>\n<tr>\n<td colspan=\"3\"><\/td>\n<td valign=\"TOP\"><span style=\"font-family: arial, helvetica, geneva; font-size: xx-small;\">Seminari de coordinaci\u00f3. CRP del Pallars Juss\u00e0 (Tremp). Del dijous 24\/10\/2024 al 1\/7\/2025 de 17:30 a 19:30<\/span><\/td>\n<\/tr>\n<tr>\n<td><\/td>\n<td valign=\"TOP\"><img loading=\"lazy\" decoding=\"async\" src=\"https:\/\/aplicacions.gestioeducativa.gencat.cat\/est\/gafadm\/img\/ins_ok.gif\" alt=\"Inscripci\u00f3 oberta\" width=\"16\" height=\"16\" border=\"0\" \/><\/td>\n<td valign=\"TOP\"><span style=\"font-family: arial, helvetica, geneva; font-size: small;\">7000010512<\/span><\/td>\n<td valign=\"TOP\"><span style=\"font-family: arial, helvetica, geneva; font-size: small;\"><b><a href=\"https:\/\/aplicacions.gestioeducativa.gencat.cat\/pls\/soloas\/pk_for_mod_ins.p_for_detall_activitat?p_header=Llista%20d%27activitats^pk_for_mod_ins.p_for_cons_activitats?p_any=2024-2025%26p_totes=S%26p_inici=1%26p_excloure_crp_rec=T&amp;p_codi=7000010512&amp;p_curs=2024-2025&amp;p_excloure_crp_rec=T\">Mesures i suports universals<\/a><\/b><\/span><\/td>\n<\/tr>\n<tr>\n<td colspan=\"3\"><\/td>\n<td valign=\"TOP\"><span style=\"font-family: arial, helvetica, geneva; font-size: xx-small;\">Taller. ST ST 0143 Tarragona (Tarragona). Del dilluns 14\/10\/2024 al 11\/11\/2024 de 12:30 a 14:15<\/span><\/td>\n<\/tr>\n<tr>\n<td><\/td>\n<td valign=\"TOP\"><img loading=\"lazy\" decoding=\"async\" src=\"https:\/\/aplicacions.gestioeducativa.gencat.cat\/est\/gafadm\/img\/ins_ok.gif\" alt=\"Inscripci\u00f3 oberta\" width=\"16\" height=\"16\" border=\"0\" \/><\/td>\n<td valign=\"TOP\"><span style=\"font-family: arial, helvetica, geneva; font-size: small;\">7000020507<\/span><\/td>\n<td valign=\"TOP\"><span style=\"font-family: arial, helvetica, geneva; font-size: small;\"><b><a href=\"https:\/\/aplicacions.gestioeducativa.gencat.cat\/pls\/soloas\/pk_for_mod_ins.p_for_detall_activitat?p_header=Llista%20d%27activitats^pk_for_mod_ins.p_for_cons_activitats?p_any=2024-2025%26p_totes=S%26p_inici=1%26p_excloure_crp_rec=T&amp;p_codi=7000020507&amp;p_curs=2024-2025&amp;p_excloure_crp_rec=T\">Entorns d&#8217;escola facilitadora en el TEA<\/a><\/b><\/span><\/td>\n<\/tr>\n<tr>\n<td colspan=\"3\"><\/td>\n<td valign=\"TOP\"><span style=\"font-family: arial, helvetica, geneva; font-size: xx-small;\">Taller. CRETDIC CRETDIC (0143) Tarragona (_). Del dimecres 6\/11\/2024 al 13\/11\/2024 de 17:30 a 20:00<\/span><\/td>\n<\/tr>\n<tr>\n<td><\/td>\n<td valign=\"TOP\"><img loading=\"lazy\" decoding=\"async\" src=\"https:\/\/aplicacions.gestioeducativa.gencat.cat\/est\/gafadm\/img\/ins_ok.gif\" alt=\"Inscripci\u00f3 oberta\" width=\"16\" height=\"16\" border=\"0\" \/><\/td>\n<td valign=\"TOP\"><span style=\"font-family: arial, helvetica, geneva; font-size: small;\">7000020512<\/span><\/td>\n<td valign=\"TOP\"><span style=\"font-family: arial, helvetica, geneva; font-size: small;\"><b><a href=\"https:\/\/aplicacions.gestioeducativa.gencat.cat\/pls\/soloas\/pk_for_mod_ins.p_for_detall_activitat?p_header=Llista%20d%27activitats^pk_for_mod_ins.p_for_cons_activitats?p_any=2024-2025%26p_totes=S%26p_inici=1%26p_excloure_crp_rec=T&amp;p_codi=7000020512&amp;p_curs=2024-2025&amp;p_excloure_crp_rec=T\">Mesures i suports universals<\/a><\/b><\/span><\/td>\n<\/tr>\n<tr>\n<td colspan=\"3\"><\/td>\n<td valign=\"TOP\"><span style=\"font-family: arial, helvetica, geneva; font-size: xx-small;\">Taller. ST ST 0143 Tarragona (Tarragona). Del dimarts 15\/10\/2024 al 12\/11\/2024 de 12:30 a 14:15<\/span><\/td>\n<\/tr>\n<tr>\n<td><\/td>\n<td valign=\"TOP\"><img loading=\"lazy\" decoding=\"async\" src=\"https:\/\/aplicacions.gestioeducativa.gencat.cat\/est\/gafadm\/img\/ins_ok.gif\" alt=\"Inscripci\u00f3 oberta\" width=\"16\" height=\"16\" border=\"0\" \/><\/td>\n<td valign=\"TOP\"><span style=\"font-family: arial, helvetica, geneva; font-size: small;\">7000030507<\/span><\/td>\n<td valign=\"TOP\"><span style=\"font-family: arial, helvetica, geneva; font-size: small;\"><b><a href=\"https:\/\/aplicacions.gestioeducativa.gencat.cat\/pls\/soloas\/pk_for_mod_ins.p_for_detall_activitat?p_header=Llista%20d%27activitats^pk_for_mod_ins.p_for_cons_activitats?p_any=2024-2025%26p_totes=S%26p_inici=1%26p_excloure_crp_rec=T&amp;p_codi=7000030507&amp;p_curs=2024-2025&amp;p_excloure_crp_rec=T\">Formaci\u00f3 per logopedes NOVELLS (curs 24-25)<\/a><\/b><\/span><\/td>\n<\/tr>\n<tr>\n<td colspan=\"3\"><\/td>\n<td valign=\"TOP\"><span style=\"font-family: arial, helvetica, geneva; font-size: xx-small;\">Curs. CREDA Tarragona (Seu central-Tarragona) (Tarragona). Del dimecres 25\/9\/2024 al 25\/10\/2024 de a<\/span><\/td>\n<\/tr>\n<tr>\n<td><\/td>\n<td valign=\"TOP\"><img loading=\"lazy\" decoding=\"async\" src=\"https:\/\/aplicacions.gestioeducativa.gencat.cat\/est\/gafadm\/img\/ins_ok.gif\" alt=\"Inscripci\u00f3 oberta\" width=\"16\" height=\"16\" border=\"0\" \/><\/td>\n<td valign=\"TOP\"><span style=\"font-family: arial, helvetica, geneva; font-size: small;\">7000040507<\/span><\/td>\n<td valign=\"TOP\"><span style=\"font-family: arial, helvetica, geneva; font-size: small;\"><b><a href=\"https:\/\/aplicacions.gestioeducativa.gencat.cat\/pls\/soloas\/pk_for_mod_ins.p_for_detall_activitat?p_header=Llista%20d%27activitats^pk_for_mod_ins.p_for_cons_activitats?p_any=2024-2025%26p_totes=S%26p_inici=1%26p_excloure_crp_rec=T&amp;p_codi=7000040507&amp;p_curs=2024-2025&amp;p_excloure_crp_rec=T\">L&#8217;alumnat amb dificultats de regulaci\u00f3 de conducta. Entendre per atendre<\/a><\/b><\/span><\/td>\n<\/tr>\n<tr>\n<td colspan=\"3\"><\/td>\n<td valign=\"TOP\"><span style=\"font-family: arial, helvetica, geneva; font-size: xx-small;\">Taller. CRETDIC CRETDIC (0143) Tarragona (_). Del dimecres 9\/10\/2024 al 16\/10\/2024 de 17:00 a 19:00<\/span><\/td>\n<\/tr>\n<tr>\n<td><\/td>\n<td valign=\"TOP\"><img loading=\"lazy\" decoding=\"async\" src=\"https:\/\/aplicacions.gestioeducativa.gencat.cat\/est\/gafadm\/img\/ins_ok.gif\" alt=\"Inscripci\u00f3 oberta\" width=\"16\" height=\"16\" border=\"0\" \/><\/td>\n<td valign=\"TOP\"><span style=\"font-family: arial, helvetica, geneva; font-size: small;\">7000050507<\/span><\/td>\n<td valign=\"TOP\"><span style=\"font-family: arial, helvetica, geneva; font-size: small;\"><b><a href=\"https:\/\/aplicacions.gestioeducativa.gencat.cat\/pls\/soloas\/pk_for_mod_ins.p_for_detall_activitat?p_header=Llista%20d%27activitats^pk_for_mod_ins.p_for_cons_activitats?p_any=2024-2025%26p_totes=S%26p_inici=1%26p_excloure_crp_rec=T&amp;p_codi=7000050507&amp;p_curs=2024-2025&amp;p_excloure_crp_rec=T\">Coordinaci\u00f3 dels professionals, referents EAP, CSMIJ i AIS de Prim\u00e0ria dels ST Tarragona<\/a><\/b><\/span><\/td>\n<\/tr>\n<tr>\n<td colspan=\"3\"><\/td>\n<td valign=\"TOP\"><span style=\"font-family: arial, helvetica, geneva; font-size: xx-small;\">Seminari de coordinaci\u00f3. CRETDIC CRETDIC (0143) Tarragona (_). Del divendres 25\/10\/2024 al 30\/5\/2025 de 9:00 a 12:30<\/span><\/td>\n<\/tr>\n<tr>\n<td><\/td>\n<td valign=\"TOP\"><\/td>\n<td valign=\"TOP\"><span style=\"font-family: arial, helvetica, geneva; font-size: small;\">7000060507<\/span><\/td>\n<td valign=\"TOP\"><span style=\"font-family: arial, helvetica, geneva; font-size: small;\"><b><a href=\"https:\/\/aplicacions.gestioeducativa.gencat.cat\/pls\/soloas\/pk_for_mod_ins.p_for_detall_activitat?p_header=Llista%20d%27activitats^pk_for_mod_ins.p_for_cons_activitats?p_any=2024-2025%26p_totes=S%26p_inici=1%26p_excloure_crp_rec=T&amp;p_codi=7000060507&amp;p_curs=2024-2025&amp;p_excloure_crp_rec=T\">Formaci\u00f3 per mestres amb alumnat amb DA (D\u00e8ficit Auditiu) a l&#8217;aula &#8211; Educaci\u00f3 Infantil<\/a><\/b><\/span><\/td>\n<\/tr>\n<tr>\n<td colspan=\"3\"><\/td>\n<td valign=\"TOP\"><span style=\"font-family: arial, helvetica, geneva; font-size: xx-small;\">Jornada \/ Jornades. CREDA Tarragona (Seu central-Tarragona) (Tarragona). Del divendres 6\/9\/2024 al 6\/9\/2024 de 9:00 a 14:00<\/span><\/td>\n<\/tr>\n<tr>\n<td><\/td>\n<td valign=\"TOP\"><\/td>\n<td valign=\"TOP\"><span style=\"font-family: arial, helvetica, geneva; font-size: small;\">7000070507<\/span><\/td>\n<td valign=\"TOP\"><span style=\"font-family: arial, helvetica, geneva; font-size: small;\"><b><a href=\"https:\/\/aplicacions.gestioeducativa.gencat.cat\/pls\/soloas\/pk_for_mod_ins.p_for_detall_activitat?p_header=Llista%20d%27activitats^pk_for_mod_ins.p_for_cons_activitats?p_any=2024-2025%26p_totes=S%26p_inici=1%26p_excloure_crp_rec=T&amp;p_codi=7000070507&amp;p_curs=2024-2025&amp;p_excloure_crp_rec=T\">Formaci\u00f3 per mestres amb alumnat amb DA (D\u00e8ficit Auditiu) a l&#8217;aula &#8211; Educaci\u00f3 Prim\u00e0ria<\/a><\/b><\/span><\/td>\n<\/tr>\n<tr>\n<td colspan=\"3\"><\/td>\n<td valign=\"TOP\"><span style=\"font-family: arial, helvetica, geneva; font-size: xx-small;\">Jornada \/ Jornades. CREDA Tarragona (Seu central-Tarragona) (Tarragona). Del divendres 6\/9\/2024 al 6\/9\/2024 de 9:00 a 14:00<\/span><\/td>\n<\/tr>\n<tr>\n<td><\/td>\n<td valign=\"TOP\"><img loading=\"lazy\" decoding=\"async\" src=\"https:\/\/aplicacions.gestioeducativa.gencat.cat\/est\/gafadm\/img\/ins_ok.gif\" alt=\"Inscripci\u00f3 oberta\" width=\"16\" height=\"16\" border=\"0\" \/><\/td>\n<td valign=\"TOP\"><span style=\"font-family: arial, helvetica, geneva; font-size: small;\">7000090507<\/span><\/td>\n<td valign=\"TOP\"><span style=\"font-family: arial, helvetica, geneva; font-size: small;\"><b><a href=\"https:\/\/aplicacions.gestioeducativa.gencat.cat\/pls\/soloas\/pk_for_mod_ins.p_for_detall_activitat?p_header=Llista%20d%27activitats^pk_for_mod_ins.p_for_cons_activitats?p_any=2024-2025%26p_totes=S%26p_inici=1%26p_excloure_crp_rec=T&amp;p_codi=7000090507&amp;p_curs=2024-2025&amp;p_excloure_crp_rec=T\">Intervenci\u00f3 logop\u00e8dica a l&#8217;alumnat amb sordesa i\/o amb greus dificultats de la comunicaci\u00f3 i el llenguatge.<\/a><\/b><\/span><\/td>\n<\/tr>\n<tr>\n<td colspan=\"3\"><\/td>\n<td valign=\"TOP\"><span style=\"font-family: arial, helvetica, geneva; font-size: xx-small;\">Grup de treball. CREDA Tarragona (Seu central-Tarragona) (Tarragona). Del dilluns 2\/12\/2024 al 30\/5\/2025 de 9:00 a 14:00<\/span><\/td>\n<\/tr>\n<tr>\n<td><\/td>\n<td valign=\"TOP\"><img loading=\"lazy\" decoding=\"async\" src=\"https:\/\/aplicacions.gestioeducativa.gencat.cat\/est\/gafadm\/img\/ins_ok.gif\" alt=\"Inscripci\u00f3 oberta\" width=\"16\" height=\"16\" border=\"0\" \/><\/td>\n<td valign=\"TOP\"><span style=\"font-family: arial, helvetica, geneva; font-size: small;\">7000100507<\/span><\/td>\n<td valign=\"TOP\"><span style=\"font-family: arial, helvetica, geneva; font-size: small;\"><b><a href=\"https:\/\/aplicacions.gestioeducativa.gencat.cat\/pls\/soloas\/pk_for_mod_ins.p_for_detall_activitat?p_header=Llista%20d%27activitats^pk_for_mod_ins.p_for_cons_activitats?p_any=2024-2025%26p_totes=S%26p_inici=1%26p_excloure_crp_rec=T&amp;p_codi=7000100507&amp;p_curs=2024-2025&amp;p_excloure_crp_rec=T\">Intervenci\u00f3 logop\u00e8dica a l&#8217;alumnat amb sordesa i\/o amb greus dificultats de la comunicaci\u00f3 i el llenguatge.<\/a><\/b><\/span><\/td>\n<\/tr>\n<tr>\n<td colspan=\"3\"><\/td>\n<td valign=\"TOP\"><span style=\"font-family: arial, helvetica, geneva; font-size: xx-small;\">Grup de treball. CREDA Tarragona (Seu central-Tarragona) (Tarragona). Del dilluns 2\/12\/2024 al 30\/5\/2025 de 9:00 a 14:00<\/span><\/td>\n<\/tr>\n<tr>\n<td><\/td>\n<td valign=\"TOP\"><img loading=\"lazy\" decoding=\"async\" src=\"https:\/\/aplicacions.gestioeducativa.gencat.cat\/est\/gafadm\/img\/ins_ok.gif\" alt=\"Inscripci\u00f3 oberta\" width=\"16\" height=\"16\" border=\"0\" \/><\/td>\n<td valign=\"TOP\"><span style=\"font-family: arial, helvetica, geneva; font-size: small;\">7000110507<\/span><\/td>\n<td valign=\"TOP\"><span style=\"font-family: arial, helvetica, geneva; font-size: small;\"><b><a href=\"https:\/\/aplicacions.gestioeducativa.gencat.cat\/pls\/soloas\/pk_for_mod_ins.p_for_detall_activitat?p_header=Llista%20d%27activitats^pk_for_mod_ins.p_for_cons_activitats?p_any=2024-2025%26p_totes=S%26p_inici=1%26p_excloure_crp_rec=T&amp;p_codi=7000110507&amp;p_curs=2024-2025&amp;p_excloure_crp_rec=T\">Intervenci\u00f3 logop\u00e8dica a l&#8217;alumnat amb sordesa i\/o amb greus dificultats de la comunicaci\u00f3 i el llenguatge.<\/a><\/b><\/span><\/td>\n<\/tr>\n<tr>\n<td colspan=\"3\"><\/td>\n<td valign=\"TOP\"><span style=\"font-family: arial, helvetica, geneva; font-size: xx-small;\">Grup de treball. CREDA Tarragona (Seu central-Tarragona) (Tarragona). Del dilluns 2\/12\/2024 al 30\/5\/2025 de 9:00 a 14:00<\/span><\/td>\n<\/tr>\n<tr>\n<td><\/td>\n<td valign=\"TOP\"><img loading=\"lazy\" decoding=\"async\" src=\"https:\/\/aplicacions.gestioeducativa.gencat.cat\/est\/gafadm\/img\/ins_ok.gif\" alt=\"Inscripci\u00f3 oberta\" width=\"16\" height=\"16\" border=\"0\" \/><\/td>\n<td valign=\"TOP\"><span style=\"font-family: arial, helvetica, geneva; font-size: small;\">7000120507<\/span><\/td>\n<td valign=\"TOP\"><\/td>\n<\/tr>\n<\/tbody>\n<\/table>\n","protected":false},"excerpt":{"rendered":"<p>Estem als darrers dies del per\u00edode d&#8217;inscripci\u00f3 d&#8217;activitats per al primer torn i hi ha m\u00faltiples ofertes d&#8217;\u00e0mbit divers. Tenim des de la confer\u00e8ncia d&#8217;inici de curs, a assessoraments, cursos de rob\u00f2tica i panells, a seminaris de coordinaci\u00f3 d&#8217;orientadores, docents d&#8217;angl\u00e8s, d&#8217;EF, de m\u00fasica, projectes&#8230; Pel que fa al \u00a0model DUA que facilita el marc [&hellip;]<\/p>\n","protected":false},"author":7,"featured_media":19049,"comment_status":"closed","ping_status":"closed","sticky":false,"template":"","format":"standard","meta":{"_bbp_topic_count":0,"_bbp_reply_count":0,"_bbp_total_topic_count":0,"_bbp_total_reply_count":0,"_bbp_voice_count":0,"_bbp_anonymous_reply_count":0,"_bbp_topic_count_hidden":0,"_bbp_reply_count_hidden":0,"_bbp_forum_subforum_count":0,"site-sidebar-layout":"default","site-content-layout":"","ast-site-content-layout":"default","site-content-style":"default","site-sidebar-style":"default","ast-global-header-display":"","ast-banner-title-visibility":"","ast-main-header-display":"","ast-hfb-above-header-display":"","ast-hfb-below-header-display":"","ast-hfb-mobile-header-display":"","site-post-title":"","ast-breadcrumbs-content":"","ast-featured-img":"","footer-sml-layout":"","theme-transparent-header-meta":"default","adv-header-id-meta":"","stick-header-meta":"","header-above-stick-meta":"","header-main-stick-meta":"","header-below-stick-meta":"","astra-migrate-meta-layouts":"set","ast-page-background-enabled":"default","ast-page-background-meta":{"desktop":{"background-color":"var(--ast-global-color-4)","background-image":"","background-repeat":"repeat","background-position":"center center","background-size":"auto","background-attachment":"scroll","background-type":"","background-media":"","overlay-type":"","overlay-color":"","overlay-opacity":"","overlay-gradient":""},"tablet":{"background-color":"","background-image":"","background-repeat":"repeat","background-position":"center center","background-size":"auto","background-attachment":"scroll","background-type":"","background-media":"","overlay-type":"","overlay-color":"","overlay-opacity":"","overlay-gradient":""},"mobile":{"background-color":"","background-image":"","background-repeat":"repeat","background-position":"center center","background-size":"auto","background-attachment":"scroll","background-type":"","background-media":"","overlay-type":"","overlay-color":"","overlay-opacity":"","overlay-gradient":""}},"ast-content-background-meta":{"desktop":{"background-color":"var(--ast-global-color-5)","background-image":"","background-repeat":"repeat","background-position":"center center","background-size":"auto","background-attachment":"scroll","background-type":"","background-media":"","overlay-type":"","overlay-color":"","overlay-opacity":"","overlay-gradient":""},"tablet":{"background-color":"var(--ast-global-color-5)","background-image":"","background-repeat":"repeat","background-position":"center center","background-size":"auto","background-attachment":"scroll","background-type":"","background-media":"","overlay-type":"","overlay-color":"","overlay-opacity":"","overlay-gradient":""},"mobile":{"background-color":"var(--ast-global-color-5)","background-image":"","background-repeat":"repeat","background-position":"center center","background-size":"auto","background-attachment":"scroll","background-type":"","background-media":"","overlay-type":"","overlay-color":"","overlay-opacity":"","overlay-gradient":""}},"footnotes":""},"categories":[547,417,376,530,29,529,422],"tags":[],"class_list":["post-19046","post","type-post","status-publish","format-standard","has-post-thumbnail","hentry","category-el-creda","category-cursos","category-formacio","category-inclusio","category-portada","category-primaria","category-secundaria"],"post_mailing_queue_ids":[],"_links":{"self":[{"href":"https:\/\/serveiseducatius.xtec.cat\/baixpenedes\/wp-json\/wp\/v2\/posts\/19046","targetHints":{"allow":["GET"]}}],"collection":[{"href":"https:\/\/serveiseducatius.xtec.cat\/baixpenedes\/wp-json\/wp\/v2\/posts"}],"about":[{"href":"https:\/\/serveiseducatius.xtec.cat\/baixpenedes\/wp-json\/wp\/v2\/types\/post"}],"author":[{"embeddable":true,"href":"https:\/\/serveiseducatius.xtec.cat\/baixpenedes\/wp-json\/wp\/v2\/users\/7"}],"replies":[{"embeddable":true,"href":"https:\/\/serveiseducatius.xtec.cat\/baixpenedes\/wp-json\/wp\/v2\/comments?post=19046"}],"version-history":[{"count":6,"href":"https:\/\/serveiseducatius.xtec.cat\/baixpenedes\/wp-json\/wp\/v2\/posts\/19046\/revisions"}],"predecessor-version":[{"id":19056,"href":"https:\/\/serveiseducatius.xtec.cat\/baixpenedes\/wp-json\/wp\/v2\/posts\/19046\/revisions\/19056"}],"wp:featuredmedia":[{"embeddable":true,"href":"https:\/\/serveiseducatius.xtec.cat\/baixpenedes\/wp-json\/wp\/v2\/media\/19049"}],"wp:attachment":[{"href":"https:\/\/serveiseducatius.xtec.cat\/baixpenedes\/wp-json\/wp\/v2\/media?parent=19046"}],"wp:term":[{"taxonomy":"category","embeddable":true,"href":"https:\/\/serveiseducatius.xtec.cat\/baixpenedes\/wp-json\/wp\/v2\/categories?post=19046"},{"taxonomy":"post_tag","embeddable":true,"href":"https:\/\/serveiseducatius.xtec.cat\/baixpenedes\/wp-json\/wp\/v2\/tags?post=19046"}],"curies":[{"name":"wp","href":"https:\/\/api.w.org\/{rel}","templated":true}]}}