{"id":18920,"date":"2024-07-10T14:36:07","date_gmt":"2024-07-10T12:36:07","guid":{"rendered":"https:\/\/serveiseducatius.xtec.cat\/baixpenedes\/?p=18920"},"modified":"2024-07-11T10:15:58","modified_gmt":"2024-07-11T08:15:58","slug":"programa-uao-21-24","status":"publish","type":"post","link":"https:\/\/serveiseducatius.xtec.cat\/baixpenedes\/general\/programa-uao-21-24\/","title":{"rendered":"PROGRAMA UAO 21-24"},"content":{"rendered":"<div>\n<p><span style=\"font-weight: 400;\">Tenim disponibles els materials pedag\u00f2gics generats per les\u00a0 Unitats d\u2019Acompanyament i Orientaci\u00f3 (UAO) aquests 3 cursos en qu\u00e8 ha durat el programa. 2021-24.<\/span><\/p>\n<p><span style=\"font-weight: 400;\">Les UAO\u00a0 han prestat suport personal i familiar a l\u2019alumnat educativament vulnerable, finan\u00e7at amb fons europeus. Aquest programa s\u2019inclou en el Pla de Recuperaci\u00f3, Transformaci\u00f3 i Resili\u00e8ncia que ocupa un dels referents per a la planificaci\u00f3 i desenvolupament de les actuacions\u00a0 dins la iniciativa Next Generation EU aprovada el 2020 pel Consell Europeu.<\/span><\/p>\n<p><span style=\"font-weight: 400;\">El coordinador del programa de les Unitats d\u2019Acompanyament i Orientaci\u00f3 (UAO) a Tarragona ha estat en Joan Baptista Tous i durant aquests tres cursos escolars van formar part de les UAO del Baix Pened\u00e8s en Jes\u00fas Ram\u00edrez, Susana Ravent\u00f3s i J Carles Vila.<\/span><\/p>\n<p><span style=\"font-weight: 400;\">L\u2019\u00e0mbit d\u2019actuaci\u00f3 de les UAO s\u2019emmarca en l\u2019acompanyament de l\u2019alumnat de les etapes obligat\u00f2ries (prim\u00e0ria i secund\u00e0ria) que presenten dificultats a nivell emocional o de salut mental amb risc d\u2019abandonament prematur o absentisme, i les seves fam\u00edlies, mitjan\u00e7ant l\u2019ampliaci\u00f3 de l\u2019acci\u00f3 tutorial.<\/span><\/p>\n<p><span style=\"font-weight: 400;\">Els materials , que han generat,\u00a0 a banda de les intervencions personals, cas a cas amb l\u2019alumnat del nostre territori,\u00a0 s\u00f3n en dos nivells:<\/span><\/p>\n<p><span style=\"font-weight: 400;\">\u2013 Intervencions grupals per afavorir el retorn de l\u2019alumnat absentista (ESO)<\/span><\/p>\n<\/div>\n<div><\/div>\n<div><\/div>\n<ul>\n<li><a href=\"https:\/\/serveiseducatius.xtec.cat\/baixpenedes\/wp-content\/uploads\/usu764\/2024\/07\/1_PRESENTACIO_1_Roda_de_moviment_presentacio_1_2_ESO_UAO_ST_TGN.pdf\">1_PRESENTACIO_1_Roda_de_moviment_presentacio_1_2_ESO_UAO_ST_TGN<\/a><\/li>\n<li><a href=\"https:\/\/serveiseducatius.xtec.cat\/baixpenedes\/wp-content\/uploads\/usu764\/2024\/07\/1_PRESENTACIO_2_Torn_de_paraula_presentacio_1_2_ESO_UAO_ST_TGN.pdf\">1_PRESENTACIO_2_Torn_de_paraula_presentacio_1_2_ESO_UAO_ST_TGN<\/a><\/li>\n<li><a href=\"https:\/\/serveiseducatius.xtec.cat\/baixpenedes\/wp-content\/uploads\/usu764\/2024\/07\/2_CONEIXEMENT_3_Collage_d_emocions_1_2_ESO_UAO_ST_TGN.pdf\">2_CONEIXEMENT_3_Collage_d_emocions_1_2_ESO_UAO_ST_TGN<\/a><\/li>\n<li><a href=\"https:\/\/serveiseducatius.xtec.cat\/baixpenedes\/wp-content\/uploads\/usu764\/2024\/07\/2_CONEIXEMENT_4_Balla_una_emocio_1_2_ESO_UAO_ST_TGN.pdf\">2_CONEIXEMENT_4_Balla_una_emoci\u00f3_1_2_ESO_UAO_ST_TGN<\/a><\/li>\n<li><a href=\"https:\/\/serveiseducatius.xtec.cat\/baixpenedes\/wp-content\/uploads\/usu764\/2024\/07\/1_PRESENTACIO_Ens-coneixem_3_4_ESO_UAO_ST_TGN.pdf\">1_PRESENTACIO_Ens coneixem_3_4_ESO_UAO_ST_TGN<\/a><\/li>\n<li><a href=\"https:\/\/serveiseducatius.xtec.cat\/baixpenedes\/wp-content\/uploads\/usu764\/2024\/07\/2_CONFIANCA_Tots_junts_millor_3_4_ESO_UAO_ST_TGN.pdf\">2_CONFIAN\u00c7A_Tots_junts_millor_3_4_ESO_UAO_ST_TGN<\/a><\/li>\n<li><a href=\"https:\/\/serveiseducatius.xtec.cat\/baixpenedes\/wp-content\/uploads\/usu764\/2024\/07\/2_CONFIANCA_En_qui_confies_3_4_ESO_UAO_ST_TGN.pdf\">2_CONFIAN\u00c7A_En_qui_confies_3_4_ESO_UAO_ST_TGN<\/a><\/li>\n<li><a href=\"https:\/\/serveiseducatius.xtec.cat\/baixpenedes\/wp-content\/uploads\/usu764\/2024\/07\/2_CONEIXEMENT_5_Construim_la_pau_1_2_ESO_UAO_ST_TGN.pdf\">2_CONEIXEMENT_5_Construim_la_pau_1_2_ESO_UAO_ST_TGN<\/a><\/li>\n<li><a href=\"https:\/\/serveiseducatius.xtec.cat\/baixpenedes\/wp-content\/uploads\/usu764\/2024\/07\/3_CONFIANCA_7_El_secret_dels_tabonucos_1_2_ESO_UAO_ST_TGN.pdf\">3_CONFIAN\u00c7A_7_El_secret_dels_tabonucos_1_2_ESO_UAO_ST_TGN<\/a><\/li>\n<li><a href=\"https:\/\/serveiseducatius.xtec.cat\/baixpenedes\/wp-content\/uploads\/usu764\/2024\/07\/3_CONEIXEMENT_Que_aportes_al-grup_3_4_ESO_UAO_ST_TGN.pdf\">3_CONEIXEMENT_Que_aportes_al grup_3_4_ESO_UAO_ST_TGN<\/a><\/li>\n<li><a href=\"https:\/\/serveiseducatius.xtec.cat\/baixpenedes\/wp-content\/uploads\/usu764\/2024\/07\/4_AFECTE_1_La-necessitat_mes_forta_1_2_ESO_UAO_ST_TGN.pdf\">4_AFECTE_1_La necessitat_m\u00e9s_forta_1_2_ESO_UAO_ST_TGN<\/a><\/li>\n<li><a href=\"https:\/\/serveiseducatius.xtec.cat\/baixpenedes\/wp-content\/uploads\/usu764\/2024\/07\/3_CONFIANCA_8_Fem_pinya_1_2_ESO_UAO_ST_TGN.pdf\">3_CONFIAN\u00c7A_8_Fem_pinya_1_2_ESO_UAO_ST_TGN<\/a><\/li>\n<li><a href=\"https:\/\/serveiseducatius.xtec.cat\/baixpenedes\/wp-content\/uploads\/usu764\/2024\/07\/4_AFECTE_La_bellesa_de_les_cicatrius_1_2_ESO_UAO_ST_TGN.pdf\">4_AFECTE_La_bellesa_de_les_cicatrius_1_2_ESO_UAO_ST_TGN<\/a><\/li>\n<li><a href=\"https:\/\/serveiseducatius.xtec.cat\/baixpenedes\/wp-content\/uploads\/usu764\/2024\/07\/4_AFECTE_2_Fortaleses_que_ens_uneixen_1_2_ESO_UAO_ST_TGN.pdf\">4_AFECTE_2_Fortaleses_que_ens_uneixen_1_2_ESO_UAO_ST_TGN<\/a><\/li>\n<li><a href=\"https:\/\/serveiseducatius.xtec.cat\/baixpenedes\/wp-content\/uploads\/usu764\/2024\/07\/5_COOPERACIO_El-grup-tambe-compta_3_4_ESO_UAO_ST_TGN.pdf\">5_COOPERACI\u00d3_El grup tamb\u00e9 compta_3_4_ESO_UAO_ST_TGN<\/a><\/li>\n<li><a href=\"https:\/\/serveiseducatius.xtec.cat\/baixpenedes\/wp-content\/uploads\/usu764\/2024\/07\/5_COOPERACIO_Tots_junts_millor_3_4_ESO_UAO_ST_TGN.pdf\">5_COOPERACI\u00d3_Tots_junts_millor_3_4_ESO_UAO_ST_TGN<\/a><\/li>\n<\/ul>\n<div>&#8211; Maleta pedag\u00f2gica d&#8217;educaci\u00f3 emocional i mediaci\u00f3 art\u00edstica (Prim\u00e0ria)<\/div>\n<div><\/div>\n<div><\/div>\n<ul>\n<li><a href=\"https:\/\/serveiseducatius.xtec.cat\/baixpenedes\/wp-content\/uploads\/usu764\/2024\/07\/MALETA_PEDAGOGICA_EDUCACIO_EMOCIONAL_MEDIACIO-ARTISTICA_PRIMARIA_UAO_ST_TGN.pdf\">MALETA_PEDAGOGICA_EDUCACIO_EMOCIONAL_<\/a><\/li>\n<\/ul>\n","protected":false},"excerpt":{"rendered":"<p>Tenim disponibles els materials pedag\u00f2gics generats per les\u00a0 Unitats d\u2019Acompanyament i Orientaci\u00f3 (UAO) aquests 3 cursos en qu\u00e8 ha durat el programa. 2021-24. Les UAO\u00a0 han prestat suport personal i familiar a l\u2019alumnat educativament vulnerable, finan\u00e7at amb fons europeus. Aquest programa s\u2019inclou en el Pla de Recuperaci\u00f3, Transformaci\u00f3 i Resili\u00e8ncia que ocupa un dels referents [&hellip;]<\/p>\n","protected":false},"author":7,"featured_media":18941,"comment_status":"open","ping_status":"closed","sticky":false,"template":"","format":"standard","meta":{"_bbp_topic_count":0,"_bbp_reply_count":0,"_bbp_total_topic_count":0,"_bbp_total_reply_count":0,"_bbp_voice_count":0,"_bbp_anonymous_reply_count":0,"_bbp_topic_count_hidden":0,"_bbp_reply_count_hidden":0,"_bbp_forum_subforum_count":0,"site-sidebar-layout":"default","site-content-layout":"","ast-site-content-layout":"","site-content-style":"default","site-sidebar-style":"default","ast-global-header-display":"","ast-banner-title-visibility":"","ast-main-header-display":"","ast-hfb-above-header-display":"","ast-hfb-below-header-display":"","ast-hfb-mobile-header-display":"","site-post-title":"","ast-breadcrumbs-content":"","ast-featured-img":"","footer-sml-layout":"","theme-transparent-header-meta":"","adv-header-id-meta":"","stick-header-meta":"","header-above-stick-meta":"","header-main-stick-meta":"","header-below-stick-meta":"","astra-migrate-meta-layouts":"default","ast-page-background-enabled":"default","ast-page-background-meta":{"desktop":{"background-color":"var(--ast-global-color-4)","background-image":"","background-repeat":"repeat","background-position":"center center","background-size":"auto","background-attachment":"scroll","background-type":"","background-media":"","overlay-type":"","overlay-color":"","overlay-opacity":"","overlay-gradient":""},"tablet":{"background-color":"","background-image":"","background-repeat":"repeat","background-position":"center center","background-size":"auto","background-attachment":"scroll","background-type":"","background-media":"","overlay-type":"","overlay-color":"","overlay-opacity":"","overlay-gradient":""},"mobile":{"background-color":"","background-image":"","background-repeat":"repeat","background-position":"center center","background-size":"auto","background-attachment":"scroll","background-type":"","background-media":"","overlay-type":"","overlay-color":"","overlay-opacity":"","overlay-gradient":""}},"ast-content-background-meta":{"desktop":{"background-color":"var(--ast-global-color-5)","background-image":"","background-repeat":"repeat","background-position":"center center","background-size":"auto","background-attachment":"scroll","background-type":"","background-media":"","overlay-type":"","overlay-color":"","overlay-opacity":"","overlay-gradient":""},"tablet":{"background-color":"var(--ast-global-color-5)","background-image":"","background-repeat":"repeat","background-position":"center center","background-size":"auto","background-attachment":"scroll","background-type":"","background-media":"","overlay-type":"","overlay-color":"","overlay-opacity":"","overlay-gradient":""},"mobile":{"background-color":"var(--ast-global-color-5)","background-image":"","background-repeat":"repeat","background-position":"center center","background-size":"auto","background-attachment":"scroll","background-type":"","background-media":"","overlay-type":"","overlay-color":"","overlay-opacity":"","overlay-gradient":""}},"footnotes":""},"categories":[356,1,530,29,529,370,422],"tags":[],"class_list":["post-18920","post","type-post","status-publish","format-standard","has-post-thumbnail","hentry","category-families","category-general","category-inclusio","category-portada","category-primaria","category-recursos","category-secundaria"],"post_mailing_queue_ids":[],"_links":{"self":[{"href":"https:\/\/serveiseducatius.xtec.cat\/baixpenedes\/wp-json\/wp\/v2\/posts\/18920","targetHints":{"allow":["GET"]}}],"collection":[{"href":"https:\/\/serveiseducatius.xtec.cat\/baixpenedes\/wp-json\/wp\/v2\/posts"}],"about":[{"href":"https:\/\/serveiseducatius.xtec.cat\/baixpenedes\/wp-json\/wp\/v2\/types\/post"}],"author":[{"embeddable":true,"href":"https:\/\/serveiseducatius.xtec.cat\/baixpenedes\/wp-json\/wp\/v2\/users\/7"}],"replies":[{"embeddable":true,"href":"https:\/\/serveiseducatius.xtec.cat\/baixpenedes\/wp-json\/wp\/v2\/comments?post=18920"}],"version-history":[{"count":4,"href":"https:\/\/serveiseducatius.xtec.cat\/baixpenedes\/wp-json\/wp\/v2\/posts\/18920\/revisions"}],"predecessor-version":[{"id":18945,"href":"https:\/\/serveiseducatius.xtec.cat\/baixpenedes\/wp-json\/wp\/v2\/posts\/18920\/revisions\/18945"}],"wp:featuredmedia":[{"embeddable":true,"href":"https:\/\/serveiseducatius.xtec.cat\/baixpenedes\/wp-json\/wp\/v2\/media\/18941"}],"wp:attachment":[{"href":"https:\/\/serveiseducatius.xtec.cat\/baixpenedes\/wp-json\/wp\/v2\/media?parent=18920"}],"wp:term":[{"taxonomy":"category","embeddable":true,"href":"https:\/\/serveiseducatius.xtec.cat\/baixpenedes\/wp-json\/wp\/v2\/categories?post=18920"},{"taxonomy":"post_tag","embeddable":true,"href":"https:\/\/serveiseducatius.xtec.cat\/baixpenedes\/wp-json\/wp\/v2\/tags?post=18920"}],"curies":[{"name":"wp","href":"https:\/\/api.w.org\/{rel}","templated":true}]}}