{"id":18716,"date":"2024-05-20T15:52:25","date_gmt":"2024-05-20T13:52:25","guid":{"rendered":"https:\/\/serveiseducatius.xtec.cat\/baixpenedes\/?p=18716"},"modified":"2024-05-20T15:52:25","modified_gmt":"2024-05-20T13:52:25","slug":"conferencia-gaudir-i-aprendre-conversant","status":"publish","type":"post","link":"https:\/\/serveiseducatius.xtec.cat\/baixpenedes\/xerrades\/portada\/conferencia-gaudir-i-aprendre-conversant\/","title":{"rendered":"CONFER\u00c8NCIA: GAUDIR I APRENDRE CONVERSANT"},"content":{"rendered":"<div class=\"gmail_default\"><span style=\"font-family: verdana, sans-serif; font-size: large;\">El dijous dia\u00a0<b>30 de maig\u00a0<\/b>a les<b>\u00a018.00 h<\/b>\u00a0tindr\u00e0 lloc la confer\u00e8ncia a c\u00e0rrec de\u00a0<a href=\"https:\/\/www.mariusserra.cat\/ca\/inici\"><b><u>M\u00e0rius Serra<\/u><\/b>:<\/a> &#8220;<b>Gaudir i aprendre conversant<\/b>&#8220;, a l&#8217;edifici del menjador del Complex Educatiu de Tarragona. <\/span><\/div>\n<div class=\"gmail_default\"><span style=\"font-family: verdana, sans-serif; font-size: large;\">Es tractar\u00e0 la <\/span><span style=\"font-family: verdana, sans-serif; font-size: large;\"><b>compet\u00e8ncia comunicativa <\/b>a trav\u00e9s de la seva mirada inquieta i poli\u00e8drica d&#8217;escriptor, periodista, autor de mots encreuats, traductor de l&#8217;angl\u00e8s i enigmista catal\u00e0, llicenciat en Filologia anglesa a la Universitat de Barcelona.<\/span><\/div>\n<div><\/div>\n<h3>Cal inscripci\u00f3 pr\u00e8via des de\u00a0 l&#8217;<a href=\"https:\/\/aplicacions.gestioeducativa.gencat.cat\/pls\/soloas\/pk_for_mod_ins.p_for_detall_activitat?p_codi=7000110555&amp;p_curs=2023-2024&amp;p_es_inscr=S\">enlla\u00e7<\/a><\/h3>\n<p>&nbsp;<\/p>\n<p><img loading=\"lazy\" decoding=\"async\" class=\"size-full wp-image-18717 aligncenter\" src=\"https:\/\/serveiseducatius.xtec.cat\/baixpenedes\/wp-content\/uploads\/usu764\/2024\/05\/ma.png\" alt=\"\" width=\"356\" height=\"240\" srcset=\"https:\/\/serveiseducatius.xtec.cat\/baixpenedes\/wp-content\/uploads\/usu764\/2024\/05\/ma.png 356w, https:\/\/serveiseducatius.xtec.cat\/baixpenedes\/wp-content\/uploads\/usu764\/2024\/05\/ma-300x202.png 300w\" sizes=\"auto, (max-width: 356px) 100vw, 356px\" \/><\/p>\n<p>&nbsp;<\/p>\n<p>&nbsp;<\/p>\n<p>https:\/\/aplicacions.gestioeducativa.gencat.cat\/pls\/soloas\/pk_for_mod_ins.p_for_detall_activitat?p_codi=7000110555&#038;p_curs=2023-2024&#038;p_es_inscr=S<\/p>\n","protected":false},"excerpt":{"rendered":"<p>El dijous dia\u00a030 de maig\u00a0a les\u00a018.00 h\u00a0tindr\u00e0 lloc la confer\u00e8ncia a c\u00e0rrec de\u00a0M\u00e0rius Serra: &#8220;Gaudir i aprendre conversant&#8220;, a l&#8217;edifici del menjador del Complex Educatiu de Tarragona. Es tractar\u00e0 la compet\u00e8ncia comunicativa a trav\u00e9s de la seva mirada inquieta i poli\u00e8drica d&#8217;escriptor, periodista, autor de mots encreuats, traductor de l&#8217;angl\u00e8s i enigmista catal\u00e0, llicenciat en [&hellip;]<\/p>\n","protected":false},"author":7,"featured_media":18717,"comment_status":"open","ping_status":"closed","sticky":false,"template":"","format":"standard","meta":{"_bbp_topic_count":0,"_bbp_reply_count":0,"_bbp_total_topic_count":0,"_bbp_total_reply_count":0,"_bbp_voice_count":0,"_bbp_anonymous_reply_count":0,"_bbp_topic_count_hidden":0,"_bbp_reply_count_hidden":0,"_bbp_forum_subforum_count":0,"site-sidebar-layout":"default","site-content-layout":"","ast-site-content-layout":"","site-content-style":"default","site-sidebar-style":"default","ast-global-header-display":"","ast-banner-title-visibility":"","ast-main-header-display":"","ast-hfb-above-header-display":"","ast-hfb-below-header-display":"","ast-hfb-mobile-header-display":"","site-post-title":"","ast-breadcrumbs-content":"","ast-featured-img":"","footer-sml-layout":"","theme-transparent-header-meta":"","adv-header-id-meta":"","stick-header-meta":"","header-above-stick-meta":"","header-main-stick-meta":"","header-below-stick-meta":"","astra-migrate-meta-layouts":"default","ast-page-background-enabled":"default","ast-page-background-meta":{"desktop":{"background-color":"var(--ast-global-color-4)","background-image":"","background-repeat":"repeat","background-position":"center center","background-size":"auto","background-attachment":"scroll","background-type":"","background-media":"","overlay-type":"","overlay-color":"","overlay-opacity":"","overlay-gradient":""},"tablet":{"background-color":"","background-image":"","background-repeat":"repeat","background-position":"center center","background-size":"auto","background-attachment":"scroll","background-type":"","background-media":"","overlay-type":"","overlay-color":"","overlay-opacity":"","overlay-gradient":""},"mobile":{"background-color":"","background-image":"","background-repeat":"repeat","background-position":"center center","background-size":"auto","background-attachment":"scroll","background-type":"","background-media":"","overlay-type":"","overlay-color":"","overlay-opacity":"","overlay-gradient":""}},"ast-content-background-meta":{"desktop":{"background-color":"var(--ast-global-color-5)","background-image":"","background-repeat":"repeat","background-position":"center center","background-size":"auto","background-attachment":"scroll","background-type":"","background-media":"","overlay-type":"","overlay-color":"","overlay-opacity":"","overlay-gradient":""},"tablet":{"background-color":"var(--ast-global-color-5)","background-image":"","background-repeat":"repeat","background-position":"center center","background-size":"auto","background-attachment":"scroll","background-type":"","background-media":"","overlay-type":"","overlay-color":"","overlay-opacity":"","overlay-gradient":""},"mobile":{"background-color":"var(--ast-global-color-5)","background-image":"","background-repeat":"repeat","background-position":"center center","background-size":"auto","background-attachment":"scroll","background-type":"","background-media":"","overlay-type":"","overlay-color":"","overlay-opacity":"","overlay-gradient":""}},"footnotes":""},"categories":[427,29,203],"tags":[],"class_list":["post-18716","post","type-post","status-publish","format-standard","has-post-thumbnail","hentry","category-llengua-catalana","category-portada","category-xerrades"],"post_mailing_queue_ids":[],"_links":{"self":[{"href":"https:\/\/serveiseducatius.xtec.cat\/baixpenedes\/wp-json\/wp\/v2\/posts\/18716","targetHints":{"allow":["GET"]}}],"collection":[{"href":"https:\/\/serveiseducatius.xtec.cat\/baixpenedes\/wp-json\/wp\/v2\/posts"}],"about":[{"href":"https:\/\/serveiseducatius.xtec.cat\/baixpenedes\/wp-json\/wp\/v2\/types\/post"}],"author":[{"embeddable":true,"href":"https:\/\/serveiseducatius.xtec.cat\/baixpenedes\/wp-json\/wp\/v2\/users\/7"}],"replies":[{"embeddable":true,"href":"https:\/\/serveiseducatius.xtec.cat\/baixpenedes\/wp-json\/wp\/v2\/comments?post=18716"}],"version-history":[{"count":1,"href":"https:\/\/serveiseducatius.xtec.cat\/baixpenedes\/wp-json\/wp\/v2\/posts\/18716\/revisions"}],"predecessor-version":[{"id":18718,"href":"https:\/\/serveiseducatius.xtec.cat\/baixpenedes\/wp-json\/wp\/v2\/posts\/18716\/revisions\/18718"}],"wp:featuredmedia":[{"embeddable":true,"href":"https:\/\/serveiseducatius.xtec.cat\/baixpenedes\/wp-json\/wp\/v2\/media\/18717"}],"wp:attachment":[{"href":"https:\/\/serveiseducatius.xtec.cat\/baixpenedes\/wp-json\/wp\/v2\/media?parent=18716"}],"wp:term":[{"taxonomy":"category","embeddable":true,"href":"https:\/\/serveiseducatius.xtec.cat\/baixpenedes\/wp-json\/wp\/v2\/categories?post=18716"},{"taxonomy":"post_tag","embeddable":true,"href":"https:\/\/serveiseducatius.xtec.cat\/baixpenedes\/wp-json\/wp\/v2\/tags?post=18716"}],"curies":[{"name":"wp","href":"https:\/\/api.w.org\/{rel}","templated":true}]}}