{"id":18274,"date":"2024-02-06T14:35:20","date_gmt":"2024-02-06T13:35:20","guid":{"rendered":"https:\/\/serveiseducatius.xtec.cat\/baixpenedes\/?p=18274"},"modified":"2024-02-06T14:35:45","modified_gmt":"2024-02-06T13:35:45","slug":"jornada-plurilingue-a-lescola","status":"publish","type":"post","link":"https:\/\/serveiseducatius.xtec.cat\/baixpenedes\/general\/jornada-plurilingue-a-lescola\/","title":{"rendered":"JORNADA EDUCACI\u00d3 PLURILING\u00dcE A L&#8217;ESCOLA"},"content":{"rendered":"<p>La jornada<i><a id=\"m_4327823291818264920OWAba2cd58e-a2c4-61bc-dd5b-720da04e3f9c\" href=\"https:\/\/aplicacions.gestioeducativa.gencat.cat\/pls\/soloas\/pk_for_mod_ins.p_for_exhaustiu_activitat?p_header=Detall%20d%27activitat%5Epk_for_mod_ins.p_for_detall_activitat?p_codi=9000500542%26p_curs=2023-2024%26p_es_inscr=S&amp;p_codi=9000500542&amp;p_curs=2023-2024&amp;p_es_inscr=S\" target=\"_blank\" rel=\"noopener noreferrer\" data-saferedirecturl=\"https:\/\/www.google.com\/url?q=https:\/\/aplicacions.gestioeducativa.gencat.cat\/pls\/soloas\/pk_for_mod_ins.p_for_exhaustiu_activitat?p_header%3DDetall%2520d%2527activitat%255Epk_for_mod_ins.p_for_detall_activitat?p_codi%3D9000500542%2526p_curs%3D2023-2024%2526p_es_inscr%3DS%26p_codi%3D9000500542%26p_curs%3D2023-2024%26p_es_inscr%3DS&amp;source=gmail&amp;ust=1707290448252000&amp;usg=AOvVaw3MMlDdkvxD7GnjTfnl6nwo\"> Educaci\u00f3 pluriling\u00fce a l&#8217;escola: una eina d&#8217;inclusi\u00f3 per a alumnat i fam\u00edlies. Presentaci\u00f3 del projecte NEW ABC<\/a><\/i>, organitzada pel grup de recerca MIRAS (Mediaci\u00f3 i Interpretaci\u00f3: Recerca en l\u2019\u00c0mbit Social) de la UAB, es celebrar\u00e0 el pr\u00f2xim 23 de febrer.<\/p>\n<p>L&#8217;acci\u00f3 formativa est\u00e0 orientada a reflexionar sobre com incorporar els enfocaments pluriling\u00fces a l\u2019aula de manera transversal per enfortir les lleng\u00fces familiars de l\u2019alumnat i alhora promoure l&#8217;aprenentatge de la llengua catalana a les escoles.<\/p>\n<ul>\n<li><a id=\"m_4327823291818264920OWA95a8a9e5-59fb-d55b-5969-1368da4ec9bc\" title=\"https:\/\/drive.google.com\/file\/d\/1kUHsYMlDF8v2OmV0rkQbNujnB5w39_3q\/view?usp=sharing\" href=\"https:\/\/drive.google.com\/file\/d\/1kUHsYMlDF8v2OmV0rkQbNujnB5w39_3q\/view?usp=sharing\" target=\"_blank\" rel=\"noopener\" data-saferedirecturl=\"https:\/\/www.google.com\/url?q=https:\/\/drive.google.com\/file\/d\/1kUHsYMlDF8v2OmV0rkQbNujnB5w39_3q\/view?usp%3Dsharing&amp;source=gmail&amp;ust=1707290448252000&amp;usg=AOvVaw2EhToG77P7IZKMxKnVP93W\">Programa<\/a><\/li>\n<li>Data: divendres, 23 de febrer de 2024, de 15 h a 20 h<\/li>\n<li>Lloc: Facultat de Traducci\u00f3 i Interpretaci\u00f3 de la UAB. Campus Universitari. Edifici K 08193 (Cerdanyola del Vall\u00e8s)<\/li>\n<li><a id=\"m_4327823291818264920OWA66501cf5-1c24-3ea1-90b1-c0076069d719\" href=\"https:\/\/aplicacions.gestioeducativa.gencat.cat\/pls\/soloas\/pk_for_mod_ins.p_for_detall_activitat?p_codi=9000500542&amp;p_curs=2023-2024&amp;p_es_inscr=S\" target=\"_blank\" rel=\"noopener noreferrer\" data-saferedirecturl=\"https:\/\/www.google.com\/url?q=https:\/\/aplicacions.gestioeducativa.gencat.cat\/pls\/soloas\/pk_for_mod_ins.p_for_detall_activitat?p_codi%3D9000500542%26p_curs%3D2023-2024%26p_es_inscr%3DS&amp;source=gmail&amp;ust=1707290448252000&amp;usg=AOvVaw3ThAfgTx3ZyedxDY8vbhWp\">Inscripcions<\/a><\/li>\n<\/ul>\n<p><img loading=\"lazy\" decoding=\"async\" class=\"alignnone size-large wp-image-18276\" src=\"https:\/\/serveiseducatius.xtec.cat\/baixpenedes\/wp-content\/uploads\/usu764\/2024\/02\/Jornada-Educacio-plurilingue-a-lescola-1024x738.jpg\" alt=\"\" width=\"1024\" height=\"738\" srcset=\"https:\/\/serveiseducatius.xtec.cat\/baixpenedes\/wp-content\/uploads\/usu764\/2024\/02\/Jornada-Educacio-plurilingue-a-lescola-1024x738.jpg 1024w, https:\/\/serveiseducatius.xtec.cat\/baixpenedes\/wp-content\/uploads\/usu764\/2024\/02\/Jornada-Educacio-plurilingue-a-lescola-300x216.jpg 300w, https:\/\/serveiseducatius.xtec.cat\/baixpenedes\/wp-content\/uploads\/usu764\/2024\/02\/Jornada-Educacio-plurilingue-a-lescola-768x553.jpg 768w, https:\/\/serveiseducatius.xtec.cat\/baixpenedes\/wp-content\/uploads\/usu764\/2024\/02\/Jornada-Educacio-plurilingue-a-lescola-1536x1106.jpg 1536w, https:\/\/serveiseducatius.xtec.cat\/baixpenedes\/wp-content\/uploads\/usu764\/2024\/02\/Jornada-Educacio-plurilingue-a-lescola-2048x1475.jpg 2048w\" sizes=\"auto, (max-width: 1024px) 100vw, 1024px\" \/><\/p>\n","protected":false},"excerpt":{"rendered":"<p>La jornada Educaci\u00f3 pluriling\u00fce a l&#8217;escola: una eina d&#8217;inclusi\u00f3 per a alumnat i fam\u00edlies. Presentaci\u00f3 del projecte NEW ABC, organitzada pel grup de recerca MIRAS (Mediaci\u00f3 i Interpretaci\u00f3: Recerca en l\u2019\u00c0mbit Social) de la UAB, es celebrar\u00e0 el pr\u00f2xim 23 de febrer. L&#8217;acci\u00f3 formativa est\u00e0 orientada a reflexionar sobre com incorporar els enfocaments pluriling\u00fces a [&hellip;]<\/p>\n","protected":false},"author":7,"featured_media":18277,"comment_status":"open","ping_status":"closed","sticky":false,"template":"","format":"standard","meta":{"_bbp_topic_count":0,"_bbp_reply_count":0,"_bbp_total_topic_count":0,"_bbp_total_reply_count":0,"_bbp_voice_count":0,"_bbp_anonymous_reply_count":0,"_bbp_topic_count_hidden":0,"_bbp_reply_count_hidden":0,"_bbp_forum_subforum_count":0,"site-sidebar-layout":"default","site-content-layout":"","ast-site-content-layout":"","site-content-style":"default","site-sidebar-style":"default","ast-global-header-display":"","ast-banner-title-visibility":"","ast-main-header-display":"","ast-hfb-above-header-display":"","ast-hfb-below-header-display":"","ast-hfb-mobile-header-display":"","site-post-title":"","ast-breadcrumbs-content":"","ast-featured-img":"","footer-sml-layout":"","theme-transparent-header-meta":"","adv-header-id-meta":"","stick-header-meta":"","header-above-stick-meta":"","header-main-stick-meta":"","header-below-stick-meta":"","astra-migrate-meta-layouts":"default","ast-page-background-enabled":"default","ast-page-background-meta":{"desktop":{"background-color":"var(--ast-global-color-4)","background-image":"","background-repeat":"repeat","background-position":"center center","background-size":"auto","background-attachment":"scroll","background-type":"","background-media":"","overlay-type":"","overlay-color":"","overlay-opacity":"","overlay-gradient":""},"tablet":{"background-color":"","background-image":"","background-repeat":"repeat","background-position":"center center","background-size":"auto","background-attachment":"scroll","background-type":"","background-media":"","overlay-type":"","overlay-color":"","overlay-opacity":"","overlay-gradient":""},"mobile":{"background-color":"","background-image":"","background-repeat":"repeat","background-position":"center center","background-size":"auto","background-attachment":"scroll","background-type":"","background-media":"","overlay-type":"","overlay-color":"","overlay-opacity":"","overlay-gradient":""}},"ast-content-background-meta":{"desktop":{"background-color":"var(--ast-global-color-5)","background-image":"","background-repeat":"repeat","background-position":"center center","background-size":"auto","background-attachment":"scroll","background-type":"","background-media":"","overlay-type":"","overlay-color":"","overlay-opacity":"","overlay-gradient":""},"tablet":{"background-color":"var(--ast-global-color-5)","background-image":"","background-repeat":"repeat","background-position":"center center","background-size":"auto","background-attachment":"scroll","background-type":"","background-media":"","overlay-type":"","overlay-color":"","overlay-opacity":"","overlay-gradient":""},"mobile":{"background-color":"var(--ast-global-color-5)","background-image":"","background-repeat":"repeat","background-position":"center center","background-size":"auto","background-attachment":"scroll","background-type":"","background-media":"","overlay-type":"","overlay-color":"","overlay-opacity":"","overlay-gradient":""}},"footnotes":""},"categories":[376,1,530,29],"tags":[],"class_list":["post-18274","post","type-post","status-publish","format-standard","has-post-thumbnail","hentry","category-formacio","category-general","category-inclusio","category-portada"],"post_mailing_queue_ids":[],"_links":{"self":[{"href":"https:\/\/serveiseducatius.xtec.cat\/baixpenedes\/wp-json\/wp\/v2\/posts\/18274","targetHints":{"allow":["GET"]}}],"collection":[{"href":"https:\/\/serveiseducatius.xtec.cat\/baixpenedes\/wp-json\/wp\/v2\/posts"}],"about":[{"href":"https:\/\/serveiseducatius.xtec.cat\/baixpenedes\/wp-json\/wp\/v2\/types\/post"}],"author":[{"embeddable":true,"href":"https:\/\/serveiseducatius.xtec.cat\/baixpenedes\/wp-json\/wp\/v2\/users\/7"}],"replies":[{"embeddable":true,"href":"https:\/\/serveiseducatius.xtec.cat\/baixpenedes\/wp-json\/wp\/v2\/comments?post=18274"}],"version-history":[{"count":2,"href":"https:\/\/serveiseducatius.xtec.cat\/baixpenedes\/wp-json\/wp\/v2\/posts\/18274\/revisions"}],"predecessor-version":[{"id":18279,"href":"https:\/\/serveiseducatius.xtec.cat\/baixpenedes\/wp-json\/wp\/v2\/posts\/18274\/revisions\/18279"}],"wp:featuredmedia":[{"embeddable":true,"href":"https:\/\/serveiseducatius.xtec.cat\/baixpenedes\/wp-json\/wp\/v2\/media\/18277"}],"wp:attachment":[{"href":"https:\/\/serveiseducatius.xtec.cat\/baixpenedes\/wp-json\/wp\/v2\/media?parent=18274"}],"wp:term":[{"taxonomy":"category","embeddable":true,"href":"https:\/\/serveiseducatius.xtec.cat\/baixpenedes\/wp-json\/wp\/v2\/categories?post=18274"},{"taxonomy":"post_tag","embeddable":true,"href":"https:\/\/serveiseducatius.xtec.cat\/baixpenedes\/wp-json\/wp\/v2\/tags?post=18274"}],"curies":[{"name":"wp","href":"https:\/\/api.w.org\/{rel}","templated":true}]}}