{"id":17389,"date":"2023-06-30T08:56:06","date_gmt":"2023-06-30T06:56:06","guid":{"rendered":"https:\/\/serveiseducatius.xtec.cat\/baixpenedes\/?p=17389"},"modified":"2023-06-30T08:56:06","modified_gmt":"2023-06-30T06:56:06","slug":"jornada-construint-la-pau-des-de-la-memoria","status":"publish","type":"post","link":"https:\/\/serveiseducatius.xtec.cat\/baixpenedes\/general\/jornada-construint-la-pau-des-de-la-memoria\/","title":{"rendered":"JORNADA CONSTRUINT LA PAU DES DE LA MEM\u00d2RIA"},"content":{"rendered":"<div dir=\"ltr\">\n<p dir=\"ltr\">El proper 14 de juliol tindr\u00e0 lloc la <span style=\"font-family: inherit; font-size: 1em;\">jornada Construint la pau des de la mem\u00f2ria: de la pr\u00e0ctica a la recerca.<\/span><\/p>\n<p dir=\"ltr\"><span style=\"font-family: inherit; font-size: 1em;\">La jornada ser\u00e0 de 9:30h a 13:30h a les instal\u00b7lacions del <a href=\"https:\/\/www.google.com\/maps\/place\/CETT+:+School+of+Tourism,Hospitality+and+Gastronomy\/@41.4343721,2.1453868,17z\/data=!3m1!4b1!4m6!3m5!1s0x12a4bd5916260c97:0xcdc11175f914635e!8m2!3d41.4343681!4d2.1479617!16s%2Fg%2F1tdtxy50?entry=ttu\">CETT (Av. de Can Marcet, 36-38, Barcelona).<\/a>\u00a0<\/span><\/p>\n<p dir=\"ltr\">En aquesta s&#8217;explicar\u00e0 el projecte <em>\u201cRepresentacions i experi\u00e8ncies de les comunitats implicades en conflictes b\u00e8l\u00b7lics en els espais patrimonials de mem\u00f2ria\u201d<\/em>, finan\u00e7at per l\u2019Institut Catal\u00e0 Internacional de la Pau. Aquest projecte s\u2019ha basat en explorar el rol del patrimoni de la Guerra Civil Espanyola en la conviv\u00e8ncia i inclusi\u00f3 dels col\u00b7lectius rus i ucrain\u00e8s a Catalunya, aix\u00ed com les seves potencialitats en la construcci\u00f3 de la pau. En concret, dos grups de persones de nacionalitat russa i ucra\u00efnesa han realitzat unes visites patrimonials a l\u2019espai del Merengue (Camarasa).<\/p>\n<p dir=\"ltr\">A la jornada es compartiran les diferents fases d\u2019aquest projecte, aix\u00ed com els resultats finals. Aix\u00ed mateix, tamb\u00e9 hi haur\u00e0 l\u2019oportunitat d\u2019escoltar diferents veus implicades en la construcci\u00f3 de la pau i la mem\u00f2ria hist\u00f2rica a trav\u00e9s d\u2018una taula rodona. Per acabar, s\u2019explicar\u00e0 un taller pr\u00e0ctic al voltant de la Guerra Civil Espanyola.<\/p>\n<p dir=\"ltr\">L&#8217;acte est\u00e0 adre\u00e7at a professionals vinculats al patrimoni, l\u2019educaci\u00f3, la mem\u00f2ria, el foment de la pau, entre d&#8217;altres. L&#8217;acte \u00e9s gratu\u00eft i es dur\u00e0 a terme en catal\u00e0.<\/p>\n<p dir=\"ltr\">\n<p dir=\"ltr\">Podeu consultar aqu\u00ed el <a href=\"https:\/\/serveiseducatius.xtec.cat\/baixpenedes\/wp-content\/uploads\/usu764\/2023\/06\/Programa-jornada-ICIP.docx.pdf\">Programa jornada ICIP <\/a>m\u00e9s detallat de l&#8217;acte. Les persones participants a la jornada rebran un certificat d&#8217;assist\u00e8ncia.<\/p>\n<p dir=\"ltr\">Si voleu assistir-hi, nom\u00e9s cal registrar-se al seg\u00fcent <a href=\"https:\/\/www.cett.es\/forms\/formEsquema.aspx?nom=formulariseuht.confirmacioassistencia_jornadaicip\" target=\"_blank\" rel=\"noopener\" data-saferedirecturl=\"https:\/\/www.google.com\/url?q=https:\/\/www.cett.es\/forms\/formEsquema.aspx?nom%3Dformulariseuht.confirmacioassistencia_jornadaicip&amp;source=gmail&amp;ust=1688193845592000&amp;usg=AOvVaw2V7TdTiGOBNcsPS2o3aXKj\">formulari<\/a>. Aix\u00ed mateix, si creieu que alg\u00fa proper pot estar interessat en aquest esdeveniment, no dubteu en fer-li arribar la informaci\u00f3.<\/p>\n<div dir=\"ltr\"><img loading=\"lazy\" decoding=\"async\" class=\"size-full wp-image-17390 aligncenter\" src=\"https:\/\/serveiseducatius.xtec.cat\/baixpenedes\/wp-content\/uploads\/usu764\/2023\/06\/jornadapau.png\" alt=\"\" width=\"709\" height=\"213\" srcset=\"https:\/\/serveiseducatius.xtec.cat\/baixpenedes\/wp-content\/uploads\/usu764\/2023\/06\/jornadapau.png 709w, https:\/\/serveiseducatius.xtec.cat\/baixpenedes\/wp-content\/uploads\/usu764\/2023\/06\/jornadapau-300x90.png 300w\" sizes=\"auto, (max-width: 709px) 100vw, 709px\" \/><\/div>\n<\/div>\n","protected":false},"excerpt":{"rendered":"<p>El proper 14 de juliol tindr\u00e0 lloc la jornada Construint la pau des de la mem\u00f2ria: de la pr\u00e0ctica a la recerca. La jornada ser\u00e0 de 9:30h a 13:30h a les instal\u00b7lacions del CETT (Av. de Can Marcet, 36-38, Barcelona).\u00a0 En aquesta s&#8217;explicar\u00e0 el projecte \u201cRepresentacions i experi\u00e8ncies de les comunitats implicades en conflictes b\u00e8l\u00b7lics [&hellip;]<\/p>\n","protected":false},"author":7,"featured_media":17390,"comment_status":"open","ping_status":"closed","sticky":false,"template":"","format":"standard","meta":{"_bbp_topic_count":0,"_bbp_reply_count":0,"_bbp_total_topic_count":0,"_bbp_total_reply_count":0,"_bbp_voice_count":0,"_bbp_anonymous_reply_count":0,"_bbp_topic_count_hidden":0,"_bbp_reply_count_hidden":0,"_bbp_forum_subforum_count":0,"site-sidebar-layout":"default","site-content-layout":"","ast-site-content-layout":"","site-content-style":"default","site-sidebar-style":"default","ast-global-header-display":"","ast-banner-title-visibility":"","ast-main-header-display":"","ast-hfb-above-header-display":"","ast-hfb-below-header-display":"","ast-hfb-mobile-header-display":"","site-post-title":"","ast-breadcrumbs-content":"","ast-featured-img":"","footer-sml-layout":"","theme-transparent-header-meta":"","adv-header-id-meta":"","stick-header-meta":"","header-above-stick-meta":"","header-main-stick-meta":"","header-below-stick-meta":"","astra-migrate-meta-layouts":"default","ast-page-background-enabled":"default","ast-page-background-meta":{"desktop":{"background-color":"var(--ast-global-color-4)","background-image":"","background-repeat":"repeat","background-position":"center center","background-size":"auto","background-attachment":"scroll","background-type":"","background-media":"","overlay-type":"","overlay-color":"","overlay-opacity":"","overlay-gradient":""},"tablet":{"background-color":"","background-image":"","background-repeat":"repeat","background-position":"center center","background-size":"auto","background-attachment":"scroll","background-type":"","background-media":"","overlay-type":"","overlay-color":"","overlay-opacity":"","overlay-gradient":""},"mobile":{"background-color":"","background-image":"","background-repeat":"repeat","background-position":"center center","background-size":"auto","background-attachment":"scroll","background-type":"","background-media":"","overlay-type":"","overlay-color":"","overlay-opacity":"","overlay-gradient":""}},"ast-content-background-meta":{"desktop":{"background-color":"var(--ast-global-color-5)","background-image":"","background-repeat":"repeat","background-position":"center center","background-size":"auto","background-attachment":"scroll","background-type":"","background-media":"","overlay-type":"","overlay-color":"","overlay-opacity":"","overlay-gradient":""},"tablet":{"background-color":"var(--ast-global-color-5)","background-image":"","background-repeat":"repeat","background-position":"center center","background-size":"auto","background-attachment":"scroll","background-type":"","background-media":"","overlay-type":"","overlay-color":"","overlay-opacity":"","overlay-gradient":""},"mobile":{"background-color":"var(--ast-global-color-5)","background-image":"","background-repeat":"repeat","background-position":"center center","background-size":"auto","background-attachment":"scroll","background-type":"","background-media":"","overlay-type":"","overlay-color":"","overlay-opacity":"","overlay-gradient":""}},"footnotes":""},"categories":[1,29],"tags":[],"class_list":["post-17389","post","type-post","status-publish","format-standard","has-post-thumbnail","hentry","category-general","category-portada"],"post_mailing_queue_ids":[],"_links":{"self":[{"href":"https:\/\/serveiseducatius.xtec.cat\/baixpenedes\/wp-json\/wp\/v2\/posts\/17389","targetHints":{"allow":["GET"]}}],"collection":[{"href":"https:\/\/serveiseducatius.xtec.cat\/baixpenedes\/wp-json\/wp\/v2\/posts"}],"about":[{"href":"https:\/\/serveiseducatius.xtec.cat\/baixpenedes\/wp-json\/wp\/v2\/types\/post"}],"author":[{"embeddable":true,"href":"https:\/\/serveiseducatius.xtec.cat\/baixpenedes\/wp-json\/wp\/v2\/users\/7"}],"replies":[{"embeddable":true,"href":"https:\/\/serveiseducatius.xtec.cat\/baixpenedes\/wp-json\/wp\/v2\/comments?post=17389"}],"version-history":[{"count":1,"href":"https:\/\/serveiseducatius.xtec.cat\/baixpenedes\/wp-json\/wp\/v2\/posts\/17389\/revisions"}],"predecessor-version":[{"id":17392,"href":"https:\/\/serveiseducatius.xtec.cat\/baixpenedes\/wp-json\/wp\/v2\/posts\/17389\/revisions\/17392"}],"wp:featuredmedia":[{"embeddable":true,"href":"https:\/\/serveiseducatius.xtec.cat\/baixpenedes\/wp-json\/wp\/v2\/media\/17390"}],"wp:attachment":[{"href":"https:\/\/serveiseducatius.xtec.cat\/baixpenedes\/wp-json\/wp\/v2\/media?parent=17389"}],"wp:term":[{"taxonomy":"category","embeddable":true,"href":"https:\/\/serveiseducatius.xtec.cat\/baixpenedes\/wp-json\/wp\/v2\/categories?post=17389"},{"taxonomy":"post_tag","embeddable":true,"href":"https:\/\/serveiseducatius.xtec.cat\/baixpenedes\/wp-json\/wp\/v2\/tags?post=17389"}],"curies":[{"name":"wp","href":"https:\/\/api.w.org\/{rel}","templated":true}]}}