{"id":16524,"date":"2023-02-13T09:14:10","date_gmt":"2023-02-13T08:14:10","guid":{"rendered":"https:\/\/serveiseducatius.xtec.cat\/baixpenedes\/?p=16524"},"modified":"2023-02-13T09:14:10","modified_gmt":"2023-02-13T08:14:10","slug":"publicat-el-decret-21-2023-de-7-de-febrer-dordenacio-dels-ensenyaments-de-leducacio-infantil","status":"publish","type":"post","link":"https:\/\/serveiseducatius.xtec.cat\/baixpenedes\/general\/publicat-el-decret-21-2023-de-7-de-febrer-dordenacio-dels-ensenyaments-de-leducacio-infantil\/","title":{"rendered":"PUBLICAT EL DECRET 21\/2023, DE 7 DE FEBRER, D&#8217;ORDENACI\u00d3 DELS ENSENYAMENTS DE L&#8217;EDUCACI\u00d3 INFANTIL"},"content":{"rendered":"<p>El dia 7 de febrer de 2023 el Govern va aprovar el <strong><a href=\"https:\/\/dogc.gencat.cat\/ca\/document-del-dogc\/?documentId=951431\">nou curr\u00edculum de l&#8217;etapa d&#8217;educaci\u00f3 infantil<\/a><\/strong> que inclou els dos cicles d&#8217;aquesta (de 0 a 3 i de 3 a 6 anys). Aquesta normativa culmina amb la nova ordenaci\u00f3 de totes les etapes educatives, ja que fa pocs mesos el Govern ja va aprovar els decrets dels ensenyaments de batxillerat i de l\u2019educaci\u00f3 general b\u00e0sica (prim\u00e0ria i ESO). El nou decret va ser publicat el dia 9 de febrer al DOGC i algunes de les caracter\u00edstiques principals s\u00f3n:<\/p>\n<ul>\n<li><strong>Incorpora la coeducaci\u00f3 i l\u2019educaci\u00f3 afectivosexual en el marc de la mirada competencial<\/strong><\/li>\n<li><strong>Presenta l&#8217;educaci\u00f3 infantil com una etapa \u00fanica organitzada en dos cicles amb intencionalitat educativa ambd\u00f3s.<\/strong><\/li>\n<li><strong>S\u2019organitza en 4 eixos que pretenen ser un pas m\u00e9s cap a la globalitzaci\u00f3.\u00a0<\/strong><\/li>\n<li><strong>Promou situacions d\u2019aprenentatge que impliquin els infants en diferents experi\u00e8ncies de la vida quotidiana.\u00a0<\/strong><\/li>\n<\/ul>\n<p>La principal novetat del decret aprovat \u00e9s que estableix el curr\u00edculum competencial en aquesta etapa i, en aquest marc, incorpora la coeducaci\u00f3 i l\u2019educaci\u00f3 afectivosexual. Per primera vegada, el decret d\u2019infantil presenta el 0-6 com una etapa educativa \u00fanica, amb una identitat pr\u00f2pia i on els dos cicles que la integren responen a una mateixa intencionalitat educativa.<\/p>\n<p>El curr\u00edculum posa l\u2019infant al centre de les decisions i el desenvolupament de les seves capacitats, i el reconeix com el protagonista del seu propi aprenentatge i del grup al qual pertany. S\u2019organitza en quatre eixos de desenvolupament i aprenentatge: aquests eixos interrelacionen les compet\u00e8ncies b\u00e0siques amb els seus criteris d\u2019avaluaci\u00f3 i els seus sabers corresponents, per facilitar als equips educatius la concreci\u00f3 i planificaci\u00f3 pedag\u00f2gica del dia a dia.<\/p>\n<p>La nova normativa tamb\u00e9 prioritza el benestar i el gaudi, i promou situacions d\u2019aprenentatge amb sentit, funcionals, significatives i contextualitzades, des del respecte als diferents ritmes i a la sensibilitat de l\u2019etapa. Aquestes situacions busquen implicar els infants en diferents experi\u00e8ncies de la vida di\u00e0ria, de forma que posin en joc les seves capacitats aplicant all\u00f2 que van aprenent.<\/p>\n<p>Aqu\u00ed podeu descarregar el <a href=\"https:\/\/portaldogc.gencat.cat\/utilsEADOP\/PDF\/8851\/1955221.pdf\"><strong>Decret <\/strong><\/a><b><a href=\"https:\/\/portaldogc.gencat.cat\/utilsEADOP\/PDF\/8851\/1955221.pdf\">21\/2023 de 7 de febrer, d\u2019ordenaci\u00f3 dels ensenyaments de l\u2019educaci\u00f3 infantil<\/a>\u00a0<\/b>en format PDF. \u00a0Tamb\u00e9 podeu visitar la <a href=\"https:\/\/projectes.xtec.cat\/nou-curriculum\/educacio-infantil\/\">web del nou curr\u00edculum\u00a0<\/a>on es fa un recull de les novetats m\u00e9s importants.<\/p>\n<p><a href=\"https:\/\/portaldogc.gencat.cat\/utilsEADOP\/PDF\/8851\/1955221.pdf\"><img loading=\"lazy\" decoding=\"async\" class=\" wp-image-16526 aligncenter\" src=\"https:\/\/serveiseducatius.xtec.cat\/baixpenedes\/wp-content\/uploads\/usu764\/2023\/02\/INFDECRET.png\" alt=\"\" width=\"549\" height=\"196\" srcset=\"https:\/\/serveiseducatius.xtec.cat\/baixpenedes\/wp-content\/uploads\/usu764\/2023\/02\/INFDECRET.png 781w, https:\/\/serveiseducatius.xtec.cat\/baixpenedes\/wp-content\/uploads\/usu764\/2023\/02\/INFDECRET-300x107.png 300w, https:\/\/serveiseducatius.xtec.cat\/baixpenedes\/wp-content\/uploads\/usu764\/2023\/02\/INFDECRET-768x274.png 768w\" sizes=\"auto, (max-width: 549px) 100vw, 549px\" \/><\/a><\/p>\n","protected":false},"excerpt":{"rendered":"<p>El dia 7 de febrer de 2023 el Govern va aprovar el nou curr\u00edculum de l&#8217;etapa d&#8217;educaci\u00f3 infantil que inclou els dos cicles d&#8217;aquesta (de 0 a 3 i de 3 a 6 anys). Aquesta normativa culmina amb la nova ordenaci\u00f3 de totes les etapes educatives, ja que fa pocs mesos el Govern ja va [&hellip;]<\/p>\n","protected":false},"author":7,"featured_media":16525,"comment_status":"open","ping_status":"closed","sticky":false,"template":"","format":"standard","meta":{"_bbp_topic_count":0,"_bbp_reply_count":0,"_bbp_total_topic_count":0,"_bbp_total_reply_count":0,"_bbp_voice_count":0,"_bbp_anonymous_reply_count":0,"_bbp_topic_count_hidden":0,"_bbp_reply_count_hidden":0,"_bbp_forum_subforum_count":0,"site-sidebar-layout":"default","site-content-layout":"","ast-site-content-layout":"","site-content-style":"default","site-sidebar-style":"default","ast-global-header-display":"","ast-banner-title-visibility":"","ast-main-header-display":"","ast-hfb-above-header-display":"","ast-hfb-below-header-display":"","ast-hfb-mobile-header-display":"","site-post-title":"","ast-breadcrumbs-content":"","ast-featured-img":"","footer-sml-layout":"","theme-transparent-header-meta":"","adv-header-id-meta":"","stick-header-meta":"","header-above-stick-meta":"","header-main-stick-meta":"","header-below-stick-meta":"","astra-migrate-meta-layouts":"default","ast-page-background-enabled":"default","ast-page-background-meta":{"desktop":{"background-color":"var(--ast-global-color-4)","background-image":"","background-repeat":"repeat","background-position":"center center","background-size":"auto","background-attachment":"scroll","background-type":"","background-media":"","overlay-type":"","overlay-color":"","overlay-opacity":"","overlay-gradient":""},"tablet":{"background-color":"","background-image":"","background-repeat":"repeat","background-position":"center center","background-size":"auto","background-attachment":"scroll","background-type":"","background-media":"","overlay-type":"","overlay-color":"","overlay-opacity":"","overlay-gradient":""},"mobile":{"background-color":"","background-image":"","background-repeat":"repeat","background-position":"center center","background-size":"auto","background-attachment":"scroll","background-type":"","background-media":"","overlay-type":"","overlay-color":"","overlay-opacity":"","overlay-gradient":""}},"ast-content-background-meta":{"desktop":{"background-color":"var(--ast-global-color-5)","background-image":"","background-repeat":"repeat","background-position":"center center","background-size":"auto","background-attachment":"scroll","background-type":"","background-media":"","overlay-type":"","overlay-color":"","overlay-opacity":"","overlay-gradient":""},"tablet":{"background-color":"var(--ast-global-color-5)","background-image":"","background-repeat":"repeat","background-position":"center center","background-size":"auto","background-attachment":"scroll","background-type":"","background-media":"","overlay-type":"","overlay-color":"","overlay-opacity":"","overlay-gradient":""},"mobile":{"background-color":"var(--ast-global-color-5)","background-image":"","background-repeat":"repeat","background-position":"center center","background-size":"auto","background-attachment":"scroll","background-type":"","background-media":"","overlay-type":"","overlay-color":"","overlay-opacity":"","overlay-gradient":""}},"footnotes":""},"categories":[1,520,29],"tags":[],"class_list":["post-16524","post","type-post","status-publish","format-standard","has-post-thumbnail","hentry","category-general","category-nom-curriculum","category-portada"],"post_mailing_queue_ids":[],"_links":{"self":[{"href":"https:\/\/serveiseducatius.xtec.cat\/baixpenedes\/wp-json\/wp\/v2\/posts\/16524","targetHints":{"allow":["GET"]}}],"collection":[{"href":"https:\/\/serveiseducatius.xtec.cat\/baixpenedes\/wp-json\/wp\/v2\/posts"}],"about":[{"href":"https:\/\/serveiseducatius.xtec.cat\/baixpenedes\/wp-json\/wp\/v2\/types\/post"}],"author":[{"embeddable":true,"href":"https:\/\/serveiseducatius.xtec.cat\/baixpenedes\/wp-json\/wp\/v2\/users\/7"}],"replies":[{"embeddable":true,"href":"https:\/\/serveiseducatius.xtec.cat\/baixpenedes\/wp-json\/wp\/v2\/comments?post=16524"}],"version-history":[{"count":2,"href":"https:\/\/serveiseducatius.xtec.cat\/baixpenedes\/wp-json\/wp\/v2\/posts\/16524\/revisions"}],"predecessor-version":[{"id":16528,"href":"https:\/\/serveiseducatius.xtec.cat\/baixpenedes\/wp-json\/wp\/v2\/posts\/16524\/revisions\/16528"}],"wp:featuredmedia":[{"embeddable":true,"href":"https:\/\/serveiseducatius.xtec.cat\/baixpenedes\/wp-json\/wp\/v2\/media\/16525"}],"wp:attachment":[{"href":"https:\/\/serveiseducatius.xtec.cat\/baixpenedes\/wp-json\/wp\/v2\/media?parent=16524"}],"wp:term":[{"taxonomy":"category","embeddable":true,"href":"https:\/\/serveiseducatius.xtec.cat\/baixpenedes\/wp-json\/wp\/v2\/categories?post=16524"},{"taxonomy":"post_tag","embeddable":true,"href":"https:\/\/serveiseducatius.xtec.cat\/baixpenedes\/wp-json\/wp\/v2\/tags?post=16524"}],"curies":[{"name":"wp","href":"https:\/\/api.w.org\/{rel}","templated":true}]}}