{"id":16438,"date":"2023-02-02T11:35:55","date_gmt":"2023-02-02T10:35:55","guid":{"rendered":"https:\/\/serveiseducatius.xtec.cat\/baixpenedes\/?p=16438"},"modified":"2023-02-02T11:42:18","modified_gmt":"2023-02-02T10:42:18","slug":"presentacio-poemari-i-amb-el-temps-naixera-un-poema","status":"publish","type":"post","link":"https:\/\/serveiseducatius.xtec.cat\/baixpenedes\/general\/presentacio-poemari-i-amb-el-temps-naixera-un-poema\/","title":{"rendered":"PRESENTACI\u00d3 POEMARI: I AMB EL TEMPS&#8230; NAIXER\u00c0 UN POEMA"},"content":{"rendered":"<p>El proper dia 23 de febrer de 2023 tindr\u00e0 lloc la presentaci\u00f3 del poemari <strong><em>I amb el temps&#8230; naixer\u00e0 un poema.<\/em><\/strong><\/p>\n<p>La creaci\u00f3 d&#8217;aquest poemari va comen\u00e7ar abans de la pand\u00e8mia i van participar-hi els alumnes de diferents escoles i instituts de la zona de l&#8217;interior del Baix Pened\u00e8s, treballant en alguns petits poemes o fent il\u00b7lustracions, per\u00f2 la situaci\u00f3 mundial va aturar el proc\u00e9s fins ara que s&#8217;ha pogut acabar d&#8217;editar i per fi es pot publicar i compartir-lo amb tothom.<\/p>\n<p>L&#8217;esdeveniment tindr\u00e0 lloc a la<a href=\"https:\/\/www.google.com\/maps\/place\/La+Giralda+de+l'Arbo%C3%A7\/@41.2692126,1.6020694,17z\/data=!3m1!4b1!4m6!3m5!1s0x12a389fdf200aedd:0x14b3750bc10f6b6!8m2!3d41.2692086!4d1.6042581!16s%2Fg%2F11bzsdqs0m\"> Giralda de l&#8217;Arbo\u00e7<\/a> al les 18:30h i comptar\u00e0 amb la participaci\u00f3 dels alumnes de l&#8217;Aula de Sons de l&#8217;Arbo\u00e7, i tamb\u00e9 estaran presents a l&#8217;acte l&#8217;alcalde de l&#8217;Arbo\u00e7 i president del consell comarcal, el cirector dels ST d&#8217;Educaci\u00f3 de Tarragona, l&#8217;editora d&#8217;El Dep i la Nansa l&#8217;editorial que publica el poemari.<\/p>\n<p><img loading=\"lazy\" decoding=\"async\" class=\" wp-image-16440 aligncenter\" src=\"https:\/\/serveiseducatius.xtec.cat\/baixpenedes\/wp-content\/uploads\/usu764\/2023\/02\/coberta-i-amb-el-temps-naixera-un-poema.jpg\" alt=\"\" width=\"318\" height=\"225\" srcset=\"https:\/\/serveiseducatius.xtec.cat\/baixpenedes\/wp-content\/uploads\/usu764\/2023\/02\/coberta-i-amb-el-temps-naixera-un-poema.jpg 353w, https:\/\/serveiseducatius.xtec.cat\/baixpenedes\/wp-content\/uploads\/usu764\/2023\/02\/coberta-i-amb-el-temps-naixera-un-poema-300x212.jpg 300w\" sizes=\"auto, (max-width: 318px) 100vw, 318px\" \/><\/p>\n","protected":false},"excerpt":{"rendered":"<p>El proper dia 23 de febrer de 2023 tindr\u00e0 lloc la presentaci\u00f3 del poemari I amb el temps&#8230; naixer\u00e0 un poema. La creaci\u00f3 d&#8217;aquest poemari va comen\u00e7ar abans de la pand\u00e8mia i van participar-hi els alumnes de diferents escoles i instituts de la zona de l&#8217;interior del Baix Pened\u00e8s, treballant en alguns petits poemes o [&hellip;]<\/p>\n","protected":false},"author":7,"featured_media":16440,"comment_status":"open","ping_status":"closed","sticky":false,"template":"","format":"standard","meta":{"_bbp_topic_count":0,"_bbp_reply_count":0,"_bbp_total_topic_count":0,"_bbp_total_reply_count":0,"_bbp_voice_count":0,"_bbp_anonymous_reply_count":0,"_bbp_topic_count_hidden":0,"_bbp_reply_count_hidden":0,"_bbp_forum_subforum_count":0,"site-sidebar-layout":"default","site-content-layout":"","ast-site-content-layout":"","site-content-style":"default","site-sidebar-style":"default","ast-global-header-display":"","ast-banner-title-visibility":"","ast-main-header-display":"","ast-hfb-above-header-display":"","ast-hfb-below-header-display":"","ast-hfb-mobile-header-display":"","site-post-title":"","ast-breadcrumbs-content":"","ast-featured-img":"","footer-sml-layout":"","theme-transparent-header-meta":"","adv-header-id-meta":"","stick-header-meta":"","header-above-stick-meta":"","header-main-stick-meta":"","header-below-stick-meta":"","astra-migrate-meta-layouts":"default","ast-page-background-enabled":"default","ast-page-background-meta":{"desktop":{"background-color":"var(--ast-global-color-4)","background-image":"","background-repeat":"repeat","background-position":"center center","background-size":"auto","background-attachment":"scroll","background-type":"","background-media":"","overlay-type":"","overlay-color":"","overlay-opacity":"","overlay-gradient":""},"tablet":{"background-color":"","background-image":"","background-repeat":"repeat","background-position":"center center","background-size":"auto","background-attachment":"scroll","background-type":"","background-media":"","overlay-type":"","overlay-color":"","overlay-opacity":"","overlay-gradient":""},"mobile":{"background-color":"","background-image":"","background-repeat":"repeat","background-position":"center center","background-size":"auto","background-attachment":"scroll","background-type":"","background-media":"","overlay-type":"","overlay-color":"","overlay-opacity":"","overlay-gradient":""}},"ast-content-background-meta":{"desktop":{"background-color":"var(--ast-global-color-5)","background-image":"","background-repeat":"repeat","background-position":"center center","background-size":"auto","background-attachment":"scroll","background-type":"","background-media":"","overlay-type":"","overlay-color":"","overlay-opacity":"","overlay-gradient":""},"tablet":{"background-color":"var(--ast-global-color-5)","background-image":"","background-repeat":"repeat","background-position":"center center","background-size":"auto","background-attachment":"scroll","background-type":"","background-media":"","overlay-type":"","overlay-color":"","overlay-opacity":"","overlay-gradient":""},"mobile":{"background-color":"var(--ast-global-color-5)","background-image":"","background-repeat":"repeat","background-position":"center center","background-size":"auto","background-attachment":"scroll","background-type":"","background-media":"","overlay-type":"","overlay-color":"","overlay-opacity":"","overlay-gradient":""}},"footnotes":""},"categories":[76,1,459,29],"tags":[],"class_list":["post-16438","post","type-post","status-publish","format-standard","has-post-thumbnail","hentry","category-agenda","category-general","category-penedes","category-portada"],"post_mailing_queue_ids":[],"_links":{"self":[{"href":"https:\/\/serveiseducatius.xtec.cat\/baixpenedes\/wp-json\/wp\/v2\/posts\/16438","targetHints":{"allow":["GET"]}}],"collection":[{"href":"https:\/\/serveiseducatius.xtec.cat\/baixpenedes\/wp-json\/wp\/v2\/posts"}],"about":[{"href":"https:\/\/serveiseducatius.xtec.cat\/baixpenedes\/wp-json\/wp\/v2\/types\/post"}],"author":[{"embeddable":true,"href":"https:\/\/serveiseducatius.xtec.cat\/baixpenedes\/wp-json\/wp\/v2\/users\/7"}],"replies":[{"embeddable":true,"href":"https:\/\/serveiseducatius.xtec.cat\/baixpenedes\/wp-json\/wp\/v2\/comments?post=16438"}],"version-history":[{"count":4,"href":"https:\/\/serveiseducatius.xtec.cat\/baixpenedes\/wp-json\/wp\/v2\/posts\/16438\/revisions"}],"predecessor-version":[{"id":16449,"href":"https:\/\/serveiseducatius.xtec.cat\/baixpenedes\/wp-json\/wp\/v2\/posts\/16438\/revisions\/16449"}],"wp:featuredmedia":[{"embeddable":true,"href":"https:\/\/serveiseducatius.xtec.cat\/baixpenedes\/wp-json\/wp\/v2\/media\/16440"}],"wp:attachment":[{"href":"https:\/\/serveiseducatius.xtec.cat\/baixpenedes\/wp-json\/wp\/v2\/media?parent=16438"}],"wp:term":[{"taxonomy":"category","embeddable":true,"href":"https:\/\/serveiseducatius.xtec.cat\/baixpenedes\/wp-json\/wp\/v2\/categories?post=16438"},{"taxonomy":"post_tag","embeddable":true,"href":"https:\/\/serveiseducatius.xtec.cat\/baixpenedes\/wp-json\/wp\/v2\/tags?post=16438"}],"curies":[{"name":"wp","href":"https:\/\/api.w.org\/{rel}","templated":true}]}}