{"id":16000,"date":"2022-10-17T12:33:02","date_gmt":"2022-10-17T10:33:02","guid":{"rendered":"https:\/\/serveiseducatius.xtec.cat\/baixpenedes\/?p=16000"},"modified":"2022-10-17T12:59:32","modified_gmt":"2022-10-17T10:59:32","slug":"nova-sessio-xarxa-territorial-de-cultura-digital-amb-les-seves-subxarxes-sub-edc-sessio1-sub-cdd-sessio1-sub-cdc-sessio1","status":"publish","type":"post","link":"https:\/\/serveiseducatius.xtec.cat\/baixpenedes\/xerrades\/portada\/nova-sessio-xarxa-territorial-de-cultura-digital-amb-les-seves-subxarxes-sub-edc-sessio1-sub-cdd-sessio1-sub-cdc-sessio1\/","title":{"rendered":"NOVA SESSI\u00d3 XARXA TERRITORIAL DE CULTURA DIGITAL AMB LES SEVES SUBXARXES #sub-edc-sessio1 #sub-cdd-sessio1 #sub-cdc-sessio1"},"content":{"rendered":"<p dir=\"ltr\">Aquest dijous 20 d\u2019octubre a les 17.30\u00a0 tindr\u00e0 lloc una nova\u00a0 sessi\u00f3 de la Xarxa Territorial de Cultura Digital (XTCD) i de les diferents subxarxes:<\/p>\n<p dir=\"ltr\"><img loading=\"lazy\" decoding=\"async\" class=\"alignnone size-full wp-image-16003\" src=\"https:\/\/serveiseducatius.xtec.cat\/baixpenedes\/wp-content\/uploads\/usu764\/2022\/10\/2SE.png\" alt=\"\" width=\"1007\" height=\"358\" srcset=\"https:\/\/serveiseducatius.xtec.cat\/baixpenedes\/wp-content\/uploads\/usu764\/2022\/10\/2SE.png 1007w, https:\/\/serveiseducatius.xtec.cat\/baixpenedes\/wp-content\/uploads\/usu764\/2022\/10\/2SE-300x107.png 300w, https:\/\/serveiseducatius.xtec.cat\/baixpenedes\/wp-content\/uploads\/usu764\/2022\/10\/2SE-768x273.png 768w\" sizes=\"auto, (max-width: 1007px) 100vw, 1007px\" \/><\/p>\n<ul>\n<li dir=\"ltr\">Subxarxa d&#8217;Estrat\u00e8gia Digital de Centre ( grup de treball anul.lat participem amb el Seminari de Continu\u00eftat de la subxarxa d&#8217;Estrat\u00e8gia digital de centre #sedc )\u00a0 Enlla\u00e7 del webinar: <a href=\"https:\/\/youtu.be\/1AETOPlbunU\" target=\"_blank\" rel=\"noopener\" data-saferedirecturl=\"https:\/\/www.google.com\/url?q=https:\/\/youtu.be\/1AETOPlbunU&amp;source=gmail&amp;ust=1666081856775000&amp;usg=AOvVaw3qQXkHy0PZolOkcFYEY45R\">https:\/\/youtu.be\/1AETOPlbunU<\/a>\n<p dir=\"ltr\">El grup de persones que formen part del grup del Seminari de continu\u00eftat EDC, en acabar la part comuna han de seguir el seminari en l\u00ednia que s\u2019emetr\u00e0 a trav\u00e9s del <a href=\"https:\/\/www.youtube.com\/watch?v=GRQ3ZS75018\" target=\"_blank\" rel=\"noopener\" data-saferedirecturl=\"https:\/\/www.google.com\/url?q=https:\/\/www.youtube.com\/watch?v%3DGRQ3ZS75018&amp;source=gmail&amp;ust=1666081856775000&amp;usg=AOvVaw0_KxMdh8EHZzqGpeGpNso7\">seg\u00fcent enlla\u00e7 de Youtube<\/a>. Igual que la part comuna, tamb\u00e9 quedar\u00e0 enregistrada i es podr\u00e0 veure en diferit.<\/p>\n<p>Tamb\u00e9 recordar-vos que pr\u00f2ximament el mentor i formador Manuel Guzm\u00e1n Almagro, convocar\u00e0 a les persones inscrites en aquest seminari per tal de realitzar <u>de forma presencial\u00a0<\/u>la primera trobada al CRP del Vendrell.<\/li>\n<li dir=\"ltr\">Subxarxa de Coordinaci\u00f3 Digital de Centre . Enlla\u00e7 al webinar: <a href=\"https:\/\/projectes.xtec.cat\/xtcd\/coordinacio-digital-de-centre\/sessions-2022-23\/sessio-1\/\">https:\/\/projectes.xtec.cat\/xtcd\/coordinacio-digital-de-centre\/sessions-2022-23\/sessio-1\/<\/a><img loading=\"lazy\" decoding=\"async\" class=\"alignnone size-full wp-image-16002\" src=\"https:\/\/serveiseducatius.xtec.cat\/baixpenedes\/wp-content\/uploads\/usu764\/2022\/10\/XTCDC.png\" alt=\"\" width=\"998\" height=\"684\" srcset=\"https:\/\/serveiseducatius.xtec.cat\/baixpenedes\/wp-content\/uploads\/usu764\/2022\/10\/XTCDC.png 998w, https:\/\/serveiseducatius.xtec.cat\/baixpenedes\/wp-content\/uploads\/usu764\/2022\/10\/XTCDC-300x206.png 300w, https:\/\/serveiseducatius.xtec.cat\/baixpenedes\/wp-content\/uploads\/usu764\/2022\/10\/XTCDC-768x526.png 768w\" sizes=\"auto, (max-width: 998px) 100vw, 998px\" \/><\/li>\n<li dir=\"ltr\">Subxarxa de Compet\u00e8ncia Digital Docent (traslladada al CRP BaIx Camp). Inscripcions:<br \/>\n<table border=\"0\" width=\"100%\" cellspacing=\"0\" cellpadding=\"0\">\n<tbody>\n<tr>\n<td>\n<div><span style=\"font-family: arial, helvetica, geneva; font-size: small;\">7020100529\u00a0\u00a0\u00a0<b>Subxarxa de Compet\u00e8ncia Digital Docent<\/b><\/span><\/div>\n<\/td>\n<\/tr>\n<tr>\n<td>\n<div><span style=\"font-family: arial, helvetica, geneva; font-size: small;\">Del 5\/10\/2022 al 15\/6\/2023 (30 hores) de h a h<\/span><\/div>\n<\/td>\n<\/tr>\n<tr>\n<td>\n<div><span style=\"font-family: arial, helvetica, geneva; font-size: small;\">CRP del Baix Camp<\/span><\/div>\n<\/td>\n<\/tr>\n<tr>\n<td>\n<div><span style=\"font-family: arial, helvetica, geneva; font-size: small;\">Figueres, s\/n\u00a0(\u00a0Reus\u00a0)\u00a0<\/span><\/div>\n<\/td>\n<\/tr>\n<tr>\n<td><img loading=\"lazy\" decoding=\"async\" class=\"CToWUd\" src=\"https:\/\/ci6.googleusercontent.com\/proxy\/DM4ABImA-WjLBpu00aUflV0bn4zxpO49-XOQ5ruuTaFcu5QxrX-dmMISzJJ6y0RQHkbNXc2jCO2hAZwdb0jT2DBJa8T6tf4fSxfeP-H_oEO1aLvjoK0=s0-d-e1-ft#https:\/\/aplicacions.gestioeducativa.gencat.cat\/est\/gafadm\/img\/blanc.gif\" width=\"1\" height=\"6\" border=\"0\" data-bit=\"iit\" \/><\/td>\n<\/tr>\n<tr>\n<td>\n<div><span style=\"font-family: arial, helvetica, geneva; font-size: small;\"><a href=\"https:\/\/aplicacions.gestioeducativa.gencat.cat\/pls\/soloas\/pk_for_mod_ins.p_for_detall_activitat?p_codi=7020100529&amp;p_curs=2022-2023&amp;p_es_inscr=S\" target=\"_blank\" rel=\"noopener\" data-saferedirecturl=\"https:\/\/www.google.com\/url?q=https:\/\/aplicacions.gestioeducativa.gencat.cat\/pls\/soloas\/pk_for_mod_ins.p_for_detall_activitat?p_codi%3D7020100529%26p_curs%3D2022-2023%26p_es_inscr%3DS&amp;source=gmail&amp;ust=1666083337509000&amp;usg=AOvVaw0rZvEp-XG8mYBHm01t0ZrU\">Inscripci\u00f3: 01\/09\/2022 &#8211; 20\/10\/2022<\/a><\/span><\/div>\n<\/td>\n<\/tr>\n<\/tbody>\n<\/table>\n<\/li>\n<\/ul>\n<p>&nbsp;<\/p>\n<p dir=\"ltr\">En el <a href=\"https:\/\/projectes.xtec.cat\/xtcd\/\" target=\"_blank\" rel=\"noopener\" data-saferedirecturl=\"https:\/\/www.google.com\/url?q=https:\/\/projectes.xtec.cat\/xtcd\/&amp;source=gmail&amp;ust=1666081856775000&amp;usg=AOvVaw1C5M8bptLKbvDSSW-IjEQF\">web de la XTCD<\/a> podreu trobar tots els enlla\u00e7os necessaris i la informaci\u00f3 actualitzada de la sessi\u00f3.<\/p>\n","protected":false},"excerpt":{"rendered":"<p>Aquest dijous 20 d\u2019octubre a les 17.30\u00a0 tindr\u00e0 lloc una nova\u00a0 sessi\u00f3 de la Xarxa Territorial de Cultura Digital (XTCD) i de les diferents subxarxes: Subxarxa d&#8217;Estrat\u00e8gia Digital de Centre ( grup de treball anul.lat participem amb el Seminari de Continu\u00eftat de la subxarxa d&#8217;Estrat\u00e8gia digital de centre #sedc )\u00a0 Enlla\u00e7 del webinar: https:\/\/youtu.be\/1AETOPlbunU El [&hellip;]<\/p>\n","protected":false},"author":7,"featured_media":16004,"comment_status":"open","ping_status":"closed","sticky":false,"template":"","format":"standard","meta":{"_bbp_topic_count":0,"_bbp_reply_count":0,"_bbp_total_topic_count":0,"_bbp_total_reply_count":0,"_bbp_voice_count":0,"_bbp_anonymous_reply_count":0,"_bbp_topic_count_hidden":0,"_bbp_reply_count_hidden":0,"_bbp_forum_subforum_count":0,"site-sidebar-layout":"default","site-content-layout":"","ast-site-content-layout":"","site-content-style":"default","site-sidebar-style":"default","ast-global-header-display":"","ast-banner-title-visibility":"","ast-main-header-display":"","ast-hfb-above-header-display":"","ast-hfb-below-header-display":"","ast-hfb-mobile-header-display":"","site-post-title":"","ast-breadcrumbs-content":"","ast-featured-img":"","footer-sml-layout":"","theme-transparent-header-meta":"","adv-header-id-meta":"","stick-header-meta":"","header-above-stick-meta":"","header-main-stick-meta":"","header-below-stick-meta":"","astra-migrate-meta-layouts":"default","ast-page-background-enabled":"default","ast-page-background-meta":{"desktop":{"background-color":"var(--ast-global-color-4)","background-image":"","background-repeat":"repeat","background-position":"center center","background-size":"auto","background-attachment":"scroll","background-type":"","background-media":"","overlay-type":"","overlay-color":"","overlay-opacity":"","overlay-gradient":""},"tablet":{"background-color":"","background-image":"","background-repeat":"repeat","background-position":"center center","background-size":"auto","background-attachment":"scroll","background-type":"","background-media":"","overlay-type":"","overlay-color":"","overlay-opacity":"","overlay-gradient":""},"mobile":{"background-color":"","background-image":"","background-repeat":"repeat","background-position":"center center","background-size":"auto","background-attachment":"scroll","background-type":"","background-media":"","overlay-type":"","overlay-color":"","overlay-opacity":"","overlay-gradient":""}},"ast-content-background-meta":{"desktop":{"background-color":"var(--ast-global-color-5)","background-image":"","background-repeat":"repeat","background-position":"center center","background-size":"auto","background-attachment":"scroll","background-type":"","background-media":"","overlay-type":"","overlay-color":"","overlay-opacity":"","overlay-gradient":""},"tablet":{"background-color":"var(--ast-global-color-5)","background-image":"","background-repeat":"repeat","background-position":"center center","background-size":"auto","background-attachment":"scroll","background-type":"","background-media":"","overlay-type":"","overlay-color":"","overlay-opacity":"","overlay-gradient":""},"mobile":{"background-color":"var(--ast-global-color-5)","background-image":"","background-repeat":"repeat","background-position":"center center","background-size":"auto","background-attachment":"scroll","background-type":"","background-media":"","overlay-type":"","overlay-color":"","overlay-opacity":"","overlay-gradient":""}},"footnotes":""},"categories":[346,78,29,468],"tags":[],"class_list":["post-16000","post","type-post","status-publish","format-standard","has-post-thumbnail","hentry","category-activitats-catalunya","category-tac","category-portada","category-xtcd"],"post_mailing_queue_ids":[],"_links":{"self":[{"href":"https:\/\/serveiseducatius.xtec.cat\/baixpenedes\/wp-json\/wp\/v2\/posts\/16000","targetHints":{"allow":["GET"]}}],"collection":[{"href":"https:\/\/serveiseducatius.xtec.cat\/baixpenedes\/wp-json\/wp\/v2\/posts"}],"about":[{"href":"https:\/\/serveiseducatius.xtec.cat\/baixpenedes\/wp-json\/wp\/v2\/types\/post"}],"author":[{"embeddable":true,"href":"https:\/\/serveiseducatius.xtec.cat\/baixpenedes\/wp-json\/wp\/v2\/users\/7"}],"replies":[{"embeddable":true,"href":"https:\/\/serveiseducatius.xtec.cat\/baixpenedes\/wp-json\/wp\/v2\/comments?post=16000"}],"version-history":[{"count":3,"href":"https:\/\/serveiseducatius.xtec.cat\/baixpenedes\/wp-json\/wp\/v2\/posts\/16000\/revisions"}],"predecessor-version":[{"id":16008,"href":"https:\/\/serveiseducatius.xtec.cat\/baixpenedes\/wp-json\/wp\/v2\/posts\/16000\/revisions\/16008"}],"wp:featuredmedia":[{"embeddable":true,"href":"https:\/\/serveiseducatius.xtec.cat\/baixpenedes\/wp-json\/wp\/v2\/media\/16004"}],"wp:attachment":[{"href":"https:\/\/serveiseducatius.xtec.cat\/baixpenedes\/wp-json\/wp\/v2\/media?parent=16000"}],"wp:term":[{"taxonomy":"category","embeddable":true,"href":"https:\/\/serveiseducatius.xtec.cat\/baixpenedes\/wp-json\/wp\/v2\/categories?post=16000"},{"taxonomy":"post_tag","embeddable":true,"href":"https:\/\/serveiseducatius.xtec.cat\/baixpenedes\/wp-json\/wp\/v2\/tags?post=16000"}],"curies":[{"name":"wp","href":"https:\/\/api.w.org\/{rel}","templated":true}]}}