{"id":15119,"date":"2022-01-11T13:40:06","date_gmt":"2022-01-11T12:40:06","guid":{"rendered":"https:\/\/serveiseducatius.xtec.cat\/baixpenedes\/?p=15119"},"modified":"2022-01-11T13:40:06","modified_gmt":"2022-01-11T12:40:06","slug":"concurs-de-microrelats-es-la-tribu-la-que-educa","status":"publish","type":"post","link":"https:\/\/serveiseducatius.xtec.cat\/baixpenedes\/xerrades\/portada\/concurs-de-microrelats-es-la-tribu-la-que-educa\/","title":{"rendered":"CONCURS DE MICRORELATS &#8220;\u00c9S LA TRIBU LA QUE EDUCA&#8221;"},"content":{"rendered":"<p>Obert el termini per participar al concurs de microrelats <b><span style=\"color: #e69138; font-size: large;\">&#8220;\u00c9s la tribu la que educa&#8221;<\/span><\/b>\u00a0que el\u00a0<b><span style=\"font-size: large;\">Grup de mestres de\u00a0l&#8217;Alt Pened\u00e8s<\/span><\/b>\u00a0organitza juntament\u00a0amb el Festival del pensament del Pened\u00e8s,\u00a0<span style=\"font-size: large;\"><b>Vila?ensa<\/b><\/span>, enguany amb el tema<span style=\"color: #e69138; font-size: large;\"><b>\u00a0&#8220;Passi\u00f3 per aprendre, desig de saber&#8221;<\/b><\/span>.<\/p>\n<div><\/div>\n<div><\/div>\n<div><img loading=\"lazy\" decoding=\"async\" class=\"CToWUd a6T alignnone\" tabindex=\"0\" src=\"https:\/\/mail.google.com\/mail\/u\/0?ui=2&amp;ik=c6f619f4c2&amp;attid=0.0.1&amp;permmsgid=msg-f:1721655871180787921&amp;th=17e48ce4a33250d1&amp;view=fimg&amp;fur=ip&amp;sz=s0-l75-ft&amp;attbid=ANGjdJ-oNyR7DoiSArfVHXqO6ZWGOTlc5kOKMQHYeZfES3epYG0kCsC2cxvf_oJaJuZB4izwVw6jTQjoajUweE0aN-ClFh3rU-x5zWNufFm10cctktuRsC28baO6als&amp;disp=emb&amp;realattid=ii_ky9zwxd50\" alt=\"Cartell microrelats 2022.jpg\" width=\"406\" height=\"574\" data-image-whitelisted=\"\" \/><\/div>\n<div>\n<p><strong>BASES<\/strong><\/p>\n<p><span style=\"font-weight: 400;\">El concurs de Microrelats \u00e9s organitzat pel Grup de Mestres<\/span><\/p>\n<p><span style=\"font-weight: 400;\">de l\u2019Alt Pened\u00e8s i el Vila?ensa, Festival del Pensament del<\/span><\/p>\n<p><span style=\"font-weight: 400;\">Pened\u00e8s, amb l\u2019objectiu de fomentar la reflexi\u00f3 i<\/span><\/p>\n<p><span style=\"font-weight: 400;\">l\u2019intercanvi d\u2019idees al voltant de l\u2019educaci\u00f3, ja sigui en<\/span><\/p>\n<p><span style=\"font-weight: 400;\">l\u2019\u00e0mbit familiar, en el de l\u2019educaci\u00f3 reglada, el de l\u2019educaci\u00f3<\/span><\/p>\n<p><span style=\"font-weight: 400;\">en el lleure, el cinema, les xarxes socials, la televisi\u00f3&#8230;<\/span><\/p>\n<p><span style=\"font-weight: 400;\">El tema a desenvolupar aquest 2022 \u00e9s:<\/span><\/p>\n<p><span style=\"font-weight: 400;\">Passi\u00f3 per aprendre, desig de saber<\/span><\/p>\n<p><span style=\"font-weight: 400;\">1.-Hi podran participar totes les persones majors de 16<\/span><\/p>\n<p><span style=\"font-weight: 400;\">anys.<\/span><\/p>\n<p><span style=\"font-weight: 400;\">2.-Tots els treballs participants hauran de tenir una<\/span><\/p>\n<p><span style=\"font-weight: 400;\">extensi\u00f3 que no superi les 300 paraules.<\/span><\/p>\n<p><span style=\"font-weight: 400;\">3.-El jurat valorar\u00e0 la qualitat liter\u00e0ria, l\u2019originalitat i la<\/span><\/p>\n<p><span style=\"font-weight: 400;\">relaci\u00f3 amb el tema del concurs.<\/span><\/p>\n<p><span style=\"font-weight: 400;\">4.-Les obres han de ser individuals, escrites en catal\u00e0 i<\/span><\/p>\n<p><span style=\"font-weight: 400;\">in\u00e8dites. Cada participant podr\u00e0 presentar nom\u00e9s un text.<\/span><\/p>\n<p><span style=\"font-weight: 400;\">5.-Els originals s\u2019han de presentar en un document en<\/span><\/p>\n<p><span style=\"font-weight: 400;\">format Microsoft Word, OpenOfice o PDF amb lletra Arial,<\/span><\/p>\n<p><span style=\"font-weight: 400;\">cos 12 i a doble espai.<\/span><\/p>\n<p><span style=\"font-weight: 400;\">6.-Terminis i presentaci\u00f3:<\/span><\/p>\n<p><span style=\"font-weight: 400;\">A: Les obres s\u2019han de presentar per correu electr\u00f2nic amb<\/span><\/p>\n<p><span style=\"font-weight: 400;\">l\u2019assumpte \u201cConcurs microrelats 2022\u201d entre les 00.00 h del<\/span><\/p>\n<p><span style=\"font-weight: 400;\">dia 1 de gener i les 23.59 h del dia 28 de febrer de 2022 a<\/span><\/p>\n<p><span style=\"font-weight: 400;\">l\u2019adre\u00e7a: microrelatstribu@gmail.com<\/span><\/p>\n<p><span style=\"font-weight: 400;\">Caldr\u00e0 enviar dos arxius en un \u00fanic correu:<\/span><\/p>\n<p><span style=\"font-weight: 400;\">El primer arxiu contindr\u00e0 el text que es presenta a concurs<\/span><\/p>\n<p><span style=\"font-weight: 400;\">en format Microsoft Word, Openoffice o PDF, i anir\u00e0<\/span><\/p>\n<p><span style=\"font-weight: 400;\">anomenat amb el t\u00edtol del text i el pseud\u00f2nim de l\u2019autor o<\/span><\/p>\n<p><span style=\"font-weight: 400;\">autora. Per ex: \u201cEl rostre \u2013 Lluna -\u201d. Tots els textos aportats<\/span><\/p>\n<p><span style=\"font-weight: 400;\">en un altre format seran esborrats i no entraran a concurs.<\/span><\/p>\n<p><span style=\"font-weight: 400;\">El segon arxiu, que no s\u2019obrir\u00e0 fins despr\u00e9s del veredicte,<\/span><\/p>\n<p><span style=\"font-weight: 400;\">anir\u00e0 anomenat amb el t\u00edtol \u201cDades personals\u201d i inclour\u00e0<\/span><\/p>\n<p><span style=\"font-weight: 400;\">t\u00edtol del text, pseud\u00f2nim, nom, cognoms, edat, adre\u00e7a,<\/span><\/p>\n<p><span style=\"font-weight: 400;\">tel\u00e8fon i correu electr\u00f2nic.<\/span><\/p>\n<p><span style=\"font-weight: 400;\">B: Un cop finalitzat el concurs tots els arxius amb els textos<\/span><\/p>\n<p><span style=\"font-weight: 400;\">no premiats seran esborrats. L\u2019organitzaci\u00f3 del Concurs no<\/span><\/p>\n<p><span style=\"font-weight: 400;\">es fa responsable dels correus electr\u00f2nics que no arribin o<\/span><\/p>\n<p><span style=\"font-weight: 400;\">arribin en mal estat a la direcci\u00f3 de correu electr\u00f2nica<\/span><\/p>\n<p><span style=\"font-weight: 400;\">exposada.<\/span><\/p>\n<p><span style=\"font-weight: 400;\">C: Pel fet de participar en la convocat\u00f2ria, els autors i<\/span><\/p>\n<p><span style=\"font-weight: 400;\">autores autoritzen al Grup de Mestres de l\u2019Alt Pened\u00e8s i al<\/span><\/p>\n<p><span style=\"font-weight: 400;\">Vila?ensa a fer difusi\u00f3 i promoci\u00f3 del Concurs fent servir<\/span><\/p>\n<p><span style=\"font-weight: 400;\">reproduccions parcials o totals de les obres, amb les<\/span><\/p>\n<p><span style=\"font-weight: 400;\">refer\u00e8ncies adients d\u2019autoria, en qualsevol mitj\u00e0 publicitari<\/span><\/p>\n<p><span style=\"font-weight: 400;\">(revistes, premsa, r\u00e0dio, TV, cartells, webs i blogs, etc.).<\/span><\/p>\n<p><span style=\"font-weight: 400;\">7.-El Jurat estar\u00e0 composat per Josep Maria Verge, mestre,<\/span><\/p>\n<p><span style=\"font-weight: 400;\">Carme Ortoll, mestra, Antoni Munn\u00e9-Jord\u00e0, escriptor i Jordi<\/span><\/p>\n<p><span style=\"font-weight: 400;\">Llavina, poeta, escriptor i professor.<\/span><\/p>\n<p><span style=\"font-weight: 400;\">8.-Veredicte<\/span><\/p>\n<p><span style=\"font-weight: 400;\">El veredicte del jurat es far\u00e0 p\u00fablic en l\u2019acte que es<\/span><\/p>\n<p><span style=\"font-weight: 400;\">realitzar\u00e0 a Vilafranca del Pened\u00e8s el dissabte dia 9 d\u2019abril<\/span><\/p>\n<p><span style=\"font-weight: 400;\">del 2022 a les 18 h. dins els actes del Vila?ensa, Festival del<\/span><\/p>\n<p><span style=\"font-weight: 400;\">Pensament del Pened\u00e8s.<\/span><\/p>\n<p><span style=\"font-weight: 400;\">El veredicte del jurat ser\u00e0 definitiu i inapel\u00b7lable.<\/span><\/p>\n<p><span style=\"font-weight: 400;\">El jurat es reserva la possibilitat de concedir acc\u00e8ssits.<\/span><\/p>\n<p><span style=\"font-weight: 400;\">9.-Premis<\/span><\/p>\n<p><span style=\"font-weight: 400;\">Seran premiats els quatre millors microrelats.<\/span><\/p>\n<p><span style=\"font-weight: 400;\">El premi consistir\u00e0 en:<\/span><\/p>\n<p><span style=\"font-weight: 400;\">A: La m\u00e0xima difusi\u00f3 dels microrelats guanyadors:<\/span><\/p>\n<p><span style=\"font-weight: 400;\">Els setmanaris penedesencs \u201cLa Fura\u201d i \u201cEl 3 de 8\u201d i el<\/span><\/p>\n<p><span style=\"font-weight: 400;\">digital \u201cEixdiari\u201d en l\u2019edici\u00f3 posterior a l\u2019acte del veredicte,<\/span><\/p>\n<p><span style=\"font-weight: 400;\">publicaran els microrelats guanyadors, aix\u00ed com els<\/span><\/p>\n<p><span style=\"font-weight: 400;\">possibles acc\u00e8ssits.<\/span><\/p>\n<p><span style=\"font-weight: 400;\">R\u00e0dio Vilafranca emetr\u00e0 els microrelats guanyadors.<\/span><\/p>\n<p><span style=\"font-weight: 400;\">B: Altres premis<\/span><\/p>\n<p><span style=\"font-weight: 400;\">Entre d\u2019altres: visites a museus, llibres, entrades per<\/span><\/p>\n<p><span style=\"font-weight: 400;\">espectacles&#8230; gr\u00e0cies a les empreses i entitats<\/span><\/p>\n<p><span style=\"font-weight: 400;\">col.laboradores.<\/span><\/p>\n<p><span style=\"font-weight: 400;\">10.-Les persones participants al Concurs de Microrelats<\/span><\/p>\n<p><span style=\"font-weight: 400;\">subscriuen les seg\u00fcents bases i accepten el veredicte final<\/span><\/p>\n<p><span style=\"font-weight: 400;\">del jurat. Tamb\u00e9 entenen i accepten la possibilitat que els<\/span><\/p>\n<p><span style=\"font-weight: 400;\">premis esdevinguin deserts si el mateix jurat aix\u00ed ho creu<\/span><\/p>\n<p><span style=\"font-weight: 400;\">convenient.<\/span><\/p>\n<p><span style=\"font-weight: 400;\">11.-El jurat es reserva el dret a interpretar aquestes bases<\/span><\/p>\n<p><span style=\"font-weight: 400;\">en cas de dubte o decidir sobre qualsevol conting\u00e8ncia que<\/span><\/p>\n<p><span style=\"font-weight: 400;\">no hagi estat prevista.<\/span><\/p>\n<p><span style=\"font-weight: 400;\">Per a qualsevol dubte o aclariment podeu escriure\u2019ns un<\/span><\/p>\n<p><span style=\"font-weight: 400;\">correu electr\u00f2nic a la seg\u00fcent adre\u00e7a:<\/span><\/p>\n<p><span style=\"font-weight: 400;\">microrelatstribu@gmail.com.<\/span><\/p>\n<p><span style=\"font-weight: 400;\">Amb la col\u00b7laboraci\u00f3 de:<\/span><\/p>\n<p><span style=\"font-weight: 400;\">Setmanari La Fura, setmanari \u201cEl 3 de vuit\u201d, Eixdiari, R\u00e0dio<\/span><\/p>\n<p><span style=\"font-weight: 400;\">Vilafranca, Vinseum, Museus de Calafell, Museu del<\/span><\/p>\n<p><span style=\"font-weight: 400;\">Ferrocarril, Biblioteca museu V\u00edctor Balaguer, Federaci\u00f3 de<\/span><\/p>\n<p><span style=\"font-weight: 400;\">moviments de renovaci\u00f3 pedag\u00f2gica de Catalunya,<\/span><\/p>\n<p><span style=\"font-weight: 400;\">Copisteria La Rambla, Fundaci\u00f3 Pinnae, Castell de Gelida,<\/span><\/p>\n<p><span style=\"font-weight: 400;\">Museus de Sitges, Museu Pau Casals, Biblioteca Torras i<\/span><\/p>\n<p><span style=\"font-weight: 400;\">Bages, Editorial Andana, Llibreia l\u2019Odissea, Llibreria la<\/span><\/p>\n<p><span style=\"font-weight: 400;\">Cultural, Llibreria Cusc\u00f3, Temporada de espectacles Cal<\/span><\/p>\n<p><span style=\"font-weight: 400;\">Bolet i Auditori, Cineclub Zazie, IES Mil\u00e0 i Fontanals, Cellers<\/span><\/p>\n<p><span style=\"font-weight: 400;\">Albet i Noya, U m\u00e9s U, Jean Leon, Consell Comarcal de l\u2019Alt<\/span><\/p>\n<p><span style=\"font-weight: 400;\">Pened\u00e8s i Ajuntament de Vilafranca.<\/span><\/p>\n<\/div>\n","protected":false},"excerpt":{"rendered":"<p>Obert el termini per participar al concurs de microrelats &#8220;\u00c9s la tribu la que educa&#8221;\u00a0que el\u00a0Grup de mestres de\u00a0l&#8217;Alt Pened\u00e8s\u00a0organitza juntament\u00a0amb el Festival del pensament del Pened\u00e8s,\u00a0Vila?ensa, enguany amb el tema\u00a0&#8220;Passi\u00f3 per aprendre, desig de saber&#8221;. BASES El concurs de Microrelats \u00e9s organitzat pel Grup de Mestres de l\u2019Alt Pened\u00e8s i el Vila?ensa, Festival del [&hellip;]<\/p>\n","protected":false},"author":7,"featured_media":15120,"comment_status":"open","ping_status":"closed","sticky":false,"template":"","format":"standard","meta":{"_bbp_topic_count":0,"_bbp_reply_count":0,"_bbp_total_topic_count":0,"_bbp_total_reply_count":0,"_bbp_voice_count":0,"_bbp_anonymous_reply_count":0,"_bbp_topic_count_hidden":0,"_bbp_reply_count_hidden":0,"_bbp_forum_subforum_count":0,"site-sidebar-layout":"default","site-content-layout":"","ast-site-content-layout":"","site-content-style":"default","site-sidebar-style":"default","ast-global-header-display":"","ast-banner-title-visibility":"","ast-main-header-display":"","ast-hfb-above-header-display":"","ast-hfb-below-header-display":"","ast-hfb-mobile-header-display":"","site-post-title":"","ast-breadcrumbs-content":"","ast-featured-img":"","footer-sml-layout":"","theme-transparent-header-meta":"","adv-header-id-meta":"","stick-header-meta":"","header-above-stick-meta":"","header-main-stick-meta":"","header-below-stick-meta":"","astra-migrate-meta-layouts":"default","ast-page-background-enabled":"default","ast-page-background-meta":{"desktop":{"background-color":"var(--ast-global-color-4)","background-image":"","background-repeat":"repeat","background-position":"center center","background-size":"auto","background-attachment":"scroll","background-type":"","background-media":"","overlay-type":"","overlay-color":"","overlay-opacity":"","overlay-gradient":""},"tablet":{"background-color":"","background-image":"","background-repeat":"repeat","background-position":"center center","background-size":"auto","background-attachment":"scroll","background-type":"","background-media":"","overlay-type":"","overlay-color":"","overlay-opacity":"","overlay-gradient":""},"mobile":{"background-color":"","background-image":"","background-repeat":"repeat","background-position":"center center","background-size":"auto","background-attachment":"scroll","background-type":"","background-media":"","overlay-type":"","overlay-color":"","overlay-opacity":"","overlay-gradient":""}},"ast-content-background-meta":{"desktop":{"background-color":"var(--ast-global-color-5)","background-image":"","background-repeat":"repeat","background-position":"center center","background-size":"auto","background-attachment":"scroll","background-type":"","background-media":"","overlay-type":"","overlay-color":"","overlay-opacity":"","overlay-gradient":""},"tablet":{"background-color":"var(--ast-global-color-5)","background-image":"","background-repeat":"repeat","background-position":"center center","background-size":"auto","background-attachment":"scroll","background-type":"","background-media":"","overlay-type":"","overlay-color":"","overlay-opacity":"","overlay-gradient":""},"mobile":{"background-color":"var(--ast-global-color-5)","background-image":"","background-repeat":"repeat","background-position":"center center","background-size":"auto","background-attachment":"scroll","background-type":"","background-media":"","overlay-type":"","overlay-color":"","overlay-opacity":"","overlay-gradient":""}},"footnotes":""},"categories":[343,423,354,427,459,29,419,422],"tags":[],"class_list":["post-15119","post","type-post","status-publish","format-standard","has-post-thumbnail","hentry","category-activitats-comarca","category-batxillerat","category-comunitat","category-llengua-catalana","category-penedes","category-portada","category-premis-concursos","category-secundaria"],"post_mailing_queue_ids":[],"_links":{"self":[{"href":"https:\/\/serveiseducatius.xtec.cat\/baixpenedes\/wp-json\/wp\/v2\/posts\/15119","targetHints":{"allow":["GET"]}}],"collection":[{"href":"https:\/\/serveiseducatius.xtec.cat\/baixpenedes\/wp-json\/wp\/v2\/posts"}],"about":[{"href":"https:\/\/serveiseducatius.xtec.cat\/baixpenedes\/wp-json\/wp\/v2\/types\/post"}],"author":[{"embeddable":true,"href":"https:\/\/serveiseducatius.xtec.cat\/baixpenedes\/wp-json\/wp\/v2\/users\/7"}],"replies":[{"embeddable":true,"href":"https:\/\/serveiseducatius.xtec.cat\/baixpenedes\/wp-json\/wp\/v2\/comments?post=15119"}],"version-history":[{"count":1,"href":"https:\/\/serveiseducatius.xtec.cat\/baixpenedes\/wp-json\/wp\/v2\/posts\/15119\/revisions"}],"predecessor-version":[{"id":15121,"href":"https:\/\/serveiseducatius.xtec.cat\/baixpenedes\/wp-json\/wp\/v2\/posts\/15119\/revisions\/15121"}],"wp:featuredmedia":[{"embeddable":true,"href":"https:\/\/serveiseducatius.xtec.cat\/baixpenedes\/wp-json\/wp\/v2\/media\/15120"}],"wp:attachment":[{"href":"https:\/\/serveiseducatius.xtec.cat\/baixpenedes\/wp-json\/wp\/v2\/media?parent=15119"}],"wp:term":[{"taxonomy":"category","embeddable":true,"href":"https:\/\/serveiseducatius.xtec.cat\/baixpenedes\/wp-json\/wp\/v2\/categories?post=15119"},{"taxonomy":"post_tag","embeddable":true,"href":"https:\/\/serveiseducatius.xtec.cat\/baixpenedes\/wp-json\/wp\/v2\/tags?post=15119"}],"curies":[{"name":"wp","href":"https:\/\/api.w.org\/{rel}","templated":true}]}}