{"id":15076,"date":"2021-12-10T09:45:16","date_gmt":"2021-12-10T08:45:16","guid":{"rendered":"https:\/\/serveiseducatius.xtec.cat\/baixpenedes\/?p=15076"},"modified":"2021-12-10T10:02:11","modified_gmt":"2021-12-10T09:02:11","slug":"2a-sessio-c-digital-docent","status":"publish","type":"post","link":"https:\/\/serveiseducatius.xtec.cat\/baixpenedes\/dinamitzacio\/2a-sessio-c-digital-docent\/","title":{"rendered":"2a sessi\u00f3 COMPET\u00c8NCIA DIGITAL DOCENT"},"content":{"rendered":"<p>El darrer dijous , el grup de docents que participa en la subxarxa de compet\u00e8ncia digital docent, van realitzar la segona sessi\u00f3 . Va ser una sessi\u00f3 caracteritzada per la practicitat i funcionalitat. Es va reflexionar al voltant de la necessitat d&#8217;organitzar els continguts educatius digitals i posar-los a disposici\u00f3 de la comunitat educativa, utilitzant entorns segurs. Aix\u00ed mateix , es va veure com respectar i aplicar correctament la normativa sobre drets d&#8217;autor i propietat intel.lectual en la gesti\u00f3 i intercanvi de recursos. La protecci\u00f3 dels continguts a trav\u00e9s de la llic\u00e8ncia creative commons ens permet registrar l&#8217;obra amb facilitat, decidir\u00a0 quins drets reservats per a nosaltres volem, invalida els drets a terceres persones.<\/p>\n<p>Tamb\u00e9 vam veure la necessitat, a l&#8217;hora de seleccionar un contingut digital , d&#8217;evaluar els recursos que utilitzarem amb uns criteris com s\u00f3n els que ens ofereix l&#8217;INTEF. Clica sobre la imatge per con\u00e8ixer-los:<\/p>\n<p><a href=\"https:\/\/view.genial.ly\/618cd2612e04940dfb997169\/interactive-content-avaluar-recursos-educatius\"><img loading=\"lazy\" decoding=\"async\" class=\"alignnone size-large wp-image-15077\" src=\"https:\/\/serveiseducatius.xtec.cat\/baixpenedes\/wp-content\/uploads\/usu764\/2021\/12\/Captura-de-pantalla-2021-12-10-091830-1024x580.png\" alt=\"\" width=\"1024\" height=\"580\" srcset=\"https:\/\/serveiseducatius.xtec.cat\/baixpenedes\/wp-content\/uploads\/usu764\/2021\/12\/Captura-de-pantalla-2021-12-10-091830-1024x580.png 1024w, https:\/\/serveiseducatius.xtec.cat\/baixpenedes\/wp-content\/uploads\/usu764\/2021\/12\/Captura-de-pantalla-2021-12-10-091830-300x170.png 300w, https:\/\/serveiseducatius.xtec.cat\/baixpenedes\/wp-content\/uploads\/usu764\/2021\/12\/Captura-de-pantalla-2021-12-10-091830-768x435.png 768w, https:\/\/serveiseducatius.xtec.cat\/baixpenedes\/wp-content\/uploads\/usu764\/2021\/12\/Captura-de-pantalla-2021-12-10-091830.png 1516w\" sizes=\"auto, (max-width: 1024px) 100vw, 1024px\" \/><\/a><\/p>\n<p>Finalment, vam endinsar-nos en la creaci\u00f3 de continguts mitjan\u00e7ant l&#8217;eina H5P. Aqu\u00ed teniu una mostra de les activitats que vam generar durant la sessi\u00f3:<\/p>\n<p><img loading=\"lazy\" decoding=\"async\" class=\"alignnone size-full wp-image-15078\" src=\"https:\/\/serveiseducatius.xtec.cat\/baixpenedes\/wp-content\/uploads\/usu764\/2021\/12\/Feines-H5p-1.png\" alt=\"\" width=\"874\" height=\"520\" srcset=\"https:\/\/serveiseducatius.xtec.cat\/baixpenedes\/wp-content\/uploads\/usu764\/2021\/12\/Feines-H5p-1.png 874w, https:\/\/serveiseducatius.xtec.cat\/baixpenedes\/wp-content\/uploads\/usu764\/2021\/12\/Feines-H5p-1-300x178.png 300w, https:\/\/serveiseducatius.xtec.cat\/baixpenedes\/wp-content\/uploads\/usu764\/2021\/12\/Feines-H5p-1-768x457.png 768w\" sizes=\"auto, (max-width: 874px) 100vw, 874px\" \/><\/p>\n<p>Ens retrobem despr\u00e9s de Nadal, com ja sabeu les properes sessions s\u00f3n:<\/p>\n<div>Sessi\u00f3 3 el 27 de gener<\/div>\n<div>Sessi\u00f3 4 el 31 de mar\u00e7<\/div>\n<div>Sessi\u00f3 5 el 7 d&#8217;abril<\/div>\n<div>Sessi\u00f3 6 el 28 d&#8217;abril<\/div>\n<div>Sessi\u00f3 7 el 26 maig<\/div>\n<div><\/div>\n<div>\u00a0 \u00a0 \u00a0 \u00a0 \u00a0 \u00a0 \u00a0 \u00a0 \u00a0 \u00a0 \u00a0 \u00a0 \u00a0 \u00a0 \u00a0 \u00a0 \u00a0 \u00a0 \u00a0 \u00a0 \u00a0 \u00a0 \u00a0 \u00a0 \u00a0 \u00a0 \u00a0 \u00a0 \u00a0 \u00a0 \u00a0 \u00a0 \u00a0 \u00a0 Bones Festes i Feli\u00e7 Any Nou!<\/div>\n","protected":false},"excerpt":{"rendered":"<p>El darrer dijous , el grup de docents que participa en la subxarxa de compet\u00e8ncia digital docent, van realitzar la segona sessi\u00f3 . Va ser una sessi\u00f3 caracteritzada per la practicitat i funcionalitat. Es va reflexionar al voltant de la necessitat d&#8217;organitzar els continguts educatius digitals i posar-los a disposici\u00f3 de la comunitat educativa, utilitzant [&hellip;]<\/p>\n","protected":false},"author":7,"featured_media":15078,"comment_status":"open","ping_status":"closed","sticky":false,"template":"","format":"standard","meta":{"_bbp_topic_count":0,"_bbp_reply_count":0,"_bbp_total_topic_count":0,"_bbp_total_reply_count":0,"_bbp_voice_count":0,"_bbp_anonymous_reply_count":0,"_bbp_topic_count_hidden":0,"_bbp_reply_count_hidden":0,"_bbp_forum_subforum_count":0,"site-sidebar-layout":"default","site-content-layout":"","ast-site-content-layout":"","site-content-style":"default","site-sidebar-style":"default","ast-global-header-display":"","ast-banner-title-visibility":"","ast-main-header-display":"","ast-hfb-above-header-display":"","ast-hfb-below-header-display":"","ast-hfb-mobile-header-display":"","site-post-title":"","ast-breadcrumbs-content":"","ast-featured-img":"","footer-sml-layout":"","theme-transparent-header-meta":"","adv-header-id-meta":"","stick-header-meta":"","header-above-stick-meta":"","header-main-stick-meta":"","header-below-stick-meta":"","astra-migrate-meta-layouts":"default","ast-page-background-enabled":"default","ast-page-background-meta":{"desktop":{"background-color":"var(--ast-global-color-4)","background-image":"","background-repeat":"repeat","background-position":"center center","background-size":"auto","background-attachment":"scroll","background-type":"","background-media":"","overlay-type":"","overlay-color":"","overlay-opacity":"","overlay-gradient":""},"tablet":{"background-color":"","background-image":"","background-repeat":"repeat","background-position":"center center","background-size":"auto","background-attachment":"scroll","background-type":"","background-media":"","overlay-type":"","overlay-color":"","overlay-opacity":"","overlay-gradient":""},"mobile":{"background-color":"","background-image":"","background-repeat":"repeat","background-position":"center center","background-size":"auto","background-attachment":"scroll","background-type":"","background-media":"","overlay-type":"","overlay-color":"","overlay-opacity":"","overlay-gradient":""}},"ast-content-background-meta":{"desktop":{"background-color":"var(--ast-global-color-5)","background-image":"","background-repeat":"repeat","background-position":"center center","background-size":"auto","background-attachment":"scroll","background-type":"","background-media":"","overlay-type":"","overlay-color":"","overlay-opacity":"","overlay-gradient":""},"tablet":{"background-color":"var(--ast-global-color-5)","background-image":"","background-repeat":"repeat","background-position":"center center","background-size":"auto","background-attachment":"scroll","background-type":"","background-media":"","overlay-type":"","overlay-color":"","overlay-opacity":"","overlay-gradient":""},"mobile":{"background-color":"var(--ast-global-color-5)","background-image":"","background-repeat":"repeat","background-position":"center center","background-size":"auto","background-attachment":"scroll","background-type":"","background-media":"","overlay-type":"","overlay-color":"","overlay-opacity":"","overlay-gradient":""}},"footnotes":""},"categories":[76,66,370,468],"tags":[514,515],"class_list":["post-15076","post","type-post","status-publish","format-standard","has-post-thumbnail","hentry","category-agenda","category-dinamitzacio","category-recursos","category-xtcd","tag-competencia-digital-docent","tag-xarxa-territorial-cultura-digital"],"post_mailing_queue_ids":[],"_links":{"self":[{"href":"https:\/\/serveiseducatius.xtec.cat\/baixpenedes\/wp-json\/wp\/v2\/posts\/15076","targetHints":{"allow":["GET"]}}],"collection":[{"href":"https:\/\/serveiseducatius.xtec.cat\/baixpenedes\/wp-json\/wp\/v2\/posts"}],"about":[{"href":"https:\/\/serveiseducatius.xtec.cat\/baixpenedes\/wp-json\/wp\/v2\/types\/post"}],"author":[{"embeddable":true,"href":"https:\/\/serveiseducatius.xtec.cat\/baixpenedes\/wp-json\/wp\/v2\/users\/7"}],"replies":[{"embeddable":true,"href":"https:\/\/serveiseducatius.xtec.cat\/baixpenedes\/wp-json\/wp\/v2\/comments?post=15076"}],"version-history":[{"count":3,"href":"https:\/\/serveiseducatius.xtec.cat\/baixpenedes\/wp-json\/wp\/v2\/posts\/15076\/revisions"}],"predecessor-version":[{"id":15083,"href":"https:\/\/serveiseducatius.xtec.cat\/baixpenedes\/wp-json\/wp\/v2\/posts\/15076\/revisions\/15083"}],"wp:featuredmedia":[{"embeddable":true,"href":"https:\/\/serveiseducatius.xtec.cat\/baixpenedes\/wp-json\/wp\/v2\/media\/15078"}],"wp:attachment":[{"href":"https:\/\/serveiseducatius.xtec.cat\/baixpenedes\/wp-json\/wp\/v2\/media?parent=15076"}],"wp:term":[{"taxonomy":"category","embeddable":true,"href":"https:\/\/serveiseducatius.xtec.cat\/baixpenedes\/wp-json\/wp\/v2\/categories?post=15076"},{"taxonomy":"post_tag","embeddable":true,"href":"https:\/\/serveiseducatius.xtec.cat\/baixpenedes\/wp-json\/wp\/v2\/tags?post=15076"}],"curies":[{"name":"wp","href":"https:\/\/api.w.org\/{rel}","templated":true}]}}