{"id":14339,"date":"2021-05-06T09:34:16","date_gmt":"2021-05-06T07:34:16","guid":{"rendered":"http:\/\/serveiseducatius.xtec.cat\/baixpenedes\/?p=14339"},"modified":"2021-05-06T09:34:16","modified_gmt":"2021-05-06T07:34:16","slug":"jornada-sobre-lequitat-educativa","status":"publish","type":"post","link":"https:\/\/serveiseducatius.xtec.cat\/baixpenedes\/xerrades\/portada\/jornada-sobre-lequitat-educativa\/","title":{"rendered":"JORNADA SOBRE L&#8217;EQUITAT EDUCATIVA"},"content":{"rendered":"<p>&nbsp;<\/p>\n<p><span lang=\"CA\">Ja es poden trobar els v\u00eddeos i les presentacions digitals de la Jornada sobre l&#8217;equitat educativa, celebrada telem\u00e0ticament el 4 de mar\u00e7 de 2021, a la p\u00e0gina web del Consell Superior d&#8217;Avaluaci\u00f3 del Sistema Educatiu (CSASE), a l\u2019adre\u00e7a <\/span><span lang=\"CA\"><a href=\"http:\/\/csda.gencat.cat\/ca\/arees-actuacio\/activitats-consell\/jornada-equitat-2021\/\" target=\"_blank\" rel=\"noopener noreferrer\" data-saferedirecturl=\"https:\/\/www.google.com\/url?q=http:\/\/csda.gencat.cat\/ca\/arees-actuacio\/activitats-consell\/jornada-equitat-2021\/&amp;source=gmail&amp;ust=1620371636099000&amp;usg=AFQjCNEC2oSMQDLBoS2J2dGyiVs9vYOWRQ\">http:\/\/csda.gencat.<wbr \/>cat\/ca\/arees-actuacio\/<wbr \/>activitats-consell\/jornada-<wbr \/>equitat-2021\/<\/a>.<\/span><\/p>\n<p><span lang=\"CA\">A la jornada es van oferir eines per a l&#8217;an\u00e0lisi de les desigualtats i mesures per a l&#8217;equitat, aspectes de gran actualitat que han esdevingut imprescindibles per a la reflexi\u00f3 en qualsevol sistema educatiu modern.<\/span><\/p>\n<p><span lang=\"CA\">L\u2019acte es va iniciar amb una confer\u00e8ncia a c\u00e0rrec d&#8217;<strong>Anna Pons<\/strong>, analista de pol\u00edtiques p\u00fabliques del\u00a0<em>Directorate for Education and Skills<\/em>\u00a0de l&#8217;OCDE, sobre\u00a0<strong>factors d&#8217;equitat i pol\u00edtiques educatives des de l&#8217;OCDE<\/strong>. Altres temes tractats van ser el\u00a0<strong>context<\/strong>\u00a0com a element clau de desigualtat, el<strong>\u00a0nivell en l&#8217;expressi\u00f3 oral<\/strong>\u00a0com a indicador de desigualtat, l&#8217;<strong>impacte del confinament<\/strong>\u00a0en termes d\u2019equitat i la\u00a0<strong>tipologia dels centres<\/strong>\u00a0segons la complexitat. L&#8217;acte va finalitzar amb una cloenda a c\u00e0rrec del president del CSASE, Joan Mateo, amb el t\u00edtol &#8220;<strong>Propostes de futur<\/strong>: de la visi\u00f3 europea a la concreci\u00f3 a Catalunya.&#8221;<\/span><\/p>\n<div class=\"FW_sPregunta FW_sImpacte\">\n<div class=\"FW_BorderContTop\">\n<div class=\"FW_BorderContLeft\">\n<div class=\"FW_BorderContRight\">\n<div class=\"FW_BorderContBottom\">\n<div class=\"FW_sPadding4\">\n<ul class=\"FW_sLlistaComu\">\n<li class=\"FW_sInlineImagNoti FW_sInlineRelArticle\"><a class=\"FW_titBullet FW_sLinkNegreta\" title=\"Jornada d'equitat educativa\" href=\"http:\/\/csda.gencat.cat\/web\/.content\/home\/arees-actuacio\/activitats-consell\/jornada-equitat-2021\/equitat-educativa.pdf\">L&#8217;equitat educativa<\/a>\u00a0<a class=\"FW_sNoUnderline FW_sPdf\" title=\"Jornada d'equitat educativa\" href=\"http:\/\/csda.gencat.cat\/web\/.content\/home\/arees-actuacio\/activitats-consell\/jornada-equitat-2021\/equitat-educativa.pdf\">\u00a0<\/a><span class=\"FW_sDocList\">[PDF, 2,73 MB ]<\/span>\n<div><\/div>\n<\/li>\n<li class=\"FW_sInlineImagNoti FW_sInlineRelArticle\"><a class=\"FW_titBullet FW_sLinkNegreta\" title=\"V\u00eddeo. L'equitat educativa\" href=\"http:\/\/csda.gencat.cat\/web\/.content\/home\/arees-actuacio\/activitats-consell\/jornada-equitat-2021\/video1-equitat.mp4\">V\u00eddeo 1. L&#8217;equitat educativa<\/a>\u00a0<a class=\"FW_sNoUnderline FW_sDocResta\" title=\"V\u00eddeo. L'equitat educativa\" href=\"http:\/\/csda.gencat.cat\/web\/.content\/home\/arees-actuacio\/activitats-consell\/jornada-equitat-2021\/video1-equitat.mp4\">\u00a0<\/a><span class=\"FW_sDocList\">[MP4, 76,39 MB ]<\/span>\n<div><\/div>\n<\/li>\n<li class=\"FW_sInlineImagNoti FW_sInlineRelArticle\"><a class=\"FW_titBullet FW_sLinkNegreta\" title=\"V\u00eddeo 2. L'equitat educativa\" href=\"http:\/\/csda.gencat.cat\/web\/.content\/home\/arees-actuacio\/activitats-consell\/jornada-equitat-2021\/video2-equitat.mp4\">V\u00eddeo 2. L&#8217;equitat educativa<\/a>\u00a0<a class=\"FW_sNoUnderline FW_sDocResta\" title=\"V\u00eddeo 2. L'equitat educativa\" href=\"http:\/\/csda.gencat.cat\/web\/.content\/home\/arees-actuacio\/activitats-consell\/jornada-equitat-2021\/video2-equitat.mp4\">\u00a0<\/a><span class=\"FW_sDocList\">[MP4, 92,72 MB ]<\/span>\n<div><\/div>\n<\/li>\n<li class=\"FW_sInlineImagNoti FW_sInlineRelArticle\"><a class=\"FW_titBullet FW_sLinkNegreta\" title=\"V\u00eddeo 2. L'equitat educativa\" href=\"http:\/\/csda.gencat.cat\/web\/.content\/home\/arees-actuacio\/activitats-consell\/jornada-equitat-2021\/video3-equitat.mp4\">V\u00eddeo 3. L&#8217;equitat educativa<\/a>\u00a0<a class=\"FW_sNoUnderline FW_sDocResta\" title=\"V\u00eddeo 2. L'equitat educativa\" href=\"http:\/\/csda.gencat.cat\/web\/.content\/home\/arees-actuacio\/activitats-consell\/jornada-equitat-2021\/video3-equitat.mp4\">\u00a0<\/a><span class=\"FW_sDocList\">[MP4, 87,23 MB ]<\/span>\n<div><\/div>\n<\/li>\n<li class=\"FW_sInlineImagNoti FW_sInlineRelArticle\"><a class=\"FW_titBullet FW_sLinkNegreta\" title=\"Jornada d'equitat educativa\" href=\"http:\/\/csda.gencat.cat\/web\/.content\/home\/arees-actuacio\/activitats-consell\/jornada-equitat-2021\/context-com-a-equitat.pdf\">El context com a element clau per a l&#8217;an\u00e0lisi de l&#8217;equitat<\/a>\u00a0<a class=\"FW_sNoUnderline FW_sPdf\" title=\"Jornada d'equitat educativa\" href=\"http:\/\/csda.gencat.cat\/web\/.content\/home\/arees-actuacio\/activitats-consell\/jornada-equitat-2021\/context-com-a-equitat.pdf\">\u00a0<\/a><span class=\"FW_sDocList\">[PDF, 510,43 kB ]<\/span>\n<div><\/div>\n<\/li>\n<li class=\"FW_sInlineImagNoti FW_sInlineRelArticle\"><a class=\"FW_titBullet FW_sLinkNegreta\" title=\"V\u00eddeo. El context com a element clau per a l'an\u00e0lisi de l'equitat\" href=\"http:\/\/csda.gencat.cat\/web\/.content\/home\/arees-actuacio\/activitats-consell\/jornada-equitat-2021\/video-context.mp4\">V\u00eddeo. El context com a element clau per a l&#8217;an\u00e0lisi de l&#8217;equitat<\/a>\u00a0<a class=\"FW_sNoUnderline FW_sDocResta\" title=\"V\u00eddeo. El context com a element clau per a l'an\u00e0lisi de l'equitat\" href=\"http:\/\/csda.gencat.cat\/web\/.content\/home\/arees-actuacio\/activitats-consell\/jornada-equitat-2021\/video-context.mp4\">\u00a0<\/a><span class=\"FW_sDocList\">[MP4, 51,63 MB ]<\/span>\n<div><\/div>\n<\/li>\n<li class=\"FW_sInlineImagNoti FW_sInlineRelArticle\"><a class=\"FW_titBullet FW_sLinkNegreta\" title=\"Jornada d'equitat educativa\" href=\"http:\/\/csda.gencat.cat\/web\/.content\/home\/arees-actuacio\/activitats-consell\/jornada-equitat-2021\/expressio-oral.pdf\">El nivell de l&#8217;expressi\u00f3 oral com a indicador de desigualtat<\/a>\u00a0<a class=\"FW_sNoUnderline FW_sPdf\" title=\"Jornada d'equitat educativa\" href=\"http:\/\/csda.gencat.cat\/web\/.content\/home\/arees-actuacio\/activitats-consell\/jornada-equitat-2021\/expressio-oral.pdf\">\u00a0<\/a><span class=\"FW_sDocList\">[PDF, 1,3 MB ]<\/span>\n<div><\/div>\n<\/li>\n<li class=\"FW_sInlineImagNoti FW_sInlineRelArticle\"><a class=\"FW_titBullet FW_sLinkNegreta\" title=\"V\u00eddeo. El nivell de l'expressi\u00f3 oral com a indicador de desigualtat\" href=\"http:\/\/csda.gencat.cat\/web\/.content\/home\/arees-actuacio\/activitats-consell\/jornada-equitat-2021\/video-oral.mp4\">V\u00eddeo. El nivell de l&#8217;expressi\u00f3 oral com a indicador de desigualtat<\/a>\u00a0<a class=\"FW_sNoUnderline FW_sDocResta\" title=\"V\u00eddeo. El nivell de l'expressi\u00f3 oral com a indicador de desigualtat\" href=\"http:\/\/csda.gencat.cat\/web\/.content\/home\/arees-actuacio\/activitats-consell\/jornada-equitat-2021\/video-oral.mp4\">\u00a0<\/a><span class=\"FW_sDocList\">[MP4, 70,92 MB ]<\/span>\n<div><\/div>\n<\/li>\n<li class=\"FW_sInlineImagNoti FW_sInlineRelArticle\"><a class=\"FW_titBullet FW_sLinkNegreta\" title=\"Jornada d'equitat educativa\" href=\"http:\/\/csda.gencat.cat\/web\/.content\/home\/arees-actuacio\/activitats-consell\/jornada-equitat-2021\/impacte-confinament.pdf\">L&#8217;impacte del confinament en termes d&#8217;equitat<\/a>\u00a0<a class=\"FW_sNoUnderline FW_sPdf\" title=\"Jornada d'equitat educativa\" href=\"http:\/\/csda.gencat.cat\/web\/.content\/home\/arees-actuacio\/activitats-consell\/jornada-equitat-2021\/impacte-confinament.pdf\">\u00a0<\/a><span class=\"FW_sDocList\">[PDF, 1,64 MB ]<\/span>\n<div><\/div>\n<\/li>\n<li class=\"FW_sInlineImagNoti FW_sInlineRelArticle\"><a class=\"FW_titBullet FW_sLinkNegreta\" title=\"V\u00eddeo. L'impacte del confinament en termes d'equitat\" href=\"http:\/\/csda.gencat.cat\/web\/.content\/home\/arees-actuacio\/activitats-consell\/jornada-equitat-2021\/video-confinament-b.mp4\">V\u00eddeo. L&#8217;impacte del confinament en termes d&#8217;equitat<\/a>\u00a0<a class=\"FW_sNoUnderline FW_sDocResta\" title=\"V\u00eddeo. L'impacte del confinament en termes d'equitat\" href=\"http:\/\/csda.gencat.cat\/web\/.content\/home\/arees-actuacio\/activitats-consell\/jornada-equitat-2021\/video-confinament-b.mp4\">\u00a0<\/a><span class=\"FW_sDocList\">[MP4, 95,6 MB ]<\/span>\n<div><\/div>\n<\/li>\n<li class=\"FW_sInlineImagNoti FW_sInlineRelArticle\"><a class=\"FW_titBullet FW_sLinkNegreta\" title=\"Jornada d'equitat educativa\" href=\"http:\/\/csda.gencat.cat\/web\/.content\/home\/arees-actuacio\/activitats-consell\/jornada-equitat-2021\/classificacio-complexitat-centres.pdf\">Nova classificaci\u00f3 dels centres educatius segons la complexitat<\/a>\u00a0<a class=\"FW_sNoUnderline FW_sPdf\" title=\"Jornada d'equitat educativa\" href=\"http:\/\/csda.gencat.cat\/web\/.content\/home\/arees-actuacio\/activitats-consell\/jornada-equitat-2021\/classificacio-complexitat-centres.pdf\">\u00a0<\/a><span class=\"FW_sDocList\">[PDF, 1,93 MB ]<\/span>\n<div><\/div>\n<\/li>\n<li class=\"FW_sInlineImagNoti FW_sInlineRelArticle\"><a class=\"FW_titBullet FW_sLinkNegreta\" title=\"V\u00eddeo. Nova classificaci\u00f3 dels centres educatius segons la complexitat\" href=\"http:\/\/csda.gencat.cat\/web\/.content\/home\/arees-actuacio\/activitats-consell\/jornada-equitat-2021\/video-complexitat.mp4\">V\u00eddeo. Nova classificaci\u00f3 dels centres educatius segons la complexitat<\/a>\u00a0<a class=\"FW_sNoUnderline FW_sDocResta\" title=\"V\u00eddeo. Nova classificaci\u00f3 dels centres educatius segons la complexitat\" href=\"http:\/\/csda.gencat.cat\/web\/.content\/home\/arees-actuacio\/activitats-consell\/jornada-equitat-2021\/video-complexitat.mp4\">\u00a0<\/a><span class=\"FW_sDocList\">[MP4, 92,23 MB ]<\/span>\n<div><\/div>\n<\/li>\n<li class=\"FW_sInlineImagNoti FW_sInlineRelArticle\"><a class=\"FW_titBullet FW_sLinkNegreta\" title=\"V\u00eddeo. Cloenda de la jornada sobre l'equitat\" href=\"http:\/\/csda.gencat.cat\/web\/.content\/home\/arees-actuacio\/activitats-consell\/jornada-equitat-2021\/video-cloenda-c.mp4\">V\u00eddeo. Cloenda de la Jornada sobre l&#8217;equitat educativa<\/a>\u00a0<a class=\"FW_sNoUnderline FW_sDocResta\" title=\"V\u00eddeo. Cloenda de la jornada sobre l'equitat\" href=\"http:\/\/csda.gencat.cat\/web\/.content\/home\/arees-actuacio\/activitats-consell\/jornada-equitat-2021\/video-cloenda-c.mp4\">\u00a0<\/a><span class=\"FW_sDocList\">[MP4, 94,05 MB ]<\/span>\n<div><\/div>\n<\/li>\n<\/ul>\n<\/div>\n<\/div>\n<\/div>\n<\/div>\n<\/div>\n<\/div>\n<p>&nbsp;<\/p>\n","protected":false},"excerpt":{"rendered":"<p>&nbsp; Ja es poden trobar els v\u00eddeos i les presentacions digitals de la Jornada sobre l&#8217;equitat educativa, celebrada telem\u00e0ticament el 4 de mar\u00e7 de 2021, a la p\u00e0gina web del Consell Superior d&#8217;Avaluaci\u00f3 del Sistema Educatiu (CSASE), a l\u2019adre\u00e7a http:\/\/csda.gencat.cat\/ca\/arees-actuacio\/activitats-consell\/jornada-equitat-2021\/. A la jornada es van oferir eines per a l&#8217;an\u00e0lisi de les desigualtats i mesures [&hellip;]<\/p>\n","protected":false},"author":7,"featured_media":14340,"comment_status":"open","ping_status":"closed","sticky":false,"template":"","format":"standard","meta":{"_bbp_topic_count":0,"_bbp_reply_count":0,"_bbp_total_topic_count":0,"_bbp_total_reply_count":0,"_bbp_voice_count":0,"_bbp_anonymous_reply_count":0,"_bbp_topic_count_hidden":0,"_bbp_reply_count_hidden":0,"_bbp_forum_subforum_count":0,"site-sidebar-layout":"default","site-content-layout":"","ast-site-content-layout":"","site-content-style":"default","site-sidebar-style":"default","ast-global-header-display":"","ast-banner-title-visibility":"","ast-main-header-display":"","ast-hfb-above-header-display":"","ast-hfb-below-header-display":"","ast-hfb-mobile-header-display":"","site-post-title":"","ast-breadcrumbs-content":"","ast-featured-img":"","footer-sml-layout":"","theme-transparent-header-meta":"","adv-header-id-meta":"","stick-header-meta":"","header-above-stick-meta":"","header-main-stick-meta":"","header-below-stick-meta":"","astra-migrate-meta-layouts":"default","ast-page-background-enabled":"default","ast-page-background-meta":{"desktop":{"background-color":"var(--ast-global-color-4)","background-image":"","background-repeat":"repeat","background-position":"center center","background-size":"auto","background-attachment":"scroll","background-type":"","background-media":"","overlay-type":"","overlay-color":"","overlay-opacity":"","overlay-gradient":""},"tablet":{"background-color":"","background-image":"","background-repeat":"repeat","background-position":"center center","background-size":"auto","background-attachment":"scroll","background-type":"","background-media":"","overlay-type":"","overlay-color":"","overlay-opacity":"","overlay-gradient":""},"mobile":{"background-color":"","background-image":"","background-repeat":"repeat","background-position":"center center","background-size":"auto","background-attachment":"scroll","background-type":"","background-media":"","overlay-type":"","overlay-color":"","overlay-opacity":"","overlay-gradient":""}},"ast-content-background-meta":{"desktop":{"background-color":"var(--ast-global-color-5)","background-image":"","background-repeat":"repeat","background-position":"center center","background-size":"auto","background-attachment":"scroll","background-type":"","background-media":"","overlay-type":"","overlay-color":"","overlay-opacity":"","overlay-gradient":""},"tablet":{"background-color":"var(--ast-global-color-5)","background-image":"","background-repeat":"repeat","background-position":"center center","background-size":"auto","background-attachment":"scroll","background-type":"","background-media":"","overlay-type":"","overlay-color":"","overlay-opacity":"","overlay-gradient":""},"mobile":{"background-color":"var(--ast-global-color-5)","background-image":"","background-repeat":"repeat","background-position":"center center","background-size":"auto","background-attachment":"scroll","background-type":"","background-media":"","overlay-type":"","overlay-color":"","overlay-opacity":"","overlay-gradient":""}},"footnotes":""},"categories":[29,370,203],"tags":[],"class_list":["post-14339","post","type-post","status-publish","format-standard","has-post-thumbnail","hentry","category-portada","category-recursos","category-xerrades"],"post_mailing_queue_ids":[],"_links":{"self":[{"href":"https:\/\/serveiseducatius.xtec.cat\/baixpenedes\/wp-json\/wp\/v2\/posts\/14339","targetHints":{"allow":["GET"]}}],"collection":[{"href":"https:\/\/serveiseducatius.xtec.cat\/baixpenedes\/wp-json\/wp\/v2\/posts"}],"about":[{"href":"https:\/\/serveiseducatius.xtec.cat\/baixpenedes\/wp-json\/wp\/v2\/types\/post"}],"author":[{"embeddable":true,"href":"https:\/\/serveiseducatius.xtec.cat\/baixpenedes\/wp-json\/wp\/v2\/users\/7"}],"replies":[{"embeddable":true,"href":"https:\/\/serveiseducatius.xtec.cat\/baixpenedes\/wp-json\/wp\/v2\/comments?post=14339"}],"version-history":[{"count":1,"href":"https:\/\/serveiseducatius.xtec.cat\/baixpenedes\/wp-json\/wp\/v2\/posts\/14339\/revisions"}],"predecessor-version":[{"id":14341,"href":"https:\/\/serveiseducatius.xtec.cat\/baixpenedes\/wp-json\/wp\/v2\/posts\/14339\/revisions\/14341"}],"wp:featuredmedia":[{"embeddable":true,"href":"https:\/\/serveiseducatius.xtec.cat\/baixpenedes\/wp-json\/wp\/v2\/media\/14340"}],"wp:attachment":[{"href":"https:\/\/serveiseducatius.xtec.cat\/baixpenedes\/wp-json\/wp\/v2\/media?parent=14339"}],"wp:term":[{"taxonomy":"category","embeddable":true,"href":"https:\/\/serveiseducatius.xtec.cat\/baixpenedes\/wp-json\/wp\/v2\/categories?post=14339"},{"taxonomy":"post_tag","embeddable":true,"href":"https:\/\/serveiseducatius.xtec.cat\/baixpenedes\/wp-json\/wp\/v2\/tags?post=14339"}],"curies":[{"name":"wp","href":"https:\/\/api.w.org\/{rel}","templated":true}]}}