{"id":14216,"date":"2021-04-06T16:39:41","date_gmt":"2021-04-06T14:39:41","guid":{"rendered":"http:\/\/serveiseducatius.xtec.cat\/baixpenedes\/?p=14216"},"modified":"2021-04-06T16:39:41","modified_gmt":"2021-04-06T14:39:41","slug":"escoles-lliures-de-violencia","status":"publish","type":"post","link":"https:\/\/serveiseducatius.xtec.cat\/baixpenedes\/general\/escoles-lliures-de-violencia\/","title":{"rendered":"ESCOLES LLIURES DE VIOL\u00c8NCIA"},"content":{"rendered":"<p><span style=\"font-family: verdana, sans-serif;\">El proper <strong>dia 9 d&#8217;abril, de 10h a 12h<\/strong>, es dur\u00e0 a terme la presentaci\u00f3 del\u00a0<a href=\"http:\/\/educacio.gencat.cat\/web\/.content\/home\/departament\/linies-estrategiques\/escoles-lliures-violencies\/escoles-lliures-violencia.pdf\" target=\"_blank\" rel=\"noopener noreferrer\" data-saferedirecturl=\"https:\/\/www.google.com\/url?q=http:\/\/educacio.gencat.cat\/ca\/departament\/linies-estrategiques\/escoles-lliures-de-violencies\/&amp;source=gmail&amp;ust=1617793836958000&amp;usg=AFQjCNFrcePCjQqezLDrpFT0VU7zUdJhnQ\"><strong>Pla de les escoles lliures de viol\u00e8ncies<\/strong>\u00a0<\/a><strong>en format virtual<\/strong>, acte organitzat des de la Direcci\u00f3 General de Curr\u00edculum i Personalitzaci\u00f3, i concretament des de la Subdirecci\u00f3 d\u2019Educaci\u00f3 Inclusiva. En aquest acte es d<span class=\"gmail_default\">\u00f3<\/span>na el tret de sortida al Pla de les escoles lliures de viol\u00e8ncies, per tal de donar resposta a totes les situacions de viol\u00e8ncia en l&#8217;\u00e0mbit educatiu.<\/span><\/p>\n<p>El Pla les escoles lliures de viol\u00e8ncies \u00e9s fruit de la voluntat decidida del Departament d&#8217;Educaci\u00f3 per aconseguir Escoles Segures , no nom\u00e9s per afrontar epid\u00e8mies sanit\u00e0ries, tamb\u00e9 per garantir la seva funci\u00f3 educativa i per preservar la intimitat i els drets d&#8217;infants i joves. Lluitar decididament contra les viol\u00e8ncies ha estat una de les premisses essencials del Departament en aquesta legislatura. No ha estat f\u00e0cil \u2014res no ho \u00e9s\u2014 , perqu\u00e8 ha calgut v\u00e8ncer resist\u00e8ncies i in\u00e8rcies, internes i externes, enquistades en anys de silencis i d&#8217;actuacions no sempre suficientment<br \/>\ndecidides. L&#8217;escola no \u00e9s aliena a la societat, sin\u00f3 un reflex. Per\u00f2 l&#8217;escola gaireb\u00e9 sempre n&#8217;ha estat a l&#8217;avan\u00e7ada. I en la lluita contra les viol\u00e8ncies hi ha de ser com mai, i m\u00e9s quan el nostre alumnat, objecte i subjecte del sistema educatiu, \u00e9s menor d&#8217;edat. I en som del tot responsables.<\/p>\n<p><span style=\"font-family: verdana, sans-serif;\">Ser\u00e0 una jornada acompanyada d\u2019experteses en la tem\u00e0tica on es presentar\u00e0 <a href=\"http:\/\/educacio.gencat.cat\/ca\/departament\/linies-estrategiques\/escoles-lliures-de-violencies\/\">la nova web app<\/a>, una eina per denunciar situacions de viol\u00e8ncia, trencar el silenci i oferir ajuda especialitzada per a l&#8217;alumnat i tota la comunitat educativa.\u00a0<\/span><\/p>\n<p>El programa de la sessi\u00f3 consta de:<\/p>\n<p>\u00b7\u00a0\u00a0\u00a0\u00a0\u00a0\u00a0\u00a0Presentaci\u00f3 institucional.<\/p>\n<p>\u00b7\u00a0\u00a0\u00a0\u00a0\u00a0\u00a0\u00a0Presentaci\u00f3 de la Unitat de Suport a l&#8217;Alumnat en situaci\u00f3 de Viol\u00e8ncia (USAV).<\/p>\n<p>\u00b7\u00a0\u00a0\u00a0\u00a0\u00a0\u00a0\u00a0Entrevistes a c\u00e0rrec d\u2019experteses en viol\u00e8ncies<\/p>\n<p>o\u00a0\u00a0\u00a0Emilie Rivas, de Save the Children<\/p>\n<p>o\u00a0\u00a0\u00a0Montse Pineda, de Creaci\u00f3n Positiva<\/p>\n<p>o\u00a0\u00a0\u00a0Montserrat Vilarrasa, de Fundaci\u00f3 catalana s\u00edndrome de down<\/p>\n<p>\u00b7\u00a0\u00a0\u00a0\u00a0\u00a0\u00a0\u00a0Presentaci\u00f3 de l\u2019eina per a la comunicaci\u00f3 de casos<\/p>\n<p>Les Jornades s&#8217;emetran pel\u00a0<a href=\"https:\/\/youtu.be\/YBIJygo3iuo\" target=\"_blank\" rel=\"noopener noreferrer\" data-saferedirecturl=\"https:\/\/www.google.com\/url?q=https:\/\/youtu.be\/YBIJygo3iuo&amp;source=gmail&amp;ust=1617793836958000&amp;usg=AFQjCNFQ7aCwpyAr8ltW9aToQ97-CW8BTQ\">Canal de Youtube d&#8217;Educaci\u00f3\u00a0<\/a>i disposarem de Xat obert per a comentaris, aportacions o dubtes.<\/p>\n<p>&nbsp;<\/p>\n","protected":false},"excerpt":{"rendered":"<p>El proper dia 9 d&#8217;abril, de 10h a 12h, es dur\u00e0 a terme la presentaci\u00f3 del\u00a0Pla de les escoles lliures de viol\u00e8ncies\u00a0en format virtual, acte organitzat des de la Direcci\u00f3 General de Curr\u00edculum i Personalitzaci\u00f3, i concretament des de la Subdirecci\u00f3 d\u2019Educaci\u00f3 Inclusiva. En aquest acte es d\u00f3na el tret de sortida al Pla de [&hellip;]<\/p>\n","protected":false},"author":7,"featured_media":14217,"comment_status":"open","ping_status":"closed","sticky":false,"template":"","format":"standard","meta":{"_bbp_topic_count":0,"_bbp_reply_count":0,"_bbp_total_topic_count":0,"_bbp_total_reply_count":0,"_bbp_voice_count":0,"_bbp_anonymous_reply_count":0,"_bbp_topic_count_hidden":0,"_bbp_reply_count_hidden":0,"_bbp_forum_subforum_count":0,"site-sidebar-layout":"default","site-content-layout":"","ast-site-content-layout":"","site-content-style":"default","site-sidebar-style":"default","ast-global-header-display":"","ast-banner-title-visibility":"","ast-main-header-display":"","ast-hfb-above-header-display":"","ast-hfb-below-header-display":"","ast-hfb-mobile-header-display":"","site-post-title":"","ast-breadcrumbs-content":"","ast-featured-img":"","footer-sml-layout":"","theme-transparent-header-meta":"","adv-header-id-meta":"","stick-header-meta":"","header-above-stick-meta":"","header-main-stick-meta":"","header-below-stick-meta":"","astra-migrate-meta-layouts":"default","ast-page-background-enabled":"default","ast-page-background-meta":{"desktop":{"background-color":"var(--ast-global-color-4)","background-image":"","background-repeat":"repeat","background-position":"center center","background-size":"auto","background-attachment":"scroll","background-type":"","background-media":"","overlay-type":"","overlay-color":"","overlay-opacity":"","overlay-gradient":""},"tablet":{"background-color":"","background-image":"","background-repeat":"repeat","background-position":"center center","background-size":"auto","background-attachment":"scroll","background-type":"","background-media":"","overlay-type":"","overlay-color":"","overlay-opacity":"","overlay-gradient":""},"mobile":{"background-color":"","background-image":"","background-repeat":"repeat","background-position":"center center","background-size":"auto","background-attachment":"scroll","background-type":"","background-media":"","overlay-type":"","overlay-color":"","overlay-opacity":"","overlay-gradient":""}},"ast-content-background-meta":{"desktop":{"background-color":"var(--ast-global-color-5)","background-image":"","background-repeat":"repeat","background-position":"center center","background-size":"auto","background-attachment":"scroll","background-type":"","background-media":"","overlay-type":"","overlay-color":"","overlay-opacity":"","overlay-gradient":""},"tablet":{"background-color":"var(--ast-global-color-5)","background-image":"","background-repeat":"repeat","background-position":"center center","background-size":"auto","background-attachment":"scroll","background-type":"","background-media":"","overlay-type":"","overlay-color":"","overlay-opacity":"","overlay-gradient":""},"mobile":{"background-color":"var(--ast-global-color-5)","background-image":"","background-repeat":"repeat","background-position":"center center","background-size":"auto","background-attachment":"scroll","background-type":"","background-media":"","overlay-type":"","overlay-color":"","overlay-opacity":"","overlay-gradient":""}},"footnotes":""},"categories":[76,354,66,426,1,29,370,203],"tags":[],"class_list":["post-14216","post","type-post","status-publish","format-standard","has-post-thumbnail","hentry","category-agenda","category-comunitat","category-dinamitzacio","category-drets-dels-infants","category-general","category-portada","category-recursos","category-xerrades"],"post_mailing_queue_ids":[],"_links":{"self":[{"href":"https:\/\/serveiseducatius.xtec.cat\/baixpenedes\/wp-json\/wp\/v2\/posts\/14216","targetHints":{"allow":["GET"]}}],"collection":[{"href":"https:\/\/serveiseducatius.xtec.cat\/baixpenedes\/wp-json\/wp\/v2\/posts"}],"about":[{"href":"https:\/\/serveiseducatius.xtec.cat\/baixpenedes\/wp-json\/wp\/v2\/types\/post"}],"author":[{"embeddable":true,"href":"https:\/\/serveiseducatius.xtec.cat\/baixpenedes\/wp-json\/wp\/v2\/users\/7"}],"replies":[{"embeddable":true,"href":"https:\/\/serveiseducatius.xtec.cat\/baixpenedes\/wp-json\/wp\/v2\/comments?post=14216"}],"version-history":[{"count":1,"href":"https:\/\/serveiseducatius.xtec.cat\/baixpenedes\/wp-json\/wp\/v2\/posts\/14216\/revisions"}],"predecessor-version":[{"id":14218,"href":"https:\/\/serveiseducatius.xtec.cat\/baixpenedes\/wp-json\/wp\/v2\/posts\/14216\/revisions\/14218"}],"wp:featuredmedia":[{"embeddable":true,"href":"https:\/\/serveiseducatius.xtec.cat\/baixpenedes\/wp-json\/wp\/v2\/media\/14217"}],"wp:attachment":[{"href":"https:\/\/serveiseducatius.xtec.cat\/baixpenedes\/wp-json\/wp\/v2\/media?parent=14216"}],"wp:term":[{"taxonomy":"category","embeddable":true,"href":"https:\/\/serveiseducatius.xtec.cat\/baixpenedes\/wp-json\/wp\/v2\/categories?post=14216"},{"taxonomy":"post_tag","embeddable":true,"href":"https:\/\/serveiseducatius.xtec.cat\/baixpenedes\/wp-json\/wp\/v2\/tags?post=14216"}],"curies":[{"name":"wp","href":"https:\/\/api.w.org\/{rel}","templated":true}]}}