{"id":14091,"date":"2021-02-17T12:33:37","date_gmt":"2021-02-17T11:33:37","guid":{"rendered":"http:\/\/serveiseducatius.xtec.cat\/baixpenedes\/?p=14091"},"modified":"2021-02-17T12:33:37","modified_gmt":"2021-02-17T11:33:37","slug":"50-aniversari-de-linstitut-baix-penedes","status":"publish","type":"post","link":"https:\/\/serveiseducatius.xtec.cat\/baixpenedes\/xerrades\/portada\/50-aniversari-de-linstitut-baix-penedes\/","title":{"rendered":"50 ANIVERSARI DE L&#8217;INSTITUT BAIX PENED\u00c8S"},"content":{"rendered":"<p>Professorat, alumnes, fam\u00edlies i la comunitat educativa en general estem de celebraci\u00f3, l&#8217;Institut Baix Pened\u00e8s porta mig segle treballant per l&#8217;educaci\u00f3 de molts joves de la nostra comarca . Part de la vida de molts ha tingut com escenari les seves instal.lacions ,Si voleu con\u00e8ixer una mica m\u00e9s la seva hist\u00f2ria, els reptes en la seva construcci\u00f3, canvis de nom,etc, consulteu la web del centre en el seu apartat <a href=\"https:\/\/agora.xtec.cat\/insbaixpenedes\/linstitut\/historia\/\">hist\u00f2ria<\/a> .<\/p>\n<p>Aquesta celebraci\u00f3 ha propiciat una s\u00e8rie d&#8217;actuacions i materials per part de l&#8217;equip docent\u00a0 i alumnat del centre que des d&#8217;aqu\u00ed volem destacar:<\/p>\n<ul>\n<li>Video en qu\u00e8 ens repassen aquests cinquanta anys intercalant imatges del passat amb les del present embolcallat amb m\u00fasica, dansa i molta creativitat:<\/li>\n<\/ul>\n<p><a href=\"https:\/\/youtu.be\/3dTSJwwjYuQ\"><img loading=\"lazy\" decoding=\"async\" class=\"alignnone size-full wp-image-14092\" src=\"https:\/\/serveiseducatius.xtec.cat\/baixpenedes\/wp-content\/uploads\/usu764\/2021\/02\/2021-02-17-image-2.jpg\" alt=\"\" width=\"892\" height=\"454\" srcset=\"https:\/\/serveiseducatius.xtec.cat\/baixpenedes\/wp-content\/uploads\/usu764\/2021\/02\/2021-02-17-image-2.jpg 892w, https:\/\/serveiseducatius.xtec.cat\/baixpenedes\/wp-content\/uploads\/usu764\/2021\/02\/2021-02-17-image-2-300x153.jpg 300w, https:\/\/serveiseducatius.xtec.cat\/baixpenedes\/wp-content\/uploads\/usu764\/2021\/02\/2021-02-17-image-2-768x391.jpg 768w\" sizes=\"auto, (max-width: 892px) 100vw, 892px\" \/><\/a><\/p>\n<ul>\n<li>Des d&#8217;avui dia 17 de de febrer i fins al dia 6 d&#8217;abril podreu visitar a la biblioteca Terra Baixa del Vendrell una exposici\u00f3 commemorativa d&#8217;aquests 50 anys:<\/li>\n<\/ul>\n<div><\/div>\n<p><img loading=\"lazy\" decoding=\"async\" class=\"size-full wp-image-14093 aligncenter\" src=\"https:\/\/serveiseducatius.xtec.cat\/baixpenedes\/wp-content\/uploads\/usu764\/2021\/02\/bi.jpg\" alt=\"\" width=\"323\" height=\"470\" srcset=\"https:\/\/serveiseducatius.xtec.cat\/baixpenedes\/wp-content\/uploads\/usu764\/2021\/02\/bi.jpg 323w, https:\/\/serveiseducatius.xtec.cat\/baixpenedes\/wp-content\/uploads\/usu764\/2021\/02\/bi-206x300.jpg 206w\" sizes=\"auto, (max-width: 323px) 100vw, 323px\" \/><\/p>\n<p>PER MOLTS ANYS!<\/p>\n","protected":false},"excerpt":{"rendered":"<p>Professorat, alumnes, fam\u00edlies i la comunitat educativa en general estem de celebraci\u00f3, l&#8217;Institut Baix Pened\u00e8s porta mig segle treballant per l&#8217;educaci\u00f3 de molts joves de la nostra comarca . Part de la vida de molts ha tingut com escenari les seves instal.lacions ,Si voleu con\u00e8ixer una mica m\u00e9s la seva hist\u00f2ria, els reptes en la [&hellip;]<\/p>\n","protected":false},"author":7,"featured_media":14094,"comment_status":"open","ping_status":"closed","sticky":false,"template":"","format":"standard","meta":{"_bbp_topic_count":0,"_bbp_reply_count":0,"_bbp_total_topic_count":0,"_bbp_total_reply_count":0,"_bbp_voice_count":0,"_bbp_anonymous_reply_count":0,"_bbp_topic_count_hidden":0,"_bbp_reply_count_hidden":0,"_bbp_forum_subforum_count":0,"site-sidebar-layout":"default","site-content-layout":"","ast-site-content-layout":"","site-content-style":"default","site-sidebar-style":"default","ast-global-header-display":"","ast-banner-title-visibility":"","ast-main-header-display":"","ast-hfb-above-header-display":"","ast-hfb-below-header-display":"","ast-hfb-mobile-header-display":"","site-post-title":"","ast-breadcrumbs-content":"","ast-featured-img":"","footer-sml-layout":"","theme-transparent-header-meta":"","adv-header-id-meta":"","stick-header-meta":"","header-above-stick-meta":"","header-main-stick-meta":"","header-below-stick-meta":"","astra-migrate-meta-layouts":"default","ast-page-background-enabled":"default","ast-page-background-meta":{"desktop":{"background-color":"var(--ast-global-color-4)","background-image":"","background-repeat":"repeat","background-position":"center center","background-size":"auto","background-attachment":"scroll","background-type":"","background-media":"","overlay-type":"","overlay-color":"","overlay-opacity":"","overlay-gradient":""},"tablet":{"background-color":"","background-image":"","background-repeat":"repeat","background-position":"center center","background-size":"auto","background-attachment":"scroll","background-type":"","background-media":"","overlay-type":"","overlay-color":"","overlay-opacity":"","overlay-gradient":""},"mobile":{"background-color":"","background-image":"","background-repeat":"repeat","background-position":"center center","background-size":"auto","background-attachment":"scroll","background-type":"","background-media":"","overlay-type":"","overlay-color":"","overlay-opacity":"","overlay-gradient":""}},"ast-content-background-meta":{"desktop":{"background-color":"var(--ast-global-color-5)","background-image":"","background-repeat":"repeat","background-position":"center center","background-size":"auto","background-attachment":"scroll","background-type":"","background-media":"","overlay-type":"","overlay-color":"","overlay-opacity":"","overlay-gradient":""},"tablet":{"background-color":"var(--ast-global-color-5)","background-image":"","background-repeat":"repeat","background-position":"center center","background-size":"auto","background-attachment":"scroll","background-type":"","background-media":"","overlay-type":"","overlay-color":"","overlay-opacity":"","overlay-gradient":""},"mobile":{"background-color":"var(--ast-global-color-5)","background-image":"","background-repeat":"repeat","background-position":"center center","background-size":"auto","background-attachment":"scroll","background-type":"","background-media":"","overlay-type":"","overlay-color":"","overlay-opacity":"","overlay-gradient":""}},"footnotes":""},"categories":[343,262,463,354,356,29,422],"tags":[],"class_list":["post-14091","post","type-post","status-publish","format-standard","has-post-thumbnail","hentry","category-activitats-comarca","category-activitats-dels-centres","category-celebracions","category-comunitat","category-families","category-portada","category-secundaria"],"post_mailing_queue_ids":[],"_links":{"self":[{"href":"https:\/\/serveiseducatius.xtec.cat\/baixpenedes\/wp-json\/wp\/v2\/posts\/14091","targetHints":{"allow":["GET"]}}],"collection":[{"href":"https:\/\/serveiseducatius.xtec.cat\/baixpenedes\/wp-json\/wp\/v2\/posts"}],"about":[{"href":"https:\/\/serveiseducatius.xtec.cat\/baixpenedes\/wp-json\/wp\/v2\/types\/post"}],"author":[{"embeddable":true,"href":"https:\/\/serveiseducatius.xtec.cat\/baixpenedes\/wp-json\/wp\/v2\/users\/7"}],"replies":[{"embeddable":true,"href":"https:\/\/serveiseducatius.xtec.cat\/baixpenedes\/wp-json\/wp\/v2\/comments?post=14091"}],"version-history":[{"count":1,"href":"https:\/\/serveiseducatius.xtec.cat\/baixpenedes\/wp-json\/wp\/v2\/posts\/14091\/revisions"}],"predecessor-version":[{"id":14095,"href":"https:\/\/serveiseducatius.xtec.cat\/baixpenedes\/wp-json\/wp\/v2\/posts\/14091\/revisions\/14095"}],"wp:featuredmedia":[{"embeddable":true,"href":"https:\/\/serveiseducatius.xtec.cat\/baixpenedes\/wp-json\/wp\/v2\/media\/14094"}],"wp:attachment":[{"href":"https:\/\/serveiseducatius.xtec.cat\/baixpenedes\/wp-json\/wp\/v2\/media?parent=14091"}],"wp:term":[{"taxonomy":"category","embeddable":true,"href":"https:\/\/serveiseducatius.xtec.cat\/baixpenedes\/wp-json\/wp\/v2\/categories?post=14091"},{"taxonomy":"post_tag","embeddable":true,"href":"https:\/\/serveiseducatius.xtec.cat\/baixpenedes\/wp-json\/wp\/v2\/tags?post=14091"}],"curies":[{"name":"wp","href":"https:\/\/api.w.org\/{rel}","templated":true}]}}