{"id":13904,"date":"2020-11-24T09:55:33","date_gmt":"2020-11-24T08:55:33","guid":{"rendered":"http:\/\/serveiseducatius.xtec.cat\/baixpenedes\/?p=13904"},"modified":"2020-11-24T09:56:30","modified_gmt":"2020-11-24T08:56:30","slug":"dia-internacional-per-a-leliminacio-de-la-violencia-envers-les-dones","status":"publish","type":"post","link":"https:\/\/serveiseducatius.xtec.cat\/baixpenedes\/general\/dia-internacional-per-a-leliminacio-de-la-violencia-envers-les-dones\/","title":{"rendered":"DIA INTERNACIONAL PER A L&#8217;ELIMINACI\u00d3 DE LA VIOL\u00c8NCIA ENVERS LES DONES"},"content":{"rendered":"<p>El proper <strong>25 de novembre<\/strong> commemorem la data en qu\u00e8 es produ\u00ed el violent assassinat de tres germanes, activistes pol\u00edtiques, en mans de la policia secreta de la dictadura de la Rep\u00fablica Dominicana al 1960. Per al moviment popular i feminista d\u2019aquest pa\u00eds centreameric\u00e0,\u00a0 aquestes dones han simbolitzat la lluita i la resist\u00e8ncia. Al 1981 aquest moviment va iniciar la commemoraci\u00f3 amb una convocat\u00f2ria anual i al 1999 l\u2019Assemblea General de Nacions Unides va assumir la reivindicaci\u00f3.<\/p>\n<p>Commemorem aquest dia arreu del m\u00f3n per denunciar la viol\u00e8ncia que s\u2019exerceix sobre les dones, que t\u00e9 el seu origen en la manca d\u2019equitat i la discriminaci\u00f3, i per reclamar la seva eliminaci\u00f3.<\/p>\n<p>Enguany entitats com L&#8217;Institut Catal\u00e0 de les Dones (ICD) posa en marxa la campanya de sensibilitzaci\u00f3 &#8220;Les dones tenim dret a viure lliures de viol\u00e8ncies sexuals. #LliuresISensePor&#8221; en el marc de la commemoraci\u00f3.<\/p>\n<p>D&#8217;altra banda des de l&#8217;<strong>equip organitzatiu de les Jornades &#8220;Ensenyar Ci\u00e8ncies Socials amb Perspectiva de G\u00e8nere&#8221; CESIRE<\/strong>, ens proposen un recull d&#8217;iniciatives i recursos per poder poder treballar aquest tema dins i fora de l&#8217;aula:<\/p>\n<ul>\n<li>El dissabte\u00a0<b>21 de novembre<\/b>\u00a0el Grup de Treball d&#8217;Educaci\u00f3 Feminista de Rosa Sensat ofereix la<b>\u00a0Jornada Despatriarcalitzem l&#8217;Educaci\u00f3<\/b>, que es realitzar\u00e0 en l\u00ednia.\u00a0<a href=\"https:\/\/www.rosasensat.org\/jornada-feminista-despatriarcalitzem-leducacio-en-linia\/\" target=\"_blank\" rel=\"noopener noreferrer\" data-saferedirecturl=\"https:\/\/www.google.com\/url?q=https:\/\/www.rosasensat.org\/jornada-feminista-despatriarcalitzem-leducacio-en-linia\/&amp;source=gmail&amp;ust=1606292121896000&amp;usg=AOvVaw3zUNf4oIu5NRwK7RFhNVS3\">https:\/\/www.rosasensat.<wbr \/>org\/jornada-feminista-<wbr \/>despatriarcalitzem-leducacio-<wbr \/>en-linia\/<\/a><\/li>\n<\/ul>\n<ul>\n<li>El Grup d&#8217;Educaci\u00f3 i G\u00e8nere de la Universitat Aut\u00f2noma de Barcelona ha publicat el document:\u00a0<b>Perspectiva de G\u00e8nere en l&#8217;Educaci\u00f3: Marc Conceptual<\/b>.\u00a0<a id=\"m_5692911382426669811gmail-m_8281500963556913877LPlnk950274\" href=\"https:\/\/ddd.uab.cat\/pub\/llibres\/2020\/226865\/PERSPECTIVA_DE_GENERE_EN_LEDUCACIO_Marconceptual.pdf\" target=\"_blank\" rel=\"noopener noreferrer\" data-saferedirecturl=\"https:\/\/www.google.com\/url?q=https:\/\/ddd.uab.cat\/pub\/llibres\/2020\/226865\/PERSPECTIVA_DE_GENERE_EN_LEDUCACIO_Marconceptual.pdf&amp;source=gmail&amp;ust=1606292121896000&amp;usg=AOvVaw3O9h0ygkdIwnzk58ol8czC\">https:\/\/ddd.uab.<wbr \/>cat\/pub\/llibres\/2020\/226865\/<wbr \/>PERSPECTIVA_DE_GENERE_EN_<wbr \/>LEDUCACIO_Marconceptual.pdf<\/a><\/li>\n<\/ul>\n<ul>\n<li>Ja s&#8217;ha publicat el document\u00a0<b>Dec\u00e0leg de criteris de just\u00edcia global per a la valoraci\u00f3 i l&#8217;elaboraci\u00f3 de materials curriculars de ci\u00e8ncies socials<\/b>, que vam presentar durant les Jornades de l&#8217;any passat. Un dels criteris que inclou \u00e9s la perspectiva de g\u00e8nere, i hi trobareu explicacions, recursos, idees i exemples concrets de com pot aplicar-se en les propostes i unitats did\u00e0ctiques, aix\u00ed com tamb\u00e9 en els materials.\u00a0<a id=\"m_5692911382426669811gmail-m_8281500963556913877LPlnk122588\" href=\"https:\/\/ddd.uab.cat\/pub\/llibres\/2020\/220972\/deccrijus_a2020.pdf\" target=\"_blank\" rel=\"noopener noreferrer\" data-saferedirecturl=\"https:\/\/www.google.com\/url?q=https:\/\/ddd.uab.cat\/pub\/llibres\/2020\/220972\/deccrijus_a2020.pdf&amp;source=gmail&amp;ust=1606292121896000&amp;usg=AOvVaw2ykdSN7LvQHGSIfS21iu_O\">https:\/\/ddd.uab.<wbr \/>cat\/pub\/llibres\/2020\/220972\/<wbr \/>deccrijus_a2020.pdf<\/a><\/li>\n<\/ul>\n<ul>\n<li>Durant el curs 2019\/2020 el projecte de l&#8217;Audi\u00e8ncia P\u00fablica de Barcelona s&#8217;ha desenvolupat al voltant de la tem\u00e0tica de l&#8217;<b>educaci\u00f3 per a la igualtat en q\u00fcestions de g\u00e8nere<\/b>.\u00a0<b>Els materials, amb una 50ena d&#8217;activitats, estan en obert\u00a0<\/b>i els podeu trobar en el seg\u00fcent enlla\u00e7:\u00a0<a href=\"https:\/\/ajuntament.barcelona.cat\/educacio\/sites\/default\/files\/xxvaudiencia_publica_dossierprofessorat.pdf\" target=\"_blank\" rel=\"noopener noreferrer\" data-saferedirecturl=\"https:\/\/www.google.com\/url?q=https:\/\/ajuntament.barcelona.cat\/educacio\/sites\/default\/files\/xxvaudiencia_publica_dossierprofessorat.pdf&amp;source=gmail&amp;ust=1606292121896000&amp;usg=AOvVaw0fhh0hqUGt4j8C3azW_25G\">https:\/\/ajuntament.<wbr \/>barcelona.cat\/educacio\/sites\/<wbr \/>default\/files\/xxvaudiencia_<wbr \/>publica_dossierprofessorat.pdf<\/a><\/li>\n<\/ul>\n<ul>\n<li>La<b>\u00a0revista CLIO. HISTORY AND HISTORY TEACHING<\/b>\u00a0ha dedicat el darrer n\u00famero a l&#8217;<b>Ensenyament de les Ci\u00e8ncies Socials amb Perspectiva de G\u00e8nere<\/b>. Podeu llegir-ne els diferents articles:\u00a0<a id=\"m_5692911382426669811gmail-m_8281500963556913877LPlnk235273\" href=\"http:\/\/clio.rediris.es\/\" target=\"_blank\" rel=\"noopener noreferrer\" data-saferedirecturl=\"https:\/\/www.google.com\/url?q=http:\/\/clio.rediris.es\/&amp;source=gmail&amp;ust=1606292121896000&amp;usg=AOvVaw1r3acPsNL2ZA23xc0-G9-U\">http:\/\/clio.rediris.<wbr \/>es\/<\/a><\/li>\n<\/ul>\n<ul>\n<li>A la web de Rosa Sensat podeu trobar una selecci\u00f3 de<b>\u00a0llibres i contes per a treballar la perspectiva de g\u00e8nere<\/b>\u00a0i la coeducaci\u00f3 dins i fora de l&#8217;aula:\u00a0<a id=\"m_5692911382426669811gmail-m_8281500963556913877LPlnk824692\" href=\"https:\/\/www.rosasensat.org\/perspectiva-de-genere-i-coeducacio-lectures-infantils-i-juvenils-per-treballar-dins-i-fora-laula\/\" target=\"_blank\" rel=\"noopener noreferrer\" data-saferedirecturl=\"https:\/\/www.google.com\/url?q=https:\/\/www.rosasensat.org\/perspectiva-de-genere-i-coeducacio-lectures-infantils-i-juvenils-per-treballar-dins-i-fora-laula\/&amp;source=gmail&amp;ust=1606292121896000&amp;usg=AOvVaw1SrNuZBkOh37b1fGJqGFA2\">https:\/\/www.<wbr \/>rosasensat.org\/perspectiva-de-<wbr \/>genere-i-coeducacio-lectures-<wbr \/>infantils-i-juvenils-per-<wbr \/>treballar-dins-i-fora-laula\/<\/a><\/li>\n<\/ul>\n<p>El <em><strong>Departament d\u2019Educaci\u00f3<\/strong><\/em>, a prop\u00f2sit del\u00a0<a href=\"http:\/\/dones.gencat.cat\/ca\/ambits\/violencia_masclista\/dia-eliminacio-violencia-contra-dones\/\" target=\"_blank\" rel=\"noopener noreferrer\">Dia internacional per a l\u2019eliminaci\u00f3 de la viol\u00e8ncia envers les dones<\/a>, vol remarcar la necessitat, avui i cada dia, de treballar intensament i prendre consci\u00e8ncia sobre la import\u00e0ncia de la prevenci\u00f3 i l\u2019abordatge de les viol\u00e8ncies masclistes.<\/p>\n<p>Si entreu a <a href=\"http:\/\/xtec.gencat.cat\/ca\/curriculum\/coeducacio\/dates-interes\/eliminacio-violencia-dones\/\">l&#8217;enlla\u00e7\u00a0<\/a> \u00a0trobareu <a href=\"https:\/\/candela.cat\/cinematografia\/\">pel.l\u00edcules<\/a>, curts, m\u00fasica, cartells i recursos <a class=\"\" href=\"http:\/\/xtec.gencat.cat\/ca\/curriculum\/coeducacio\/dates-interes\/eliminacio-violencia-dones\/#bloc10\" data-toggle=\"collapse\" data-parent=\"#acordio_distribuidora\">per treballar la prevenci\u00f3 i detecci\u00f3 de les relacions abusives<\/a> per ambientar o b\u00e9 inspirar noves activitats<\/p>\n<p><strong>Des dels centres educatius<\/strong>, se us proposa que dugueu a terme actuacions concretes amb la finalitat de promoure un canvi d\u2019actituds, creences i comportaments per part de tota la comunitat educativa.\u00a0Difoneu les fotos o v\u00eddeos de les vostres actuacions a les xarxes socials amb l&#8217;etiqueta <strong><a href=\"https:\/\/twitter.com\/search?q=%23Manifest25N2020&amp;src=typed_query\" target=\"_blank\" rel=\"noopener noreferrer\">#Manifest25N2020<\/a><\/strong>\u00a0<a href=\"https:\/\/twitter.com\/hashtag\/obrimelsulls25N?src=hash\" target=\"_blank\" rel=\"noopener noreferrer\"><strong>#lesescoleslliuresdeviol\u00e8ncies<\/strong><\/a><strong>\u00a0<\/strong><a href=\"https:\/\/twitter.com\/hashtag\/programacoeducat?src=hash\" target=\"_blank\" rel=\"noopener noreferrer\"><strong>#programacoeducat<\/strong><\/a>\u00a0#desemmascarem\u00a0amb menci\u00f3\u00a0<span class=\"atwho-inserted\" contenteditable=\"false\" data-atwho-at-query=\"@xtec\"><a class='bp-suggestions-mention' href='https:\/\/serveiseducatius.xtec.cat\/baixpenedes\/membres\/xtecadmin\/' rel='nofollow'>@xtecadmin<\/a><\/span><\/p>\n<p>I recorda, la viol\u00e8ncia masclista no \u00e9s un problema \u201cde\u201d les dones. Les agressions masclistes no s\u00f3n casos a\u00efllats ni inevitables sin\u00f3 que\u00a0s\u00f3n fruit d\u2019una societat masclista i amb desigualtats per ra\u00f3 de g\u00e8nere que cal transformar.<\/p>\n<p><strong>Treballem tots i totes per garantir el dret de les dones a viure\u00a0lliures de viol\u00e8ncies.<\/strong><\/p>\n<p>&nbsp;<\/p>\n","protected":false},"excerpt":{"rendered":"<p>El proper 25 de novembre commemorem la data en qu\u00e8 es produ\u00ed el violent assassinat de tres germanes, activistes pol\u00edtiques, en mans de la policia secreta de la dictadura de la Rep\u00fablica Dominicana al 1960. Per al moviment popular i feminista d\u2019aquest pa\u00eds centreameric\u00e0,\u00a0 aquestes dones han simbolitzat la lluita i la resist\u00e8ncia. Al 1981 [&hellip;]<\/p>\n","protected":false},"author":7,"featured_media":13905,"comment_status":"open","ping_status":"closed","sticky":false,"template":"","format":"standard","meta":{"_bbp_topic_count":0,"_bbp_reply_count":0,"_bbp_total_topic_count":0,"_bbp_total_reply_count":0,"_bbp_voice_count":0,"_bbp_anonymous_reply_count":0,"_bbp_topic_count_hidden":0,"_bbp_reply_count_hidden":0,"_bbp_forum_subforum_count":0,"site-sidebar-layout":"default","site-content-layout":"","ast-site-content-layout":"","site-content-style":"default","site-sidebar-style":"default","ast-global-header-display":"","ast-banner-title-visibility":"","ast-main-header-display":"","ast-hfb-above-header-display":"","ast-hfb-below-header-display":"","ast-hfb-mobile-header-display":"","site-post-title":"","ast-breadcrumbs-content":"","ast-featured-img":"","footer-sml-layout":"","theme-transparent-header-meta":"","adv-header-id-meta":"","stick-header-meta":"","header-above-stick-meta":"","header-main-stick-meta":"","header-below-stick-meta":"","astra-migrate-meta-layouts":"default","ast-page-background-enabled":"default","ast-page-background-meta":{"desktop":{"background-color":"var(--ast-global-color-4)","background-image":"","background-repeat":"repeat","background-position":"center center","background-size":"auto","background-attachment":"scroll","background-type":"","background-media":"","overlay-type":"","overlay-color":"","overlay-opacity":"","overlay-gradient":""},"tablet":{"background-color":"","background-image":"","background-repeat":"repeat","background-position":"center center","background-size":"auto","background-attachment":"scroll","background-type":"","background-media":"","overlay-type":"","overlay-color":"","overlay-opacity":"","overlay-gradient":""},"mobile":{"background-color":"","background-image":"","background-repeat":"repeat","background-position":"center center","background-size":"auto","background-attachment":"scroll","background-type":"","background-media":"","overlay-type":"","overlay-color":"","overlay-opacity":"","overlay-gradient":""}},"ast-content-background-meta":{"desktop":{"background-color":"var(--ast-global-color-5)","background-image":"","background-repeat":"repeat","background-position":"center center","background-size":"auto","background-attachment":"scroll","background-type":"","background-media":"","overlay-type":"","overlay-color":"","overlay-opacity":"","overlay-gradient":""},"tablet":{"background-color":"var(--ast-global-color-5)","background-image":"","background-repeat":"repeat","background-position":"center center","background-size":"auto","background-attachment":"scroll","background-type":"","background-media":"","overlay-type":"","overlay-color":"","overlay-opacity":"","overlay-gradient":""},"mobile":{"background-color":"var(--ast-global-color-5)","background-image":"","background-repeat":"repeat","background-position":"center center","background-size":"auto","background-attachment":"scroll","background-type":"","background-media":"","overlay-type":"","overlay-color":"","overlay-opacity":"","overlay-gradient":""}},"footnotes":""},"categories":[76,354,66,431,356,376,1,29,370,422],"tags":[],"class_list":["post-13904","post","type-post","status-publish","format-standard","has-post-thumbnail","hentry","category-agenda","category-comunitat","category-dinamitzacio","category-drets-humans","category-families","category-formacio","category-general","category-portada","category-recursos","category-secundaria"],"post_mailing_queue_ids":[],"_links":{"self":[{"href":"https:\/\/serveiseducatius.xtec.cat\/baixpenedes\/wp-json\/wp\/v2\/posts\/13904","targetHints":{"allow":["GET"]}}],"collection":[{"href":"https:\/\/serveiseducatius.xtec.cat\/baixpenedes\/wp-json\/wp\/v2\/posts"}],"about":[{"href":"https:\/\/serveiseducatius.xtec.cat\/baixpenedes\/wp-json\/wp\/v2\/types\/post"}],"author":[{"embeddable":true,"href":"https:\/\/serveiseducatius.xtec.cat\/baixpenedes\/wp-json\/wp\/v2\/users\/7"}],"replies":[{"embeddable":true,"href":"https:\/\/serveiseducatius.xtec.cat\/baixpenedes\/wp-json\/wp\/v2\/comments?post=13904"}],"version-history":[{"count":1,"href":"https:\/\/serveiseducatius.xtec.cat\/baixpenedes\/wp-json\/wp\/v2\/posts\/13904\/revisions"}],"predecessor-version":[{"id":13906,"href":"https:\/\/serveiseducatius.xtec.cat\/baixpenedes\/wp-json\/wp\/v2\/posts\/13904\/revisions\/13906"}],"wp:featuredmedia":[{"embeddable":true,"href":"https:\/\/serveiseducatius.xtec.cat\/baixpenedes\/wp-json\/wp\/v2\/media\/13905"}],"wp:attachment":[{"href":"https:\/\/serveiseducatius.xtec.cat\/baixpenedes\/wp-json\/wp\/v2\/media?parent=13904"}],"wp:term":[{"taxonomy":"category","embeddable":true,"href":"https:\/\/serveiseducatius.xtec.cat\/baixpenedes\/wp-json\/wp\/v2\/categories?post=13904"},{"taxonomy":"post_tag","embeddable":true,"href":"https:\/\/serveiseducatius.xtec.cat\/baixpenedes\/wp-json\/wp\/v2\/tags?post=13904"}],"curies":[{"name":"wp","href":"https:\/\/api.w.org\/{rel}","templated":true}]}}