{"id":13852,"date":"2020-11-03T18:44:01","date_gmt":"2020-11-03T17:44:01","guid":{"rendered":"http:\/\/serveiseducatius.xtec.cat\/baixpenedes\/?p=13852"},"modified":"2020-11-03T18:44:01","modified_gmt":"2020-11-03T17:44:01","slug":"agroecologia-escolar-i-sostenibilitat","status":"publish","type":"post","link":"https:\/\/serveiseducatius.xtec.cat\/baixpenedes\/general\/agroecologia-escolar-i-sostenibilitat\/","title":{"rendered":"AGROECOLOGIA ESCOLAR I SOSTENIBILITAT"},"content":{"rendered":"<p>Recentment s&#8217;ha creat el projecte <b>Agroecologia Escolar<\/b> com a complement a l\u2019acci\u00f3 educativa que fem als centres, promovent la participaci\u00f3 d\u2019infants i joves en la comprensi\u00f3 i transformaci\u00f3 dels sistemes i processos alimentaris amb criteris de <strong>sostenibilitat<\/strong>\u00a0i\u00a0<strong>just\u00edcia<\/strong>. Aquesta acci\u00f3 es desenvolupa al llarg de tot el sistema alimentari escolar: des de la producci\u00f3, incloent la gesti\u00f3 dels residus, passant per la transformaci\u00f3 de l\u2019aliment, fins a la comercialitzaci\u00f3\/intercanvi i consum.<\/p>\n<p>L\u2019Agroecologia Escolar ens permetr\u00e0 impulsar la sobirania aliment\u00e0ria de la comunitat educativa i de la societat, al\u00a0 mateix temps que afavoreix treballar els continguts curriculars de forma globalitzada i en context, partint de situacions i experimentacions reals i vivencials.<\/p>\n<p>La web <a href=\"https:\/\/projectes.xtec.cat\/agroecologia\">https:\/\/projectes.xtec.cat\/agroecologia<\/a>\/ recull projectes, propostes, recerques i materials relacionats amb l\u2019Agroecologia Escolar i la Producci\u00f3 Agroaliment\u00e0ria Ecol\u00f2gica, amb l\u2019objectiu d\u2019ajudar-nos a desenvolupar <strong>projectes educatius<\/strong> relacionats amb aquests temes, per totes les edats i interessos .<\/p>\n<p><img loading=\"lazy\" decoding=\"async\" class=\"alignnone size-full wp-image-13854\" src=\"https:\/\/serveiseducatius.xtec.cat\/baixpenedes\/wp-content\/uploads\/usu764\/2020\/11\/2.jpg\" alt=\"\" width=\"718\" height=\"149\" srcset=\"https:\/\/serveiseducatius.xtec.cat\/baixpenedes\/wp-content\/uploads\/usu764\/2020\/11\/2.jpg 718w, https:\/\/serveiseducatius.xtec.cat\/baixpenedes\/wp-content\/uploads\/usu764\/2020\/11\/2-300x62.jpg 300w\" sizes=\"auto, (max-width: 718px) 100vw, 718px\" \/><\/p>\n<p>Mitjan\u00e7ant aquesta mena de projectes i activitats volem formar persones m\u00e9s conscients i preparades per entendre com l\u2019alimentaci\u00f3 afecta a la salut, el medi ambient i a la just\u00edcia social, capaces d\u2019influir en el desenvolupament d\u2019una millor\u00a0<strong>sobirania aliment\u00e0ria<\/strong> i ajudar a construir un m\u00f3n millor.<\/p>\n<div>\n<p><span style=\"color: #000000; font-family: arial, sans-serif;\">Aix\u00edmateix us recomanem un altre recurs STEAM : el projecte<b>\u00a0<\/b><b><a href=\"https:\/\/exploratori.org\/index.php\/component\/sppagebuilder\/133-projecte-bosc-i-sostenibilitat\" target=\"_blank\" rel=\"noopener noreferrer\" data-saferedirecturl=\"https:\/\/www.google.com\/url?q=https:\/\/exploratori.org\/index.php\/component\/sppagebuilder\/133-projecte-bosc-i-sostenibilitat&amp;source=gmail&amp;ust=1604500189233000&amp;usg=AFQjCNF_DNglzEIp7uJRyofkgLeZ6WhboQ\">Bosc i sostenibilitat<\/a>, de l\u2019Exploratori dels Recursos de la Nutura <\/b>adre\u00e7at a centres de Secund\u00e0ria i adults.<u><\/u><\/span><\/p>\n<p><span style=\"color: #000000; font-family: arial, sans-serif;\">L&#8217;Exploratori dels Recursos de la Natura \u00e9s un projecte territorial del Campus d&#8217;Excel.l\u00e8ncia Internacional BKC de la Universitat Polit\u00e8cnica de Catalunya conjuntament amb l&#8217;Ajuntament de Berga, amb l&#8217;objectiu de fomentar les vocacions cient\u00edfico tecnol\u00f2giques, millorar l&#8217;aprenentatge a secund\u00e0ria i educaci\u00f3 superior i contribuir al desenvolupament d&#8217;un territori ric en recursos naturals.<u><\/u><u><\/u><\/span><\/p>\n<\/div>\n<div>\n<p><img loading=\"lazy\" decoding=\"async\" class=\"alignnone size-large wp-image-13855\" src=\"https:\/\/serveiseducatius.xtec.cat\/baixpenedes\/wp-content\/uploads\/usu764\/2020\/11\/2-1-1024x484.jpg\" alt=\"\" width=\"1024\" height=\"484\" srcset=\"https:\/\/serveiseducatius.xtec.cat\/baixpenedes\/wp-content\/uploads\/usu764\/2020\/11\/2-1-1024x484.jpg 1024w, https:\/\/serveiseducatius.xtec.cat\/baixpenedes\/wp-content\/uploads\/usu764\/2020\/11\/2-1-300x142.jpg 300w, https:\/\/serveiseducatius.xtec.cat\/baixpenedes\/wp-content\/uploads\/usu764\/2020\/11\/2-1-768x363.jpg 768w, https:\/\/serveiseducatius.xtec.cat\/baixpenedes\/wp-content\/uploads\/usu764\/2020\/11\/2-1.jpg 1181w\" sizes=\"auto, (max-width: 1024px) 100vw, 1024px\" \/><\/p>\n<\/div>\n","protected":false},"excerpt":{"rendered":"<p>Recentment s&#8217;ha creat el projecte Agroecologia Escolar com a complement a l\u2019acci\u00f3 educativa que fem als centres, promovent la participaci\u00f3 d\u2019infants i joves en la comprensi\u00f3 i transformaci\u00f3 dels sistemes i processos alimentaris amb criteris de sostenibilitat\u00a0i\u00a0just\u00edcia. Aquesta acci\u00f3 es desenvolupa al llarg de tot el sistema alimentari escolar: des de la producci\u00f3, incloent la [&hellip;]<\/p>\n","protected":false},"author":7,"featured_media":13856,"comment_status":"open","ping_status":"closed","sticky":false,"template":"","format":"standard","meta":{"_bbp_topic_count":0,"_bbp_reply_count":0,"_bbp_total_topic_count":0,"_bbp_total_reply_count":0,"_bbp_voice_count":0,"_bbp_anonymous_reply_count":0,"_bbp_topic_count_hidden":0,"_bbp_reply_count_hidden":0,"_bbp_forum_subforum_count":0,"site-sidebar-layout":"default","site-content-layout":"","ast-site-content-layout":"","site-content-style":"default","site-sidebar-style":"default","ast-global-header-display":"","ast-banner-title-visibility":"","ast-main-header-display":"","ast-hfb-above-header-display":"","ast-hfb-below-header-display":"","ast-hfb-mobile-header-display":"","site-post-title":"","ast-breadcrumbs-content":"","ast-featured-img":"","footer-sml-layout":"","theme-transparent-header-meta":"","adv-header-id-meta":"","stick-header-meta":"","header-above-stick-meta":"","header-main-stick-meta":"","header-below-stick-meta":"","astra-migrate-meta-layouts":"default","ast-page-background-enabled":"default","ast-page-background-meta":{"desktop":{"background-color":"var(--ast-global-color-4)","background-image":"","background-repeat":"repeat","background-position":"center center","background-size":"auto","background-attachment":"scroll","background-type":"","background-media":"","overlay-type":"","overlay-color":"","overlay-opacity":"","overlay-gradient":""},"tablet":{"background-color":"","background-image":"","background-repeat":"repeat","background-position":"center center","background-size":"auto","background-attachment":"scroll","background-type":"","background-media":"","overlay-type":"","overlay-color":"","overlay-opacity":"","overlay-gradient":""},"mobile":{"background-color":"","background-image":"","background-repeat":"repeat","background-position":"center center","background-size":"auto","background-attachment":"scroll","background-type":"","background-media":"","overlay-type":"","overlay-color":"","overlay-opacity":"","overlay-gradient":""}},"ast-content-background-meta":{"desktop":{"background-color":"var(--ast-global-color-5)","background-image":"","background-repeat":"repeat","background-position":"center center","background-size":"auto","background-attachment":"scroll","background-type":"","background-media":"","overlay-type":"","overlay-color":"","overlay-opacity":"","overlay-gradient":""},"tablet":{"background-color":"var(--ast-global-color-5)","background-image":"","background-repeat":"repeat","background-position":"center center","background-size":"auto","background-attachment":"scroll","background-type":"","background-media":"","overlay-type":"","overlay-color":"","overlay-opacity":"","overlay-gradient":""},"mobile":{"background-color":"var(--ast-global-color-5)","background-image":"","background-repeat":"repeat","background-position":"center center","background-size":"auto","background-attachment":"scroll","background-type":"","background-media":"","overlay-type":"","overlay-color":"","overlay-opacity":"","overlay-gradient":""}},"footnotes":""},"categories":[380,66,421,1,29,370,422],"tags":[],"class_list":["post-13852","post","type-post","status-publish","format-standard","has-post-thumbnail","hentry","category-ciencia","category-dinamitzacio","category-ecologia","category-general","category-portada","category-recursos","category-secundaria"],"post_mailing_queue_ids":[],"_links":{"self":[{"href":"https:\/\/serveiseducatius.xtec.cat\/baixpenedes\/wp-json\/wp\/v2\/posts\/13852","targetHints":{"allow":["GET"]}}],"collection":[{"href":"https:\/\/serveiseducatius.xtec.cat\/baixpenedes\/wp-json\/wp\/v2\/posts"}],"about":[{"href":"https:\/\/serveiseducatius.xtec.cat\/baixpenedes\/wp-json\/wp\/v2\/types\/post"}],"author":[{"embeddable":true,"href":"https:\/\/serveiseducatius.xtec.cat\/baixpenedes\/wp-json\/wp\/v2\/users\/7"}],"replies":[{"embeddable":true,"href":"https:\/\/serveiseducatius.xtec.cat\/baixpenedes\/wp-json\/wp\/v2\/comments?post=13852"}],"version-history":[{"count":1,"href":"https:\/\/serveiseducatius.xtec.cat\/baixpenedes\/wp-json\/wp\/v2\/posts\/13852\/revisions"}],"predecessor-version":[{"id":13857,"href":"https:\/\/serveiseducatius.xtec.cat\/baixpenedes\/wp-json\/wp\/v2\/posts\/13852\/revisions\/13857"}],"wp:featuredmedia":[{"embeddable":true,"href":"https:\/\/serveiseducatius.xtec.cat\/baixpenedes\/wp-json\/wp\/v2\/media\/13856"}],"wp:attachment":[{"href":"https:\/\/serveiseducatius.xtec.cat\/baixpenedes\/wp-json\/wp\/v2\/media?parent=13852"}],"wp:term":[{"taxonomy":"category","embeddable":true,"href":"https:\/\/serveiseducatius.xtec.cat\/baixpenedes\/wp-json\/wp\/v2\/categories?post=13852"},{"taxonomy":"post_tag","embeddable":true,"href":"https:\/\/serveiseducatius.xtec.cat\/baixpenedes\/wp-json\/wp\/v2\/tags?post=13852"}],"curies":[{"name":"wp","href":"https:\/\/api.w.org\/{rel}","templated":true}]}}