{"id":13729,"date":"2020-10-07T16:50:40","date_gmt":"2020-10-07T14:50:40","guid":{"rendered":"http:\/\/serveiseducatius.xtec.cat\/baixpenedes\/?p=13729"},"modified":"2020-10-07T16:50:40","modified_gmt":"2020-10-07T14:50:40","slug":"festa-major-patrimoni-cultural","status":"publish","type":"post","link":"https:\/\/serveiseducatius.xtec.cat\/baixpenedes\/general\/festa-major-patrimoni-cultural\/","title":{"rendered":"FESTA MAJOR PATRIMONI CULTURAL"},"content":{"rendered":"<p style=\"font-weight: 400;\"><a href=\"http:\/\/www.bcn.cat\/museupicasso\/ca\/educacio\/programa-educatiu.html\"><img loading=\"lazy\" decoding=\"async\" class=\"alignnone size-large wp-image-13731\" src=\"https:\/\/serveiseducatius.xtec.cat\/baixpenedes\/wp-content\/uploads\/usu764\/2020\/10\/pa-1024x384.jpg\" alt=\"\" width=\"1024\" height=\"384\" srcset=\"https:\/\/serveiseducatius.xtec.cat\/baixpenedes\/wp-content\/uploads\/usu764\/2020\/10\/pa-1024x384.jpg 1024w, https:\/\/serveiseducatius.xtec.cat\/baixpenedes\/wp-content\/uploads\/usu764\/2020\/10\/pa-300x113.jpg 300w, https:\/\/serveiseducatius.xtec.cat\/baixpenedes\/wp-content\/uploads\/usu764\/2020\/10\/pa-768x288.jpg 768w, https:\/\/serveiseducatius.xtec.cat\/baixpenedes\/wp-content\/uploads\/usu764\/2020\/10\/pa.jpg 1311w\" sizes=\"auto, (max-width: 1024px) 100vw, 1024px\" \/><\/a><\/p>\n<p>Municipis i entitats d\u2019arreu de Catalunya se sumen a la que \u00e9s la \u00a0festa major del nostre patrimoni cultural, programant activitats gratu\u00eftes durant el segon cap de setmana d\u2019octubre per apropar el seu patrimoni cultural a la ciutadania. Un gran ventall de propostes (des de portes obertes o visites guiades fins a concerts i activitats i tallers familiars, entre d\u2019altres) que segueixen les mesures de seguretat sanit\u00e0ria per combatre la covid-19, i que es poden consultar en\u00a0<a href=\"http:\/\/patrimoni.gencat.cat\/ca\/jep2020\/agenda\" target=\"_blank\" rel=\"noopener noreferrer\">l\u2019agenda en l\u00ednia<\/a>\u00a0que hem preparat.<strong>#LaCultura\u00c9sSegura<\/strong><\/p>\n<p><strong>EL VENDRELL, CAPITAL DE LA CULTURA CATALANA 2020<\/strong><\/p>\n<p>Les Jornades Europees de Patrimoni i l\u2019Associaci\u00f3 Capital de la Cultura Catalana tornen a col\u00b7laborar amb l\u2019objectiu de realitzar un projecte patrimonial a la ciutat que cada any sigui mereixedora d\u2019aquesta capitalitat, enguany el Vendrell. Aquestes JEP 2020 es posa en funcionament una nova web-app gratu\u00efta, \u201c<a href=\"http:\/\/patrimoni.gencat.cat\/ca\/activitat\/finestres-al-vendrell\" target=\"_blank\" rel=\"noopener noreferrer\">Finestres al Vendrell<\/a>\u201d. Un itinerari audioguiat pels 10 elements patrimonials m\u00e9s singulars de la capital del Baix Pened\u00e8s, que vol introduir els i les visitants en la hist\u00f2ria i cultura del Vendrell i promocionar les diferents rutes culturals ja existents aix\u00ed com dels museus de la poblaci\u00f3.<\/p>\n<p><strong>JEP 2020. PATRIMONI I EDUCACI\u00d3<\/strong><\/p>\n<p>Enguany, el tema proposat pel Consell d\u2019Europa per celebrar Jornades Europees de Patrimoni gira a l\u2019entorn del binomi\u00a0<a href=\"https:\/\/www.europeanheritagedays.com\/Shared-Theme\/\">patrimoni i educaci\u00f3<\/a>\u00a0en un sentit global que va m\u00e9s enll\u00e0 del p\u00fablic escolar. Una visita guiada, un taller o una exposici\u00f3 temporal, entre molts altres, s\u00f3n elements de mediaci\u00f3 patrimonial que permeten la transmissi\u00f3 del nostre llegat a la societat, des del present, amb una mirada al futur.<\/p>\n<p>Seguint aquesta l\u00ednia, presentem l\u2019activitat did\u00e0ctica\u00a0<strong>\u201cDesperta el Patrimoni\u201d<\/strong>\u00a0que posem a disposici\u00f3 de tots els participants de les JEP 2020. Una activitat de creaci\u00f3 de models 3D a partir de la fotogrametria, adaptable als diferents espais patrimonials, que s\u2019acompanya d\u2019una guia did\u00e0ctica. Per participar-hi consulta aquest\u00a0<a href=\"http:\/\/patrimoni.gencat.cat\/ca\/jep2020\/despertaelpatrimoni\" target=\"_blank\" rel=\"noopener noreferrer\">enlla\u00e7<\/a>.<\/p>\n<p style=\"font-weight: 400;\">Paral.lelament el<strong> Museu Pau Casals<\/strong> ens ofereix el seu programa educatiu ple de novetats i recursos per al professorat per con\u00e8ixer la figura multidimensional de Pau Casals . Visites amb totes les garanties , materials per a l&#8217;aula i 4 v\u00eddeo-c\u00e0psules educatives per arribar a l&#8217;home. al m\u00fasic i a la persona compromesa en valors. Tota la informaci\u00f3 la trobareu\u00a0<a style=\"color: #2795b6;\" href=\"https:\/\/www.2020.paucasals.org\/noticies\/presentem-les-activitats-educatives-del-museu-pau-casals-pel-curs-2020-2021\/\">\u00a0<\/a><a style=\"font-family: inherit; font-size: 1em;\" href=\"https:\/\/www.2020.paucasals.org\/noticies\/presentem-les-activitats-educatives-del-museu-pau-casals-pel-curs-2020-2021\/\">aqu\u00ed<\/a> i us podeu posar en contacte amb Museu Pau Casals a trav\u00e9s del correu electr\u00f2nic <a style=\"font-family: inherit; font-size: 1em;\" href=\"mailto:museu@paucasals.org\">museu@paucasals.org<\/a>\u00a0i\/o al<a style=\"font-family: inherit; font-size: 1em;\" href=\"https:\/\/www.2020.paucasals.org\/noticies\/presentem-les-activitats-educatives-del-museu-pau-casals-pel-curs-2020-2021\/\"> tel\u00e8fon 977 684 276.<\/a><\/p>\n<p>Un altre dels museus que ens est\u00e0 oferint visites presencials i virtuals amb recursos com <a href=\"http:\/\/www.bcn.cat\/museupicasso\/ca\/educacio\/recursos-educatius-en-linea.html\" data-saferedirecturl=\"https:\/\/www.google.com\/url?q=http:\/\/www.bcn.cat\/museupicasso\/ca\/educacio\/recursos-educatius-en-linea.html&amp;source=gmail&amp;ust=1602151250089000&amp;usg=AFQjCNFJLDKsrGUMI7cWaCiB1J-vW_ntxg\">C\u00e0psules d\u2019Educaci\u00f3<\/a> \u00e9s el <a href=\"http:\/\/www.bcn.cat\/museupicasso\/ca\/educacio\/programa-educatiu.html\">Museu Picasso.<\/a><\/p>\n<p><img loading=\"lazy\" decoding=\"async\" class=\"alignnone size-full wp-image-13730\" src=\"https:\/\/serveiseducatius.xtec.cat\/baixpenedes\/wp-content\/uploads\/usu764\/2020\/10\/vi.jpg\" alt=\"\" width=\"550\" height=\"269\" srcset=\"https:\/\/serveiseducatius.xtec.cat\/baixpenedes\/wp-content\/uploads\/usu764\/2020\/10\/vi.jpg 550w, https:\/\/serveiseducatius.xtec.cat\/baixpenedes\/wp-content\/uploads\/usu764\/2020\/10\/vi-300x147.jpg 300w\" sizes=\"auto, (max-width: 550px) 100vw, 550px\" \/><\/p>\n<table border=\"0\" width=\"100%\" cellspacing=\"0\" cellpadding=\"0\" align=\"center\">\n<tbody>\n<tr>\n<td>\n<table border=\"0\" width=\"100%\" cellspacing=\"0\" cellpadding=\"0\" align=\"center\">\n<tbody>\n<tr>\n<td align=\"left\" valign=\"top\">\n<div>\n<p><span>Una jornada de reflexi\u00f3 i debat al voltant de les falsificacions en l\u2019art, adre\u00e7ada a tots els interessats per aquest tema tan inquietant i fascinant alhora.<\/span><\/p>\n<p><span>\u00a0<\/span><\/p>\n<p><span>En el marc de l\u2019exposici\u00f3 en curs\u00a0\u00abFalsos verdaders. L\u2019art de l\u2019engany\u00bb, el\u00a0<a title=\"\" href=\"https:\/\/www.patrimoniculturalcomunicacio.cat\/click.html?x=a62e&amp;lc=93F&amp;mc=w&amp;s=t6Md&amp;u=t&amp;z=itfe5u2&amp;\" target=\"_blank\" rel=\"noopener noreferrer\" data-saferedirecturl=\"https:\/\/www.google.com\/url?q=https:\/\/www.patrimoniculturalcomunicacio.cat\/click.html?x%3Da62e%26lc%3D93F%26mc%3Dw%26s%3Dt6Md%26u%3Dt%26z%3Ditfe5u2%26&amp;source=gmail&amp;ust=1602143369541000&amp;usg=AFQjCNHNl21eP74J1tv8aNZUV68_xKjh9w\">Museu d\u2019Art de Girona<\/a>\u00a0es proposa aprofundir en les mirades i experi\u00e8ncies d\u2019alguns dels agents implicats i afectats per aquest vessant tan fosc del patrimoni i del mercat de l\u2019art. Una proposta per endinsar-se en aspectes fascinants i sovint poc coneguts del m\u00f3n de les falsificacions des de la perspectiva de la hist\u00f2ria de l\u2019art, la museologia, la restauraci\u00f3, l\u2019antiquariat i el m\u00f3n policial i judicial.<\/span><\/p>\n<\/div>\n<\/td>\n<\/tr>\n<\/tbody>\n<\/table>\n<\/td>\n<\/tr>\n<tr>\n<td align=\"center\" valign=\"top\">\n<table border=\"0\" width=\"100%\" cellspacing=\"0\" cellpadding=\"0\">\n<tbody>\n<tr>\n<td align=\"left\" valign=\"top\" width=\"50%\">\n<table border=\"0\" width=\"100%\" cellspacing=\"0\" cellpadding=\"0\">\n<tbody>\n<tr>\n<td align=\"center\" valign=\"top\">\n<table border=\"0\" cellspacing=\"0\" cellpadding=\"0\" align=\"center\">\n<tbody>\n<tr>\n<td align=\"center\" valign=\"top\"><a href=\"https:\/\/www.patrimoniculturalcomunicacio.cat\/click.html?x=a62e&amp;lc=93x&amp;mc=w&amp;s=t6Md&amp;u=t&amp;z=iWRQeeb&amp;\" target=\"_blank\" rel=\"noopener noreferrer\" data-saferedirecturl=\"https:\/\/www.google.com\/url?q=https:\/\/www.patrimoniculturalcomunicacio.cat\/click.html?x%3Da62e%26lc%3D93x%26mc%3Dw%26s%3Dt6Md%26u%3Dt%26z%3DiWRQeeb%26&amp;source=gmail&amp;ust=1602143369541000&amp;usg=AFQjCNExXwu65aAUdwOdHn2wZ5dTH48nnA\">Inscriu-te a la jornada en l\u00ednia<\/a><\/td>\n<\/tr>\n<\/tbody>\n<\/table>\n<\/td>\n<\/tr>\n<\/tbody>\n<\/table>\n<\/td>\n<td align=\"left\" valign=\"top\" width=\"50%\">\n<table border=\"0\" width=\"100%\" cellspacing=\"0\" cellpadding=\"0\">\n<tbody>\n<tr>\n<td align=\"center\" valign=\"top\">\n<div>\n<table border=\"0\" cellspacing=\"0\" cellpadding=\"0\" align=\"center\">\n<tbody>\n<tr>\n<td align=\"center\" valign=\"top\"><a href=\"https:\/\/www.patrimoniculturalcomunicacio.cat\/click.html?x=a62e&amp;lc=93G&amp;mc=w&amp;s=t6Md&amp;u=t&amp;z=i5IPh0V&amp;\" target=\"_blank\" rel=\"noopener noreferrer\" data-saferedirecturl=\"https:\/\/www.google.com\/url?q=https:\/\/www.patrimoniculturalcomunicacio.cat\/click.html?x%3Da62e%26lc%3D93G%26mc%3Dw%26s%3Dt6Md%26u%3Dt%26z%3Di5IPh0V%26&amp;source=gmail&amp;ust=1602143369541000&amp;usg=AFQjCNHyRxhWWztccF-0rLZt6iyZ0LWN8g\">Descarrega el programa<\/a><\/td>\n<\/tr>\n<\/tbody>\n<\/table>\n<\/div>\n<\/td>\n<\/tr>\n<\/tbody>\n<\/table>\n<\/td>\n<\/tr>\n<\/tbody>\n<\/table>\n<\/td>\n<\/tr>\n<\/tbody>\n<\/table>\n","protected":false},"excerpt":{"rendered":"<p>Municipis i entitats d\u2019arreu de Catalunya se sumen a la que \u00e9s la \u00a0festa major del nostre patrimoni cultural, programant activitats gratu\u00eftes durant el segon cap de setmana d\u2019octubre per apropar el seu patrimoni cultural a la ciutadania. Un gran ventall de propostes (des de portes obertes o visites guiades fins a concerts i activitats [&hellip;]<\/p>\n","protected":false},"author":7,"featured_media":13732,"comment_status":"open","ping_status":"closed","sticky":false,"template":"","format":"standard","meta":{"_bbp_topic_count":0,"_bbp_reply_count":0,"_bbp_total_topic_count":0,"_bbp_total_reply_count":0,"_bbp_voice_count":0,"_bbp_anonymous_reply_count":0,"_bbp_topic_count_hidden":0,"_bbp_reply_count_hidden":0,"_bbp_forum_subforum_count":0,"site-sidebar-layout":"default","site-content-layout":"","ast-site-content-layout":"","site-content-style":"default","site-sidebar-style":"default","ast-global-header-display":"","ast-banner-title-visibility":"","ast-main-header-display":"","ast-hfb-above-header-display":"","ast-hfb-below-header-display":"","ast-hfb-mobile-header-display":"","site-post-title":"","ast-breadcrumbs-content":"","ast-featured-img":"","footer-sml-layout":"","theme-transparent-header-meta":"","adv-header-id-meta":"","stick-header-meta":"","header-above-stick-meta":"","header-main-stick-meta":"","header-below-stick-meta":"","astra-migrate-meta-layouts":"default","ast-page-background-enabled":"default","ast-page-background-meta":{"desktop":{"background-color":"var(--ast-global-color-4)","background-image":"","background-repeat":"repeat","background-position":"center center","background-size":"auto","background-attachment":"scroll","background-type":"","background-media":"","overlay-type":"","overlay-color":"","overlay-opacity":"","overlay-gradient":""},"tablet":{"background-color":"","background-image":"","background-repeat":"repeat","background-position":"center center","background-size":"auto","background-attachment":"scroll","background-type":"","background-media":"","overlay-type":"","overlay-color":"","overlay-opacity":"","overlay-gradient":""},"mobile":{"background-color":"","background-image":"","background-repeat":"repeat","background-position":"center center","background-size":"auto","background-attachment":"scroll","background-type":"","background-media":"","overlay-type":"","overlay-color":"","overlay-opacity":"","overlay-gradient":""}},"ast-content-background-meta":{"desktop":{"background-color":"var(--ast-global-color-5)","background-image":"","background-repeat":"repeat","background-position":"center center","background-size":"auto","background-attachment":"scroll","background-type":"","background-media":"","overlay-type":"","overlay-color":"","overlay-opacity":"","overlay-gradient":""},"tablet":{"background-color":"var(--ast-global-color-5)","background-image":"","background-repeat":"repeat","background-position":"center center","background-size":"auto","background-attachment":"scroll","background-type":"","background-media":"","overlay-type":"","overlay-color":"","overlay-opacity":"","overlay-gradient":""},"mobile":{"background-color":"var(--ast-global-color-5)","background-image":"","background-repeat":"repeat","background-position":"center center","background-size":"auto","background-attachment":"scroll","background-type":"","background-media":"","overlay-type":"","overlay-color":"","overlay-opacity":"","overlay-gradient":""}},"footnotes":""},"categories":[346,343,76,455,354,297,1,29],"tags":[],"class_list":["post-13729","post","type-post","status-publish","format-standard","has-post-thumbnail","hentry","category-activitats-catalunya","category-activitats-comarca","category-agenda","category-apadrinem-el-nostre-patrimoni","category-comunitat","category-comarca","category-general","category-portada"],"post_mailing_queue_ids":[],"_links":{"self":[{"href":"https:\/\/serveiseducatius.xtec.cat\/baixpenedes\/wp-json\/wp\/v2\/posts\/13729","targetHints":{"allow":["GET"]}}],"collection":[{"href":"https:\/\/serveiseducatius.xtec.cat\/baixpenedes\/wp-json\/wp\/v2\/posts"}],"about":[{"href":"https:\/\/serveiseducatius.xtec.cat\/baixpenedes\/wp-json\/wp\/v2\/types\/post"}],"author":[{"embeddable":true,"href":"https:\/\/serveiseducatius.xtec.cat\/baixpenedes\/wp-json\/wp\/v2\/users\/7"}],"replies":[{"embeddable":true,"href":"https:\/\/serveiseducatius.xtec.cat\/baixpenedes\/wp-json\/wp\/v2\/comments?post=13729"}],"version-history":[{"count":1,"href":"https:\/\/serveiseducatius.xtec.cat\/baixpenedes\/wp-json\/wp\/v2\/posts\/13729\/revisions"}],"predecessor-version":[{"id":13733,"href":"https:\/\/serveiseducatius.xtec.cat\/baixpenedes\/wp-json\/wp\/v2\/posts\/13729\/revisions\/13733"}],"wp:featuredmedia":[{"embeddable":true,"href":"https:\/\/serveiseducatius.xtec.cat\/baixpenedes\/wp-json\/wp\/v2\/media\/13732"}],"wp:attachment":[{"href":"https:\/\/serveiseducatius.xtec.cat\/baixpenedes\/wp-json\/wp\/v2\/media?parent=13729"}],"wp:term":[{"taxonomy":"category","embeddable":true,"href":"https:\/\/serveiseducatius.xtec.cat\/baixpenedes\/wp-json\/wp\/v2\/categories?post=13729"},{"taxonomy":"post_tag","embeddable":true,"href":"https:\/\/serveiseducatius.xtec.cat\/baixpenedes\/wp-json\/wp\/v2\/tags?post=13729"}],"curies":[{"name":"wp","href":"https:\/\/api.w.org\/{rel}","templated":true}]}}