{"id":13726,"date":"2020-10-07T12:20:03","date_gmt":"2020-10-07T10:20:03","guid":{"rendered":"http:\/\/serveiseducatius.xtec.cat\/baixpenedes\/?p=13726"},"modified":"2020-10-07T12:20:03","modified_gmt":"2020-10-07T10:20:03","slug":"ii-congres-internacional-per-a-lerradicacio-de-les-violencies-masclistes","status":"publish","type":"post","link":"https:\/\/serveiseducatius.xtec.cat\/baixpenedes\/general\/ii-congres-internacional-per-a-lerradicacio-de-les-violencies-masclistes\/","title":{"rendered":"II CONGR\u00c9S INTERNACIONAL PER A L&#8217;ERRADICACI\u00d3 DE LES VIOL\u00c8NCIES MASCLISTES"},"content":{"rendered":"<div dir=\"ltr\">\n<div>\n<div lang=\"CA\">\n<div>\n<p>Des de l\u2019Institut Catal\u00e0 de les Dones ens comuniquen que els propers <b>26, 27 i 28 d\u2019octubre<\/b>\u00a0tindr\u00e0 lloc de forma virtual el\u00a0<a href=\"http:\/\/dones.gencat.cat\/ca\/ambits\/violencia_masclista\/II_Congres_Erradicacio_VM\/\" target=\"_blank\" rel=\"noopener noreferrer\" data-saferedirecturl=\"https:\/\/www.google.com\/url?q=http:\/\/dones.gencat.cat\/ca\/ambits\/violencia_masclista\/II_Congres_Erradicacio_VM\/&amp;source=gmail&amp;ust=1602150368710000&amp;usg=AFQjCNFEx8deIBzNelfjT5lcJfLhAV7xpA\"><b>II Congr\u00e9s Internacional per a l\u2019Erradicaci\u00f3 de les Viol\u00e8ncies Masclistes<\/b><\/a>. Enguany, l\u2019objectiu general del congr\u00e9s \u00e9s posar de manifest\u00a0<b>l\u2019impacte de la pand\u00e8mia des del punt de vista de les viol\u00e8ncies masclistes<\/b>, aix\u00ed com quines han estat les estrat\u00e8gies, aliances i aprenentatges que s\u2019han generat entre els diferents actors encarregats de donar resposta a les situacions de viol\u00e8ncia masclista en temps de la Covid-19.<\/p>\n<p><img loading=\"lazy\" decoding=\"async\" class=\"alignnone size-full wp-image-13727\" src=\"https:\/\/serveiseducatius.xtec.cat\/baixpenedes\/wp-content\/uploads\/usu764\/2020\/10\/mu.jpg\" alt=\"\" width=\"507\" height=\"394\" srcset=\"https:\/\/serveiseducatius.xtec.cat\/baixpenedes\/wp-content\/uploads\/usu764\/2020\/10\/mu.jpg 507w, https:\/\/serveiseducatius.xtec.cat\/baixpenedes\/wp-content\/uploads\/usu764\/2020\/10\/mu-300x233.jpg 300w\" sizes=\"auto, (max-width: 507px) 100vw, 507px\" \/><\/p>\n<p>Aquest any tindrem l\u2019honor de comptar amb molt\u00edssimes activistes feministes, escriptores, professores, treballadores, professionals de diversos serveis d\u2019atenci\u00f3 a les dones, personal de les administracions p\u00fabliques, i un llarg etc\u00e8tera. I per si fos poc, per a les confer\u00e8ncies marc de cada dia, es connectar\u00e0\u00a0 des d\u2019It\u00e0lia la professora i escriptora <a href=\"https:\/\/es.wikipedia.org\/wiki\/Silvia_Federici\" target=\"_blank\" rel=\"noopener noreferrer\" data-saferedirecturl=\"https:\/\/www.google.com\/url?q=https:\/\/es.wikipedia.org\/wiki\/Silvia_Federici&amp;source=gmail&amp;ust=1602150368710000&amp;usg=AFQjCNH5Wutkh3QDaECGxGRg_H6lt6n2WQ\">Silvia Federici<\/a>; des de l\u2019Argentina, l\u2019activista i antrop\u00f2loga\u00a0<a href=\"https:\/\/es.wikipedia.org\/wiki\/Rita_Segato\" target=\"_blank\" rel=\"noopener noreferrer\" data-saferedirecturl=\"https:\/\/www.google.com\/url?q=https:\/\/es.wikipedia.org\/wiki\/Rita_Segato&amp;source=gmail&amp;ust=1602150368710000&amp;usg=AFQjCNEzPdbv5M4v8vM-IEe3DVy0IojMug\">Rita Segato<\/a>; i des del Per\u00fa, la soci\u00f2loga i activista\u00a0<a href=\"https:\/\/es.wikipedia.org\/wiki\/Virginia_Vargas\" target=\"_blank\" rel=\"noopener noreferrer\" data-saferedirecturl=\"https:\/\/www.google.com\/url?q=https:\/\/es.wikipedia.org\/wiki\/Virginia_Vargas&amp;source=gmail&amp;ust=1602150368710000&amp;usg=AFQjCNH-bd6ZRGEEruyiC-RV_Ck8vR1Lvg\">Virginia Vargas<\/a>.<\/p>\n<p>Tota la informaci\u00f3 del programa, la podeu consultar el seg\u00fcent <a href=\"http:\/\/dones.gencat.cat\/web\/.content\/03_ambits\/violencia_masclista\/Congres_VM\/II_CONGRES\/1Resum_Congres.pdf\" target=\"_blank\" rel=\"noopener noreferrer\" data-saferedirecturl=\"https:\/\/www.google.com\/url?q=http:\/\/dones.gencat.cat\/web\/.content\/03_ambits\/violencia_masclista\/Congres_VM\/II_CONGRES\/1Resum_Congres.pdf&amp;source=gmail&amp;ust=1602150368710000&amp;usg=AFQjCNHrLUp9IrCyJ7gQRX8bEGASWnxXdw\">enlla\u00e7<\/a>.<\/p>\n<div class=\"panel panel-default\">\n<div class=\"panel-heading\">\n<h5 class=\"panel-title\"><a class=\"collapsed\" href=\"http:\/\/dones.gencat.cat\/ca\/ambits\/violencia_masclista\/II_Congres_Erradicacio_VM\/#bloc1\" data-toggle=\"collapse\" data-parent=\"#acordio_distribuidora\">6 d\u2019octubre. Bloc I: La Covid-19 i la viol\u00e8ncia estructural<\/a><\/h5>\n<\/div>\n<\/div>\n<div class=\"panel panel-default\">\n<div class=\"panel-heading\">\n<h5 class=\"panel-title\"><a class=\"collapsed\" href=\"http:\/\/dones.gencat.cat\/ca\/ambits\/violencia_masclista\/II_Congres_Erradicacio_VM\/#bloc2\" data-toggle=\"collapse\" data-parent=\"#acordio_distribuidora\">27 d\u2019octubre. Bloc II: Les viol\u00e8ncies masclistes durant la pand\u00e8mia<\/a><\/h5>\n<\/div>\n<\/div>\n<div class=\"panel panel-default\">\n<div class=\"panel-heading\">\n<h5 class=\"panel-title\"><a class=\"collapsed\" href=\"http:\/\/dones.gencat.cat\/ca\/ambits\/violencia_masclista\/II_Congres_Erradicacio_VM\/#bloc3\" data-toggle=\"collapse\" data-parent=\"#acordio_distribuidora\">28 d\u2019octubre. Bloc III: Els aprenentatges i aliances que ens deixa la Covid-19<\/a><\/h5>\n<\/div>\n<\/div>\n<p>Per a poder-vos inscriure ho podeu fer des\u00a0<a href=\"http:\/\/dones.gencat.cat\/ca\/ambits\/violencia_masclista\/II_Congres_Erradicacio_VM\/formulari-dinscripcio\/index.html\" target=\"_blank\" rel=\"noopener noreferrer\" data-saferedirecturl=\"https:\/\/www.google.com\/url?q=http:\/\/dones.gencat.cat\/ca\/ambits\/violencia_masclista\/II_Congres_Erradicacio_VM\/formulari-dinscripcio\/index.html&amp;source=gmail&amp;ust=1602150368710000&amp;usg=AFQjCNHuQVE95woP4fzv-dTnIGuxQu4QVg\">d\u2019aqu\u00ed<\/a>.<\/p>\n<\/div>\n<\/div>\n<\/div>\n<\/div>\n","protected":false},"excerpt":{"rendered":"<p>Des de l\u2019Institut Catal\u00e0 de les Dones ens comuniquen que els propers 26, 27 i 28 d\u2019octubre\u00a0tindr\u00e0 lloc de forma virtual el\u00a0II Congr\u00e9s Internacional per a l\u2019Erradicaci\u00f3 de les Viol\u00e8ncies Masclistes. Enguany, l\u2019objectiu general del congr\u00e9s \u00e9s posar de manifest\u00a0l\u2019impacte de la pand\u00e8mia des del punt de vista de les viol\u00e8ncies masclistes, aix\u00ed com quines [&hellip;]<\/p>\n","protected":false},"author":7,"featured_media":13727,"comment_status":"open","ping_status":"closed","sticky":false,"template":"","format":"standard","meta":{"_bbp_topic_count":0,"_bbp_reply_count":0,"_bbp_total_topic_count":0,"_bbp_total_reply_count":0,"_bbp_voice_count":0,"_bbp_anonymous_reply_count":0,"_bbp_topic_count_hidden":0,"_bbp_reply_count_hidden":0,"_bbp_forum_subforum_count":0,"site-sidebar-layout":"default","site-content-layout":"","ast-site-content-layout":"","site-content-style":"default","site-sidebar-style":"default","ast-global-header-display":"","ast-banner-title-visibility":"","ast-main-header-display":"","ast-hfb-above-header-display":"","ast-hfb-below-header-display":"","ast-hfb-mobile-header-display":"","site-post-title":"","ast-breadcrumbs-content":"","ast-featured-img":"","footer-sml-layout":"","theme-transparent-header-meta":"","adv-header-id-meta":"","stick-header-meta":"","header-above-stick-meta":"","header-main-stick-meta":"","header-below-stick-meta":"","astra-migrate-meta-layouts":"default","ast-page-background-enabled":"default","ast-page-background-meta":{"desktop":{"background-color":"var(--ast-global-color-4)","background-image":"","background-repeat":"repeat","background-position":"center center","background-size":"auto","background-attachment":"scroll","background-type":"","background-media":"","overlay-type":"","overlay-color":"","overlay-opacity":"","overlay-gradient":""},"tablet":{"background-color":"","background-image":"","background-repeat":"repeat","background-position":"center center","background-size":"auto","background-attachment":"scroll","background-type":"","background-media":"","overlay-type":"","overlay-color":"","overlay-opacity":"","overlay-gradient":""},"mobile":{"background-color":"","background-image":"","background-repeat":"repeat","background-position":"center center","background-size":"auto","background-attachment":"scroll","background-type":"","background-media":"","overlay-type":"","overlay-color":"","overlay-opacity":"","overlay-gradient":""}},"ast-content-background-meta":{"desktop":{"background-color":"var(--ast-global-color-5)","background-image":"","background-repeat":"repeat","background-position":"center center","background-size":"auto","background-attachment":"scroll","background-type":"","background-media":"","overlay-type":"","overlay-color":"","overlay-opacity":"","overlay-gradient":""},"tablet":{"background-color":"var(--ast-global-color-5)","background-image":"","background-repeat":"repeat","background-position":"center center","background-size":"auto","background-attachment":"scroll","background-type":"","background-media":"","overlay-type":"","overlay-color":"","overlay-opacity":"","overlay-gradient":""},"mobile":{"background-color":"var(--ast-global-color-5)","background-image":"","background-repeat":"repeat","background-position":"center center","background-size":"auto","background-attachment":"scroll","background-type":"","background-media":"","overlay-type":"","overlay-color":"","overlay-opacity":"","overlay-gradient":""}},"footnotes":""},"categories":[346,354,431,1,29],"tags":[],"class_list":["post-13726","post","type-post","status-publish","format-standard","has-post-thumbnail","hentry","category-activitats-catalunya","category-comunitat","category-drets-humans","category-general","category-portada"],"post_mailing_queue_ids":[],"_links":{"self":[{"href":"https:\/\/serveiseducatius.xtec.cat\/baixpenedes\/wp-json\/wp\/v2\/posts\/13726","targetHints":{"allow":["GET"]}}],"collection":[{"href":"https:\/\/serveiseducatius.xtec.cat\/baixpenedes\/wp-json\/wp\/v2\/posts"}],"about":[{"href":"https:\/\/serveiseducatius.xtec.cat\/baixpenedes\/wp-json\/wp\/v2\/types\/post"}],"author":[{"embeddable":true,"href":"https:\/\/serveiseducatius.xtec.cat\/baixpenedes\/wp-json\/wp\/v2\/users\/7"}],"replies":[{"embeddable":true,"href":"https:\/\/serveiseducatius.xtec.cat\/baixpenedes\/wp-json\/wp\/v2\/comments?post=13726"}],"version-history":[{"count":1,"href":"https:\/\/serveiseducatius.xtec.cat\/baixpenedes\/wp-json\/wp\/v2\/posts\/13726\/revisions"}],"predecessor-version":[{"id":13728,"href":"https:\/\/serveiseducatius.xtec.cat\/baixpenedes\/wp-json\/wp\/v2\/posts\/13726\/revisions\/13728"}],"wp:featuredmedia":[{"embeddable":true,"href":"https:\/\/serveiseducatius.xtec.cat\/baixpenedes\/wp-json\/wp\/v2\/media\/13727"}],"wp:attachment":[{"href":"https:\/\/serveiseducatius.xtec.cat\/baixpenedes\/wp-json\/wp\/v2\/media?parent=13726"}],"wp:term":[{"taxonomy":"category","embeddable":true,"href":"https:\/\/serveiseducatius.xtec.cat\/baixpenedes\/wp-json\/wp\/v2\/categories?post=13726"},{"taxonomy":"post_tag","embeddable":true,"href":"https:\/\/serveiseducatius.xtec.cat\/baixpenedes\/wp-json\/wp\/v2\/tags?post=13726"}],"curies":[{"name":"wp","href":"https:\/\/api.w.org\/{rel}","templated":true}]}}