{"id":13722,"date":"2020-11-20T11:38:16","date_gmt":"2020-11-20T10:38:16","guid":{"rendered":"http:\/\/serveiseducatius.xtec.cat\/baixpenedes\/?p=13722"},"modified":"2020-11-20T12:40:59","modified_gmt":"2020-11-20T11:40:59","slug":"la-marato-tv3-ja-es-aqui","status":"publish","type":"post","link":"https:\/\/serveiseducatius.xtec.cat\/baixpenedes\/xerrades\/portada\/la-marato-tv3-ja-es-aqui\/","title":{"rendered":"LA MARAT\u00d3 TV3 JA \u00c9S AQU\u00cd"},"content":{"rendered":"<p><img loading=\"lazy\" decoding=\"async\" class=\"size-full wp-image-13724 aligncenter\" src=\"https:\/\/serveiseducatius.xtec.cat\/baixpenedes\/wp-content\/uploads\/usu764\/2020\/10\/ma.jpg\" alt=\"\" width=\"603\" height=\"139\" srcset=\"https:\/\/serveiseducatius.xtec.cat\/baixpenedes\/wp-content\/uploads\/usu764\/2020\/10\/ma.jpg 603w, https:\/\/serveiseducatius.xtec.cat\/baixpenedes\/wp-content\/uploads\/usu764\/2020\/10\/ma-300x69.jpg 300w\" sizes=\"auto, (max-width: 603px) 100vw, 603px\" \/><\/p>\n<p>Aquest any, la 29a edici\u00f3 de La Marat\u00f3 de TV3, tindr\u00e0 lloc el <strong>20 de desembre i estar\u00e0 dedicada a la Covid-19<\/strong>. Al mes d&#8217;octubre comen\u00e7a la campanya de difusi\u00f3, amb les sessions informatives als centres educatius i c\u00edvics de tot Catalunya. Les sessions informatives gratu\u00eftes les impartiran professionals de la salut amb el suport d\u2019un v\u00eddeo did\u00e0ctic i v\u00e9nen marcades per l\u2019objectiu de donar a con\u00e8ixer el tema que es tractar\u00e0 a La Marat\u00f3 i despertar l\u2019esperit solidari envers les persones afectades i la seva fam\u00edlia.<br \/>\nLes sessions estan adre\u00e7ades als alumnes de 12 a 18 anys de secund\u00e0ria, batxillerat i cicles formatius.<\/p>\n<p>Seguint els protocols i mesures de prevenci\u00f3, enguany les xerrades es faran mitjan\u00e7ant una plataforma virtual, que permetr\u00e0 una comunicaci\u00f3 directe i interactiva amb els alumnes.Els centres educatius poden triar el dia i l\u2019hora dins el per\u00edode que anir\u00e0 des del 13 d\u2019octubre fins al 20 de desembre, de dilluns a divendres, de 08.00 h a 20.00 h. Cada sessi\u00f3 t\u00e9 una durada<br \/>\nde 60 minuts.La sol.licitud de les sessions divulgatives als centres la podeu realitzar amb aquest <a href=\"https:\/\/registre-lamarato.ccma.cat\/lamarato\/conferencies\/centre.jsf\">formulari.<\/a><\/p>\n<p style=\"font-weight: 400;\">Des de La Marat\u00f3 ens han fet arribar unes premisses que poden ser d&#8217;ajuda i que cal tenir en compte a l&#8217;hora de realitzar la inscripci\u00f3 a les sessions divulgatives d&#8217;aquells centres\u00a0 que ja s&#8217;han inscrit (per exemple I.E. \u00c0ngel de Tobies) o que preveieu poder-vos nscriure.<\/p>\n<p>\u00a0\u00a0S\u2019ha de demanar 1 sessi\u00f3 per grup estable (25-30 alumnes)<\/p>\n<p>&#8211;\u00a0\u00a0\u00a0\u00a0\u00a0\u00a0\u00a0\u00a0\u00a0\u00a0Les sessions no poden ser simult\u00e0nies (ex. No es pot connectar 3 classes de 4t d\u2019ESO a la mateixa sessi\u00f3)<\/p>\n<p>&#8211;\u00a0\u00a0\u00a0\u00a0\u00a0\u00a0\u00a0\u00a0\u00a0\u00a01 sola petici\u00f3 per centre (si un centre t\u00e9 ESO, batxillerat i cicles, s\u2019ha de coordinar pr\u00e8viament per fer una sola petici\u00f3 web)<\/p>\n<p>&#8211;\u00a0\u00a0\u00a0\u00a0\u00a0\u00a0\u00a0\u00a0\u00a0\u00a0El centre pot demanar tantes sessions com necessiti, no hi ha l\u00edmit entenent que es pugui cobrir secund\u00e0ria i cicles<\/p>\n<p>&#8211;\u00a0\u00a0\u00a0\u00a0\u00a0\u00a0\u00a0\u00a0\u00a0\u00a0Enguany els centres no poden entrar al formulari per modificar o ampliar la petici\u00f3 realitzada<\/p>\n<p>&#8211;\u00a0\u00a0\u00a0\u00a0\u00a0\u00a0\u00a0\u00a0\u00a0\u00a0Les sessions han de ser consecutives i compactades en una, dos, tres&#8230; jornades. Tantes com el centre necessiti<\/p>\n<p>o\u00a0\u00a0\u00a0Exemple: \u00a0\u00a05-6 sessions al mat\u00ed = 1 dia<\/p>\n<p>o\u00a0\u00a0\u00a0\u00a0\u00a0\u00a0\u00a0\u00a0\u00a0\u00a0\u00a0\u00a0\u00a0\u00a0\u00a0\u00a0\u00a0\u00a0\u00a0\u00a0\u00a010-12 sessions al mat\u00ed = 2 dies<\/p>\n<p>o\u00a0\u00a0\u00a0\u00a0\u00a0\u00a0\u00a0\u00a0\u00a0\u00a0\u00a0\u00a0\u00a0\u00a0\u00a0\u00a0\u00a0\u00a0\u00a0\u00a0\u00a010 sessions entre mat\u00ed i tarda = 1 dia \u00f3 2 dies<\/p>\n<p>&nbsp;<\/p>\n<p style=\"font-weight: 400;\">&#8211;\u00a0\u00a0\u00a0\u00a0\u00a0\u00a0\u00a0\u00a0\u00a0\u00a0Les sessions es poden fer de 08.00h a 20.00 h<\/p>\n<p>&#8211;\u00a0\u00a0\u00a0\u00a0\u00a0\u00a0\u00a0\u00a0\u00a0\u00a0La petici\u00f3 s&#8217;ha de realitzar amb un m\u00ednim de 15 dies naturals abans de la data sol\u00b7licitada<\/p>\n<p style=\"font-weight: 400;\">Per a qualsevol consulta podeu contactar a trav\u00e9s de:\u00a0<a href=\"mailto:sessions_divulgatives@ccma.cat\">sessions_divulgatives@ccma.cat<\/a>\u00a0o b\u00e9 als tel\u00e8fons 93 552 74 98, 93 553 32 57, 93 552 74 99.<\/p>\n<p>La plataforma de les sessions ser\u00e0 TEAMS que funciona molt semblant a MEET,<a href=\"https:\/\/mail.google.com\/mail\/u\/0?ui=2&amp;ik=c6f619f4c2&amp;attid=0.3&amp;permmsgid=msg-f:1680601714999859635&amp;th=1752b25b077a99b3&amp;view=att&amp;disp=inline&amp;realattid=f_kgahy6js2\"> .Aqu\u00ed<\/a> trobareu una guia del seu funcionament.<\/p>\n<p>M\u00e9s informaci\u00f3 <a href=\"https:\/\/www.ccma.cat\/tv3\/marato\/activitats-populars\/2020\/1770\/\">web marat\u00f3 TV3<\/a><br \/>\nPer a qualsevol consulta podeu contactar a trav\u00e9s de: sessions_divulgatives@ccma.cat o b\u00e9 al<br \/>\ntel\u00e8fon 93 552 74 98.<\/p>\n<p><strong>\u26a0\ufe0f\u2139\ufe0fATENCI\u00d3: Fins el dia <em>30 de novembre a les 10.00 h<\/em> els centres es poden apuntar al concurs PINTA!<\/strong><\/p>\n<p><a href=\"https:\/\/mail.google.com\/mail\/u\/0?ui=2&amp;ik=c6f619f4c2&amp;attid=0.2&amp;permmsgid=msg-f:1680601714999859635&amp;th=1752b25b077a99b3&amp;view=att&amp;disp=inline&amp;realattid=f_kgahy3qs1\">Bases Pinta LM20\u00a0<\/a><\/p>\n","protected":false},"excerpt":{"rendered":"<p>Aquest any, la 29a edici\u00f3 de La Marat\u00f3 de TV3, tindr\u00e0 lloc el 20 de desembre i estar\u00e0 dedicada a la Covid-19. Al mes d&#8217;octubre comen\u00e7a la campanya de difusi\u00f3, amb les sessions informatives als centres educatius i c\u00edvics de tot Catalunya. Les sessions informatives gratu\u00eftes les impartiran professionals de la salut amb el suport [&hellip;]<\/p>\n","protected":false},"author":7,"featured_media":13723,"comment_status":"open","ping_status":"closed","sticky":false,"template":"","format":"standard","meta":{"_bbp_topic_count":0,"_bbp_reply_count":0,"_bbp_total_topic_count":0,"_bbp_total_reply_count":0,"_bbp_voice_count":0,"_bbp_anonymous_reply_count":0,"_bbp_topic_count_hidden":0,"_bbp_reply_count_hidden":0,"_bbp_forum_subforum_count":0,"site-sidebar-layout":"default","site-content-layout":"","ast-site-content-layout":"","site-content-style":"default","site-sidebar-style":"default","ast-global-header-display":"","ast-banner-title-visibility":"","ast-main-header-display":"","ast-hfb-above-header-display":"","ast-hfb-below-header-display":"","ast-hfb-mobile-header-display":"","site-post-title":"","ast-breadcrumbs-content":"","ast-featured-img":"","footer-sml-layout":"","theme-transparent-header-meta":"","adv-header-id-meta":"","stick-header-meta":"","header-above-stick-meta":"","header-main-stick-meta":"","header-below-stick-meta":"","astra-migrate-meta-layouts":"default","ast-page-background-enabled":"default","ast-page-background-meta":{"desktop":{"background-color":"var(--ast-global-color-4)","background-image":"","background-repeat":"repeat","background-position":"center center","background-size":"auto","background-attachment":"scroll","background-type":"","background-media":"","overlay-type":"","overlay-color":"","overlay-opacity":"","overlay-gradient":""},"tablet":{"background-color":"","background-image":"","background-repeat":"repeat","background-position":"center center","background-size":"auto","background-attachment":"scroll","background-type":"","background-media":"","overlay-type":"","overlay-color":"","overlay-opacity":"","overlay-gradient":""},"mobile":{"background-color":"","background-image":"","background-repeat":"repeat","background-position":"center center","background-size":"auto","background-attachment":"scroll","background-type":"","background-media":"","overlay-type":"","overlay-color":"","overlay-opacity":"","overlay-gradient":""}},"ast-content-background-meta":{"desktop":{"background-color":"var(--ast-global-color-5)","background-image":"","background-repeat":"repeat","background-position":"center center","background-size":"auto","background-attachment":"scroll","background-type":"","background-media":"","overlay-type":"","overlay-color":"","overlay-opacity":"","overlay-gradient":""},"tablet":{"background-color":"var(--ast-global-color-5)","background-image":"","background-repeat":"repeat","background-position":"center center","background-size":"auto","background-attachment":"scroll","background-type":"","background-media":"","overlay-type":"","overlay-color":"","overlay-opacity":"","overlay-gradient":""},"mobile":{"background-color":"var(--ast-global-color-5)","background-image":"","background-repeat":"repeat","background-position":"center center","background-size":"auto","background-attachment":"scroll","background-type":"","background-media":"","overlay-type":"","overlay-color":"","overlay-opacity":"","overlay-gradient":""}},"footnotes":""},"categories":[346,76,354,66,29,203],"tags":[],"class_list":["post-13722","post","type-post","status-publish","format-standard","has-post-thumbnail","hentry","category-activitats-catalunya","category-agenda","category-comunitat","category-dinamitzacio","category-portada","category-xerrades"],"post_mailing_queue_ids":[],"_links":{"self":[{"href":"https:\/\/serveiseducatius.xtec.cat\/baixpenedes\/wp-json\/wp\/v2\/posts\/13722","targetHints":{"allow":["GET"]}}],"collection":[{"href":"https:\/\/serveiseducatius.xtec.cat\/baixpenedes\/wp-json\/wp\/v2\/posts"}],"about":[{"href":"https:\/\/serveiseducatius.xtec.cat\/baixpenedes\/wp-json\/wp\/v2\/types\/post"}],"author":[{"embeddable":true,"href":"https:\/\/serveiseducatius.xtec.cat\/baixpenedes\/wp-json\/wp\/v2\/users\/7"}],"replies":[{"embeddable":true,"href":"https:\/\/serveiseducatius.xtec.cat\/baixpenedes\/wp-json\/wp\/v2\/comments?post=13722"}],"version-history":[{"count":3,"href":"https:\/\/serveiseducatius.xtec.cat\/baixpenedes\/wp-json\/wp\/v2\/posts\/13722\/revisions"}],"predecessor-version":[{"id":13899,"href":"https:\/\/serveiseducatius.xtec.cat\/baixpenedes\/wp-json\/wp\/v2\/posts\/13722\/revisions\/13899"}],"wp:featuredmedia":[{"embeddable":true,"href":"https:\/\/serveiseducatius.xtec.cat\/baixpenedes\/wp-json\/wp\/v2\/media\/13723"}],"wp:attachment":[{"href":"https:\/\/serveiseducatius.xtec.cat\/baixpenedes\/wp-json\/wp\/v2\/media?parent=13722"}],"wp:term":[{"taxonomy":"category","embeddable":true,"href":"https:\/\/serveiseducatius.xtec.cat\/baixpenedes\/wp-json\/wp\/v2\/categories?post=13722"},{"taxonomy":"post_tag","embeddable":true,"href":"https:\/\/serveiseducatius.xtec.cat\/baixpenedes\/wp-json\/wp\/v2\/tags?post=13722"}],"curies":[{"name":"wp","href":"https:\/\/api.w.org\/{rel}","templated":true}]}}