{"id":13103,"date":"2020-04-23T17:50:12","date_gmt":"2020-04-23T15:50:12","guid":{"rendered":"http:\/\/serveiseducatius.xtec.cat\/baixpenedes\/?p=13103"},"modified":"2020-04-23T21:41:15","modified_gmt":"2020-04-23T19:41:15","slug":"sant-jordi-2020","status":"publish","type":"post","link":"https:\/\/serveiseducatius.xtec.cat\/baixpenedes\/general\/sant-jordi-2020\/","title":{"rendered":"SANT JORDI 2020"},"content":{"rendered":"<p>Feli\u00e7 diada de balc\u00f3 a finestra i de finestra a terrassa per a tothom!<img loading=\"lazy\" decoding=\"async\" class=\"wp-image-13104 alignright\" src=\"https:\/\/serveiseducatius.xtec.cat\/baixpenedes\/wp-content\/uploads\/usu764\/2020\/04\/george1.png\" alt=\"\" width=\"297\" height=\"298\" srcset=\"https:\/\/serveiseducatius.xtec.cat\/baixpenedes\/wp-content\/uploads\/usu764\/2020\/04\/george1.png 464w, https:\/\/serveiseducatius.xtec.cat\/baixpenedes\/wp-content\/uploads\/usu764\/2020\/04\/george1-150x150.png 150w, https:\/\/serveiseducatius.xtec.cat\/baixpenedes\/wp-content\/uploads\/usu764\/2020\/04\/george1-300x300.png 300w\" sizes=\"auto, (max-width: 297px) 100vw, 297px\" \/> Per una celebraci\u00f3 com la d&#8217;avui tenim v\u00e0ries activitats a <a href=\"http:\/\/www.edu365.cat\/celebracions\/santjordi\/index.html\">edu365<\/a> llegeix la llegenda, mira els relats, crea el teu propi relat o la teva animaci\u00f3. sopes de lletres, can\u00e7ons, dictats interactius ,etc tot un seguit de diverses activitats de petits a grans. A les vostres webs i les d&#8217;altres centres esteu compartint com celebrem aquest dia amb multitud de propostes a <a href=\"https:\/\/sinapsi.xtec.cat\/ca\/synapses\/sant-jordi?_ga=2.260627789.1351430503.1587638510-2126281669.1557765948\">sin\u00e0psi<\/a> en fem un recull de les vostres publicacions.\u00a0Idees i propostes per viure la lectura i escriptura en temps de confinament. Parlem de <img loading=\"lazy\" decoding=\"async\" class=\" wp-image-13105 alignleft\" src=\"https:\/\/serveiseducatius.xtec.cat\/baixpenedes\/wp-content\/uploads\/usu764\/2020\/04\/george3.png\" alt=\"\" width=\"354\" height=\"352\" srcset=\"https:\/\/serveiseducatius.xtec.cat\/baixpenedes\/wp-content\/uploads\/usu764\/2020\/04\/george3.png 478w, https:\/\/serveiseducatius.xtec.cat\/baixpenedes\/wp-content\/uploads\/usu764\/2020\/04\/george3-150x150.png 150w, https:\/\/serveiseducatius.xtec.cat\/baixpenedes\/wp-content\/uploads\/usu764\/2020\/04\/george3-300x298.png 300w\" sizes=\"auto, (max-width: 354px) 100vw, 354px\" \/>l&#8217;<a href=\"http:\/\/xtec.gencat.cat\/web\/.content\/centres\/celebracions\/2020\/sant-jordi\/poster-general-rodari.pdf\">univers Rodari<\/a>, la Gram\u00e0tica de la fantasia, els Contes per tel\u00e8fon\u00a0 Idees i propostes per viure la lectura i l&#8217;escriptura en temps de confinament. L&#8217;univers Rodari, dels\u00a0<em>Contes per tel\u00e8fon<\/em>\u00a0a la\u00a0<em>Gram\u00e0tica de la fantasia<\/em>, i molt m\u00e9s amb fullet i p\u00f2ster de cada modalitat. I al moodle? Ara tenim EIX! per qu\u00e8 no incloem activitats al voltant de la celebraci\u00f3 de Sant Jordi: contes, manualitats, jocs i v\u00eddeos que ja estan a punt? <a href=\"https:\/\/educaciodigital.cat\/esc-llevant\/moodle\/course\/view.php?id=92\">Descarrega&#8217;l<\/a> ! No us oblideu de la <a href=\"https:\/\/projectes.xtec.cat\/steamcat\/portada\/fem-sant-jordi-steam\/?_ga=2.35927648.1351430503.1587638510-2126281669.1557765948\">PropoSTEAM<\/a> amb manualitats, contes, e-poetry, poesia combinat\u00f2ria ,etc.Podem aprofitar per veure pel.l\u00edcula en streaming <a href=\"http:\/\/www.lallegendadesantjordi.cat\/\">&#8220;La llegenda de Sant Jordi&#8221;<\/a>tot un projecte did\u00e0ctic amb dossier incl\u00f2s, dibuixos, p\u00f2ster, fotogrames, acc\u00e9s a fitxa t\u00e8cnica&#8230;I les matem\u00e0tiques? No ens oblidarem de Sant Jordi celebrant-lo amb 3 <a href=\"http:\/\/www.xeix.org\/activitats-sbm-xeix\/article\/sant-jordi-a-casa-3-reptes\">reptes matem\u00e0tics<\/a> de la Societat Balear de les Matem\u00e0tiques. Al blog <a href=\"https:\/\/blocs.xtec.cat\/implicatspersantjordi\/\">implica&#8217;t+<\/a> <img loading=\"lazy\" decoding=\"async\" class=\"wp-image-13106 alignright\" src=\"https:\/\/serveiseducatius.xtec.cat\/baixpenedes\/wp-content\/uploads\/usu764\/2020\/04\/george2.png\" alt=\"\" width=\"414\" height=\"328\" srcset=\"https:\/\/serveiseducatius.xtec.cat\/baixpenedes\/wp-content\/uploads\/usu764\/2020\/04\/george2.png 616w, https:\/\/serveiseducatius.xtec.cat\/baixpenedes\/wp-content\/uploads\/usu764\/2020\/04\/george2-300x238.png 300w\" sizes=\"auto, (max-width: 414px) 100vw, 414px\" \/>podrem fer bookmarks,Trencaclosques, manualitats i m\u00e9s propostes per a tots els nivells i \u00e0mbits. A qu\u00e8 esperes? Quina triar\u00e0s? Quina experi\u00e8ncia o activitat ens proposes tu?<\/p>\n<p><strong><span style=\"color: #008000;\">FELI\u00c7 SANT JORDI 2020 a tots i totes<a href=\"http:\/\/genmagic.net\/pasapalabras_app\/inicio\/?id=santjordi2020\"><img loading=\"lazy\" decoding=\"async\" class=\"alignnone wp-image-13117\" src=\"https:\/\/serveiseducatius.xtec.cat\/baixpenedes\/wp-content\/uploads\/usu764\/2020\/04\/george5.png\" alt=\"\" width=\"238\" height=\"273\" srcset=\"https:\/\/serveiseducatius.xtec.cat\/baixpenedes\/wp-content\/uploads\/usu764\/2020\/04\/george5.png 534w, https:\/\/serveiseducatius.xtec.cat\/baixpenedes\/wp-content\/uploads\/usu764\/2020\/04\/george5-262x300.png 262w\" sizes=\"auto, (max-width: 238px) 100vw, 238px\" \/><\/a><\/span><\/strong><\/p>\n<div class=\"ast-oembed-container \" style=\"height: 100%;\"><iframe loading=\"lazy\" title=\"Un Sant Jordi Diferent - Can\u00e7\u00f3 Col\u00b7lectiva (Videoclip Oficial)\" width=\"500\" height=\"281\" src=\"https:\/\/www.youtube.com\/embed\/5Blo20LToGM?feature=oembed\" frameborder=\"0\" allow=\"accelerometer; autoplay; clipboard-write; encrypted-media; gyroscope; picture-in-picture; web-share\" referrerpolicy=\"strict-origin-when-cross-origin\" allowfullscreen><\/iframe><\/div>\n","protected":false},"excerpt":{"rendered":"<p>Feli\u00e7 diada de balc\u00f3 a finestra i de finestra a terrassa per a tothom! Per una celebraci\u00f3 com la d&#8217;avui tenim v\u00e0ries activitats a edu365 llegeix la llegenda, mira els relats, crea el teu propi relat o la teva animaci\u00f3. sopes de lletres, can\u00e7ons, dictats interactius ,etc tot un seguit de diverses activitats de petits [&hellip;]<\/p>\n","protected":false},"author":7,"featured_media":13107,"comment_status":"open","ping_status":"closed","sticky":false,"template":"","format":"standard","meta":{"_bbp_topic_count":0,"_bbp_reply_count":0,"_bbp_total_topic_count":0,"_bbp_total_reply_count":0,"_bbp_voice_count":0,"_bbp_anonymous_reply_count":0,"_bbp_topic_count_hidden":0,"_bbp_reply_count_hidden":0,"_bbp_forum_subforum_count":0,"site-sidebar-layout":"default","site-content-layout":"","ast-site-content-layout":"","site-content-style":"default","site-sidebar-style":"default","ast-global-header-display":"","ast-banner-title-visibility":"","ast-main-header-display":"","ast-hfb-above-header-display":"","ast-hfb-below-header-display":"","ast-hfb-mobile-header-display":"","site-post-title":"","ast-breadcrumbs-content":"","ast-featured-img":"","footer-sml-layout":"","theme-transparent-header-meta":"","adv-header-id-meta":"","stick-header-meta":"","header-above-stick-meta":"","header-main-stick-meta":"","header-below-stick-meta":"","astra-migrate-meta-layouts":"default","ast-page-background-enabled":"default","ast-page-background-meta":{"desktop":{"background-color":"var(--ast-global-color-4)","background-image":"","background-repeat":"repeat","background-position":"center center","background-size":"auto","background-attachment":"scroll","background-type":"","background-media":"","overlay-type":"","overlay-color":"","overlay-opacity":"","overlay-gradient":""},"tablet":{"background-color":"","background-image":"","background-repeat":"repeat","background-position":"center center","background-size":"auto","background-attachment":"scroll","background-type":"","background-media":"","overlay-type":"","overlay-color":"","overlay-opacity":"","overlay-gradient":""},"mobile":{"background-color":"","background-image":"","background-repeat":"repeat","background-position":"center center","background-size":"auto","background-attachment":"scroll","background-type":"","background-media":"","overlay-type":"","overlay-color":"","overlay-opacity":"","overlay-gradient":""}},"ast-content-background-meta":{"desktop":{"background-color":"var(--ast-global-color-5)","background-image":"","background-repeat":"repeat","background-position":"center center","background-size":"auto","background-attachment":"scroll","background-type":"","background-media":"","overlay-type":"","overlay-color":"","overlay-opacity":"","overlay-gradient":""},"tablet":{"background-color":"var(--ast-global-color-5)","background-image":"","background-repeat":"repeat","background-position":"center center","background-size":"auto","background-attachment":"scroll","background-type":"","background-media":"","overlay-type":"","overlay-color":"","overlay-opacity":"","overlay-gradient":""},"mobile":{"background-color":"var(--ast-global-color-5)","background-image":"","background-repeat":"repeat","background-position":"center center","background-size":"auto","background-attachment":"scroll","background-type":"","background-media":"","overlay-type":"","overlay-color":"","overlay-opacity":"","overlay-gradient":""}},"footnotes":""},"categories":[346,76,462,463,380,354,385,356,1,29,370],"tags":[],"class_list":["post-13103","post","type-post","status-publish","format-standard","has-post-thumbnail","hentry","category-activitats-catalunya","category-agenda","category-angles","category-celebracions","category-ciencia","category-comunitat","category-gust-lectura","category-families","category-general","category-portada","category-recursos"],"post_mailing_queue_ids":[],"_links":{"self":[{"href":"https:\/\/serveiseducatius.xtec.cat\/baixpenedes\/wp-json\/wp\/v2\/posts\/13103","targetHints":{"allow":["GET"]}}],"collection":[{"href":"https:\/\/serveiseducatius.xtec.cat\/baixpenedes\/wp-json\/wp\/v2\/posts"}],"about":[{"href":"https:\/\/serveiseducatius.xtec.cat\/baixpenedes\/wp-json\/wp\/v2\/types\/post"}],"author":[{"embeddable":true,"href":"https:\/\/serveiseducatius.xtec.cat\/baixpenedes\/wp-json\/wp\/v2\/users\/7"}],"replies":[{"embeddable":true,"href":"https:\/\/serveiseducatius.xtec.cat\/baixpenedes\/wp-json\/wp\/v2\/comments?post=13103"}],"version-history":[{"count":3,"href":"https:\/\/serveiseducatius.xtec.cat\/baixpenedes\/wp-json\/wp\/v2\/posts\/13103\/revisions"}],"predecessor-version":[{"id":13118,"href":"https:\/\/serveiseducatius.xtec.cat\/baixpenedes\/wp-json\/wp\/v2\/posts\/13103\/revisions\/13118"}],"wp:featuredmedia":[{"embeddable":true,"href":"https:\/\/serveiseducatius.xtec.cat\/baixpenedes\/wp-json\/wp\/v2\/media\/13107"}],"wp:attachment":[{"href":"https:\/\/serveiseducatius.xtec.cat\/baixpenedes\/wp-json\/wp\/v2\/media?parent=13103"}],"wp:term":[{"taxonomy":"category","embeddable":true,"href":"https:\/\/serveiseducatius.xtec.cat\/baixpenedes\/wp-json\/wp\/v2\/categories?post=13103"},{"taxonomy":"post_tag","embeddable":true,"href":"https:\/\/serveiseducatius.xtec.cat\/baixpenedes\/wp-json\/wp\/v2\/tags?post=13103"}],"curies":[{"name":"wp","href":"https:\/\/api.w.org\/{rel}","templated":true}]}}