{"id":12729,"date":"2020-03-03T11:54:35","date_gmt":"2020-03-03T10:54:35","guid":{"rendered":"http:\/\/serveiseducatius.xtec.cat\/baixpenedes\/?p=12729"},"modified":"2020-03-11T22:43:43","modified_gmt":"2020-03-11T21:43:43","slug":"medutarraco","status":"publish","type":"post","link":"https:\/\/serveiseducatius.xtec.cat\/baixpenedes\/general\/medutarraco\/","title":{"rendered":"Ajornament mEduTarraco"},"content":{"rendered":"<p><img loading=\"lazy\" decoding=\"async\" class=\"wp-image-12764 alignleft\" src=\"https:\/\/serveiseducatius.xtec.cat\/baixpenedes\/wp-content\/uploads\/usu764\/2020\/03\/medu.png\" alt=\"\" width=\"220\" height=\"230\" \/><\/p>\n<p>Per indicaci\u00f3 del director de Serveis Territorials de Tarragona i seguint les recomanacions del Departament en <a href=\"http:\/\/ensenyament.gencat.cat\/ca\/inici\/nota-premsa\/?id=383825\">el seu comunicat publicat ,<\/a>\u00a0l&#8217;acte d&#8217;inauguraci\u00f3 de l&#8217;mEduTarraco. ha quedat ajornat.<\/p>\n<p>Aquest projecte inclusiu, multicompetencial , col.laboratiu i interdisciplinar de georeferenciaci\u00f3 i tecnologia m\u00f2bil est\u00e0 adre\u00e7at a cicle superior de prim\u00e0ria, secund\u00e0ria, batxillerat i cicles formatius.<\/p>\n<p>Enguany \u00e9s la quarta edici\u00f3 i compta amb 1205 alumnes inscrits i m\u00e9s de 100 centres docents de Prim\u00e0ria i Secund\u00e0ria d&#8217;Altafulla, El Vendrell, Torredembarra,Santa Oliva, L&#8217;Arbo\u00e7, Els Pallaresos, Reus, Salou, Tarragona,Valls,El Catllar, El Morell i Vila-seca.<\/p>\n<p>Amb l&#8217;objectiu de con\u00e8ixer la ciutat. l&#8217;alumnat realitzar\u00e0 un joc de preguntes georeferenciades a llocs d&#8217;inter\u00e9s de Tarragona mitjan\u00e7ant la plataforma MHM i participar\u00e0 en la descoberta d&#8217;un personatge il.lustre tarragon\u00ed amb la col.laboraci\u00f3 d&#8217;emblem\u00e0tics comer\u00e7os de la ciutat. Enguany els objectius de desenvolupament sostenible hi seran presents amb un premi adicional.<\/p>\n<p>M\u00e9s informaci\u00f3 consulteu la web <a href=\"https:\/\/projectes.xtec.cat\/met\/\">mEduTarraco.<\/a><\/p>\n","protected":false},"excerpt":{"rendered":"<p>Per indicaci\u00f3 del director de Serveis Territorials de Tarragona i seguint les recomanacions del Departament en el seu comunicat publicat ,\u00a0l&#8217;acte d&#8217;inauguraci\u00f3 de l&#8217;mEduTarraco. ha quedat ajornat. Aquest projecte inclusiu, multicompetencial , col.laboratiu i interdisciplinar de georeferenciaci\u00f3 i tecnologia m\u00f2bil est\u00e0 adre\u00e7at a cicle superior de prim\u00e0ria, secund\u00e0ria, batxillerat i cicles formatius. Enguany \u00e9s la [&hellip;]<\/p>\n","protected":false},"author":7,"featured_media":12764,"comment_status":"open","ping_status":"closed","sticky":false,"template":"","format":"standard","meta":{"_bbp_topic_count":0,"_bbp_reply_count":0,"_bbp_total_topic_count":0,"_bbp_total_reply_count":0,"_bbp_voice_count":0,"_bbp_anonymous_reply_count":0,"_bbp_topic_count_hidden":0,"_bbp_reply_count_hidden":0,"_bbp_forum_subforum_count":0,"site-sidebar-layout":"default","site-content-layout":"","ast-site-content-layout":"","site-content-style":"default","site-sidebar-style":"default","ast-global-header-display":"","ast-banner-title-visibility":"","ast-main-header-display":"","ast-hfb-above-header-display":"","ast-hfb-below-header-display":"","ast-hfb-mobile-header-display":"","site-post-title":"","ast-breadcrumbs-content":"","ast-featured-img":"","footer-sml-layout":"","theme-transparent-header-meta":"","adv-header-id-meta":"","stick-header-meta":"","header-above-stick-meta":"","header-main-stick-meta":"","header-below-stick-meta":"","astra-migrate-meta-layouts":"default","ast-page-background-enabled":"default","ast-page-background-meta":{"desktop":{"background-color":"var(--ast-global-color-4)","background-image":"","background-repeat":"repeat","background-position":"center center","background-size":"auto","background-attachment":"scroll","background-type":"","background-media":"","overlay-type":"","overlay-color":"","overlay-opacity":"","overlay-gradient":""},"tablet":{"background-color":"","background-image":"","background-repeat":"repeat","background-position":"center center","background-size":"auto","background-attachment":"scroll","background-type":"","background-media":"","overlay-type":"","overlay-color":"","overlay-opacity":"","overlay-gradient":""},"mobile":{"background-color":"","background-image":"","background-repeat":"repeat","background-position":"center center","background-size":"auto","background-attachment":"scroll","background-type":"","background-media":"","overlay-type":"","overlay-color":"","overlay-opacity":"","overlay-gradient":""}},"ast-content-background-meta":{"desktop":{"background-color":"var(--ast-global-color-5)","background-image":"","background-repeat":"repeat","background-position":"center center","background-size":"auto","background-attachment":"scroll","background-type":"","background-media":"","overlay-type":"","overlay-color":"","overlay-opacity":"","overlay-gradient":""},"tablet":{"background-color":"var(--ast-global-color-5)","background-image":"","background-repeat":"repeat","background-position":"center center","background-size":"auto","background-attachment":"scroll","background-type":"","background-media":"","overlay-type":"","overlay-color":"","overlay-opacity":"","overlay-gradient":""},"mobile":{"background-color":"var(--ast-global-color-5)","background-image":"","background-repeat":"repeat","background-position":"center center","background-size":"auto","background-attachment":"scroll","background-type":"","background-media":"","overlay-type":"","overlay-color":"","overlay-opacity":"","overlay-gradient":""}},"footnotes":""},"categories":[76,66,1,383,29],"tags":[],"class_list":["post-12729","post","type-post","status-publish","format-standard","has-post-thumbnail","hentry","category-agenda","category-dinamitzacio","category-general","category-mhm","category-portada"],"post_mailing_queue_ids":[],"_links":{"self":[{"href":"https:\/\/serveiseducatius.xtec.cat\/baixpenedes\/wp-json\/wp\/v2\/posts\/12729","targetHints":{"allow":["GET"]}}],"collection":[{"href":"https:\/\/serveiseducatius.xtec.cat\/baixpenedes\/wp-json\/wp\/v2\/posts"}],"about":[{"href":"https:\/\/serveiseducatius.xtec.cat\/baixpenedes\/wp-json\/wp\/v2\/types\/post"}],"author":[{"embeddable":true,"href":"https:\/\/serveiseducatius.xtec.cat\/baixpenedes\/wp-json\/wp\/v2\/users\/7"}],"replies":[{"embeddable":true,"href":"https:\/\/serveiseducatius.xtec.cat\/baixpenedes\/wp-json\/wp\/v2\/comments?post=12729"}],"version-history":[{"count":3,"href":"https:\/\/serveiseducatius.xtec.cat\/baixpenedes\/wp-json\/wp\/v2\/posts\/12729\/revisions"}],"predecessor-version":[{"id":12765,"href":"https:\/\/serveiseducatius.xtec.cat\/baixpenedes\/wp-json\/wp\/v2\/posts\/12729\/revisions\/12765"}],"wp:featuredmedia":[{"embeddable":true,"href":"https:\/\/serveiseducatius.xtec.cat\/baixpenedes\/wp-json\/wp\/v2\/media\/12764"}],"wp:attachment":[{"href":"https:\/\/serveiseducatius.xtec.cat\/baixpenedes\/wp-json\/wp\/v2\/media?parent=12729"}],"wp:term":[{"taxonomy":"category","embeddable":true,"href":"https:\/\/serveiseducatius.xtec.cat\/baixpenedes\/wp-json\/wp\/v2\/categories?post=12729"},{"taxonomy":"post_tag","embeddable":true,"href":"https:\/\/serveiseducatius.xtec.cat\/baixpenedes\/wp-json\/wp\/v2\/tags?post=12729"}],"curies":[{"name":"wp","href":"https:\/\/api.w.org\/{rel}","templated":true}]}}