{"id":12718,"date":"2020-02-28T09:43:32","date_gmt":"2020-02-28T08:43:32","guid":{"rendered":"http:\/\/serveiseducatius.xtec.cat\/baixpenedes\/?p=12718"},"modified":"2020-03-11T22:51:51","modified_gmt":"2020-03-11T21:51:51","slug":"mobils-edu","status":"publish","type":"post","link":"https:\/\/serveiseducatius.xtec.cat\/baixpenedes\/xerrades\/portada\/mobils-edu\/","title":{"rendered":"m\u00f2bils.edu"},"content":{"rendered":"<p>&nbsp;<\/p>\n<p><img loading=\"lazy\" decoding=\"async\" class=\"alignnone size-full wp-image-12719 aligncenter\" src=\"https:\/\/serveiseducatius.xtec.cat\/baixpenedes\/wp-content\/uploads\/usu764\/2020\/02\/mobils.png\" alt=\"\" width=\"368\" height=\"165\" srcset=\"https:\/\/serveiseducatius.xtec.cat\/baixpenedes\/wp-content\/uploads\/usu764\/2020\/02\/mobils.png 368w, https:\/\/serveiseducatius.xtec.cat\/baixpenedes\/wp-content\/uploads\/usu764\/2020\/02\/mobils-300x135.png 300w\" sizes=\"auto, (max-width: 368px) 100vw, 368px\" \/><\/p>\n<p>Us informem que degut a les circumst\u00e0ncies extraordin\u00e0ries sanit\u00e0ries que ens envolten, i d&#8217;acord amb la decisi\u00f3 expressada pel Departament d&#8217;Educaci\u00f3 mitjan\u00e7ant <a href=\"http:\/\/ensenyament.gencat.cat\/ca\/inici\/nota-premsa\/?id=383825\" target=\"_blank\" rel=\"noopener noreferrer\" data-saferedirecturl=\"https:\/\/www.google.com\/url?q=http:\/\/ensenyament.gencat.cat\/ca\/inici\/nota-premsa\/?id%3D383825&amp;source=gmail&amp;ust=1584049491246000&amp;usg=AFQjCNHJkO8hvB0Omn-_Izxq9Gho4Me_XQ\">el comunicat que va publicar ahir<\/a>, s&#8217;ha susp\u00e8s\u00a0 la trobada <b>EXPLOREM<\/b> del proper dilluns 16 de mar\u00e7 a l&#8217;espai Bital de l&#8217;Hospitalet de LLobregat.<\/p>\n<p style=\"text-align: center;\">Trobada EXPLOREM dins del pla <strong>m\u00f2bils.edu<\/strong> ,9:00 a 14:00h. a confirmar dia i lloc. Oferta de tallers programats per aquesta sessi\u00f3 <a href=\"https:\/\/agora.xtec.cat\/mobilsedu\/general\/comunitat-3-explorem\/\">aqu\u00ed<\/a> . Inscripci\u00f3 oberta mitjan\u00e7ant <a href=\"https:\/\/docs.google.com\/forms\/d\/e\/1FAIpQLSe6ujsu2xYoKcklVs4krH-RkfPFi6h6IRjVWM0620NGOXV-lA\/viewform\">formulari<\/a><\/p>\n","protected":false},"excerpt":{"rendered":"<p>&nbsp; Us informem que degut a les circumst\u00e0ncies extraordin\u00e0ries sanit\u00e0ries que ens envolten, i d&#8217;acord amb la decisi\u00f3 expressada pel Departament d&#8217;Educaci\u00f3 mitjan\u00e7ant el comunicat que va publicar ahir, s&#8217;ha susp\u00e8s\u00a0 la trobada EXPLOREM del proper dilluns 16 de mar\u00e7 a l&#8217;espai Bital de l&#8217;Hospitalet de LLobregat. Trobada EXPLOREM dins del pla m\u00f2bils.edu ,9:00 a [&hellip;]<\/p>\n","protected":false},"author":7,"featured_media":12719,"comment_status":"open","ping_status":"closed","sticky":false,"template":"","format":"standard","meta":{"_bbp_topic_count":0,"_bbp_reply_count":0,"_bbp_total_topic_count":0,"_bbp_total_reply_count":0,"_bbp_voice_count":0,"_bbp_anonymous_reply_count":0,"_bbp_topic_count_hidden":0,"_bbp_reply_count_hidden":0,"_bbp_forum_subforum_count":0,"site-sidebar-layout":"default","site-content-layout":"","ast-site-content-layout":"","site-content-style":"default","site-sidebar-style":"default","ast-global-header-display":"","ast-banner-title-visibility":"","ast-main-header-display":"","ast-hfb-above-header-display":"","ast-hfb-below-header-display":"","ast-hfb-mobile-header-display":"","site-post-title":"","ast-breadcrumbs-content":"","ast-featured-img":"","footer-sml-layout":"","theme-transparent-header-meta":"","adv-header-id-meta":"","stick-header-meta":"","header-above-stick-meta":"","header-main-stick-meta":"","header-below-stick-meta":"","astra-migrate-meta-layouts":"default","ast-page-background-enabled":"default","ast-page-background-meta":{"desktop":{"background-color":"var(--ast-global-color-4)","background-image":"","background-repeat":"repeat","background-position":"center center","background-size":"auto","background-attachment":"scroll","background-type":"","background-media":"","overlay-type":"","overlay-color":"","overlay-opacity":"","overlay-gradient":""},"tablet":{"background-color":"","background-image":"","background-repeat":"repeat","background-position":"center center","background-size":"auto","background-attachment":"scroll","background-type":"","background-media":"","overlay-type":"","overlay-color":"","overlay-opacity":"","overlay-gradient":""},"mobile":{"background-color":"","background-image":"","background-repeat":"repeat","background-position":"center center","background-size":"auto","background-attachment":"scroll","background-type":"","background-media":"","overlay-type":"","overlay-color":"","overlay-opacity":"","overlay-gradient":""}},"ast-content-background-meta":{"desktop":{"background-color":"var(--ast-global-color-5)","background-image":"","background-repeat":"repeat","background-position":"center center","background-size":"auto","background-attachment":"scroll","background-type":"","background-media":"","overlay-type":"","overlay-color":"","overlay-opacity":"","overlay-gradient":""},"tablet":{"background-color":"var(--ast-global-color-5)","background-image":"","background-repeat":"repeat","background-position":"center center","background-size":"auto","background-attachment":"scroll","background-type":"","background-media":"","overlay-type":"","overlay-color":"","overlay-opacity":"","overlay-gradient":""},"mobile":{"background-color":"var(--ast-global-color-5)","background-image":"","background-repeat":"repeat","background-position":"center center","background-size":"auto","background-attachment":"scroll","background-type":"","background-media":"","overlay-type":"","overlay-color":"","overlay-opacity":"","overlay-gradient":""}},"footnotes":""},"categories":[346,76,66,376,29],"tags":[],"class_list":["post-12718","post","type-post","status-publish","format-standard","has-post-thumbnail","hentry","category-activitats-catalunya","category-agenda","category-dinamitzacio","category-formacio","category-portada"],"post_mailing_queue_ids":[],"_links":{"self":[{"href":"https:\/\/serveiseducatius.xtec.cat\/baixpenedes\/wp-json\/wp\/v2\/posts\/12718","targetHints":{"allow":["GET"]}}],"collection":[{"href":"https:\/\/serveiseducatius.xtec.cat\/baixpenedes\/wp-json\/wp\/v2\/posts"}],"about":[{"href":"https:\/\/serveiseducatius.xtec.cat\/baixpenedes\/wp-json\/wp\/v2\/types\/post"}],"author":[{"embeddable":true,"href":"https:\/\/serveiseducatius.xtec.cat\/baixpenedes\/wp-json\/wp\/v2\/users\/7"}],"replies":[{"embeddable":true,"href":"https:\/\/serveiseducatius.xtec.cat\/baixpenedes\/wp-json\/wp\/v2\/comments?post=12718"}],"version-history":[{"count":3,"href":"https:\/\/serveiseducatius.xtec.cat\/baixpenedes\/wp-json\/wp\/v2\/posts\/12718\/revisions"}],"predecessor-version":[{"id":12770,"href":"https:\/\/serveiseducatius.xtec.cat\/baixpenedes\/wp-json\/wp\/v2\/posts\/12718\/revisions\/12770"}],"wp:featuredmedia":[{"embeddable":true,"href":"https:\/\/serveiseducatius.xtec.cat\/baixpenedes\/wp-json\/wp\/v2\/media\/12719"}],"wp:attachment":[{"href":"https:\/\/serveiseducatius.xtec.cat\/baixpenedes\/wp-json\/wp\/v2\/media?parent=12718"}],"wp:term":[{"taxonomy":"category","embeddable":true,"href":"https:\/\/serveiseducatius.xtec.cat\/baixpenedes\/wp-json\/wp\/v2\/categories?post=12718"},{"taxonomy":"post_tag","embeddable":true,"href":"https:\/\/serveiseducatius.xtec.cat\/baixpenedes\/wp-json\/wp\/v2\/tags?post=12718"}],"curies":[{"name":"wp","href":"https:\/\/api.w.org\/{rel}","templated":true}]}}