{"id":12620,"date":"2019-12-01T20:54:22","date_gmt":"2019-12-01T19:54:22","guid":{"rendered":"http:\/\/serveiseducatius.xtec.cat\/baixpenedes\/?p=12620"},"modified":"2020-02-28T10:14:20","modified_gmt":"2020-02-28T09:14:20","slug":"premis-baldiri-reixac-2019-2020","status":"publish","type":"post","link":"https:\/\/serveiseducatius.xtec.cat\/baixpenedes\/xerrades\/portada\/premis-baldiri-reixac-2019-2020\/","title":{"rendered":"Premis Baldiri Reixac 2019-2020"},"content":{"rendered":"<p><img loading=\"lazy\" decoding=\"async\" class=\"alignnone size-full wp-image-12621\" src=\"https:\/\/serveiseducatius.xtec.cat\/baixpenedes\/wp-content\/uploads\/usu764\/2019\/12\/premis-baldiri.png\" alt=\"\" width=\"676\" height=\"847\" srcset=\"https:\/\/serveiseducatius.xtec.cat\/baixpenedes\/wp-content\/uploads\/usu764\/2019\/12\/premis-baldiri.png 676w, https:\/\/serveiseducatius.xtec.cat\/baixpenedes\/wp-content\/uploads\/usu764\/2019\/12\/premis-baldiri-239x300.png 239w\" sizes=\"auto, (max-width: 676px) 100vw, 676px\" \/><\/p>\n<p>Ja ha arribat la <strong><a href=\"https:\/\/elsbaldiri.cat\/\" target=\"_blank\" rel=\"noopener noreferrer\">42a edici\u00f3 dels Premis Baldiri Reixac<\/a><\/strong> per al professorat innovador i comprom\u00e8s, per a l\u2019alumnat curi\u00f3s i creatiu, per als centres amb voluntat de transformaci\u00f3 i per a les entitats culturals i art\u00edstiques que col\u00b7laboren amb els centres educatius en aquesta transformaci\u00f3.<\/p>\n<p>La Fundaci\u00f3 Carulla impulsa aquests premis en reconeixement al comprom\u00eds per l\u2019educaci\u00f3, amb la voluntat d\u2019involucrar el m\u00e0xim nombre d\u2019agents de la comunitat educativa tot convidant-los a treballar de forma conjunta des de les arts i la cultura per construir una escola oberta, inclusiva i innovadora que doni resposta als reptes de l\u2019educaci\u00f3 del segle XXI.<\/p>\n<p>Hi ha quatre categories:<\/p>\n<ul>\n<li><a href=\"https:\/\/elsbaldiri.cat\/premi-baldiri-escola\/\" target=\"_blank\" rel=\"noopener noreferrer\">Premi Baldiri Escola<\/a>\u00a0&#8211; 10 premis de 3.000 \u20ac per recon\u00e8ixer els projectes educatius singulars que aporten solucions i respostes als reptes actuals i que, alhora, situen la cultura, la llengua i la creativitat com a eixos vertebradors.<\/li>\n<li><a href=\"https:\/\/elsbaldiri.cat\/premi-baldiri-experiencies\/\" target=\"_blank\" rel=\"noopener noreferrer\">Premi Baldiri Experi\u00e8ncies<\/a>\u00a0&#8211; 25 premis de 500 \u20ac per recon\u00e8ixer les experi\u00e8ncies d\u2019aprenentatge en grup dins i fora de l\u2019aula que responguin de forma innovadora a les necessitats dels infants i els reptes educatius actuals.<\/li>\n<li><a href=\"https:\/\/elsbaldiri.cat\/premi-baldiri-alumnes\/\" target=\"_blank\" rel=\"noopener noreferrer\">Premi Baldiri Alumnes<\/a>\u00a0&#8211; 5 premis de fins a 1.000 \u20ac per identificar els millors treballs d\u2019investigaci\u00f3 en catal\u00e0, que siguin creatius, innovadors i que plantegin reflexions i propostes sobre els reptes socials actuals des d\u2019un enfocament cultural i art\u00edstic.<\/li>\n<li><u><a href=\"https:\/\/elsbaldiri.cat\/premi-baldiri-connexions\/\" target=\"_blank\" rel=\"noopener noreferrer\">Premi Baldiri Connexions<\/a><\/u> (<span style=\"color: #993366;\">Novetat!!<\/span>) &#8211; 6 premis de 4.000 \u20ac per impulsar les idees de col\u00b7laboraci\u00f3 entre els centres educatius i les entitats culturals i art\u00edstiques: un binomi transformador.<\/li>\n<\/ul>\n<p><a href=\"http:\/\/www.elsbaldiri.cat\/\" target=\"_blank\" rel=\"noopener noreferrer\">M\u00e9s informaci\u00f3 i bases<\/a><\/p>\n<p>Presentaci\u00f3 de candidatures: <strong>fins al 27 de gener de 2020.<\/strong><\/p>\n","protected":false},"excerpt":{"rendered":"<p>Ja ha arribat la 42a edici\u00f3 dels Premis Baldiri Reixac per al professorat innovador i comprom\u00e8s, per a l\u2019alumnat curi\u00f3s i creatiu, per als centres amb voluntat de transformaci\u00f3 i per a les entitats culturals i art\u00edstiques que col\u00b7laboren amb els centres educatius en aquesta transformaci\u00f3. La Fundaci\u00f3 Carulla impulsa aquests premis en reconeixement al [&hellip;]<\/p>\n","protected":false},"author":7,"featured_media":12621,"comment_status":"open","ping_status":"closed","sticky":false,"template":"","format":"standard","meta":{"_bbp_topic_count":0,"_bbp_reply_count":0,"_bbp_total_topic_count":0,"_bbp_total_reply_count":0,"_bbp_voice_count":0,"_bbp_anonymous_reply_count":0,"_bbp_topic_count_hidden":0,"_bbp_reply_count_hidden":0,"_bbp_forum_subforum_count":0,"site-sidebar-layout":"default","site-content-layout":"","ast-site-content-layout":"","site-content-style":"default","site-sidebar-style":"default","ast-global-header-display":"","ast-banner-title-visibility":"","ast-main-header-display":"","ast-hfb-above-header-display":"","ast-hfb-below-header-display":"","ast-hfb-mobile-header-display":"","site-post-title":"","ast-breadcrumbs-content":"","ast-featured-img":"","footer-sml-layout":"","theme-transparent-header-meta":"","adv-header-id-meta":"","stick-header-meta":"","header-above-stick-meta":"","header-main-stick-meta":"","header-below-stick-meta":"","astra-migrate-meta-layouts":"default","ast-page-background-enabled":"default","ast-page-background-meta":{"desktop":{"background-color":"var(--ast-global-color-4)","background-image":"","background-repeat":"repeat","background-position":"center center","background-size":"auto","background-attachment":"scroll","background-type":"","background-media":"","overlay-type":"","overlay-color":"","overlay-opacity":"","overlay-gradient":""},"tablet":{"background-color":"","background-image":"","background-repeat":"repeat","background-position":"center center","background-size":"auto","background-attachment":"scroll","background-type":"","background-media":"","overlay-type":"","overlay-color":"","overlay-opacity":"","overlay-gradient":""},"mobile":{"background-color":"","background-image":"","background-repeat":"repeat","background-position":"center center","background-size":"auto","background-attachment":"scroll","background-type":"","background-media":"","overlay-type":"","overlay-color":"","overlay-opacity":"","overlay-gradient":""}},"ast-content-background-meta":{"desktop":{"background-color":"var(--ast-global-color-5)","background-image":"","background-repeat":"repeat","background-position":"center center","background-size":"auto","background-attachment":"scroll","background-type":"","background-media":"","overlay-type":"","overlay-color":"","overlay-opacity":"","overlay-gradient":""},"tablet":{"background-color":"var(--ast-global-color-5)","background-image":"","background-repeat":"repeat","background-position":"center center","background-size":"auto","background-attachment":"scroll","background-type":"","background-media":"","overlay-type":"","overlay-color":"","overlay-opacity":"","overlay-gradient":""},"mobile":{"background-color":"var(--ast-global-color-5)","background-image":"","background-repeat":"repeat","background-position":"center center","background-size":"auto","background-attachment":"scroll","background-type":"","background-media":"","overlay-type":"","overlay-color":"","overlay-opacity":"","overlay-gradient":""}},"footnotes":""},"categories":[427,29,419],"tags":[],"class_list":["post-12620","post","type-post","status-publish","format-standard","has-post-thumbnail","hentry","category-llengua-catalana","category-portada","category-premis-concursos"],"post_mailing_queue_ids":[],"_links":{"self":[{"href":"https:\/\/serveiseducatius.xtec.cat\/baixpenedes\/wp-json\/wp\/v2\/posts\/12620","targetHints":{"allow":["GET"]}}],"collection":[{"href":"https:\/\/serveiseducatius.xtec.cat\/baixpenedes\/wp-json\/wp\/v2\/posts"}],"about":[{"href":"https:\/\/serveiseducatius.xtec.cat\/baixpenedes\/wp-json\/wp\/v2\/types\/post"}],"author":[{"embeddable":true,"href":"https:\/\/serveiseducatius.xtec.cat\/baixpenedes\/wp-json\/wp\/v2\/users\/7"}],"replies":[{"embeddable":true,"href":"https:\/\/serveiseducatius.xtec.cat\/baixpenedes\/wp-json\/wp\/v2\/comments?post=12620"}],"version-history":[{"count":2,"href":"https:\/\/serveiseducatius.xtec.cat\/baixpenedes\/wp-json\/wp\/v2\/posts\/12620\/revisions"}],"predecessor-version":[{"id":12623,"href":"https:\/\/serveiseducatius.xtec.cat\/baixpenedes\/wp-json\/wp\/v2\/posts\/12620\/revisions\/12623"}],"wp:featuredmedia":[{"embeddable":true,"href":"https:\/\/serveiseducatius.xtec.cat\/baixpenedes\/wp-json\/wp\/v2\/media\/12621"}],"wp:attachment":[{"href":"https:\/\/serveiseducatius.xtec.cat\/baixpenedes\/wp-json\/wp\/v2\/media?parent=12620"}],"wp:term":[{"taxonomy":"category","embeddable":true,"href":"https:\/\/serveiseducatius.xtec.cat\/baixpenedes\/wp-json\/wp\/v2\/categories?post=12620"},{"taxonomy":"post_tag","embeddable":true,"href":"https:\/\/serveiseducatius.xtec.cat\/baixpenedes\/wp-json\/wp\/v2\/tags?post=12620"}],"curies":[{"name":"wp","href":"https:\/\/api.w.org\/{rel}","templated":true}]}}