{"id":11740,"date":"2019-02-20T11:27:08","date_gmt":"2019-02-20T10:27:08","guid":{"rendered":"http:\/\/serveiseducatius.xtec.cat\/baixpenedes\/?p=11740"},"modified":"2019-03-29T10:46:02","modified_gmt":"2019-03-29T09:46:02","slug":"bases-convocatoria-per-a-centres-educatius-most-2019","status":"publish","type":"post","link":"https:\/\/serveiseducatius.xtec.cat\/baixpenedes\/xerrades\/portada\/bases-convocatoria-per-a-centres-educatius-most-2019\/","title":{"rendered":"Bases convocat\u00f2ria per a centres educatius MOST 2019"},"content":{"rendered":"<p><img loading=\"lazy\" decoding=\"async\" class=\"alignnone size-full wp-image-11741\" src=\"https:\/\/serveiseducatius.xtec.cat\/baixpenedes\/wp-content\/uploads\/usu764\/2019\/02\/most19.jpg\" alt=\"\" width=\"408\" height=\"308\" srcset=\"https:\/\/serveiseducatius.xtec.cat\/baixpenedes\/wp-content\/uploads\/usu764\/2019\/02\/most19.jpg 408w, https:\/\/serveiseducatius.xtec.cat\/baixpenedes\/wp-content\/uploads\/usu764\/2019\/02\/most19-300x226.jpg 300w, https:\/\/serveiseducatius.xtec.cat\/baixpenedes\/wp-content\/uploads\/usu764\/2019\/02\/most19-200x150.jpg 200w\" sizes=\"auto, (max-width: 408px) 100vw, 408px\" \/><\/p>\n<p>El MOST Festival del Cinema del Vi i del Cava vol obrir la seva convocat\u00f2ria a l\u2019\u00e0mbit educatiu, per segon any, per tal de sumar a la seva programaci\u00f3 treballs audiovisuals realitzats per grups escolars, amb l\u2019objectiu principal de fomentar la creaci\u00f3 i producci\u00f3 d\u2019audiovisuals entre els m\u00e9s joves.<\/p>\n<h5><span id=\"Bases\">Bases<\/span><\/h5>\n<p>Podran <strong>participar<\/strong> els <strong>centres educatius<\/strong> <strong>de<\/strong> l\u2019Alt Pened\u00e8s, del Baix Pened\u00e8s, del Garraf, de l\u2019Anoia i del Priorat.<\/p>\n<h5><span id=\"Categories\">Categories<\/span><\/h5>\n<p><strong>Premi Mallol<\/strong>: Centres d\u2019educaci\u00f3 infantil i prim\u00e0ria<br \/>\n<strong>Premi Verema<\/strong>: Centres d\u2019educaci\u00f3 secund\u00e0ria i batxillerat<\/p>\n<h5><span id=\"Tematica\">Tem\u00e0tica<\/span><\/h5>\n<p>S\u2019accepten curtmetratges de qualsevol tem\u00e0tica penedesenca i prioratina (en un sentit ampli) i g\u00e8nere (ficci\u00f3, documental, animaci\u00f3, etc.). Els treballs audiovisuals hauran d\u2019haver estat fets, entre l\u2019octubre de 2017 i l\u2019octubre de 2019 i no haver-se presentat en anterior edicions del MOST.<\/p>\n<h5><span id=\"Durada\">Durada<\/span><\/h5>\n<p>Les obres no poden superar els 10 minuts de durada (inclosos els cr\u00e8dits).<\/p>\n<h5><span id=\"Proces_dinscripcio\">Proc\u00e9s d\u2019inscripci\u00f3<\/span><\/h5>\n<p><strong>Fins al 15 d\u2019octubre<\/strong> es poden presentar els treballs. Aquest s\u2019hauran d\u2019enviar a trav\u00e9s del correu electr\u00f2nic <a href=\"mailto:programacio@mostfestival.cat\" target=\"_blank\" rel=\"noopener noreferrer\">programacio@mostfestival.cat<\/a> a trav\u00e9s d\u2019un enlla\u00e7 a Vimeo (o similar), adjuntant la <strong>fitxa d\u2019inscripci\u00f3<\/strong> emplenada:<\/p>\n<ul>\n<li>Veure <a href=\"https:\/\/drive.google.com\/open?id=0B3dg_OmhLE8MT3VvSENCQ0FXUGRTV2YyYWVPUTFYV2JEb1I0\" target=\"_blank\" rel=\"noopener\">fitxa d\u2019inscripci\u00f3 Premi Mallol<\/a>, Infantil i Prim\u00e0ria<\/li>\n<li>Veure <a href=\"https:\/\/drive.google.com\/open?id=0B3dg_OmhLE8McmdaRFBKNlJpdE1tSUVzTl9yQzAySnlzaHVZ\" target=\"_blank\" rel=\"noopener\">fitxa d\u2019inscripci\u00f3 Premi Verema<\/a>, Secund\u00e0ria i Batxillerat<\/li>\n<\/ul>\n<h5><span id=\"Seleccio\">Selecci\u00f3<\/span><\/h5>\n<p>Un comit\u00e8 organitzador compost per persones de l\u2019equip Most 2019 i del Centres de Recursos Pedag\u00f2gics de l\u2019Alt Pened\u00e8s i del Priorat realitzar\u00e0 una <strong>selecci\u00f3<\/strong> de les obres presentades. Aquesta decisi\u00f3 ser\u00e0 comunicada als centres participants. La selecci\u00f3 oficial es far\u00e0 p\u00fablica al <a href=\"http:\/\/www.mostfestival.cat\/\" target=\"_blank\" rel=\"noopener\">web del Festival<\/a>.<\/p>\n<p>Es valorar\u00e0 el treball de forma global tenint en compte l\u2019originalitat del plantejament, els continguts exposats i la implicaci\u00f3 i participaci\u00f3 dels alumnes en el proc\u00e9s de creaci\u00f3.<\/p>\n<p>El Most Festival es reserva el dret d\u2019utilitzar les imatges presentades com a material promocional del Festival i exposar-les en els seus canals de difusi\u00f3 (webs i xarxes socials). No seran acceptades les obres que no tinguin la qualitat t\u00e8cnica necess\u00e0ria per a una correcta visualitzaci\u00f3.<\/p>\n<h5><span id=\"Projeccio\">Projecci\u00f3<\/span><\/h5>\n<p><strong>Les produccions seleccionades integraran la selecci\u00f3 oficial<\/strong>, i seran exhibides p\u00fablicament el <strong>dimarts 12 de novembre, a les 18:30h<\/strong>, <strong>a l\u2019Auditori de VINSEUM<\/strong>, en un acte obert a tothom, en que es far\u00e0 tamb\u00e9 p\u00fablic el veredicte del jurat.<\/p>\n<p>Es valorar\u00e0 la projecci\u00f3 durant els dies del festival, tant al Pened\u00e8s com al Priorat, entenent que els seus autors n\u2019autoritzen la projecci\u00f3.<\/p>\n<h5><span id=\"Jurat_Premis\">Jurat \/ Premis<\/span><\/h5>\n<p>Un <strong>Jurat<\/strong> designat pel comit\u00e8 organitzador decidir\u00e0 els premis de la selecci\u00f3 oficial. S\u2019atorgaran els seg\u00fcents <strong>premis<\/strong>:<\/p>\n<ul>\n<li><strong>Premi Mallol:<\/strong> Premi a una producci\u00f3 d\u2019un centre d\u2019educaci\u00f3 infantil i prim\u00e0ria: diploma i material audiovisual (per valor de 300\u20ac).<\/li>\n<li><strong>Premi Verema:<\/strong> Premi a una producci\u00f3 d\u2019un centre d\u2019educaci\u00f3 secund\u00e0ria i batxillerat: diploma i material audiovisual (per valor de 300\u20ac).<\/li>\n<\/ul>\n<p>El Jurat tindr\u00e0 la potestat de deixar desert el premi o els premis que consideri oportuns, aix\u00ed com atorgar una menci\u00f3 especial per a ressaltar aspectes t\u00e8cnics i art\u00edstics d\u2019alguna de les pel\u00b7l\u00edcules en competici\u00f3. Les seves decisions seran inapel\u00b7lables.<\/p>\n<p>El lliurament de premis de totes les categories tindr\u00e0 lloc el dimarts 12 de novembre de 2019, a les 18:30h, a l\u2019Auditori del VINSEUM.<\/p>\n<h5><span id=\"Altres\">Altres<\/span><\/h5>\n<p>Els <strong>centres educatius<\/strong> participants hauran de comptar amb l\u2019autoritzaci\u00f3 de les fam\u00edlies per a la utilitzaci\u00f3 de la imatge dels seus fills i\/o filles, si \u00e9s el cas, amb compliment de la Llei org\u00e0nica 1\/1982, de 5 de maig, de protecci\u00f3 civil del dret a l\u2019honor, a la intimitat personal i familiar, i a la pr\u00f2pia imatge. El centre es far\u00e0 c\u00e0rrec i custodiar\u00e0 aquestes autoritzacions.<br \/>\nLes obres presentades tindran el vistiplau del centre i la responsabilitat d\u2019un docent que n\u2019haur\u00e0 fet el seguiment, en el benent\u00e8s que els treballs s\u2019han d\u2019haver elaborat pels i per les alumnes i\/o amb la seva participaci\u00f3.<\/p>\n<p>Els autors o autores hauran d\u2019assegurar-se pr\u00e8viament que el contingut de la seva obra no infringeixi els <strong>drets de la propietat intel\u2022lectual<\/strong> o altres drets de tercers, i exoneraran al Comit\u00e8 organitzador de qualsevol responsabilitat legal.<\/p>\n<p>La participaci\u00f3 en el Most Festival implica l\u2019acceptaci\u00f3 d\u2019aquestes<a href=\"https:\/\/drive.google.com\/file\/d\/0B3dg_OmhLE8MVDE2cTg4WXlRUFljWGswMjRJM3NMaTNDalpZ\/view?usp=sharing\" target=\"_blank\" rel=\"noopener\"><strong> Bases<\/strong><\/a>. Qualsevol q\u00fcesti\u00f3 que aparegui durant la gesti\u00f3 del Most Festival, no contemplada a les bases, ser\u00e0 decidida pel comit\u00e8 organitzador.<\/p>\n<p><strong>Most Festival Internacional de Cinema del Vi i del Cava<\/strong><br \/>\n<a href=\"http:\/\/www.mostfestival.cat\" target=\"_blank\" rel=\"noopener noreferrer\">www.mostfestival.cat<\/a><br \/>\nPened\u00e8s \/ Priorat, gener de 2019<\/p>\n","protected":false},"excerpt":{"rendered":"<p>El MOST Festival del Cinema del Vi i del Cava vol obrir la seva convocat\u00f2ria a l\u2019\u00e0mbit educatiu, per segon any, per tal de sumar a la seva programaci\u00f3 treballs audiovisuals realitzats per grups escolars, amb l\u2019objectiu principal de fomentar la creaci\u00f3 i producci\u00f3 d\u2019audiovisuals entre els m\u00e9s joves. Bases Podran participar els centres educatius [&hellip;]<\/p>\n","protected":false},"author":7,"featured_media":11741,"comment_status":"open","ping_status":"closed","sticky":false,"template":"","format":"standard","meta":{"_bbp_topic_count":0,"_bbp_reply_count":0,"_bbp_total_topic_count":0,"_bbp_total_reply_count":0,"_bbp_voice_count":0,"_bbp_anonymous_reply_count":0,"_bbp_topic_count_hidden":0,"_bbp_reply_count_hidden":0,"_bbp_forum_subforum_count":0,"site-sidebar-layout":"default","site-content-layout":"","ast-site-content-layout":"","site-content-style":"default","site-sidebar-style":"default","ast-global-header-display":"","ast-banner-title-visibility":"","ast-main-header-display":"","ast-hfb-above-header-display":"","ast-hfb-below-header-display":"","ast-hfb-mobile-header-display":"","site-post-title":"","ast-breadcrumbs-content":"","ast-featured-img":"","footer-sml-layout":"","theme-transparent-header-meta":"","adv-header-id-meta":"","stick-header-meta":"","header-above-stick-meta":"","header-main-stick-meta":"","header-below-stick-meta":"","astra-migrate-meta-layouts":"default","ast-page-background-enabled":"default","ast-page-background-meta":{"desktop":{"background-color":"var(--ast-global-color-4)","background-image":"","background-repeat":"repeat","background-position":"center center","background-size":"auto","background-attachment":"scroll","background-type":"","background-media":"","overlay-type":"","overlay-color":"","overlay-opacity":"","overlay-gradient":""},"tablet":{"background-color":"","background-image":"","background-repeat":"repeat","background-position":"center center","background-size":"auto","background-attachment":"scroll","background-type":"","background-media":"","overlay-type":"","overlay-color":"","overlay-opacity":"","overlay-gradient":""},"mobile":{"background-color":"","background-image":"","background-repeat":"repeat","background-position":"center center","background-size":"auto","background-attachment":"scroll","background-type":"","background-media":"","overlay-type":"","overlay-color":"","overlay-opacity":"","overlay-gradient":""}},"ast-content-background-meta":{"desktop":{"background-color":"var(--ast-global-color-5)","background-image":"","background-repeat":"repeat","background-position":"center center","background-size":"auto","background-attachment":"scroll","background-type":"","background-media":"","overlay-type":"","overlay-color":"","overlay-opacity":"","overlay-gradient":""},"tablet":{"background-color":"var(--ast-global-color-5)","background-image":"","background-repeat":"repeat","background-position":"center center","background-size":"auto","background-attachment":"scroll","background-type":"","background-media":"","overlay-type":"","overlay-color":"","overlay-opacity":"","overlay-gradient":""},"mobile":{"background-color":"var(--ast-global-color-5)","background-image":"","background-repeat":"repeat","background-position":"center center","background-size":"auto","background-attachment":"scroll","background-type":"","background-media":"","overlay-type":"","overlay-color":"","overlay-opacity":"","overlay-gradient":""}},"footnotes":""},"categories":[29,419],"tags":[437],"class_list":["post-11740","post","type-post","status-publish","format-standard","has-post-thumbnail","hentry","category-portada","category-premis-concursos","tag-most"],"post_mailing_queue_ids":[],"_links":{"self":[{"href":"https:\/\/serveiseducatius.xtec.cat\/baixpenedes\/wp-json\/wp\/v2\/posts\/11740","targetHints":{"allow":["GET"]}}],"collection":[{"href":"https:\/\/serveiseducatius.xtec.cat\/baixpenedes\/wp-json\/wp\/v2\/posts"}],"about":[{"href":"https:\/\/serveiseducatius.xtec.cat\/baixpenedes\/wp-json\/wp\/v2\/types\/post"}],"author":[{"embeddable":true,"href":"https:\/\/serveiseducatius.xtec.cat\/baixpenedes\/wp-json\/wp\/v2\/users\/7"}],"replies":[{"embeddable":true,"href":"https:\/\/serveiseducatius.xtec.cat\/baixpenedes\/wp-json\/wp\/v2\/comments?post=11740"}],"version-history":[{"count":1,"href":"https:\/\/serveiseducatius.xtec.cat\/baixpenedes\/wp-json\/wp\/v2\/posts\/11740\/revisions"}],"predecessor-version":[{"id":11742,"href":"https:\/\/serveiseducatius.xtec.cat\/baixpenedes\/wp-json\/wp\/v2\/posts\/11740\/revisions\/11742"}],"wp:featuredmedia":[{"embeddable":true,"href":"https:\/\/serveiseducatius.xtec.cat\/baixpenedes\/wp-json\/wp\/v2\/media\/11741"}],"wp:attachment":[{"href":"https:\/\/serveiseducatius.xtec.cat\/baixpenedes\/wp-json\/wp\/v2\/media?parent=11740"}],"wp:term":[{"taxonomy":"category","embeddable":true,"href":"https:\/\/serveiseducatius.xtec.cat\/baixpenedes\/wp-json\/wp\/v2\/categories?post=11740"},{"taxonomy":"post_tag","embeddable":true,"href":"https:\/\/serveiseducatius.xtec.cat\/baixpenedes\/wp-json\/wp\/v2\/tags?post=11740"}],"curies":[{"name":"wp","href":"https:\/\/api.w.org\/{rel}","templated":true}]}}