{"id":11659,"date":"2019-01-30T13:19:51","date_gmt":"2019-01-30T12:19:51","guid":{"rendered":"http:\/\/serveiseducatius.xtec.cat\/baixpenedes\/?p=11659"},"modified":"2019-01-30T13:46:31","modified_gmt":"2019-01-30T12:46:31","slug":"vi-jocs-florals-escolars-de-catalunya","status":"publish","type":"post","link":"https:\/\/serveiseducatius.xtec.cat\/baixpenedes\/general\/vi-jocs-florals-escolars-de-catalunya\/","title":{"rendered":"VI Jocs Florals Escolars de Catalunya"},"content":{"rendered":"<p><img loading=\"lazy\" decoding=\"async\" class=\"alignnone size-full wp-image-9177\" src=\"https:\/\/serveiseducatius.xtec.cat\/baixpenedes\/wp-content\/uploads\/usu764\/2018\/01\/Logo_jocs_florals-e1516792017635.png\" alt=\"\" width=\"250\" height=\"170\" \/><\/p>\n<p><strong>Termini<\/strong> per al lliurament dels treballs al CRP: <strong>dimecres 24 d\u2019abril<\/strong><\/p>\n<p><strong>.\u00a0<a href=\"https:\/\/drive.google.com\/file\/d\/1AToLSY-wUKBTxhx_94FVlu80zDctkv-U\/view?pli=1\" target=\"_blank\" rel=\"noopener\">Bases dels jocs florals<\/a><\/strong><\/p>\n<p><strong>.<\/strong>\u00a0<strong><a href=\"https:\/\/drive.google.com\/file\/d\/1KjdnjXomAzrI1ohg8FszFtoVmTjfCkBU\/view?pli=1\" target=\"_blank\" rel=\"noopener\">Bases de la categoria conte audiovisual il\u00b7lustrat<\/a><\/strong><\/p>\n<p><strong>.<\/strong>\u00a0Comunicaci\u00f3 dels finalistes i les dades de participaci\u00f3 del centre educatiu: <strong><a href=\"https:\/\/drive.google.com\/file\/d\/1B3-A4LJnNC0mTtzrtIoSobf8W2UHzYVR\/view?usp=sharing\" target=\"_blank\" rel=\"noopener\">pdf<\/a><\/strong>\u00a0\/\u00a0<strong><a href=\"https:\/\/drive.google.com\/file\/d\/1vtrPe6FY5QKz-TsVVx1HYVux42_M8NEB\/view?pli=1\" target=\"_blank\" rel=\"noopener\">word<\/a><\/strong><\/p>\n<p>El Departament d\u2019Educaci\u00f3 convoca aquesta\u00a0<strong>VI edici\u00f3 dels Jocs Florals Escolars de Catalunya<\/strong>\u00a0en la qual\u00a0contempla les modalitats de poesia, prosa i conte audiovisual il\u00b7lustrat.\u00a0L\u2019objectiu del certamen \u00e9s potenciar la creaci\u00f3 liter\u00e0ria i, mitjan\u00e7ant el conte audiovisual il\u00b7lustrat, promoure el treball interdisciplinari des dels \u00e0mbits ling\u00fc\u00edstic, digital i art\u00edstic.<\/p>\n<p>La final territorial tindr\u00e0 lloc al Complex Educatiu de Tarragona el dissabte 18 de maig al mat\u00ed; com en la darrera edici\u00f3, aquest any no \u00e9s requisit indispensable l\u2019assist\u00e8ncia de tots els participants a aquest acte.<\/p>\n<p>La final de Catalunya ser\u00e0 el dissabte 15 de juny a Barcelona.<\/p>\n<p>Podeu consultar la informaci\u00f3 corresponent a edicions anteriors al\u00a0<a href=\"http:\/\/xtec.gencat.cat\/ca\/centres\/alscentres\/premis\/jocsflorals\/\"><strong>web de l\u2019XTEC<\/strong><\/a>.<\/p>\n","protected":false},"excerpt":{"rendered":"<p>Termini per al lliurament dels treballs al CRP: dimecres 24 d\u2019abril .\u00a0Bases dels jocs florals .\u00a0Bases de la categoria conte audiovisual il\u00b7lustrat .\u00a0Comunicaci\u00f3 dels finalistes i les dades de participaci\u00f3 del centre educatiu: pdf\u00a0\/\u00a0word El Departament d\u2019Educaci\u00f3 convoca aquesta\u00a0VI edici\u00f3 dels Jocs Florals Escolars de Catalunya\u00a0en la qual\u00a0contempla les modalitats de poesia, prosa i conte [&hellip;]<\/p>\n","protected":false},"author":7,"featured_media":9177,"comment_status":"open","ping_status":"closed","sticky":false,"template":"","format":"standard","meta":{"_bbp_topic_count":0,"_bbp_reply_count":0,"_bbp_total_topic_count":0,"_bbp_total_reply_count":0,"_bbp_voice_count":0,"_bbp_anonymous_reply_count":0,"_bbp_topic_count_hidden":0,"_bbp_reply_count_hidden":0,"_bbp_forum_subforum_count":0,"site-sidebar-layout":"default","site-content-layout":"","ast-site-content-layout":"","site-content-style":"default","site-sidebar-style":"default","ast-global-header-display":"","ast-banner-title-visibility":"","ast-main-header-display":"","ast-hfb-above-header-display":"","ast-hfb-below-header-display":"","ast-hfb-mobile-header-display":"","site-post-title":"","ast-breadcrumbs-content":"","ast-featured-img":"","footer-sml-layout":"","theme-transparent-header-meta":"","adv-header-id-meta":"","stick-header-meta":"","header-above-stick-meta":"","header-main-stick-meta":"","header-below-stick-meta":"","astra-migrate-meta-layouts":"default","ast-page-background-enabled":"default","ast-page-background-meta":{"desktop":{"background-color":"var(--ast-global-color-4)","background-image":"","background-repeat":"repeat","background-position":"center center","background-size":"auto","background-attachment":"scroll","background-type":"","background-media":"","overlay-type":"","overlay-color":"","overlay-opacity":"","overlay-gradient":""},"tablet":{"background-color":"","background-image":"","background-repeat":"repeat","background-position":"center center","background-size":"auto","background-attachment":"scroll","background-type":"","background-media":"","overlay-type":"","overlay-color":"","overlay-opacity":"","overlay-gradient":""},"mobile":{"background-color":"","background-image":"","background-repeat":"repeat","background-position":"center center","background-size":"auto","background-attachment":"scroll","background-type":"","background-media":"","overlay-type":"","overlay-color":"","overlay-opacity":"","overlay-gradient":""}},"ast-content-background-meta":{"desktop":{"background-color":"var(--ast-global-color-5)","background-image":"","background-repeat":"repeat","background-position":"center center","background-size":"auto","background-attachment":"scroll","background-type":"","background-media":"","overlay-type":"","overlay-color":"","overlay-opacity":"","overlay-gradient":""},"tablet":{"background-color":"var(--ast-global-color-5)","background-image":"","background-repeat":"repeat","background-position":"center center","background-size":"auto","background-attachment":"scroll","background-type":"","background-media":"","overlay-type":"","overlay-color":"","overlay-opacity":"","overlay-gradient":""},"mobile":{"background-color":"var(--ast-global-color-5)","background-image":"","background-repeat":"repeat","background-position":"center center","background-size":"auto","background-attachment":"scroll","background-type":"","background-media":"","overlay-type":"","overlay-color":"","overlay-opacity":"","overlay-gradient":""}},"footnotes":""},"categories":[1,71,427,29,419],"tags":[],"class_list":["post-11659","post","type-post","status-publish","format-standard","has-post-thumbnail","hentry","category-general","category-jocs-florals","category-llengua-catalana","category-portada","category-premis-concursos"],"post_mailing_queue_ids":[],"_links":{"self":[{"href":"https:\/\/serveiseducatius.xtec.cat\/baixpenedes\/wp-json\/wp\/v2\/posts\/11659","targetHints":{"allow":["GET"]}}],"collection":[{"href":"https:\/\/serveiseducatius.xtec.cat\/baixpenedes\/wp-json\/wp\/v2\/posts"}],"about":[{"href":"https:\/\/serveiseducatius.xtec.cat\/baixpenedes\/wp-json\/wp\/v2\/types\/post"}],"author":[{"embeddable":true,"href":"https:\/\/serveiseducatius.xtec.cat\/baixpenedes\/wp-json\/wp\/v2\/users\/7"}],"replies":[{"embeddable":true,"href":"https:\/\/serveiseducatius.xtec.cat\/baixpenedes\/wp-json\/wp\/v2\/comments?post=11659"}],"version-history":[{"count":3,"href":"https:\/\/serveiseducatius.xtec.cat\/baixpenedes\/wp-json\/wp\/v2\/posts\/11659\/revisions"}],"predecessor-version":[{"id":11667,"href":"https:\/\/serveiseducatius.xtec.cat\/baixpenedes\/wp-json\/wp\/v2\/posts\/11659\/revisions\/11667"}],"wp:featuredmedia":[{"embeddable":true,"href":"https:\/\/serveiseducatius.xtec.cat\/baixpenedes\/wp-json\/wp\/v2\/media\/9177"}],"wp:attachment":[{"href":"https:\/\/serveiseducatius.xtec.cat\/baixpenedes\/wp-json\/wp\/v2\/media?parent=11659"}],"wp:term":[{"taxonomy":"category","embeddable":true,"href":"https:\/\/serveiseducatius.xtec.cat\/baixpenedes\/wp-json\/wp\/v2\/categories?post=11659"},{"taxonomy":"post_tag","embeddable":true,"href":"https:\/\/serveiseducatius.xtec.cat\/baixpenedes\/wp-json\/wp\/v2\/tags?post=11659"}],"curies":[{"name":"wp","href":"https:\/\/api.w.org\/{rel}","templated":true}]}}