{"id":11571,"date":"2019-01-16T13:28:37","date_gmt":"2019-01-16T12:28:37","guid":{"rendered":"http:\/\/serveiseducatius.xtec.cat\/baixpenedes\/?p=11571"},"modified":"2019-01-16T13:31:20","modified_gmt":"2019-01-16T12:31:20","slug":"jornada-al-voltant-de-la-dinamitzacio-del-club-de-lectura-de-la-lectura-prescriptiva-terra-baixa-dangel-guimera","status":"publish","type":"post","link":"https:\/\/serveiseducatius.xtec.cat\/baixpenedes\/xerrades\/portada\/jornada-al-voltant-de-la-dinamitzacio-del-club-de-lectura-de-la-lectura-prescriptiva-terra-baixa-dangel-guimera\/","title":{"rendered":"Jornada al voltant de la dinamitzaci\u00f3 del club de lectura de la lectura prescriptiva Terra Baixa d&#8217;\u00c0ngel Guimer\u00e0."},"content":{"rendered":"<p><img loading=\"lazy\" decoding=\"async\" class=\"alignnone wp-image-11572\" src=\"https:\/\/serveiseducatius.xtec.cat\/baixpenedes\/wp-content\/uploads\/usu764\/2019\/01\/CASA_MUSEU_ANGEL_GUIMERA_EL_VENDRELL-1024x768.jpg\" alt=\"\" width=\"435\" height=\"326\" \/>Club de lectura per tal d\u2019acostar la lectura prescriptiva Terra baixa, d\u2019\u00c0ngel Guimer\u00e0, als professors. Amb aquesta sessi\u00f3 es volen donar eines als professors per tal de tractar la lectura prescriptiva Terra Baixa amb els alumnes. Es far\u00e0 tot conduint un club de lectura, per tant, ser\u00e0 requisit indispensable que els professors hagin llegit l\u2019obra pr\u00e8viament. Despr\u00e9s, es recorreran indrets emblem\u00e0tics de la vida d\u2019\u00c0ngel Guimer\u00e0 que va acabar incorporant en la seva obra liter\u00e0ria.<br \/>\nDia i hora: <strong>26 de gener de 2019<\/strong><br \/>\nLloc: <strong>Casa Museu \u00c0ngel Guimer\u00e0, El Vendrell<\/strong><br \/>\n<strong><a href=\"https:\/\/serveiseducatius.xtec.cat\/baixpenedes\/wp-content\/uploads\/usu764\/2019\/01\/guimera_programa.pdf\">Programa<\/a><\/strong><br \/>\n<strong><a href=\"https:\/\/aplicacions.gestioeducativa.gencat.cat\/pls\/soloas\/pk_for_mod_ins.p_for_exhaustiu_activitat?p_header=Llista%20d%27activitats^pk_for_mod_ins.p_for_cons_activitats?p_crp=704%26p_any=2018-2019%26p_totes=N%26p_inici=1%26p_excloure_crp_rec=T*Detall%20d%27activitat^pk_for_mod_ins.p_for_detall_activitat?p_codi=9000420555%26p_curs=2018-2019%26p_es_inscr=S&amp;p_codi=9000420555&amp;p_curs=2018-2019&amp;p_es_inscr=S\">Inscripcions<\/a><\/strong><\/p>\n","protected":false},"excerpt":{"rendered":"<p>Club de lectura per tal d\u2019acostar la lectura prescriptiva Terra baixa, d\u2019\u00c0ngel Guimer\u00e0, als professors. Amb aquesta sessi\u00f3 es volen donar eines als professors per tal de tractar la lectura prescriptiva Terra Baixa amb els alumnes. Es far\u00e0 tot conduint un club de lectura, per tant, ser\u00e0 requisit indispensable que els professors hagin llegit l\u2019obra [&hellip;]<\/p>\n","protected":false},"author":7,"featured_media":11573,"comment_status":"open","ping_status":"closed","sticky":false,"template":"","format":"standard","meta":{"_bbp_topic_count":0,"_bbp_reply_count":0,"_bbp_total_topic_count":0,"_bbp_total_reply_count":0,"_bbp_voice_count":0,"_bbp_anonymous_reply_count":0,"_bbp_topic_count_hidden":0,"_bbp_reply_count_hidden":0,"_bbp_forum_subforum_count":0,"site-sidebar-layout":"default","site-content-layout":"","ast-site-content-layout":"","site-content-style":"default","site-sidebar-style":"default","ast-global-header-display":"","ast-banner-title-visibility":"","ast-main-header-display":"","ast-hfb-above-header-display":"","ast-hfb-below-header-display":"","ast-hfb-mobile-header-display":"","site-post-title":"","ast-breadcrumbs-content":"","ast-featured-img":"","footer-sml-layout":"","theme-transparent-header-meta":"","adv-header-id-meta":"","stick-header-meta":"","header-above-stick-meta":"","header-main-stick-meta":"","header-below-stick-meta":"","astra-migrate-meta-layouts":"default","ast-page-background-enabled":"default","ast-page-background-meta":{"desktop":{"background-color":"var(--ast-global-color-4)","background-image":"","background-repeat":"repeat","background-position":"center center","background-size":"auto","background-attachment":"scroll","background-type":"","background-media":"","overlay-type":"","overlay-color":"","overlay-opacity":"","overlay-gradient":""},"tablet":{"background-color":"","background-image":"","background-repeat":"repeat","background-position":"center center","background-size":"auto","background-attachment":"scroll","background-type":"","background-media":"","overlay-type":"","overlay-color":"","overlay-opacity":"","overlay-gradient":""},"mobile":{"background-color":"","background-image":"","background-repeat":"repeat","background-position":"center center","background-size":"auto","background-attachment":"scroll","background-type":"","background-media":"","overlay-type":"","overlay-color":"","overlay-opacity":"","overlay-gradient":""}},"ast-content-background-meta":{"desktop":{"background-color":"var(--ast-global-color-5)","background-image":"","background-repeat":"repeat","background-position":"center center","background-size":"auto","background-attachment":"scroll","background-type":"","background-media":"","overlay-type":"","overlay-color":"","overlay-opacity":"","overlay-gradient":""},"tablet":{"background-color":"var(--ast-global-color-5)","background-image":"","background-repeat":"repeat","background-position":"center center","background-size":"auto","background-attachment":"scroll","background-type":"","background-media":"","overlay-type":"","overlay-color":"","overlay-opacity":"","overlay-gradient":""},"mobile":{"background-color":"var(--ast-global-color-5)","background-image":"","background-repeat":"repeat","background-position":"center center","background-size":"auto","background-attachment":"scroll","background-type":"","background-media":"","overlay-type":"","overlay-color":"","overlay-opacity":"","overlay-gradient":""}},"footnotes":""},"categories":[385,375,427,420,29,422],"tags":[],"class_list":["post-11571","post","type-post","status-publish","format-standard","has-post-thumbnail","hentry","category-gust-lectura","category-jornades","category-llengua-catalana","category-museus","category-portada","category-secundaria"],"post_mailing_queue_ids":[],"_links":{"self":[{"href":"https:\/\/serveiseducatius.xtec.cat\/baixpenedes\/wp-json\/wp\/v2\/posts\/11571","targetHints":{"allow":["GET"]}}],"collection":[{"href":"https:\/\/serveiseducatius.xtec.cat\/baixpenedes\/wp-json\/wp\/v2\/posts"}],"about":[{"href":"https:\/\/serveiseducatius.xtec.cat\/baixpenedes\/wp-json\/wp\/v2\/types\/post"}],"author":[{"embeddable":true,"href":"https:\/\/serveiseducatius.xtec.cat\/baixpenedes\/wp-json\/wp\/v2\/users\/7"}],"replies":[{"embeddable":true,"href":"https:\/\/serveiseducatius.xtec.cat\/baixpenedes\/wp-json\/wp\/v2\/comments?post=11571"}],"version-history":[{"count":2,"href":"https:\/\/serveiseducatius.xtec.cat\/baixpenedes\/wp-json\/wp\/v2\/posts\/11571\/revisions"}],"predecessor-version":[{"id":11576,"href":"https:\/\/serveiseducatius.xtec.cat\/baixpenedes\/wp-json\/wp\/v2\/posts\/11571\/revisions\/11576"}],"wp:featuredmedia":[{"embeddable":true,"href":"https:\/\/serveiseducatius.xtec.cat\/baixpenedes\/wp-json\/wp\/v2\/media\/11573"}],"wp:attachment":[{"href":"https:\/\/serveiseducatius.xtec.cat\/baixpenedes\/wp-json\/wp\/v2\/media?parent=11571"}],"wp:term":[{"taxonomy":"category","embeddable":true,"href":"https:\/\/serveiseducatius.xtec.cat\/baixpenedes\/wp-json\/wp\/v2\/categories?post=11571"},{"taxonomy":"post_tag","embeddable":true,"href":"https:\/\/serveiseducatius.xtec.cat\/baixpenedes\/wp-json\/wp\/v2\/tags?post=11571"}],"curies":[{"name":"wp","href":"https:\/\/api.w.org\/{rel}","templated":true}]}}