{"id":11513,"date":"2018-12-19T12:32:01","date_gmt":"2018-12-19T11:32:01","guid":{"rendered":"http:\/\/serveiseducatius.xtec.cat\/baixpenedes\/?p=11513"},"modified":"2018-12-19T12:32:26","modified_gmt":"2018-12-19T11:32:26","slug":"iii-concurs-de-fotografia-matematica","status":"publish","type":"post","link":"https:\/\/serveiseducatius.xtec.cat\/baixpenedes\/xerrades\/portada\/iii-concurs-de-fotografia-matematica\/","title":{"rendered":"III Concurs de Fotografia Matem\u00e0tica"},"content":{"rendered":"<p>L\u2019APMCM (Associaci\u00f3 de Professors de Matem\u00e0tiques de les Comarques Meridionals) convoca el III Concurs de Fotografia Matem\u00e0tica en el que poden participar els centres de prim\u00e0ria i secund\u00e0ria. L\u2019objectiu \u00e9s el de fomentar en els diferents centres l\u2019activitat did\u00e0ctica de Fotografia Matem\u00e0tica, com a forma d\u2019aprendre a descobrir conceptes i objectes matem\u00e0tics del nostre voltant. Es valorar\u00e0 tant la qualitat de la imatge com el contingut matem\u00e0tic a qu\u00e8 faci refer\u00e8ncia el t\u00edtol.<img loading=\"lazy\" decoding=\"async\" class=\"size-full wp-image-11514 aligncenter\" src=\"https:\/\/serveiseducatius.xtec.cat\/baixpenedes\/wp-content\/uploads\/usu764\/2018\/12\/Captura.jpg\" alt=\"\" width=\"541\" height=\"164\" srcset=\"https:\/\/serveiseducatius.xtec.cat\/baixpenedes\/wp-content\/uploads\/usu764\/2018\/12\/Captura.jpg 541w, https:\/\/serveiseducatius.xtec.cat\/baixpenedes\/wp-content\/uploads\/usu764\/2018\/12\/Captura-300x91.jpg 300w\" sizes=\"auto, (max-width: 541px) 100vw, 541px\" \/><\/p>\n<p><a href=\"http:\/\/apmcm.feemcat.org\/iii-concurs-de-fotografia-matematica\/\"><strong>M\u00e9s informaci\u00f3<\/strong><br \/>\n<\/a><b><a href=\"https:\/\/serveiseducatius.xtec.cat\/baixpenedes\/wp-content\/uploads\/usu764\/2018\/12\/Presentaci\u00f3-Concurs-Fotografia-Matem\u00e0tica-APMCM.pdf\">Presentaci\u00f3 Concurs Fotografia Matem\u00e0tica APMCM<\/a><\/b><\/p>\n","protected":false},"excerpt":{"rendered":"<p>L\u2019APMCM (Associaci\u00f3 de Professors de Matem\u00e0tiques de les Comarques Meridionals) convoca el III Concurs de Fotografia Matem\u00e0tica en el que poden participar els centres de prim\u00e0ria i secund\u00e0ria. L\u2019objectiu \u00e9s el de fomentar en els diferents centres l\u2019activitat did\u00e0ctica de Fotografia Matem\u00e0tica, com a forma d\u2019aprendre a descobrir conceptes i objectes matem\u00e0tics del nostre voltant. [&hellip;]<\/p>\n","protected":false},"author":7,"featured_media":11514,"comment_status":"open","ping_status":"closed","sticky":false,"template":"","format":"standard","meta":{"_bbp_topic_count":0,"_bbp_reply_count":0,"_bbp_total_topic_count":0,"_bbp_total_reply_count":0,"_bbp_voice_count":0,"_bbp_anonymous_reply_count":0,"_bbp_topic_count_hidden":0,"_bbp_reply_count_hidden":0,"_bbp_forum_subforum_count":0,"site-sidebar-layout":"default","site-content-layout":"","ast-site-content-layout":"","site-content-style":"default","site-sidebar-style":"default","ast-global-header-display":"","ast-banner-title-visibility":"","ast-main-header-display":"","ast-hfb-above-header-display":"","ast-hfb-below-header-display":"","ast-hfb-mobile-header-display":"","site-post-title":"","ast-breadcrumbs-content":"","ast-featured-img":"","footer-sml-layout":"","theme-transparent-header-meta":"","adv-header-id-meta":"","stick-header-meta":"","header-above-stick-meta":"","header-main-stick-meta":"","header-below-stick-meta":"","astra-migrate-meta-layouts":"default","ast-page-background-enabled":"default","ast-page-background-meta":{"desktop":{"background-color":"var(--ast-global-color-4)","background-image":"","background-repeat":"repeat","background-position":"center center","background-size":"auto","background-attachment":"scroll","background-type":"","background-media":"","overlay-type":"","overlay-color":"","overlay-opacity":"","overlay-gradient":""},"tablet":{"background-color":"","background-image":"","background-repeat":"repeat","background-position":"center center","background-size":"auto","background-attachment":"scroll","background-type":"","background-media":"","overlay-type":"","overlay-color":"","overlay-opacity":"","overlay-gradient":""},"mobile":{"background-color":"","background-image":"","background-repeat":"repeat","background-position":"center center","background-size":"auto","background-attachment":"scroll","background-type":"","background-media":"","overlay-type":"","overlay-color":"","overlay-opacity":"","overlay-gradient":""}},"ast-content-background-meta":{"desktop":{"background-color":"var(--ast-global-color-5)","background-image":"","background-repeat":"repeat","background-position":"center center","background-size":"auto","background-attachment":"scroll","background-type":"","background-media":"","overlay-type":"","overlay-color":"","overlay-opacity":"","overlay-gradient":""},"tablet":{"background-color":"var(--ast-global-color-5)","background-image":"","background-repeat":"repeat","background-position":"center center","background-size":"auto","background-attachment":"scroll","background-type":"","background-media":"","overlay-type":"","overlay-color":"","overlay-opacity":"","overlay-gradient":""},"mobile":{"background-color":"var(--ast-global-color-5)","background-image":"","background-repeat":"repeat","background-position":"center center","background-size":"auto","background-attachment":"scroll","background-type":"","background-media":"","overlay-type":"","overlay-color":"","overlay-opacity":"","overlay-gradient":""}},"footnotes":""},"categories":[29,419],"tags":[433],"class_list":["post-11513","post","type-post","status-publish","format-standard","has-post-thumbnail","hentry","category-portada","category-premis-concursos","tag-matematiques"],"post_mailing_queue_ids":[],"_links":{"self":[{"href":"https:\/\/serveiseducatius.xtec.cat\/baixpenedes\/wp-json\/wp\/v2\/posts\/11513","targetHints":{"allow":["GET"]}}],"collection":[{"href":"https:\/\/serveiseducatius.xtec.cat\/baixpenedes\/wp-json\/wp\/v2\/posts"}],"about":[{"href":"https:\/\/serveiseducatius.xtec.cat\/baixpenedes\/wp-json\/wp\/v2\/types\/post"}],"author":[{"embeddable":true,"href":"https:\/\/serveiseducatius.xtec.cat\/baixpenedes\/wp-json\/wp\/v2\/users\/7"}],"replies":[{"embeddable":true,"href":"https:\/\/serveiseducatius.xtec.cat\/baixpenedes\/wp-json\/wp\/v2\/comments?post=11513"}],"version-history":[{"count":2,"href":"https:\/\/serveiseducatius.xtec.cat\/baixpenedes\/wp-json\/wp\/v2\/posts\/11513\/revisions"}],"predecessor-version":[{"id":11517,"href":"https:\/\/serveiseducatius.xtec.cat\/baixpenedes\/wp-json\/wp\/v2\/posts\/11513\/revisions\/11517"}],"wp:featuredmedia":[{"embeddable":true,"href":"https:\/\/serveiseducatius.xtec.cat\/baixpenedes\/wp-json\/wp\/v2\/media\/11514"}],"wp:attachment":[{"href":"https:\/\/serveiseducatius.xtec.cat\/baixpenedes\/wp-json\/wp\/v2\/media?parent=11513"}],"wp:term":[{"taxonomy":"category","embeddable":true,"href":"https:\/\/serveiseducatius.xtec.cat\/baixpenedes\/wp-json\/wp\/v2\/categories?post=11513"},{"taxonomy":"post_tag","embeddable":true,"href":"https:\/\/serveiseducatius.xtec.cat\/baixpenedes\/wp-json\/wp\/v2\/tags?post=11513"}],"curies":[{"name":"wp","href":"https:\/\/api.w.org\/{rel}","templated":true}]}}