{"id":11493,"date":"2018-12-10T12:13:31","date_gmt":"2018-12-10T11:13:31","guid":{"rendered":"http:\/\/serveiseducatius.xtec.cat\/baixpenedes\/?p=11493"},"modified":"2018-12-10T12:16:54","modified_gmt":"2018-12-10T11:16:54","slug":"70e-aniversari-de-la-declaracio-universal-dels-drets-humans","status":"publish","type":"post","link":"https:\/\/serveiseducatius.xtec.cat\/baixpenedes\/xerrades\/portada\/70e-aniversari-de-la-declaracio-universal-dels-drets-humans\/","title":{"rendered":"70\u00e8 aniversari de la Declaraci\u00f3 Universal dels Drets Humans"},"content":{"rendered":"<p><a href=\"https:\/\/serveiseducatius.xtec.cat\/baixpenedes\/wp-content\/uploads\/usu764\/2018\/12\/70-drets.jpg\"><img loading=\"lazy\" decoding=\"async\" class=\"size-full wp-image-11494 alignleft\" src=\"https:\/\/serveiseducatius.xtec.cat\/baixpenedes\/wp-content\/uploads\/usu764\/2018\/12\/70-drets.jpg\" alt=\"\" width=\"547\" height=\"145\" srcset=\"https:\/\/serveiseducatius.xtec.cat\/baixpenedes\/wp-content\/uploads\/usu764\/2018\/12\/70-drets.jpg 547w, https:\/\/serveiseducatius.xtec.cat\/baixpenedes\/wp-content\/uploads\/usu764\/2018\/12\/70-drets-300x80.jpg 300w\" sizes=\"auto, (max-width: 547px) 100vw, 547px\" \/><\/a>La Declaraci\u00f3 Universal dels Drets Humans (DUDH) \u00e9s un document que marca una fita en la hist\u00f2ria dels drets humans. Elaborada per representants de totes les regions del m\u00f3n amb diferents antecedents jur\u00eddics i culturals, la Declaraci\u00f3 va ser proclamada per l&#8217;Assemblea General de les Nacions Unides a Par\u00eds, el 10 de desembre de 1948 en la seva Resoluci\u00f3 217 A (III).La Declaraci\u00f3 es considera com un ideal com\u00fa per a tots els pobles i nacions donat que estableix els drets humans fonamentals que han de protegir-se en el m\u00f3n sencer. Es tracta d&#8217;un document de trenta articles en qu\u00e8 se subratllen per primera vegada els drets humans considerats b\u00e0sics i que s&#8217;apliquen, sense excepci\u00f3, a tots els \u00e9ssers humans.Enguany, les Nacions Unides animen als Estats membres a celebrar el 70\u00e8 aniversari de la Declaraci\u00f3 Universal dels Drets Humans l&#8217;any 2018 i es preveuen diferents activitats per commemorar-ho. Per fer-ho, han planejat una celebraci\u00f3 d\u2019un any, comen\u00e7ant el Dia dels Drets Humans el passat 10 de desembre del 2017 i acabant el dia del 70\u00e8 aniversari de la Declaraci\u00f3 Universal dels Drets Humans el 10 de desembre del 2018. (font: Govern d&#8217;Andorra)<\/p>\n<h6 class=\"titol_pagina\"><a href=\"https:\/\/www.parlament.cat\/web\/serveis-educatius\/drets-humans\/index.html\">Declaraci\u00f3 dels Drets Humans<\/a><\/h6>\n","protected":false},"excerpt":{"rendered":"<p>La Declaraci\u00f3 Universal dels Drets Humans (DUDH) \u00e9s un document que marca una fita en la hist\u00f2ria dels drets humans. Elaborada per representants de totes les regions del m\u00f3n amb diferents antecedents jur\u00eddics i culturals, la Declaraci\u00f3 va ser proclamada per l&#8217;Assemblea General de les Nacions Unides a Par\u00eds, el 10 de desembre de 1948 [&hellip;]<\/p>\n","protected":false},"author":1,"featured_media":11494,"comment_status":"open","ping_status":"closed","sticky":false,"template":"","format":"standard","meta":{"_bbp_topic_count":0,"_bbp_reply_count":0,"_bbp_total_topic_count":0,"_bbp_total_reply_count":0,"_bbp_voice_count":0,"_bbp_anonymous_reply_count":0,"_bbp_topic_count_hidden":0,"_bbp_reply_count_hidden":0,"_bbp_forum_subforum_count":0,"site-sidebar-layout":"default","site-content-layout":"","ast-site-content-layout":"","site-content-style":"default","site-sidebar-style":"default","ast-global-header-display":"","ast-banner-title-visibility":"","ast-main-header-display":"","ast-hfb-above-header-display":"","ast-hfb-below-header-display":"","ast-hfb-mobile-header-display":"","site-post-title":"","ast-breadcrumbs-content":"","ast-featured-img":"","footer-sml-layout":"","theme-transparent-header-meta":"","adv-header-id-meta":"","stick-header-meta":"","header-above-stick-meta":"","header-main-stick-meta":"","header-below-stick-meta":"","astra-migrate-meta-layouts":"default","ast-page-background-enabled":"default","ast-page-background-meta":{"desktop":{"background-color":"var(--ast-global-color-4)","background-image":"","background-repeat":"repeat","background-position":"center center","background-size":"auto","background-attachment":"scroll","background-type":"","background-media":"","overlay-type":"","overlay-color":"","overlay-opacity":"","overlay-gradient":""},"tablet":{"background-color":"","background-image":"","background-repeat":"repeat","background-position":"center center","background-size":"auto","background-attachment":"scroll","background-type":"","background-media":"","overlay-type":"","overlay-color":"","overlay-opacity":"","overlay-gradient":""},"mobile":{"background-color":"","background-image":"","background-repeat":"repeat","background-position":"center center","background-size":"auto","background-attachment":"scroll","background-type":"","background-media":"","overlay-type":"","overlay-color":"","overlay-opacity":"","overlay-gradient":""}},"ast-content-background-meta":{"desktop":{"background-color":"var(--ast-global-color-5)","background-image":"","background-repeat":"repeat","background-position":"center center","background-size":"auto","background-attachment":"scroll","background-type":"","background-media":"","overlay-type":"","overlay-color":"","overlay-opacity":"","overlay-gradient":""},"tablet":{"background-color":"var(--ast-global-color-5)","background-image":"","background-repeat":"repeat","background-position":"center center","background-size":"auto","background-attachment":"scroll","background-type":"","background-media":"","overlay-type":"","overlay-color":"","overlay-opacity":"","overlay-gradient":""},"mobile":{"background-color":"var(--ast-global-color-5)","background-image":"","background-repeat":"repeat","background-position":"center center","background-size":"auto","background-attachment":"scroll","background-type":"","background-media":"","overlay-type":"","overlay-color":"","overlay-opacity":"","overlay-gradient":""}},"footnotes":""},"categories":[431,29],"tags":[],"class_list":["post-11493","post","type-post","status-publish","format-standard","has-post-thumbnail","hentry","category-drets-humans","category-portada"],"post_mailing_queue_ids":[],"_links":{"self":[{"href":"https:\/\/serveiseducatius.xtec.cat\/baixpenedes\/wp-json\/wp\/v2\/posts\/11493","targetHints":{"allow":["GET"]}}],"collection":[{"href":"https:\/\/serveiseducatius.xtec.cat\/baixpenedes\/wp-json\/wp\/v2\/posts"}],"about":[{"href":"https:\/\/serveiseducatius.xtec.cat\/baixpenedes\/wp-json\/wp\/v2\/types\/post"}],"author":[{"embeddable":true,"href":"https:\/\/serveiseducatius.xtec.cat\/baixpenedes\/wp-json\/wp\/v2\/users\/1"}],"replies":[{"embeddable":true,"href":"https:\/\/serveiseducatius.xtec.cat\/baixpenedes\/wp-json\/wp\/v2\/comments?post=11493"}],"version-history":[{"count":1,"href":"https:\/\/serveiseducatius.xtec.cat\/baixpenedes\/wp-json\/wp\/v2\/posts\/11493\/revisions"}],"predecessor-version":[{"id":11495,"href":"https:\/\/serveiseducatius.xtec.cat\/baixpenedes\/wp-json\/wp\/v2\/posts\/11493\/revisions\/11495"}],"wp:featuredmedia":[{"embeddable":true,"href":"https:\/\/serveiseducatius.xtec.cat\/baixpenedes\/wp-json\/wp\/v2\/media\/11494"}],"wp:attachment":[{"href":"https:\/\/serveiseducatius.xtec.cat\/baixpenedes\/wp-json\/wp\/v2\/media?parent=11493"}],"wp:term":[{"taxonomy":"category","embeddable":true,"href":"https:\/\/serveiseducatius.xtec.cat\/baixpenedes\/wp-json\/wp\/v2\/categories?post=11493"},{"taxonomy":"post_tag","embeddable":true,"href":"https:\/\/serveiseducatius.xtec.cat\/baixpenedes\/wp-json\/wp\/v2\/tags?post=11493"}],"curies":[{"name":"wp","href":"https:\/\/api.w.org\/{rel}","templated":true}]}}