{"id":11044,"date":"2018-09-10T14:44:16","date_gmt":"2018-09-10T12:44:16","guid":{"rendered":"http:\/\/serveiseducatius.xtec.cat\/baixpenedes\/?p=11044"},"modified":"2018-09-10T14:51:29","modified_gmt":"2018-09-10T12:51:29","slug":"most-2018-convocatoria-per-a-centres-educatius","status":"publish","type":"post","link":"https:\/\/serveiseducatius.xtec.cat\/baixpenedes\/xerrades\/portada\/most-2018-convocatoria-per-a-centres-educatius\/","title":{"rendered":"Most 2018 | Convocat\u00f2ria per a centres educatius"},"content":{"rendered":"<p><a href=\"http:\/\/serveiseducatius.xtec.cat\/baixpenedes\/wp-content\/uploads\/usu764\/2018\/09\/most-1.jpg\"><img loading=\"lazy\" decoding=\"async\" class=\"size-full wp-image-11049 alignleft\" src=\"http:\/\/serveiseducatius.xtec.cat\/baixpenedes\/wp-content\/uploads\/usu764\/2018\/09\/most-1.jpg\" alt=\"\" width=\"382\" height=\"382\" \/><\/a><br \/>\nEl MOST Festival del Cinema del Vi i del Cava vol obrir la seva convocat\u00f2ria a l\u2019\u00e0mbit educatiu per tal de sumar a la seva programaci\u00f3 treballs audiovisuals realitzats per grups escolars, amb l\u2019objectiu principal de fomentar la creaci\u00f3 i producci\u00f3 d\u2019audiovisuals entre els m\u00e9s joves. \u00c9s per aix\u00f2 que aquest 2018 inaugurem aquesta recerca i comencem per convidar a tots els centres educatius del Pened\u00e8s i el Priorat, per tal de con\u00e8ixer treballs que s\u2019hagin realitzat aquests dos darrers cursos.<\/p>\n<h5><span id=\"Bases\">Bases<\/span><\/h5>\n<p>Podran participar els centres educatius del Gran Pened\u00e8s (Alt i Baix Pened\u00e8s, Garraf, Anoia) i del Priorat, d\u2019<strong>educaci\u00f3 infantil, prim\u00e0ria, secund\u00e0ria i batxillerat<\/strong>.<\/p>\n<h5><span id=\"Categories\">Categories<\/span><\/h5>\n<p><strong>Premi Mallol<\/strong>: Centres d\u2019educaci\u00f3 infantil i prim\u00e0ria<br \/>\n<strong>Premi Verema<\/strong>: Centres d\u2019educaci\u00f3 secund\u00e0ria i batxillerat<\/p>\n<h5><span id=\"Tematica\">Tem\u00e0tica<\/span><\/h5>\n<p>S\u2019accepten curtmetratges de\u00a0<strong>qualsevol tem\u00e0tica penedesenca i prioratina<\/strong>\u00a0(en un sentit ampli) i g\u00e8nere (ficci\u00f3, documental, animaci\u00f3, etc.). Els treballs audiovisuals hauran d\u2019haver estat fets, entre l\u2019octubre de 2016 i l\u2019octubre de 2018.<\/p>\n<h5><span id=\"Durada\">Durada<\/span><\/h5>\n<p>Les obres no poden superar els\u00a0<strong>10 minuts<\/strong>\u00a0de durada (inclosos els cr\u00e8dits).<\/p>\n<h5><span id=\"Proces_dinscripcio\">Proc\u00e9s d\u2019inscripci\u00f3<\/span><\/h5>\n<p><strong>Fins al 15 d\u2019octubre<\/strong>\u00a0es poden presentar els treballs. Aquest s\u2019hauran d\u2019enviar a trav\u00e9s del correu electr\u00f2nic\u00a0<a href=\"mailto:programacio@mostfestival.cat\" target=\"_blank\" rel=\"noopener noreferrer\">programacio@mostfestival.cat<\/a>\u00a0a trav\u00e9s d\u2019un link a Vimeo (o similar), adjuntant\u00a0la\u00a0<strong>fitxa d\u2019inscripci\u00f3<\/strong>\u00a0emplenada.<\/p>\n<ul>\n<li>Veure\u00a0<a href=\"https:\/\/drive.google.com\/open?id=1ANPRwiNQGskE4s-r2VTUIL5GRmBTPFv9\" target=\"_blank\" rel=\"noopener noreferrer\">fitxa d\u2019inscripci\u00f3 Premi Mallol, Infantil i Prim\u00e0ria<\/a><\/li>\n<li>Veure\u00a0<a href=\"https:\/\/drive.google.com\/open?id=11YGQE2ZSAjwi8T4CfPlX2dVd_eZk9l4N\" target=\"_blank\" rel=\"noopener noreferrer\">fitxa d\u2019inscripci\u00f3 Premi Verema, Secund\u00e0ria i Batxillerat<\/a><\/li>\n<\/ul>\n<h5><span id=\"Seleccio\">Selecci\u00f3<\/span><\/h5>\n<p>Un comit\u00e8 organitzador compost per persones de l\u2019equip Most 2018 i del Centres de Recursos Pedag\u00f2gics de l\u2019Alt Pened\u00e8s i del Priorat realitzar\u00e0 una selecci\u00f3 de les obres presentades. Aquesta decisi\u00f3 ser\u00e0 comunicada als centres participants.\u00a0<strong>La selecci\u00f3 oficial es far\u00e0 p\u00fablica al web del Festival<\/strong>.<\/p>\n<p>L\u2019organitzaci\u00f3 es reserva el dret d\u2019utilitzar les imatges presentades com a material promocional del Festival. No seran acceptades les obres que no tinguin la qualitat t\u00e8cnica necess\u00e0ria per a una correcta visualitzaci\u00f3.<\/p>\n<h5><span id=\"Projeccio\">Projecci\u00f3<\/span><\/h5>\n<p>Per a facilitar-ne la projecci\u00f3, i\u00a0<strong>abans del 30 d\u2019octubre<\/strong>\u00a0caldr\u00e0 fer arribar al correu\u00a0<a href=\"mailto:programacio@mostfestival.cat\" target=\"_blank\" rel=\"noopener noreferrer\">programacio@mostfestival.cat<\/a>, l\u2019arxiu de projecci\u00f3, en la millor qualitat possible i altres materials que puguin facilitar-ne la difusi\u00f3 (fotografies, cartells\u2026).<\/p>\n<p>En el cas de tramesa postal o missatgeria, caldr\u00e0 fer arribar els materials a VINSEUM, pl. Jaume I, 1 08720 Vilafranca del Pened\u00e8s. Les despeses d\u2019enviament, si \u00e9s el cas, aniran a c\u00e0rrec del centre participant.<\/p>\n<p>Les produccions seleccionades integraran la selecci\u00f3 oficial, i\u00a0<strong>seran exhibides p\u00fablicament el dimarts 13 de novembre, a les 19 h, l\u2019Auditori de VINSEUM<\/strong>, en un acte obert a tothom, en que es far\u00e0 tamb\u00e9 p\u00fablic el veredicte del jurat. A part es valorar\u00e0 la projecci\u00f3 durant els dies del festival, tant al Pened\u00e8s com al Priorat, entenent que els seus autors n\u2019autoritzen la projecci\u00f3. En cap cas es contempla l\u2019abonament de taxes de projecci\u00f3.<\/p>\n<h5><span id=\"Jurat_Premis\">Jurat \/ Premis<\/span><\/h5>\n<p>Un Jurat designat pel comit\u00e8 organitzador decidir\u00e0 els premis de la selecci\u00f3 oficial. S\u2019atorgaran els seg\u00fcents premis:<\/p>\n<ul>\n<li>Premi Mallol: Premi a una producci\u00f3 d\u2019un centre d\u2019educaci\u00f3 infantil i prim\u00e0ria: diploma i material audiovisual (per valor de 300\u20ac).<\/li>\n<li>Premi Verema: Premi a una producci\u00f3 d\u2019un centre d\u2019educaci\u00f3 secund\u00e0ria i batxillerat: diploma i material audiovisual (per valor de 300\u20ac).<\/li>\n<\/ul>\n<p>El Jurat tindr\u00e0 la potestat de deixar desert el premi o els premis que consideri oportuns, aix\u00ed com atorgar una menci\u00f3 especial per a ressaltar aspectes t\u00e8cnics i art\u00edstics d\u2019alguna de les pel\u00b7l\u00edcules en competici\u00f3. Les seves decisions seran inapel\u00b7lables.<\/p>\n<p>El<strong>\u00a0lliurament de premis de totes les categories<\/strong>\u00a0tindr\u00e0 lloc el\u00a0<strong>diumenge 18 de novembre de 2018<\/strong>, a l\u2019Auditori Municipal de Vilafranca del Pened\u00e8s.<\/p>\n<h5><span id=\"Altres\">Altres<\/span><\/h5>\n<p>Els\u00a0<strong>centres educatius<\/strong>\u00a0participants hauran de comptar amb l\u2019autoritzaci\u00f3 de les fam\u00edlies per a la utilitzaci\u00f3 de la imatge dels seus fills i\/o filles, si \u00e9s el cas, amb compliment de la Llei org\u00e0nica 1\/1982, de 5 de maig, de protecci\u00f3 civil del dret a l\u2019honor, a la intimitat personal i familiar, i a la pr\u00f2pia imatge. El centre es far\u00e0 c\u00e0rrec i custodiar\u00e0 aquestes autoritzacions.<br \/>\nLes obres presentades tindran el vistiplau del centre i la responsabilitat d\u2019un docent que n\u2019haur\u00e0 fet el seguiment, en el benent\u00e8s que els treballs s\u2019han d\u2019haver elaborat pels i per les alumnes i\/o amb la seva participaci\u00f3.<\/p>\n<p>Els autors o autores hauran d\u2019assegurar-se pr\u00e8viament que el contingut de la seva obra no infringeixi els\u00a0<strong>drets de la propietat intel\u2022lectual<\/strong>\u00a0o altres drets de tercers, i exoneraran al Comit\u00e8 organitzador de qualsevol responsabilitat legal.<\/p>\n<p><strong>La participaci\u00f3 en el Most Festival implica l\u2019acceptaci\u00f3 d\u2019aquestes\u00a0<a href=\"https:\/\/drive.google.com\/open?id=145ycsJOHqJjg-sgXkjiQZInbyDQmtIcp\" target=\"_blank\" rel=\"noopener noreferrer\">Bases<\/a><\/strong>. Qualsevol q\u00fcesti\u00f3 que aparegui durant la gesti\u00f3 del Most Festival, no contemplada a les bases, ser\u00e0 decidida pel comit\u00e8 organitzador.<\/p>\n<p>Most Festival Internacional de Cinema del Vi i del Cava<br \/>\n<a href=\"http:\/\/www.mostfestival.cat\/\" target=\"_blank\" rel=\"noopener noreferrer\">www.mostfestival.cat<\/a><br \/>\nPened\u00e8s \/ Priorat, juny de 2018<\/p>\n","protected":false},"excerpt":{"rendered":"<p>El MOST Festival del Cinema del Vi i del Cava vol obrir la seva convocat\u00f2ria a l\u2019\u00e0mbit educatiu per tal de sumar a la seva programaci\u00f3 treballs audiovisuals realitzats per grups escolars, amb l\u2019objectiu principal de fomentar la creaci\u00f3 i producci\u00f3 d\u2019audiovisuals entre els m\u00e9s joves. \u00c9s per aix\u00f2 que aquest 2018 inaugurem aquesta recerca [&hellip;]<\/p>\n","protected":false},"author":1,"featured_media":11045,"comment_status":"open","ping_status":"closed","sticky":false,"template":"","format":"standard","meta":{"_bbp_topic_count":0,"_bbp_reply_count":0,"_bbp_total_topic_count":0,"_bbp_total_reply_count":0,"_bbp_voice_count":0,"_bbp_anonymous_reply_count":0,"_bbp_topic_count_hidden":0,"_bbp_reply_count_hidden":0,"_bbp_forum_subforum_count":0,"site-sidebar-layout":"default","site-content-layout":"","ast-site-content-layout":"","site-content-style":"default","site-sidebar-style":"default","ast-global-header-display":"","ast-banner-title-visibility":"","ast-main-header-display":"","ast-hfb-above-header-display":"","ast-hfb-below-header-display":"","ast-hfb-mobile-header-display":"","site-post-title":"","ast-breadcrumbs-content":"","ast-featured-img":"","footer-sml-layout":"","theme-transparent-header-meta":"","adv-header-id-meta":"","stick-header-meta":"","header-above-stick-meta":"","header-main-stick-meta":"","header-below-stick-meta":"","astra-migrate-meta-layouts":"default","ast-page-background-enabled":"default","ast-page-background-meta":{"desktop":{"background-color":"var(--ast-global-color-4)","background-image":"","background-repeat":"repeat","background-position":"center center","background-size":"auto","background-attachment":"scroll","background-type":"","background-media":"","overlay-type":"","overlay-color":"","overlay-opacity":"","overlay-gradient":""},"tablet":{"background-color":"","background-image":"","background-repeat":"repeat","background-position":"center center","background-size":"auto","background-attachment":"scroll","background-type":"","background-media":"","overlay-type":"","overlay-color":"","overlay-opacity":"","overlay-gradient":""},"mobile":{"background-color":"","background-image":"","background-repeat":"repeat","background-position":"center center","background-size":"auto","background-attachment":"scroll","background-type":"","background-media":"","overlay-type":"","overlay-color":"","overlay-opacity":"","overlay-gradient":""}},"ast-content-background-meta":{"desktop":{"background-color":"var(--ast-global-color-5)","background-image":"","background-repeat":"repeat","background-position":"center center","background-size":"auto","background-attachment":"scroll","background-type":"","background-media":"","overlay-type":"","overlay-color":"","overlay-opacity":"","overlay-gradient":""},"tablet":{"background-color":"var(--ast-global-color-5)","background-image":"","background-repeat":"repeat","background-position":"center center","background-size":"auto","background-attachment":"scroll","background-type":"","background-media":"","overlay-type":"","overlay-color":"","overlay-opacity":"","overlay-gradient":""},"mobile":{"background-color":"var(--ast-global-color-5)","background-image":"","background-repeat":"repeat","background-position":"center center","background-size":"auto","background-attachment":"scroll","background-type":"","background-media":"","overlay-type":"","overlay-color":"","overlay-opacity":"","overlay-gradient":""}},"footnotes":""},"categories":[297,29],"tags":[],"class_list":["post-11044","post","type-post","status-publish","format-standard","has-post-thumbnail","hentry","category-comarca","category-portada"],"post_mailing_queue_ids":[],"_links":{"self":[{"href":"https:\/\/serveiseducatius.xtec.cat\/baixpenedes\/wp-json\/wp\/v2\/posts\/11044","targetHints":{"allow":["GET"]}}],"collection":[{"href":"https:\/\/serveiseducatius.xtec.cat\/baixpenedes\/wp-json\/wp\/v2\/posts"}],"about":[{"href":"https:\/\/serveiseducatius.xtec.cat\/baixpenedes\/wp-json\/wp\/v2\/types\/post"}],"author":[{"embeddable":true,"href":"https:\/\/serveiseducatius.xtec.cat\/baixpenedes\/wp-json\/wp\/v2\/users\/1"}],"replies":[{"embeddable":true,"href":"https:\/\/serveiseducatius.xtec.cat\/baixpenedes\/wp-json\/wp\/v2\/comments?post=11044"}],"version-history":[{"count":3,"href":"https:\/\/serveiseducatius.xtec.cat\/baixpenedes\/wp-json\/wp\/v2\/posts\/11044\/revisions"}],"predecessor-version":[{"id":11052,"href":"https:\/\/serveiseducatius.xtec.cat\/baixpenedes\/wp-json\/wp\/v2\/posts\/11044\/revisions\/11052"}],"wp:featuredmedia":[{"embeddable":true,"href":"https:\/\/serveiseducatius.xtec.cat\/baixpenedes\/wp-json\/wp\/v2\/media\/11045"}],"wp:attachment":[{"href":"https:\/\/serveiseducatius.xtec.cat\/baixpenedes\/wp-json\/wp\/v2\/media?parent=11044"}],"wp:term":[{"taxonomy":"category","embeddable":true,"href":"https:\/\/serveiseducatius.xtec.cat\/baixpenedes\/wp-json\/wp\/v2\/categories?post=11044"},{"taxonomy":"post_tag","embeddable":true,"href":"https:\/\/serveiseducatius.xtec.cat\/baixpenedes\/wp-json\/wp\/v2\/tags?post=11044"}],"curies":[{"name":"wp","href":"https:\/\/api.w.org\/{rel}","templated":true}]}}