{"id":10927,"date":"2018-06-26T11:50:42","date_gmt":"2018-06-26T09:50:42","guid":{"rendered":"http:\/\/serveiseducatius.xtec.cat\/baixpenedes\/?p=10927"},"modified":"2018-06-26T11:50:42","modified_gmt":"2018-06-26T09:50:42","slug":"most-festival-de-cinema-del-vi-i-del-cava","status":"publish","type":"post","link":"https:\/\/serveiseducatius.xtec.cat\/baixpenedes\/xerrades\/portada\/most-festival-de-cinema-del-vi-i-del-cava\/","title":{"rendered":"MOST Festival de Cinema del Vi i del Cava"},"content":{"rendered":"<blockquote>\n<div>\n<div class=\"gmail_quote\">\n<div>\n<div class=\"gmail_quote\">\n<div>\n<div><img loading=\"lazy\" decoding=\"async\" class=\"size-full wp-image-10928 alignleft\" src=\"http:\/\/serveiseducatius.xtec.cat\/baixpenedes\/wp-content\/uploads\/usu764\/2018\/06\/Logo-Most-escoles-300x295.jpg\" alt=\"\" width=\"300\" height=\"295\" \/><span style=\"background-color: #ffffff; color: #000000;\">El\u00a0<b>MOST Festival del Cinema del Vi i del Cava<\/b>\u00a0vol obrir la seva convocat\u00f2ria a l\u2019\u00e0mbit educatiu per tal de sumar a la seva programaci\u00f3 treballs audiovisuals realitzats per grups escolars, amb l\u2019<b>objectiu principal de fomentar la creaci\u00f3 i producci\u00f3 d\u2019audiovisuals entre els m\u00e9s joves<\/b>.\u00a0<\/span><\/div>\n<\/div>\n<\/div>\n<\/div>\n<\/div>\n<\/div>\n<div>\n<div class=\"gmail_quote\">\n<div>\n<div class=\"gmail_quote\">\n<div>\n<div><\/div>\n<\/div>\n<\/div>\n<\/div>\n<\/div>\n<\/div>\n<div>\n<div class=\"gmail_quote\">\n<div>\n<div class=\"gmail_quote\">\n<div>\n<div><span style=\"background-color: #ffffff; color: #000000;\">\u00c9s per aix\u00f2 que aquest 2018 s&#8217;obren dues noves categories pels\u00a0<b>centres educatius de l&#8217;Alt i Baix Pened\u00e8s, l&#8217;Anoia, el Garraf i el Priorat<\/b>, per participar amb treballs audiovisuals de tem\u00e0tica penedesenca o prioratina que s\u2019hagin realitzat\u00a0entre l\u2019octubre de 2016 i l\u2019octubre de 2018 i que no superin el 10 minuts de durada.\u00a0<\/span><\/div>\n<\/div>\n<\/div>\n<\/div>\n<\/div>\n<\/div>\n<div>\n<div class=\"gmail_quote\">\n<div>\n<div class=\"gmail_quote\">\n<div>\n<div><\/div>\n<\/div>\n<\/div>\n<\/div>\n<\/div>\n<\/div>\n<div>\n<div class=\"gmail_quote\">\n<div>\n<div class=\"gmail_quote\">\n<div>\n<div><span style=\"background-color: #ffffff; color: #000000;\">Us\u00a0<b>adjuntem les Bases<\/b>\u00a0i els\u00a0<b>fulls d&#8217;inscripci\u00f3<\/b>\u00a0segons la categoria:<\/span><\/div>\n<\/div>\n<\/div>\n<\/div>\n<\/div>\n<\/div>\n<\/blockquote>\n<div>\n<div class=\"gmail_quote\">\n<div>\n<div class=\"gmail_quote\">\n<div>\n<div>\n<ul>\n<li style=\"list-style-type: none;\">\n<ul>\n<li><span style=\"background-color: #ffffff; color: #000000;\"><b>Premi Mallol<\/b>: Centres d\u2019educaci\u00f3 infantil i prim\u00e0ria<\/span><\/li>\n<li><span style=\"background-color: #ffffff; color: #000000;\"><b>Premi Verema<\/b>: Centres d\u2019educaci\u00f3 secund\u00e0ria i batxillerat<\/span><\/li>\n<\/ul>\n<\/li>\n<\/ul>\n<\/div>\n<\/div>\n<\/div>\n<\/div>\n<\/div>\n<\/div>\n<blockquote>\n<div><\/div>\n<div>\n<div class=\"gmail_quote\">\n<div>\n<div class=\"gmail_quote\">\n<div>\n<div><span style=\"background-color: #ffffff; color: #000000;\">La data l\u00edmit de presentaci\u00f3 \u00e9s el 15 d&#8217;octubre de 2018.<\/span><\/div>\n<\/div>\n<\/div>\n<\/div>\n<\/div>\n<\/div>\n<div>\n<div class=\"gmail_quote\">\n<div>\n<div class=\"gmail_quote\">\n<div>\n<div><\/div>\n<\/div>\n<\/div>\n<\/div>\n<\/div>\n<\/div>\n<div>\n<div class=\"gmail_quote\">\n<div>\n<div class=\"gmail_quote\">\n<div>\n<div><span style=\"background-color: #ffffff; color: #000000;\">Trobareu m\u00e9s informaci\u00f3 en el seg\u00fcent\u00a0\u00a0<a href=\"https:\/\/serveiseducatius.xtec.cat\/altpenedes\/general\/most-2018-convocatoria-pera-a-centres-educatius\/\" target=\"_blank\" rel=\"noopener noreferrer\" data-saferedirecturl=\"https:\/\/www.google.com\/url?hl=ca&amp;q=https:\/\/serveiseducatius.xtec.cat\/altpenedes\/general\/most-2018-convocatoria-pera-a-centres-educatius\/&amp;source=gmail&amp;ust=1530089134798000&amp;usg=AFQjCNHncvyqZ5nvE_pU8smGAqYAXYfo6g\"><b>enlla\u00e7<\/b><\/a>.<\/span><\/div>\n<\/div>\n<\/div>\n<\/div>\n<\/div>\n<\/div>\n<div>\n<div class=\"gmail_quote\">\n<div>\n<div class=\"gmail_quote\">\n<div>\n<div><\/div>\n<\/div>\n<\/div>\n<\/div>\n<\/div>\n<\/div>\n<\/blockquote>\n","protected":false},"excerpt":{"rendered":"<p>El\u00a0MOST Festival del Cinema del Vi i del Cava\u00a0vol obrir la seva convocat\u00f2ria a l\u2019\u00e0mbit educatiu per tal de sumar a la seva programaci\u00f3 treballs audiovisuals realitzats per grups escolars, amb l\u2019objectiu principal de fomentar la creaci\u00f3 i producci\u00f3 d\u2019audiovisuals entre els m\u00e9s joves.\u00a0 \u00c9s per aix\u00f2 que aquest 2018 s&#8217;obren dues noves categories pels\u00a0centres [&hellip;]<\/p>\n","protected":false},"author":7,"featured_media":10928,"comment_status":"open","ping_status":"closed","sticky":false,"template":"","format":"standard","meta":{"_bbp_topic_count":0,"_bbp_reply_count":0,"_bbp_total_topic_count":0,"_bbp_total_reply_count":0,"_bbp_voice_count":0,"_bbp_anonymous_reply_count":0,"_bbp_topic_count_hidden":0,"_bbp_reply_count_hidden":0,"_bbp_forum_subforum_count":0,"site-sidebar-layout":"default","site-content-layout":"","ast-site-content-layout":"","site-content-style":"default","site-sidebar-style":"default","ast-global-header-display":"","ast-banner-title-visibility":"","ast-main-header-display":"","ast-hfb-above-header-display":"","ast-hfb-below-header-display":"","ast-hfb-mobile-header-display":"","site-post-title":"","ast-breadcrumbs-content":"","ast-featured-img":"","footer-sml-layout":"","theme-transparent-header-meta":"","adv-header-id-meta":"","stick-header-meta":"","header-above-stick-meta":"","header-main-stick-meta":"","header-below-stick-meta":"","astra-migrate-meta-layouts":"default","ast-page-background-enabled":"default","ast-page-background-meta":{"desktop":{"background-color":"var(--ast-global-color-4)","background-image":"","background-repeat":"repeat","background-position":"center center","background-size":"auto","background-attachment":"scroll","background-type":"","background-media":"","overlay-type":"","overlay-color":"","overlay-opacity":"","overlay-gradient":""},"tablet":{"background-color":"","background-image":"","background-repeat":"repeat","background-position":"center center","background-size":"auto","background-attachment":"scroll","background-type":"","background-media":"","overlay-type":"","overlay-color":"","overlay-opacity":"","overlay-gradient":""},"mobile":{"background-color":"","background-image":"","background-repeat":"repeat","background-position":"center center","background-size":"auto","background-attachment":"scroll","background-type":"","background-media":"","overlay-type":"","overlay-color":"","overlay-opacity":"","overlay-gradient":""}},"ast-content-background-meta":{"desktop":{"background-color":"var(--ast-global-color-5)","background-image":"","background-repeat":"repeat","background-position":"center center","background-size":"auto","background-attachment":"scroll","background-type":"","background-media":"","overlay-type":"","overlay-color":"","overlay-opacity":"","overlay-gradient":""},"tablet":{"background-color":"var(--ast-global-color-5)","background-image":"","background-repeat":"repeat","background-position":"center center","background-size":"auto","background-attachment":"scroll","background-type":"","background-media":"","overlay-type":"","overlay-color":"","overlay-opacity":"","overlay-gradient":""},"mobile":{"background-color":"var(--ast-global-color-5)","background-image":"","background-repeat":"repeat","background-position":"center center","background-size":"auto","background-attachment":"scroll","background-type":"","background-media":"","overlay-type":"","overlay-color":"","overlay-opacity":"","overlay-gradient":""}},"footnotes":""},"categories":[343,29],"tags":[],"class_list":["post-10927","post","type-post","status-publish","format-standard","has-post-thumbnail","hentry","category-activitats-comarca","category-portada"],"post_mailing_queue_ids":[],"_links":{"self":[{"href":"https:\/\/serveiseducatius.xtec.cat\/baixpenedes\/wp-json\/wp\/v2\/posts\/10927","targetHints":{"allow":["GET"]}}],"collection":[{"href":"https:\/\/serveiseducatius.xtec.cat\/baixpenedes\/wp-json\/wp\/v2\/posts"}],"about":[{"href":"https:\/\/serveiseducatius.xtec.cat\/baixpenedes\/wp-json\/wp\/v2\/types\/post"}],"author":[{"embeddable":true,"href":"https:\/\/serveiseducatius.xtec.cat\/baixpenedes\/wp-json\/wp\/v2\/users\/7"}],"replies":[{"embeddable":true,"href":"https:\/\/serveiseducatius.xtec.cat\/baixpenedes\/wp-json\/wp\/v2\/comments?post=10927"}],"version-history":[{"count":1,"href":"https:\/\/serveiseducatius.xtec.cat\/baixpenedes\/wp-json\/wp\/v2\/posts\/10927\/revisions"}],"predecessor-version":[{"id":10929,"href":"https:\/\/serveiseducatius.xtec.cat\/baixpenedes\/wp-json\/wp\/v2\/posts\/10927\/revisions\/10929"}],"wp:featuredmedia":[{"embeddable":true,"href":"https:\/\/serveiseducatius.xtec.cat\/baixpenedes\/wp-json\/wp\/v2\/media\/10928"}],"wp:attachment":[{"href":"https:\/\/serveiseducatius.xtec.cat\/baixpenedes\/wp-json\/wp\/v2\/media?parent=10927"}],"wp:term":[{"taxonomy":"category","embeddable":true,"href":"https:\/\/serveiseducatius.xtec.cat\/baixpenedes\/wp-json\/wp\/v2\/categories?post=10927"},{"taxonomy":"post_tag","embeddable":true,"href":"https:\/\/serveiseducatius.xtec.cat\/baixpenedes\/wp-json\/wp\/v2\/tags?post=10927"}],"curies":[{"name":"wp","href":"https:\/\/api.w.org\/{rel}","templated":true}]}}