{"id":10734,"date":"2018-05-17T11:01:59","date_gmt":"2018-05-17T09:01:59","guid":{"rendered":"http:\/\/serveiseducatius.xtec.cat\/baixpenedes\/?p=10734"},"modified":"2018-05-17T11:01:59","modified_gmt":"2018-05-17T09:01:59","slug":"el-festival-en-veu-alta-es-posa-en-marxa-amb-mes-presencia-al-baix-penedes","status":"publish","type":"post","link":"https:\/\/serveiseducatius.xtec.cat\/baixpenedes\/general\/el-festival-en-veu-alta-es-posa-en-marxa-amb-mes-presencia-al-baix-penedes\/","title":{"rendered":"El Festival En Veu Alta es posa en marxa amb m\u00e9s pres\u00e8ncia al Baix Pened\u00e8s"},"content":{"rendered":"<p><iframe loading=\"lazy\" src=\"https:\/\/www.youtube.com\/embed\/9mA86QaG_HQ\" width=\"849\" height=\"478\" frameborder=\"0\" allowfullscreen=\"allowfullscreen\"><\/iframe><\/p>\n<p>&nbsp;<\/p>\n<div>\n<p>El Festival En Veu Alta (EVA) encara la 14a edici\u00f3 programant una seixantena d&#8217;espectacles literaris amb vocaci\u00f3 \u00abtrencadora\u00a0i revolucionaria\u00bb, i obrint-se cada cop m\u00e9s cap al Baix Pened\u00e8s.\u00a0<strong>El festival se celebrar\u00e0 del 8 al 17 de juny al Pened\u00e8s, mentre que del 29 de juny a l&#8217;1 de juliol, l&#8217;activitat es traslladar\u00e0 a Pradell de la Teixeta<\/strong>\u00a0(Priorat). La cantautora L\u00eddia Pujol i el guitarrista Guillermo Rizzotto donaran el tret de sortida a l&#8217;EVA des de Sant Sadurn\u00ed amb el recital &#8216;Farem la revoluci\u00f3 i la tornarem a fer&#8217;, obrint tota una programaci\u00f3 que s&#8217;estendr\u00e0 per una quinzena de municipis de l&#8217;Alt i el Baix Pened\u00e8s.<\/p>\n<p>Un dels plats forts, com ja va anunciar l&#8217;organitzaci\u00f3, \u00e9s la incorporaci\u00f3 de l&#8217;actor Alberto San Juan, que actuar\u00e0 tant al Pened\u00e8s com al Priorat amb &#8216;Autorretrato de un joven capitalista espa\u00f1ol&#8217;.\u00a0<strong>L&#8217;EVA tornar\u00e0 a fer bandera de l&#8217;art de la narraci\u00f3 i la tradici\u00f3 oral amb espectacles teatrals, lectures, m\u00fasica i videoart<\/strong>\u00a0en llocs inusuals com coves, avencs, museus, masies, patis, antics safaretjos, una capella, un antic mol\u00ed i, fins i tot, un cementiri.<\/p>\n<\/div>\n<div class=\"teads2\"><\/div>\n<div>\n<h2>M\u00e9s pres\u00e8ncia al Baix Pened\u00e8s<\/h2>\n<p>Tot i que el festival se centra\u00a0en municipis de l&#8217;Alt Pened\u00e8s, aquest any guanyar\u00e0 pres\u00e8ncia al Baix Pened\u00e8s.\u00a0<strong>A\u00a0part de Lloren\u00e7 \u2014on ja hi va ser l&#8217;any passat\u2014, la programaci\u00f3 tamb\u00e9 s&#8217;estendr\u00e0 al Vendrell, Santa oliva, Calafell i la Bisbal<\/strong>. D&#8217;entre la seixantena d&#8217;espectacles previstos, a banda de la proposta d&#8217;Alberto San Juan, l&#8217;EVA 2018 destaca la incorporaci\u00f3 de &#8216;La gran glosada&#8217;, amb Ferriol Masip, Laia Pedrol, Titot o la Fardatxa i els m\u00fasics Pau Vinyoles i Joan Sobrevals.<\/p>\n<p>La programaci\u00f3 tamb\u00e9 inclou la sessi\u00f3 &#8216;Vi, glosa i estrelles&#8217;, amb Mireia Mena i Alexandre Bonanit, l&#8217;espectacle &#8216;Las mil y una noches&#8217;, amb H\u00e9ctor Uri\u00e9n, i la trobada de di\u00e0legs &#8216;Llibr\u00e0legs&#8217;, en qu\u00e8 Meritxell Yanes i Cristina Cervia oferiran converses breus entre dos actors i els seus respectius personatges enmig d&#8217;una biblioteca.\u00a0<strong>Pel que fa al\u00a0vessant m\u00e9s musical, Pedro Burrueazo oferir\u00e0 un espectacle avantguardista a cavall entre un concert i una confer\u00e8ncia<\/strong>, el grup Anxovetes presentar\u00e0 un concert d&#8217;havaneres, Xavi Lozano actuar\u00e0 amb &#8216;Tubs del m\u00f3n&#8217; i Joan Rovira ser\u00e0 a Pradell de la Teixeta amb una actuaci\u00f3 intimista.\u00a0<a href=\"http:\/\/enveualta.com\/?post_type=espectacle\" target=\"_blank\" rel=\"noopener noreferrer\">Podeu consultar el programa complet en aquest enlla\u00e7<\/a>.<\/p>\n<\/div>\n","protected":false},"excerpt":{"rendered":"<p>El Festival En Veu Alta (EVA) encara la 14a edici\u00f3 programant una seixantena d&#8217;espectacles literaris amb vocaci\u00f3 \u00abtrencadora i revolucionaria\u00bb, i obrint-se cada cop m\u00e9s cap al Baix Pened\u00e8s. El festival se celebrar\u00e0 del 8 al 17 de juny al Pened\u00e8s, mentre que del 29 de juny a l&#8217;1 de juliol, l&#8217;activitat es traslladar\u00e0 a Pradell de la Teixeta (Priorat).<\/p>\n","protected":false},"author":7,"featured_media":10735,"comment_status":"open","ping_status":"closed","sticky":false,"template":"","format":"standard","meta":{"_bbp_topic_count":0,"_bbp_reply_count":0,"_bbp_total_topic_count":0,"_bbp_total_reply_count":0,"_bbp_voice_count":0,"_bbp_anonymous_reply_count":0,"_bbp_topic_count_hidden":0,"_bbp_reply_count_hidden":0,"_bbp_forum_subforum_count":0,"site-sidebar-layout":"default","site-content-layout":"","ast-site-content-layout":"","site-content-style":"default","site-sidebar-style":"default","ast-global-header-display":"","ast-banner-title-visibility":"","ast-main-header-display":"","ast-hfb-above-header-display":"","ast-hfb-below-header-display":"","ast-hfb-mobile-header-display":"","site-post-title":"","ast-breadcrumbs-content":"","ast-featured-img":"","footer-sml-layout":"","theme-transparent-header-meta":"","adv-header-id-meta":"","stick-header-meta":"","header-above-stick-meta":"","header-main-stick-meta":"","header-below-stick-meta":"","astra-migrate-meta-layouts":"default","ast-page-background-enabled":"default","ast-page-background-meta":{"desktop":{"background-color":"var(--ast-global-color-4)","background-image":"","background-repeat":"repeat","background-position":"center center","background-size":"auto","background-attachment":"scroll","background-type":"","background-media":"","overlay-type":"","overlay-color":"","overlay-opacity":"","overlay-gradient":""},"tablet":{"background-color":"","background-image":"","background-repeat":"repeat","background-position":"center center","background-size":"auto","background-attachment":"scroll","background-type":"","background-media":"","overlay-type":"","overlay-color":"","overlay-opacity":"","overlay-gradient":""},"mobile":{"background-color":"","background-image":"","background-repeat":"repeat","background-position":"center center","background-size":"auto","background-attachment":"scroll","background-type":"","background-media":"","overlay-type":"","overlay-color":"","overlay-opacity":"","overlay-gradient":""}},"ast-content-background-meta":{"desktop":{"background-color":"var(--ast-global-color-5)","background-image":"","background-repeat":"repeat","background-position":"center center","background-size":"auto","background-attachment":"scroll","background-type":"","background-media":"","overlay-type":"","overlay-color":"","overlay-opacity":"","overlay-gradient":""},"tablet":{"background-color":"var(--ast-global-color-5)","background-image":"","background-repeat":"repeat","background-position":"center center","background-size":"auto","background-attachment":"scroll","background-type":"","background-media":"","overlay-type":"","overlay-color":"","overlay-opacity":"","overlay-gradient":""},"mobile":{"background-color":"var(--ast-global-color-5)","background-image":"","background-repeat":"repeat","background-position":"center center","background-size":"auto","background-attachment":"scroll","background-type":"","background-media":"","overlay-type":"","overlay-color":"","overlay-opacity":"","overlay-gradient":""}},"footnotes":""},"categories":[1,29],"tags":[],"class_list":["post-10734","post","type-post","status-publish","format-standard","has-post-thumbnail","hentry","category-general","category-portada"],"post_mailing_queue_ids":[],"_links":{"self":[{"href":"https:\/\/serveiseducatius.xtec.cat\/baixpenedes\/wp-json\/wp\/v2\/posts\/10734","targetHints":{"allow":["GET"]}}],"collection":[{"href":"https:\/\/serveiseducatius.xtec.cat\/baixpenedes\/wp-json\/wp\/v2\/posts"}],"about":[{"href":"https:\/\/serveiseducatius.xtec.cat\/baixpenedes\/wp-json\/wp\/v2\/types\/post"}],"author":[{"embeddable":true,"href":"https:\/\/serveiseducatius.xtec.cat\/baixpenedes\/wp-json\/wp\/v2\/users\/7"}],"replies":[{"embeddable":true,"href":"https:\/\/serveiseducatius.xtec.cat\/baixpenedes\/wp-json\/wp\/v2\/comments?post=10734"}],"version-history":[{"count":1,"href":"https:\/\/serveiseducatius.xtec.cat\/baixpenedes\/wp-json\/wp\/v2\/posts\/10734\/revisions"}],"predecessor-version":[{"id":10736,"href":"https:\/\/serveiseducatius.xtec.cat\/baixpenedes\/wp-json\/wp\/v2\/posts\/10734\/revisions\/10736"}],"wp:featuredmedia":[{"embeddable":true,"href":"https:\/\/serveiseducatius.xtec.cat\/baixpenedes\/wp-json\/wp\/v2\/media\/10735"}],"wp:attachment":[{"href":"https:\/\/serveiseducatius.xtec.cat\/baixpenedes\/wp-json\/wp\/v2\/media?parent=10734"}],"wp:term":[{"taxonomy":"category","embeddable":true,"href":"https:\/\/serveiseducatius.xtec.cat\/baixpenedes\/wp-json\/wp\/v2\/categories?post=10734"},{"taxonomy":"post_tag","embeddable":true,"href":"https:\/\/serveiseducatius.xtec.cat\/baixpenedes\/wp-json\/wp\/v2\/tags?post=10734"}],"curies":[{"name":"wp","href":"https:\/\/api.w.org\/{rel}","templated":true}]}}