{"id":10730,"date":"2018-05-17T10:58:01","date_gmt":"2018-05-17T08:58:01","guid":{"rendered":"http:\/\/serveiseducatius.xtec.cat\/baixpenedes\/?p=10730"},"modified":"2018-05-17T10:58:01","modified_gmt":"2018-05-17T08:58:01","slug":"coeducacio-per-una-educacio-no-sexista-curs-a-distancia","status":"publish","type":"post","link":"https:\/\/serveiseducatius.xtec.cat\/baixpenedes\/general\/coeducacio-per-una-educacio-no-sexista-curs-a-distancia\/","title":{"rendered":"Coeducaci\u00f3 per una educaci\u00f3 no sexista | Curs a dist\u00e0ncia"},"content":{"rendered":"<p><a href=\"http:\/\/serveiseducatius.xtec.cat\/baixpenedes\/wp-content\/uploads\/usu764\/2018\/05\/Coeducacio-300x227.jpg\"><img loading=\"lazy\" decoding=\"async\" class=\"alignleft size-full wp-image-10731\" src=\"http:\/\/serveiseducatius.xtec.cat\/baixpenedes\/wp-content\/uploads\/usu764\/2018\/05\/Coeducacio-300x227.jpg\" alt=\"\" width=\"300\" height=\"227\" srcset=\"https:\/\/serveiseducatius.xtec.cat\/baixpenedes\/wp-content\/uploads\/usu764\/2018\/05\/Coeducacio-300x227.jpg 300w, https:\/\/serveiseducatius.xtec.cat\/baixpenedes\/wp-content\/uploads\/usu764\/2018\/05\/Coeducacio-300x227-200x150.jpg 200w\" sizes=\"auto, (max-width: 300px) 100vw, 300px\" \/><\/a>Properament es realitzar\u00e0 la formaci\u00f3 telem\u00e0tica destinada a adquirir estrat\u00e8gies i metodologies per a impulsar la coeducaci\u00f3, adre\u00e7ada a les persones referents dels consells escolars i docents interessats de centres d\u2019educaci\u00f3 infantil i prim\u00e0ria.\u00a0La formaci\u00f3 tindr\u00e0 lloc entre el 2 i el 15 de juliol.\u00a0<strong>El termini per inscriure\u2019s finalitza el 31 de maig.<\/strong><\/p>\n<p>En el seg\u00fcent enlla\u00e7 trobareu m\u00e9s informaci\u00f3:\u00a0<a href=\"http:\/\/xtec.gencat.cat\/ca\/formacio\/formacio-estiu\/coeducacio\/\" target=\"_blank\" rel=\"noopener noreferrer\">http:\/\/xtec.gencat.cat\/ca\/formacio\/formacio-estiu\/coeducacio\/<\/a><\/p>\n<p><strong>9000770500 Coeducaci\u00f3 per una educaci\u00f3 no sexista<\/strong><br \/>\n2017-2018 Curs telem\u00e0tic. Educaci\u00f3 Infantil-Prim\u00e0ria. 2\/7\/2018 \u2013 15\/7\/2018 (20 hores)\u00a0VT Curs a dist\u00e0ncia\u00a0<a href=\"https:\/\/aplicacions.gestioeducativa.gencat.cat\/pls\/soloas\/pk_for_mod_ins.p_for_detall_activitat?p_codi=9000770500&amp;p_curs=2017-2018&amp;p_es_inscr=S\" target=\"_blank\" rel=\"noopener noreferrer\">INSCRIPCI\u00d3<\/a>\u00a0(fins el\u00a031\/05\/2018)<\/p>\n<hr \/>\n<h5>Detall de l\u2019activitat<\/h5>\n<p><strong>Persones destinat\u00e0ries:<\/strong>\u00a0Mestres persones referents dels consells escolars del centres d\u2019educaci\u00f3 infantil i prim\u00e0ria<\/p>\n<p><strong>Requisits de certificaci\u00f3:<\/strong>\u00a0El dret a certificaci\u00f3 de l\u2019activitat estar\u00e0 subjecte a la superaci\u00f3 de les tasques fixades en cada m\u00f2dul i del projecte final de treball.<\/p>\n<p><strong>Descripci\u00f3:<\/strong>\u00a0Formaci\u00f3 destinada a adquirir estrat\u00e8gies i metodologies per a impulsar la coeducaci\u00f3, adre\u00e7ada a les persones referents dels consells escolars i docents interessats.<\/p>\n<p><strong>Objectius:<\/strong><\/p>\n<ul>\n<li>Actualitzar coneixements entorn a l\u2019escola coeducativa a partir de les necessitats que sorgeixin de la pr\u00e0ctica dels centres educatius.<\/li>\n<li>Con\u00e8ixer la normativa que regula la coeducaci\u00f3 i la igualtat real i efectiva entre homes i dones i les responsabilitats que se\u2019n deriven.<\/li>\n<li>Aportar el coneixements b\u00e0sics per ampliar el concepte de coeducaci\u00f3 i garantir la confian\u00e7a necess\u00e0ria en els pr\u00e0ctiques coeducatives.<\/li>\n<\/ul>\n<p><strong>Continguts:<\/strong><\/p>\n<p>\u2013 Marc normatiu legal b\u00e0sic en coeducaci\u00f3 i igualtat real i efectiva entre homes i dones.<br \/>\n\u2013 Escola mixta i escola coeducativa.<br \/>\n\u2013 Llenguatges verbals i gr\u00e0fics inclusius.<br \/>\n\u2013 Materials did\u00e0ctics que promoguin un tracte equitatiu entre homes i dones.<br \/>\n\u2013 Incorporaci\u00f3 dels sabers de les dones al llarg de la hist\u00f2ria i les tasques de cura envers les persones i els espais.<br \/>\n\u2013 Orientaci\u00f3 professional i acad\u00e8mica no estereotipada i sense discriminacions sexuals ni socials.<\/p>\n<p><strong>Organitzaci\u00f3:<\/strong>\u00a0Servei d\u2019Innovaci\u00f3 i Formaci\u00f3 de l\u2019Educaci\u00f3 Infantil i Prim\u00e0ria \/ de l\u2019Educaci\u00f3 Secund\u00e0ria<\/p>\n","protected":false},"excerpt":{"rendered":"<p>Properament es realitzar\u00e0 la formaci\u00f3 telem\u00e0tica destinada a adquirir estrat\u00e8gies i metodologies per a impulsar la coeducaci\u00f3, adre\u00e7ada a les persones referents dels consells escolars i docents interessats de centres d\u2019educaci\u00f3 infantil i prim\u00e0ria. La formaci\u00f3 tindr\u00e0 lloc entre el 2 i el 15 de juliol. El termini per inscriure\u2019s finalitza el 31 de maig.<\/p>\n","protected":false},"author":7,"featured_media":10731,"comment_status":"open","ping_status":"closed","sticky":false,"template":"","format":"standard","meta":{"_bbp_topic_count":0,"_bbp_reply_count":0,"_bbp_total_topic_count":0,"_bbp_total_reply_count":0,"_bbp_voice_count":0,"_bbp_anonymous_reply_count":0,"_bbp_topic_count_hidden":0,"_bbp_reply_count_hidden":0,"_bbp_forum_subforum_count":0,"site-sidebar-layout":"default","site-content-layout":"","ast-site-content-layout":"","site-content-style":"default","site-sidebar-style":"default","ast-global-header-display":"","ast-banner-title-visibility":"","ast-main-header-display":"","ast-hfb-above-header-display":"","ast-hfb-below-header-display":"","ast-hfb-mobile-header-display":"","site-post-title":"","ast-breadcrumbs-content":"","ast-featured-img":"","footer-sml-layout":"","theme-transparent-header-meta":"","adv-header-id-meta":"","stick-header-meta":"","header-above-stick-meta":"","header-main-stick-meta":"","header-below-stick-meta":"","astra-migrate-meta-layouts":"default","ast-page-background-enabled":"default","ast-page-background-meta":{"desktop":{"background-color":"var(--ast-global-color-4)","background-image":"","background-repeat":"repeat","background-position":"center center","background-size":"auto","background-attachment":"scroll","background-type":"","background-media":"","overlay-type":"","overlay-color":"","overlay-opacity":"","overlay-gradient":""},"tablet":{"background-color":"","background-image":"","background-repeat":"repeat","background-position":"center center","background-size":"auto","background-attachment":"scroll","background-type":"","background-media":"","overlay-type":"","overlay-color":"","overlay-opacity":"","overlay-gradient":""},"mobile":{"background-color":"","background-image":"","background-repeat":"repeat","background-position":"center center","background-size":"auto","background-attachment":"scroll","background-type":"","background-media":"","overlay-type":"","overlay-color":"","overlay-opacity":"","overlay-gradient":""}},"ast-content-background-meta":{"desktop":{"background-color":"var(--ast-global-color-5)","background-image":"","background-repeat":"repeat","background-position":"center center","background-size":"auto","background-attachment":"scroll","background-type":"","background-media":"","overlay-type":"","overlay-color":"","overlay-opacity":"","overlay-gradient":""},"tablet":{"background-color":"var(--ast-global-color-5)","background-image":"","background-repeat":"repeat","background-position":"center center","background-size":"auto","background-attachment":"scroll","background-type":"","background-media":"","overlay-type":"","overlay-color":"","overlay-opacity":"","overlay-gradient":""},"mobile":{"background-color":"var(--ast-global-color-5)","background-image":"","background-repeat":"repeat","background-position":"center center","background-size":"auto","background-attachment":"scroll","background-type":"","background-media":"","overlay-type":"","overlay-color":"","overlay-opacity":"","overlay-gradient":""}},"footnotes":""},"categories":[1,29],"tags":[],"class_list":["post-10730","post","type-post","status-publish","format-standard","has-post-thumbnail","hentry","category-general","category-portada"],"post_mailing_queue_ids":[],"_links":{"self":[{"href":"https:\/\/serveiseducatius.xtec.cat\/baixpenedes\/wp-json\/wp\/v2\/posts\/10730","targetHints":{"allow":["GET"]}}],"collection":[{"href":"https:\/\/serveiseducatius.xtec.cat\/baixpenedes\/wp-json\/wp\/v2\/posts"}],"about":[{"href":"https:\/\/serveiseducatius.xtec.cat\/baixpenedes\/wp-json\/wp\/v2\/types\/post"}],"author":[{"embeddable":true,"href":"https:\/\/serveiseducatius.xtec.cat\/baixpenedes\/wp-json\/wp\/v2\/users\/7"}],"replies":[{"embeddable":true,"href":"https:\/\/serveiseducatius.xtec.cat\/baixpenedes\/wp-json\/wp\/v2\/comments?post=10730"}],"version-history":[{"count":1,"href":"https:\/\/serveiseducatius.xtec.cat\/baixpenedes\/wp-json\/wp\/v2\/posts\/10730\/revisions"}],"predecessor-version":[{"id":10732,"href":"https:\/\/serveiseducatius.xtec.cat\/baixpenedes\/wp-json\/wp\/v2\/posts\/10730\/revisions\/10732"}],"wp:featuredmedia":[{"embeddable":true,"href":"https:\/\/serveiseducatius.xtec.cat\/baixpenedes\/wp-json\/wp\/v2\/media\/10731"}],"wp:attachment":[{"href":"https:\/\/serveiseducatius.xtec.cat\/baixpenedes\/wp-json\/wp\/v2\/media?parent=10730"}],"wp:term":[{"taxonomy":"category","embeddable":true,"href":"https:\/\/serveiseducatius.xtec.cat\/baixpenedes\/wp-json\/wp\/v2\/categories?post=10730"},{"taxonomy":"post_tag","embeddable":true,"href":"https:\/\/serveiseducatius.xtec.cat\/baixpenedes\/wp-json\/wp\/v2\/tags?post=10730"}],"curies":[{"name":"wp","href":"https:\/\/api.w.org\/{rel}","templated":true}]}}