{"id":10602,"date":"2018-04-05T22:21:53","date_gmt":"2018-04-05T20:21:53","guid":{"rendered":"http:\/\/serveiseducatius.xtec.cat\/baixpenedes\/?p=10602"},"modified":"2018-04-06T10:58:43","modified_gmt":"2018-04-06T08:58:43","slug":"la-vii-fira-modernista-de-larboc-permetra-visitar-una-de-les-joies-arquitectoniques-de-la-vila","status":"publish","type":"post","link":"https:\/\/serveiseducatius.xtec.cat\/baixpenedes\/general\/la-vii-fira-modernista-de-larboc-permetra-visitar-una-de-les-joies-arquitectoniques-de-la-vila\/","title":{"rendered":"La VII Fira Modernista de l\u2019Arbo\u00e7 permetr\u00e0 visitar una de les joies arquitect\u00f2niques de la Vila"},"content":{"rendered":"<p><a href=\"http:\/\/serveiseducatius.xtec.cat\/baixpenedes\/wp-content\/uploads\/usu764\/2018\/04\/1200_1522784514image.jpg\"><img loading=\"lazy\" decoding=\"async\" class=\"alignleft wp-image-10603\" src=\"http:\/\/serveiseducatius.xtec.cat\/baixpenedes\/wp-content\/uploads\/usu764\/2018\/04\/1200_1522784514image.jpg\" alt=\"\" width=\"450\" height=\"253\" srcset=\"https:\/\/serveiseducatius.xtec.cat\/baixpenedes\/wp-content\/uploads\/usu764\/2018\/04\/1200_1522784514image.jpg 1200w, https:\/\/serveiseducatius.xtec.cat\/baixpenedes\/wp-content\/uploads\/usu764\/2018\/04\/1200_1522784514image-300x169.jpg 300w, https:\/\/serveiseducatius.xtec.cat\/baixpenedes\/wp-content\/uploads\/usu764\/2018\/04\/1200_1522784514image-768x432.jpg 768w, https:\/\/serveiseducatius.xtec.cat\/baixpenedes\/wp-content\/uploads\/usu764\/2018\/04\/1200_1522784514image-1024x576.jpg 1024w\" sizes=\"auto, (max-width: 450px) 100vw, 450px\" \/><\/a><\/p>\n<p dir=\"ltr\">En el marc de la VII Fira Modernista del Pened\u00e8s s\u2019obrir\u00e0 al p\u00fablic \u00a0excepcionalment el Palau Gener i Batet i s\u2019hi realitzaran visites teatralitzades gratu\u00eftes.<\/p>\n<p dir=\"ltr\">La visita teatralitzada tindr\u00e0 lloc\u00a0<a href=\"x-apple-data-detectors:\/\/1\">el dissabte 14 d\u2019abril<\/a>\u00a0a un quart de sis de la tarda (<a href=\"x-apple-data-detectors:\/\/2\">17:15h<\/a>), en un primer torn i a les sis de la tarda (<a href=\"x-apple-data-detectors:\/\/3\">18:00h<\/a>), en un segon torn. La visita ser\u00e0 guiada i l\u2019Elenc Art\u00edstic Arbocenc ser\u00e0 l\u2019encarregat de teatralitzar-la.<\/p>\n<p dir=\"ltr\"><a href=\"x-apple-data-detectors:\/\/4\">El diumenge 15 d\u2019abril a les 12<\/a>\u00a0del migdia hi haur\u00e0 una segona visita, aquest cop no teatralitzada, on tots els visitants podran gaudir del magn\u00edfic edifici amb les explicacions ofertes per guia arbocenc Sr. Eduard Jan\u00e9.<\/p>\n<p dir=\"ltr\">Aquest emblem\u00e0tic edifici d\u2019aire neocl\u00e0ssic fou manat construir l\u2019any 1873 com a resid\u00e8ncia de l\u2019indi\u00e0 Josep Gener i Batet. Els interiors, tot i les transformacions sofertes, mantenen molts dels espais i decoracions originals. Cal destacar l\u2019antic menjador, amb un notable enteixinat de guix al sostre i les parets empaperades que, sembla, amaguen pintures relacionades amb el cultiu del tabac, origen de la fortuna del Sr. Gener.<\/p>\n<p dir=\"ltr\">L\u2019Ajuntament de l\u2019Arbo\u00e7 vol fer p\u00fablic el m\u00e9s sincer agra\u00efment al Col\u00b7legi Resid\u00e8ncia, titular de l\u2019edifici, per la cessi\u00f3 de del mateix per ser visitat en el marc de la VII Fira Modernista del Pened\u00e8s.<\/p>\n<p>&nbsp;<\/p>\n","protected":false},"excerpt":{"rendered":"<p>En el marc de la VII Fira Modernista del Pened\u00e8s s\u2019obrir\u00e0 al p\u00fablic  excepcionalment el Palau Gener i Batet i s\u2019hi realitzaran visites teatralitzades gratu\u00eftes.<br \/>\nLa visita teatralitzada tindr\u00e0 lloc el dissabte 14 d\u2019abril <\/p>\n","protected":false},"author":7,"featured_media":10603,"comment_status":"open","ping_status":"closed","sticky":false,"template":"","format":"standard","meta":{"_bbp_topic_count":0,"_bbp_reply_count":0,"_bbp_total_topic_count":0,"_bbp_total_reply_count":0,"_bbp_voice_count":0,"_bbp_anonymous_reply_count":0,"_bbp_topic_count_hidden":0,"_bbp_reply_count_hidden":0,"_bbp_forum_subforum_count":0,"site-sidebar-layout":"default","site-content-layout":"","ast-site-content-layout":"","site-content-style":"default","site-sidebar-style":"default","ast-global-header-display":"","ast-banner-title-visibility":"","ast-main-header-display":"","ast-hfb-above-header-display":"","ast-hfb-below-header-display":"","ast-hfb-mobile-header-display":"","site-post-title":"","ast-breadcrumbs-content":"","ast-featured-img":"","footer-sml-layout":"","theme-transparent-header-meta":"","adv-header-id-meta":"","stick-header-meta":"","header-above-stick-meta":"","header-main-stick-meta":"","header-below-stick-meta":"","astra-migrate-meta-layouts":"default","ast-page-background-enabled":"default","ast-page-background-meta":{"desktop":{"background-color":"var(--ast-global-color-4)","background-image":"","background-repeat":"repeat","background-position":"center center","background-size":"auto","background-attachment":"scroll","background-type":"","background-media":"","overlay-type":"","overlay-color":"","overlay-opacity":"","overlay-gradient":""},"tablet":{"background-color":"","background-image":"","background-repeat":"repeat","background-position":"center center","background-size":"auto","background-attachment":"scroll","background-type":"","background-media":"","overlay-type":"","overlay-color":"","overlay-opacity":"","overlay-gradient":""},"mobile":{"background-color":"","background-image":"","background-repeat":"repeat","background-position":"center center","background-size":"auto","background-attachment":"scroll","background-type":"","background-media":"","overlay-type":"","overlay-color":"","overlay-opacity":"","overlay-gradient":""}},"ast-content-background-meta":{"desktop":{"background-color":"var(--ast-global-color-5)","background-image":"","background-repeat":"repeat","background-position":"center center","background-size":"auto","background-attachment":"scroll","background-type":"","background-media":"","overlay-type":"","overlay-color":"","overlay-opacity":"","overlay-gradient":""},"tablet":{"background-color":"var(--ast-global-color-5)","background-image":"","background-repeat":"repeat","background-position":"center center","background-size":"auto","background-attachment":"scroll","background-type":"","background-media":"","overlay-type":"","overlay-color":"","overlay-opacity":"","overlay-gradient":""},"mobile":{"background-color":"var(--ast-global-color-5)","background-image":"","background-repeat":"repeat","background-position":"center center","background-size":"auto","background-attachment":"scroll","background-type":"","background-media":"","overlay-type":"","overlay-color":"","overlay-opacity":"","overlay-gradient":""}},"footnotes":""},"categories":[1,29],"tags":[],"class_list":["post-10602","post","type-post","status-publish","format-standard","has-post-thumbnail","hentry","category-general","category-portada"],"post_mailing_queue_ids":[],"_links":{"self":[{"href":"https:\/\/serveiseducatius.xtec.cat\/baixpenedes\/wp-json\/wp\/v2\/posts\/10602","targetHints":{"allow":["GET"]}}],"collection":[{"href":"https:\/\/serveiseducatius.xtec.cat\/baixpenedes\/wp-json\/wp\/v2\/posts"}],"about":[{"href":"https:\/\/serveiseducatius.xtec.cat\/baixpenedes\/wp-json\/wp\/v2\/types\/post"}],"author":[{"embeddable":true,"href":"https:\/\/serveiseducatius.xtec.cat\/baixpenedes\/wp-json\/wp\/v2\/users\/7"}],"replies":[{"embeddable":true,"href":"https:\/\/serveiseducatius.xtec.cat\/baixpenedes\/wp-json\/wp\/v2\/comments?post=10602"}],"version-history":[{"count":1,"href":"https:\/\/serveiseducatius.xtec.cat\/baixpenedes\/wp-json\/wp\/v2\/posts\/10602\/revisions"}],"predecessor-version":[{"id":10604,"href":"https:\/\/serveiseducatius.xtec.cat\/baixpenedes\/wp-json\/wp\/v2\/posts\/10602\/revisions\/10604"}],"wp:featuredmedia":[{"embeddable":true,"href":"https:\/\/serveiseducatius.xtec.cat\/baixpenedes\/wp-json\/wp\/v2\/media\/10603"}],"wp:attachment":[{"href":"https:\/\/serveiseducatius.xtec.cat\/baixpenedes\/wp-json\/wp\/v2\/media?parent=10602"}],"wp:term":[{"taxonomy":"category","embeddable":true,"href":"https:\/\/serveiseducatius.xtec.cat\/baixpenedes\/wp-json\/wp\/v2\/categories?post=10602"},{"taxonomy":"post_tag","embeddable":true,"href":"https:\/\/serveiseducatius.xtec.cat\/baixpenedes\/wp-json\/wp\/v2\/tags?post=10602"}],"curies":[{"name":"wp","href":"https:\/\/api.w.org\/{rel}","templated":true}]}}