{"id":10599,"date":"2018-04-05T10:20:08","date_gmt":"2018-04-05T08:20:08","guid":{"rendered":"http:\/\/serveiseducatius.xtec.cat\/baixpenedes\/?p=10599"},"modified":"2018-04-05T10:20:56","modified_gmt":"2018-04-05T08:20:56","slug":"cinque-passeig-literari-de-la-joncosa-del-montmell","status":"publish","type":"post","link":"https:\/\/serveiseducatius.xtec.cat\/baixpenedes\/general\/cinque-passeig-literari-de-la-joncosa-del-montmell\/","title":{"rendered":"Cinqu\u00e8 Passeig literari de la Joncosa del Montmell"},"content":{"rendered":"<p><a href=\"http:\/\/serveiseducatius.xtec.cat\/baixpenedes\/wp-content\/uploads\/usu764\/2018\/04\/Paseo-por-el-bosque.jpg\"><img loading=\"lazy\" decoding=\"async\" class=\"alignleft wp-image-10600\" src=\"http:\/\/serveiseducatius.xtec.cat\/baixpenedes\/wp-content\/uploads\/usu764\/2018\/04\/Paseo-por-el-bosque.jpg\" alt=\"\" width=\"400\" height=\"225\" srcset=\"https:\/\/serveiseducatius.xtec.cat\/baixpenedes\/wp-content\/uploads\/usu764\/2018\/04\/Paseo-por-el-bosque.jpg 750w, https:\/\/serveiseducatius.xtec.cat\/baixpenedes\/wp-content\/uploads\/usu764\/2018\/04\/Paseo-por-el-bosque-300x169.jpg 300w\" sizes=\"auto, (max-width: 400px) 100vw, 400px\" \/><\/a><\/p>\n<p><b>El proper 23 d\u2019abril,\u00a0<\/b>a l&#8217;escola Teresa Godes i Dom\u00e8nech, tornem a organitzar el\u00a0<b><span class=\"m_8764192556744714026m_7274253887671233633gmail-il\">Passeig<\/span>\u00a0<span class=\"m_8764192556744714026m_7274253887671233633gmail-il\">literari<\/span>\u00a0de la Joncosa del Montmell,<\/b>\u00a0i ja ser\u00e0 el\u00a0<b>cinqu\u00e8<\/b>!\u00a0 Els nostres infants, fam\u00edlies, lectors i lectores, mestres i ve\u00efns tornarem a gaudir conjuntament d&#8217;una diada plena de sorpreses i emoci\u00f3 als carrers del nostre poble, inundant-los de contes i poesia, de paraules i m\u00e0gia, de misteri i il\u00b7lusi\u00f3.<\/p>\n<p><b>Obrirem sis espais per<\/b>\u00a0on els infants passaran, al llarg del mat\u00ed, repartits en sis petits grups. A cada espai hi haur\u00e0 un grup de lectors i lectores que llegiran i\/o interpretaran textos en veu alta.\u00a0<b>El\u00a0<span class=\"m_8764192556744714026m_7274253887671233633gmail-il\">passeig<\/span>\u00a0<span class=\"m_8764192556744714026m_7274253887671233633gmail-il\">literari<\/span>\u00a0es realitzar\u00e0 al llarg de tot el mat\u00ed, havent-hi dos blocs horaris clarament diferenciats, de 9h30 a 11h i de 12h a 13h30.\u00a0<\/b><\/p>\n<p>De 11h a 12h realitzarem l\u2019esmorzar compartit on fam\u00edlies i mestres portarem pastissos, cocs i sucs per compartir.<\/p>\n<p>Com a lectors podeu participar a un dels blocs horaris, o als dos blocs si ho desitgeu, segons la vostra disponibilitat hor\u00e0ria.<\/p>\n<p><b>Fem aquesta primera crida per a les persones que vulgueu\u00a0 llegir en veu alta als nostres protagonistes.<\/b>\u00a0Les lectures poden ser en catal\u00e0, castell\u00e0 o angl\u00e8s i des de l\u2019escola farem propostes de textos, tot i que estem \u00a0oberts a que ens feu propostes de lectures. Els grups estan dividits en tres grups d\u2019edat, de 3 a 6 anys, de 6 a 9 i de 9 a 12 anys.<\/p>\n<p>Si a m\u00e9s de voler llegir o interpretar, us agradaria musicar algun text o fer servir titelles o qualsevol altre suport esc\u00e8nic, no nom\u00e9s estem obertes a que aix\u00ed sigui, a m\u00e9s ens encantar\u00e0!<\/p>\n<p><span style=\"font-family: garamond, serif; font-size: large;\">Com us podeu imaginar, des de l\u2019escola no podem assumir el cost econ\u00f2mic de despla\u00e7aments, el vostre temps, esfor\u00e7 i saber fer, que tenen un valor incalculable. Per\u00f2 el volem recon\u00e8ixer i, com no ho podrem fer amb diners, s\u00ed que ho farem amb un detall, a m\u00e9s de convidar-vos a esmorzar i tractar-vos el millor possible al nostre bonic poble.<\/span><\/p>\n<p><span style=\"font-family: garamond, serif; font-size: large;\">Per participar en aquest\u00a0<b>cinqu\u00e8<\/b>\u00a0<b><span class=\"m_8764192556744714026m_7274253887671233633gmail-il\">Passeig<\/span>\u00a0<span class=\"m_8764192556744714026m_7274253887671233633gmail-il\">Literari<\/span><wbr \/>\u00a0a la Joncosa del Montmell<\/b>\u00a0nom\u00e9s us heu de posar en contacte amb nosaltres, enviant-nos un mail a<\/span>\u00a0<a href=\"mailto:teresagodes@gmail.com\" target=\"_blank\" rel=\"noopener noreferrer\">teresagodes@gmail.com<\/a>.<\/p>\n<p>Us agraim que ens indiqueu la vostra disponibilitat hor\u00e0ria (que pot ser total o parcial), si portareu lectures preparades, i per a quines franges d&#8217;edat, a m\u00e9s del vostre nom i mail o tel\u00e8fon per contactar amb vosaltres.<\/p>\n<p><span style=\"font-family: garamond, serif; font-size: large;\">Ens aniria molt b\u00e9, per organitzar-nos, que ens comuniqu\u00e9ssiu la vostra disponibilitat abans del 13 d&#8217;abril. Enguany l&#8217;eix transversal de l&#8217;escola \u00e9s la Festa Major, aix\u00ed que els espais i els grups d&#8217;infants estaran ambientats amb aquest tema.<br \/>\n<\/span><\/p>\n<p>Us afegim els enlla\u00e7os perqu\u00e8 recordeu i mireu com van anar els anteriors passeigs literaris:\u00a0<a href=\"http:\/\/joncosainfantil.blogspot.com.es\/2014\/04\/primer-passegi-literari-la-joncosa-del.html\" target=\"_blank\" rel=\"noopener noreferrer\" data-saferedirecturl=\"https:\/\/www.google.com\/url?hl=ca&amp;q=http:\/\/joncosainfantil.blogspot.com.es\/2014\/04\/primer-passegi-literari-la-joncosa-del.html&amp;source=gmail&amp;ust=1523000015969000&amp;usg=AFQjCNHwbj2Ds8L9HmneeBXn4unxSFg3Nw\">primer<\/a>,\u00a0<a href=\"http:\/\/lavidadelscontessenselletres.blogspot.com.es\/2015\/04\/segon-passeig-literari-la-joncosa-del.html\" target=\"_blank\" rel=\"noopener noreferrer\" data-saferedirecturl=\"https:\/\/www.google.com\/url?hl=ca&amp;q=http:\/\/lavidadelscontessenselletres.blogspot.com.es\/2015\/04\/segon-passeig-literari-la-joncosa-del.html&amp;source=gmail&amp;ust=1523000015969000&amp;usg=AFQjCNFdcDHTTwRKWhpQpIrMazXpI-WbSw\">segon<\/a>,<a href=\"https:\/\/photos.google.com\/share\/AF1QipOW3b6k5kJO6ByYl3IzL8tjNUqXuFDrvx1AJtBksJKpn0BW15-C5DVq889KvMyJIg?key=LUZKbVEwUXFGMFNtLXg5MWZBREoxdWlBOHJGYWpR\" target=\"_blank\" rel=\"noopener noreferrer\" data-saferedirecturl=\"https:\/\/www.google.com\/url?hl=ca&amp;q=https:\/\/photos.google.com\/share\/AF1QipOW3b6k5kJO6ByYl3IzL8tjNUqXuFDrvx1AJtBksJKpn0BW15-C5DVq889KvMyJIg?key%3DLUZKbVEwUXFGMFNtLXg5MWZBREoxdWlBOHJGYWpR&amp;source=gmail&amp;ust=1523000015969000&amp;usg=AFQjCNGQIU2Y8uKcrKwBmP_38UQOFZhmbA\"><span style=\"color: #1155cc;\">\u00a0terc<wbr \/>er<\/span>\u00a0i\u00a0 \u00a0\u00a0<\/a><a href=\"https:\/\/agora.xtec.cat\/escteresagodes\/general\/4t-passeig-literari-a-la-joncosa-del-montmell\/\" target=\"_blank\" rel=\"noopener noreferrer\" data-saferedirecturl=\"https:\/\/www.google.com\/url?hl=ca&amp;q=https:\/\/agora.xtec.cat\/escteresagodes\/general\/4t-passeig-literari-a-la-joncosa-del-montmell\/&amp;source=gmail&amp;ust=1523000015969000&amp;usg=AFQjCNGigAbPZiKBp7OJ7sZ1jihzUXxZ8w\">quart passeig literari<\/a><\/p>\n<p>Estem conven\u00e7udes que aquest\u00a0cinqu\u00e8\u00a0<span class=\"m_8764192556744714026m_7274253887671233633gmail-il\">passeig<\/span>\u00a0literari<wbr \/>\u00a0tornar\u00e0 a ser\u00a0bonic i emocionant!<\/p>\n<p>&nbsp;<\/p>\n<p>&nbsp;<\/p>\n","protected":false},"excerpt":{"rendered":"<p>El proper 23 d\u2019abril, a l&#8217;escola Teresa Godes i Dom\u00e8nech, tornem a organitzar el Passeig literari de la Joncosa del Montmell, i ja ser\u00e0 el cinqu\u00e8!  Els nostres infants, fam\u00edlies, lectors i lectores, mestres i ve\u00efns tornarem a gaudir conjuntament d&#8217;una diada plena de sorpreses i emoci\u00f3 als carrers del nostre poble, inundant-los de contes i poesia, de paraules i m\u00e0gia, de misteri i il\u00b7lusi\u00f3.<\/p>\n","protected":false},"author":7,"featured_media":10600,"comment_status":"open","ping_status":"closed","sticky":false,"template":"","format":"standard","meta":{"_bbp_topic_count":0,"_bbp_reply_count":0,"_bbp_total_topic_count":0,"_bbp_total_reply_count":0,"_bbp_voice_count":0,"_bbp_anonymous_reply_count":0,"_bbp_topic_count_hidden":0,"_bbp_reply_count_hidden":0,"_bbp_forum_subforum_count":0,"site-sidebar-layout":"default","site-content-layout":"","ast-site-content-layout":"","site-content-style":"default","site-sidebar-style":"default","ast-global-header-display":"","ast-banner-title-visibility":"","ast-main-header-display":"","ast-hfb-above-header-display":"","ast-hfb-below-header-display":"","ast-hfb-mobile-header-display":"","site-post-title":"","ast-breadcrumbs-content":"","ast-featured-img":"","footer-sml-layout":"","theme-transparent-header-meta":"","adv-header-id-meta":"","stick-header-meta":"","header-above-stick-meta":"","header-main-stick-meta":"","header-below-stick-meta":"","astra-migrate-meta-layouts":"default","ast-page-background-enabled":"default","ast-page-background-meta":{"desktop":{"background-color":"var(--ast-global-color-4)","background-image":"","background-repeat":"repeat","background-position":"center center","background-size":"auto","background-attachment":"scroll","background-type":"","background-media":"","overlay-type":"","overlay-color":"","overlay-opacity":"","overlay-gradient":""},"tablet":{"background-color":"","background-image":"","background-repeat":"repeat","background-position":"center center","background-size":"auto","background-attachment":"scroll","background-type":"","background-media":"","overlay-type":"","overlay-color":"","overlay-opacity":"","overlay-gradient":""},"mobile":{"background-color":"","background-image":"","background-repeat":"repeat","background-position":"center center","background-size":"auto","background-attachment":"scroll","background-type":"","background-media":"","overlay-type":"","overlay-color":"","overlay-opacity":"","overlay-gradient":""}},"ast-content-background-meta":{"desktop":{"background-color":"var(--ast-global-color-5)","background-image":"","background-repeat":"repeat","background-position":"center center","background-size":"auto","background-attachment":"scroll","background-type":"","background-media":"","overlay-type":"","overlay-color":"","overlay-opacity":"","overlay-gradient":""},"tablet":{"background-color":"var(--ast-global-color-5)","background-image":"","background-repeat":"repeat","background-position":"center center","background-size":"auto","background-attachment":"scroll","background-type":"","background-media":"","overlay-type":"","overlay-color":"","overlay-opacity":"","overlay-gradient":""},"mobile":{"background-color":"var(--ast-global-color-5)","background-image":"","background-repeat":"repeat","background-position":"center center","background-size":"auto","background-attachment":"scroll","background-type":"","background-media":"","overlay-type":"","overlay-color":"","overlay-opacity":"","overlay-gradient":""}},"footnotes":""},"categories":[1,29],"tags":[],"class_list":["post-10599","post","type-post","status-publish","format-standard","has-post-thumbnail","hentry","category-general","category-portada"],"post_mailing_queue_ids":[],"_links":{"self":[{"href":"https:\/\/serveiseducatius.xtec.cat\/baixpenedes\/wp-json\/wp\/v2\/posts\/10599","targetHints":{"allow":["GET"]}}],"collection":[{"href":"https:\/\/serveiseducatius.xtec.cat\/baixpenedes\/wp-json\/wp\/v2\/posts"}],"about":[{"href":"https:\/\/serveiseducatius.xtec.cat\/baixpenedes\/wp-json\/wp\/v2\/types\/post"}],"author":[{"embeddable":true,"href":"https:\/\/serveiseducatius.xtec.cat\/baixpenedes\/wp-json\/wp\/v2\/users\/7"}],"replies":[{"embeddable":true,"href":"https:\/\/serveiseducatius.xtec.cat\/baixpenedes\/wp-json\/wp\/v2\/comments?post=10599"}],"version-history":[{"count":1,"href":"https:\/\/serveiseducatius.xtec.cat\/baixpenedes\/wp-json\/wp\/v2\/posts\/10599\/revisions"}],"predecessor-version":[{"id":10601,"href":"https:\/\/serveiseducatius.xtec.cat\/baixpenedes\/wp-json\/wp\/v2\/posts\/10599\/revisions\/10601"}],"wp:featuredmedia":[{"embeddable":true,"href":"https:\/\/serveiseducatius.xtec.cat\/baixpenedes\/wp-json\/wp\/v2\/media\/10600"}],"wp:attachment":[{"href":"https:\/\/serveiseducatius.xtec.cat\/baixpenedes\/wp-json\/wp\/v2\/media?parent=10599"}],"wp:term":[{"taxonomy":"category","embeddable":true,"href":"https:\/\/serveiseducatius.xtec.cat\/baixpenedes\/wp-json\/wp\/v2\/categories?post=10599"},{"taxonomy":"post_tag","embeddable":true,"href":"https:\/\/serveiseducatius.xtec.cat\/baixpenedes\/wp-json\/wp\/v2\/tags?post=10599"}],"curies":[{"name":"wp","href":"https:\/\/api.w.org\/{rel}","templated":true}]}}