{"id":10297,"date":"2018-03-14T10:11:50","date_gmt":"2018-03-14T09:11:50","guid":{"rendered":"http:\/\/serveiseducatius.xtec.cat\/baixpenedes\/?p=10297"},"modified":"2018-03-14T10:12:22","modified_gmt":"2018-03-14T09:12:22","slug":"jornada-dedicada-a-la-lectura-al-salo-del-llibre-infantil-i-juvenil-de-catalunya","status":"publish","type":"post","link":"https:\/\/serveiseducatius.xtec.cat\/baixpenedes\/xerrades\/portada\/jornada-dedicada-a-la-lectura-al-salo-del-llibre-infantil-i-juvenil-de-catalunya\/","title":{"rendered":"Jornada dedicada a la lectura al Sal\u00f3 del Llibre Infantil i Juvenil de Catalunya"},"content":{"rendered":"<p><span style=\"font-size: small;\"><a href=\"http:\/\/serveiseducatius.xtec.cat\/baixpenedes\/wp-content\/uploads\/usu764\/2018\/03\/S-Lectura-Mollerussa.jpg\"><img loading=\"lazy\" decoding=\"async\" class=\"alignleft size-medium wp-image-10298\" src=\"http:\/\/serveiseducatius.xtec.cat\/baixpenedes\/wp-content\/uploads\/usu764\/2018\/03\/S-Lectura-Mollerussa-248x300.jpg\" alt=\"\" width=\"248\" height=\"300\" srcset=\"https:\/\/serveiseducatius.xtec.cat\/baixpenedes\/wp-content\/uploads\/usu764\/2018\/03\/S-Lectura-Mollerussa-248x300.jpg 248w, https:\/\/serveiseducatius.xtec.cat\/baixpenedes\/wp-content\/uploads\/usu764\/2018\/03\/S-Lectura-Mollerussa.jpg 510w\" sizes=\"auto, (max-width: 248px) 100vw, 248px\" \/><\/a>Un any m\u00e9s, en el marc del Sal\u00f3 del Llibre Infantil i Juvenil de Catalunya (<b>Mollerussa<\/b>) s\u2019organitza una<b>\u00a0jornada dedicada a la lectura<\/b>\u00a0i, aquesta en particular, al foment del gust per llegir. Podreu escoltar les propostes per crear lectors entusiastes que en far\u00e0 en Joan Portell, participar en el taller per aprofundir en el treball dels clubs de lectura, amb l\u2019escriptora Laia Aguilar (Ateneu Barcelon\u00e8s) i con\u00e8ixer la bona feina de dos grups de treball de biblioteques escolars al voltant de la literatura infantil i la prescripci\u00f3 lectora.<br \/>\n<\/span><span style=\"font-size: small;\">Si veieu el programa,<b>\u00a0el contingut de la jornada est\u00e0 relacionat amb el gust per llegir i la biblioteca escolar.<\/b><\/span><\/p>\n<p>&nbsp;<\/p>\n<p><span style=\"font-size: small;\"><b>Per\u00edode d\u2019inscripci\u00f3 del 6 de mar\u00e7 al 12 d\u2019abril de 2018<\/b><\/span><\/p>\n<p><span style=\"font-size: small;\"><b><a href=\"http:\/\/xtec.gencat.cat\/web\/.content\/projectes\/lectura\/impulslectura\/actes-literaris\/mollerussa\/documents\/programa__salo_mollerussa_2018.pdf\" target=\"_blank\" rel=\"nofollow noopener noreferrer\">Inscripci\u00f3 i programa<\/a><\/b><\/span><\/p>\n<p>&nbsp;<\/p>\n","protected":false},"excerpt":{"rendered":"<p>Un any m\u00e9s, en el marc del Sal\u00f3 del Llibre Infantil i Juvenil de Catalunya (Mollerussa) s\u2019organitza una jornada dedicada a la lectura i, aquesta en particular, al foment del gust per llegir.<br \/>\nInscripci\u00f3 del 6 de mar\u00e7 al 12 d\u2019abril de 2018<\/p>\n","protected":false},"author":1,"featured_media":10298,"comment_status":"open","ping_status":"closed","sticky":false,"template":"","format":"standard","meta":{"_bbp_topic_count":0,"_bbp_reply_count":0,"_bbp_total_topic_count":0,"_bbp_total_reply_count":0,"_bbp_voice_count":0,"_bbp_anonymous_reply_count":0,"_bbp_topic_count_hidden":0,"_bbp_reply_count_hidden":0,"_bbp_forum_subforum_count":0,"site-sidebar-layout":"default","site-content-layout":"","ast-site-content-layout":"","site-content-style":"default","site-sidebar-style":"default","ast-global-header-display":"","ast-banner-title-visibility":"","ast-main-header-display":"","ast-hfb-above-header-display":"","ast-hfb-below-header-display":"","ast-hfb-mobile-header-display":"","site-post-title":"","ast-breadcrumbs-content":"","ast-featured-img":"","footer-sml-layout":"","theme-transparent-header-meta":"","adv-header-id-meta":"","stick-header-meta":"","header-above-stick-meta":"","header-main-stick-meta":"","header-below-stick-meta":"","astra-migrate-meta-layouts":"default","ast-page-background-enabled":"default","ast-page-background-meta":{"desktop":{"background-color":"var(--ast-global-color-4)","background-image":"","background-repeat":"repeat","background-position":"center center","background-size":"auto","background-attachment":"scroll","background-type":"","background-media":"","overlay-type":"","overlay-color":"","overlay-opacity":"","overlay-gradient":""},"tablet":{"background-color":"","background-image":"","background-repeat":"repeat","background-position":"center center","background-size":"auto","background-attachment":"scroll","background-type":"","background-media":"","overlay-type":"","overlay-color":"","overlay-opacity":"","overlay-gradient":""},"mobile":{"background-color":"","background-image":"","background-repeat":"repeat","background-position":"center center","background-size":"auto","background-attachment":"scroll","background-type":"","background-media":"","overlay-type":"","overlay-color":"","overlay-opacity":"","overlay-gradient":""}},"ast-content-background-meta":{"desktop":{"background-color":"var(--ast-global-color-5)","background-image":"","background-repeat":"repeat","background-position":"center center","background-size":"auto","background-attachment":"scroll","background-type":"","background-media":"","overlay-type":"","overlay-color":"","overlay-opacity":"","overlay-gradient":""},"tablet":{"background-color":"var(--ast-global-color-5)","background-image":"","background-repeat":"repeat","background-position":"center center","background-size":"auto","background-attachment":"scroll","background-type":"","background-media":"","overlay-type":"","overlay-color":"","overlay-opacity":"","overlay-gradient":""},"mobile":{"background-color":"var(--ast-global-color-5)","background-image":"","background-repeat":"repeat","background-position":"center center","background-size":"auto","background-attachment":"scroll","background-type":"","background-media":"","overlay-type":"","overlay-color":"","overlay-opacity":"","overlay-gradient":""}},"footnotes":""},"categories":[29],"tags":[],"class_list":["post-10297","post","type-post","status-publish","format-standard","has-post-thumbnail","hentry","category-portada"],"post_mailing_queue_ids":[],"_links":{"self":[{"href":"https:\/\/serveiseducatius.xtec.cat\/baixpenedes\/wp-json\/wp\/v2\/posts\/10297","targetHints":{"allow":["GET"]}}],"collection":[{"href":"https:\/\/serveiseducatius.xtec.cat\/baixpenedes\/wp-json\/wp\/v2\/posts"}],"about":[{"href":"https:\/\/serveiseducatius.xtec.cat\/baixpenedes\/wp-json\/wp\/v2\/types\/post"}],"author":[{"embeddable":true,"href":"https:\/\/serveiseducatius.xtec.cat\/baixpenedes\/wp-json\/wp\/v2\/users\/1"}],"replies":[{"embeddable":true,"href":"https:\/\/serveiseducatius.xtec.cat\/baixpenedes\/wp-json\/wp\/v2\/comments?post=10297"}],"version-history":[{"count":2,"href":"https:\/\/serveiseducatius.xtec.cat\/baixpenedes\/wp-json\/wp\/v2\/posts\/10297\/revisions"}],"predecessor-version":[{"id":10300,"href":"https:\/\/serveiseducatius.xtec.cat\/baixpenedes\/wp-json\/wp\/v2\/posts\/10297\/revisions\/10300"}],"wp:featuredmedia":[{"embeddable":true,"href":"https:\/\/serveiseducatius.xtec.cat\/baixpenedes\/wp-json\/wp\/v2\/media\/10298"}],"wp:attachment":[{"href":"https:\/\/serveiseducatius.xtec.cat\/baixpenedes\/wp-json\/wp\/v2\/media?parent=10297"}],"wp:term":[{"taxonomy":"category","embeddable":true,"href":"https:\/\/serveiseducatius.xtec.cat\/baixpenedes\/wp-json\/wp\/v2\/categories?post=10297"},{"taxonomy":"post_tag","embeddable":true,"href":"https:\/\/serveiseducatius.xtec.cat\/baixpenedes\/wp-json\/wp\/v2\/tags?post=10297"}],"curies":[{"name":"wp","href":"https:\/\/api.w.org\/{rel}","templated":true}]}}