{"id":10126,"date":"2018-03-04T10:30:40","date_gmt":"2018-03-04T09:30:40","guid":{"rendered":"http:\/\/serveiseducatius.xtec.cat\/baixpenedes\/?p=10126"},"modified":"2018-03-09T11:59:31","modified_gmt":"2018-03-09T10:59:31","slug":"8-de-marc-dia-internacional-de-les-dones","status":"publish","type":"post","link":"https:\/\/serveiseducatius.xtec.cat\/baixpenedes\/xerrades\/portada\/8-de-marc-dia-internacional-de-les-dones\/","title":{"rendered":"8 de mar\u00e7 dia internacional de les dones"},"content":{"rendered":"<p><a href=\"http:\/\/serveiseducatius.xtec.cat\/baixpenedes\/wp-content\/uploads\/usu764\/2018\/03\/dia-de-la-dona.jpg\"><img loading=\"lazy\" decoding=\"async\" class=\"alignleft size-medium wp-image-10127\" src=\"http:\/\/serveiseducatius.xtec.cat\/baixpenedes\/wp-content\/uploads\/usu764\/2018\/03\/dia-de-la-dona-300x219.jpg\" alt=\"\" width=\"300\" height=\"219\" srcset=\"https:\/\/serveiseducatius.xtec.cat\/baixpenedes\/wp-content\/uploads\/usu764\/2018\/03\/dia-de-la-dona-300x219.jpg 300w, https:\/\/serveiseducatius.xtec.cat\/baixpenedes\/wp-content\/uploads\/usu764\/2018\/03\/dia-de-la-dona.jpg 760w\" sizes=\"auto, (max-width: 300px) 100vw, 300px\" \/><\/a><\/p>\n<p>La coeducaci\u00f3 i el foment de la igualtat efectiva entre dones i homes \u00e9s un principi rector del sistema educatiu. El Pla per a la igualtat de g\u00e8nere en el sistema educatiu recull com a objectiu principal l\u2019impuls a la coeducaci\u00f3 com a garant d\u2019una educaci\u00f3 sense estereotips sexistes ni discriminacions relacionades amb el g\u00e8nere aix\u00ed com una orientaci\u00f3 acad\u00e8mica i professional no sexista.<\/p>\n<p>Proposta d\u2019actuacions a realitzar:<\/p>\n<p align=\"justify\"><strong>A. Expliquem contes :<\/strong><\/p>\n<p align=\"justify\">Explicar contes on les dones siguin protagonistes i fomentin el valors de les tasques de cura, la visi\u00f3 femenina, o la superaci\u00f3 dels estereotips i realitzar activitats relacionades amb aquests contes.<\/p>\n<p align=\"justify\">Recurs disponible: Al seg\u00fcent enlla\u00e7 podeu trobar un recull realitzat per l\u2019Associaci\u00f3 de Mestres Rosa Sensat dividits en diferents m\u00f2duls segons la tem\u00e0tica a treballar i activitats relacionades amb els contes.<\/p>\n<p align=\"justify\"><strong>B. Visualitzem pel\u00b7l\u00edcules:<\/strong><\/p>\n<p align=\"justify\">Analitzar la mirada de les dones mitjan\u00e7ant el cinema i els documentals, com a cam\u00ed per trobar nous referents, fomentar la visi\u00f3 de g\u00e8nere i valorar les viv\u00e8ncies de les dones.<\/p>\n<p align=\"justify\"><strong>C. Fem itineraris:<\/strong><\/p>\n<p align=\"justify\">Els Itineraris educatius, desenvolupats per Wikidones, ens permeten investigar sobre el paper de les dones en diferents contextos hist\u00f2rics i ens ofereixen guies did\u00e0ctiques organitzades per mat\u00e8ries. Itinerari Ci\u00e8ncia i Teconologia, Itinerari d\u2019hist\u00f2ria, Itinerari d\u2019arts i Itinerari de cinema.<\/p>\n","protected":false},"excerpt":{"rendered":"<p>Amb motiu del dia internacional de les dones, es faran diferents actuacions com: explicar contes, veure pel\u00b7l\u00edcules, i fer itineraris tot relacionat amb les dones.<\/p>\n","protected":false},"author":7,"featured_media":10127,"comment_status":"open","ping_status":"closed","sticky":false,"template":"","format":"standard","meta":{"_bbp_topic_count":0,"_bbp_reply_count":0,"_bbp_total_topic_count":0,"_bbp_total_reply_count":0,"_bbp_voice_count":0,"_bbp_anonymous_reply_count":0,"_bbp_topic_count_hidden":0,"_bbp_reply_count_hidden":0,"_bbp_forum_subforum_count":0,"site-sidebar-layout":"default","site-content-layout":"","ast-site-content-layout":"","site-content-style":"default","site-sidebar-style":"default","ast-global-header-display":"","ast-banner-title-visibility":"","ast-main-header-display":"","ast-hfb-above-header-display":"","ast-hfb-below-header-display":"","ast-hfb-mobile-header-display":"","site-post-title":"","ast-breadcrumbs-content":"","ast-featured-img":"","footer-sml-layout":"","theme-transparent-header-meta":"","adv-header-id-meta":"","stick-header-meta":"","header-above-stick-meta":"","header-main-stick-meta":"","header-below-stick-meta":"","astra-migrate-meta-layouts":"default","ast-page-background-enabled":"default","ast-page-background-meta":{"desktop":{"background-color":"var(--ast-global-color-4)","background-image":"","background-repeat":"repeat","background-position":"center center","background-size":"auto","background-attachment":"scroll","background-type":"","background-media":"","overlay-type":"","overlay-color":"","overlay-opacity":"","overlay-gradient":""},"tablet":{"background-color":"","background-image":"","background-repeat":"repeat","background-position":"center center","background-size":"auto","background-attachment":"scroll","background-type":"","background-media":"","overlay-type":"","overlay-color":"","overlay-opacity":"","overlay-gradient":""},"mobile":{"background-color":"","background-image":"","background-repeat":"repeat","background-position":"center center","background-size":"auto","background-attachment":"scroll","background-type":"","background-media":"","overlay-type":"","overlay-color":"","overlay-opacity":"","overlay-gradient":""}},"ast-content-background-meta":{"desktop":{"background-color":"var(--ast-global-color-5)","background-image":"","background-repeat":"repeat","background-position":"center center","background-size":"auto","background-attachment":"scroll","background-type":"","background-media":"","overlay-type":"","overlay-color":"","overlay-opacity":"","overlay-gradient":""},"tablet":{"background-color":"var(--ast-global-color-5)","background-image":"","background-repeat":"repeat","background-position":"center center","background-size":"auto","background-attachment":"scroll","background-type":"","background-media":"","overlay-type":"","overlay-color":"","overlay-opacity":"","overlay-gradient":""},"mobile":{"background-color":"var(--ast-global-color-5)","background-image":"","background-repeat":"repeat","background-position":"center center","background-size":"auto","background-attachment":"scroll","background-type":"","background-media":"","overlay-type":"","overlay-color":"","overlay-opacity":"","overlay-gradient":""}},"footnotes":""},"categories":[262,29],"tags":[],"class_list":["post-10126","post","type-post","status-publish","format-standard","has-post-thumbnail","hentry","category-activitats-dels-centres","category-portada"],"post_mailing_queue_ids":[],"_links":{"self":[{"href":"https:\/\/serveiseducatius.xtec.cat\/baixpenedes\/wp-json\/wp\/v2\/posts\/10126","targetHints":{"allow":["GET"]}}],"collection":[{"href":"https:\/\/serveiseducatius.xtec.cat\/baixpenedes\/wp-json\/wp\/v2\/posts"}],"about":[{"href":"https:\/\/serveiseducatius.xtec.cat\/baixpenedes\/wp-json\/wp\/v2\/types\/post"}],"author":[{"embeddable":true,"href":"https:\/\/serveiseducatius.xtec.cat\/baixpenedes\/wp-json\/wp\/v2\/users\/7"}],"replies":[{"embeddable":true,"href":"https:\/\/serveiseducatius.xtec.cat\/baixpenedes\/wp-json\/wp\/v2\/comments?post=10126"}],"version-history":[{"count":1,"href":"https:\/\/serveiseducatius.xtec.cat\/baixpenedes\/wp-json\/wp\/v2\/posts\/10126\/revisions"}],"predecessor-version":[{"id":10128,"href":"https:\/\/serveiseducatius.xtec.cat\/baixpenedes\/wp-json\/wp\/v2\/posts\/10126\/revisions\/10128"}],"wp:featuredmedia":[{"embeddable":true,"href":"https:\/\/serveiseducatius.xtec.cat\/baixpenedes\/wp-json\/wp\/v2\/media\/10127"}],"wp:attachment":[{"href":"https:\/\/serveiseducatius.xtec.cat\/baixpenedes\/wp-json\/wp\/v2\/media?parent=10126"}],"wp:term":[{"taxonomy":"category","embeddable":true,"href":"https:\/\/serveiseducatius.xtec.cat\/baixpenedes\/wp-json\/wp\/v2\/categories?post=10126"},{"taxonomy":"post_tag","embeddable":true,"href":"https:\/\/serveiseducatius.xtec.cat\/baixpenedes\/wp-json\/wp\/v2\/tags?post=10126"}],"curies":[{"name":"wp","href":"https:\/\/api.w.org\/{rel}","templated":true}]}}