{"id":9771,"date":"2020-05-04T14:00:09","date_gmt":"2020-05-04T12:00:09","guid":{"rendered":"https:\/\/serveiseducatius.xtec.cat\/baixmaresme\/?p=9771"},"modified":"2020-05-04T14:00:09","modified_gmt":"2020-05-04T12:00:09","slug":"camps-i-entorns-daprenentatge-informacio-sobre-les-preinscripcions-curs-2020-2021","status":"publish","type":"post","link":"https:\/\/serveiseducatius.xtec.cat\/baixmaresme\/portada\/camps-i-entorns-daprenentatge-informacio-sobre-les-preinscripcions-curs-2020-2021\/","title":{"rendered":"Camps i Entorns d\u2019Aprenentatge. Informaci\u00f3 sobre les preinscripcions curs 2020\/2021"},"content":{"rendered":"<p>Davant les circumst\u00e0ncies excepcionals que estem vivint derivades\u00a0de\u00a0l&#8217;evoluci\u00f3 actual del\u00a0COVID\u00a019,\u00a0us comuniquem que queden ajornades les sol\u00b7licituds d\u2019inscripcions a les activitats dels CdA\/EdA per al curs 2020-2021.<br \/>\nTan aviat com es puguin concretar les dates d\u2019inscripci\u00f3 i les condicions per a la realitzaci\u00f3 d\u2019estades i sortides s\u2019obrir\u00e0 la inscripci\u00f3 a la XTEC amb tota la informaci\u00f3. <a href=\"http:\/\/xtec.gencat.cat\/ca\/serveis\/sesc\/cda\/\">M\u00e9s informaci\u00f3<\/a><\/p>\n","protected":false},"excerpt":{"rendered":"<p>Davant les circumst\u00e0ncies excepcionals que estem vivint derivades\u00a0de\u00a0l&#8217;evoluci\u00f3 actual del\u00a0COVID\u00a019,\u00a0us comuniquem que queden ajornades les sol\u00b7licituds d\u2019inscripcions a les activitats dels CdA\/EdA per al curs 2020-2021.<br \/>\nTan aviat com es puguin concretar les dates d\u2019inscripci\u00f3 i les condicions per a la realitzaci\u00f3 d\u2019estades i sortides s\u2019obrir\u00e0&hellip;  <a href=\"https:\/\/serveiseducatius.xtec.cat\/baixmaresme\/portada\/camps-i-entorns-daprenentatge-informacio-sobre-les-preinscripcions-curs-2020-2021\/\" title=\"Read Camps i Entorns d\u2019Aprenentatge. Informaci\u00f3 sobre les preinscripcions curs 2020\/2021\">Llegeix m\u00e9s\u00bb<\/a><\/p>\n","protected":false},"author":5,"featured_media":0,"comment_status":"open","ping_status":"closed","sticky":false,"template":"","format":"standard","meta":{"_bbp_topic_count":0,"_bbp_reply_count":0,"_bbp_total_topic_count":0,"_bbp_total_reply_count":0,"_bbp_voice_count":0,"_bbp_anonymous_reply_count":0,"_bbp_topic_count_hidden":0,"_bbp_reply_count_hidden":0,"_bbp_forum_subforum_count":0,"footnotes":""},"categories":[29],"tags":[],"class_list":["post-9771","post","type-post","status-publish","format-standard","hentry","category-portada"],"post_mailing_queue_ids":[],"_links":{"self":[{"href":"https:\/\/serveiseducatius.xtec.cat\/baixmaresme\/wp-json\/wp\/v2\/posts\/9771","targetHints":{"allow":["GET"]}}],"collection":[{"href":"https:\/\/serveiseducatius.xtec.cat\/baixmaresme\/wp-json\/wp\/v2\/posts"}],"about":[{"href":"https:\/\/serveiseducatius.xtec.cat\/baixmaresme\/wp-json\/wp\/v2\/types\/post"}],"author":[{"embeddable":true,"href":"https:\/\/serveiseducatius.xtec.cat\/baixmaresme\/wp-json\/wp\/v2\/users\/5"}],"replies":[{"embeddable":true,"href":"https:\/\/serveiseducatius.xtec.cat\/baixmaresme\/wp-json\/wp\/v2\/comments?post=9771"}],"version-history":[{"count":2,"href":"https:\/\/serveiseducatius.xtec.cat\/baixmaresme\/wp-json\/wp\/v2\/posts\/9771\/revisions"}],"predecessor-version":[{"id":9773,"href":"https:\/\/serveiseducatius.xtec.cat\/baixmaresme\/wp-json\/wp\/v2\/posts\/9771\/revisions\/9773"}],"wp:attachment":[{"href":"https:\/\/serveiseducatius.xtec.cat\/baixmaresme\/wp-json\/wp\/v2\/media?parent=9771"}],"wp:term":[{"taxonomy":"category","embeddable":true,"href":"https:\/\/serveiseducatius.xtec.cat\/baixmaresme\/wp-json\/wp\/v2\/categories?post=9771"},{"taxonomy":"post_tag","embeddable":true,"href":"https:\/\/serveiseducatius.xtec.cat\/baixmaresme\/wp-json\/wp\/v2\/tags?post=9771"}],"curies":[{"name":"wp","href":"https:\/\/api.w.org\/{rel}","templated":true}]}}