{"id":9627,"date":"2020-03-20T10:10:06","date_gmt":"2020-03-20T09:10:06","guid":{"rendered":"https:\/\/serveiseducatius.xtec.cat\/baixmaresme\/?p=9627"},"modified":"2020-03-24T10:36:21","modified_gmt":"2020-03-24T09:36:21","slug":"recursos-i-informacions-xtec","status":"publish","type":"post","link":"https:\/\/serveiseducatius.xtec.cat\/baixmaresme\/general\/recursos-i-informacions-xtec\/","title":{"rendered":"Cancel\u00b7laci\u00f3 Fira Cient\u00edfica"},"content":{"rendered":"<p>Donades les circumst\u00e0ncies, ens veiem obligats a cancel\u00b7lar la 1a Fira cient\u00edfica del Baix Maresme prevista pel proper mes de maig. Tenint en compte que tot indica que el retorn a les aules no ser\u00e0 una cosa imminent, hem valorat que el m\u00e9s prudent \u00e9s cancel\u00b7lar-la amb la intenci\u00f3, aix\u00f2 s\u00ed, de reprendre-la el curs vinent.<\/p>\n<p>Som conscients que molts de vosaltres heu invertit for\u00e7a temps amb els vostres alumnes i alguns ja teniu la feina molt avan\u00e7ada. Si us heu organitzat amb l\u2019alumnat per continuar treballant des de casa amb els seus experiments i voleu compartir-los amb nosaltres, aprofitant la feina feta, us volem encoratjar a fer-ho, sempre de manera volunt\u00e0ria. Podeu enviar-nos un v\u00eddeo de l\u2019experiment, fotos, un link del web de l\u2019escola si l\u2019heu penjat all\u00e0, el p\u00f2ster fet, etc. Amb tot el que ens feu arribar, muntarem una exposici\u00f3 virtual que publicarem abans del final del curs.<\/p>\n","protected":false},"excerpt":{"rendered":"<p>Donades les circumst\u00e0ncies, ens veiem obligats a cancel\u00b7lar la 1a Fira cient\u00edfica del Baix Maresme prevista pel proper mes de maig&hellip;  <a href=\"https:\/\/serveiseducatius.xtec.cat\/baixmaresme\/general\/recursos-i-informacions-xtec\/\" title=\"Read Cancel\u00b7laci\u00f3 Fira Cient\u00edfica\">Llegeix m\u00e9s\u00bb<\/a><\/p>\n","protected":false},"author":5,"featured_media":9645,"comment_status":"closed","ping_status":"closed","sticky":false,"template":"","format":"standard","meta":{"_bbp_topic_count":0,"_bbp_reply_count":0,"_bbp_total_topic_count":0,"_bbp_total_reply_count":0,"_bbp_voice_count":0,"_bbp_anonymous_reply_count":0,"_bbp_topic_count_hidden":0,"_bbp_reply_count_hidden":0,"_bbp_forum_subforum_count":0,"footnotes":""},"categories":[1,29],"tags":[407],"class_list":["post-9627","post","type-post","status-publish","format-standard","has-post-thumbnail","hentry","category-general","category-portada","tag-xtec-informacionsxtec"],"post_mailing_queue_ids":[],"_links":{"self":[{"href":"https:\/\/serveiseducatius.xtec.cat\/baixmaresme\/wp-json\/wp\/v2\/posts\/9627","targetHints":{"allow":["GET"]}}],"collection":[{"href":"https:\/\/serveiseducatius.xtec.cat\/baixmaresme\/wp-json\/wp\/v2\/posts"}],"about":[{"href":"https:\/\/serveiseducatius.xtec.cat\/baixmaresme\/wp-json\/wp\/v2\/types\/post"}],"author":[{"embeddable":true,"href":"https:\/\/serveiseducatius.xtec.cat\/baixmaresme\/wp-json\/wp\/v2\/users\/5"}],"replies":[{"embeddable":true,"href":"https:\/\/serveiseducatius.xtec.cat\/baixmaresme\/wp-json\/wp\/v2\/comments?post=9627"}],"version-history":[{"count":3,"href":"https:\/\/serveiseducatius.xtec.cat\/baixmaresme\/wp-json\/wp\/v2\/posts\/9627\/revisions"}],"predecessor-version":[{"id":9646,"href":"https:\/\/serveiseducatius.xtec.cat\/baixmaresme\/wp-json\/wp\/v2\/posts\/9627\/revisions\/9646"}],"wp:featuredmedia":[{"embeddable":true,"href":"https:\/\/serveiseducatius.xtec.cat\/baixmaresme\/wp-json\/wp\/v2\/media\/9645"}],"wp:attachment":[{"href":"https:\/\/serveiseducatius.xtec.cat\/baixmaresme\/wp-json\/wp\/v2\/media?parent=9627"}],"wp:term":[{"taxonomy":"category","embeddable":true,"href":"https:\/\/serveiseducatius.xtec.cat\/baixmaresme\/wp-json\/wp\/v2\/categories?post=9627"},{"taxonomy":"post_tag","embeddable":true,"href":"https:\/\/serveiseducatius.xtec.cat\/baixmaresme\/wp-json\/wp\/v2\/tags?post=9627"}],"curies":[{"name":"wp","href":"https:\/\/api.w.org\/{rel}","templated":true}]}}