{"id":9437,"date":"2019-10-01T14:21:22","date_gmt":"2019-10-01T12:21:22","guid":{"rendered":"http:\/\/serveiseducatius.xtec.cat\/baixmaresme\/?p=9437"},"modified":"2019-10-01T14:22:00","modified_gmt":"2019-10-01T12:22:00","slug":"jornada-competencies-pensament-cientific-a-leso","status":"publish","type":"post","link":"https:\/\/serveiseducatius.xtec.cat\/baixmaresme\/general\/jornada-competencies-pensament-cientific-a-leso\/","title":{"rendered":"Jornada Compet\u00e8ncies pensament cient\u00edfic a l&#8217;ESO"},"content":{"rendered":"<h5><a href=\"https:\/\/serveiseducatius.xtec.cat\/baixmaresme\/wp-content\/uploads\/usu107\/2019\/10\/competencies_de_pensament.png\"><img loading=\"lazy\" decoding=\"async\" class=\"size-medium wp-image-9438 alignleft\" src=\"https:\/\/serveiseducatius.xtec.cat\/baixmaresme\/wp-content\/uploads\/usu107\/2019\/10\/competencies_de_pensament-300x191.png\" alt=\"\" width=\"300\" height=\"191\" srcset=\"https:\/\/serveiseducatius.xtec.cat\/baixmaresme\/wp-content\/uploads\/usu107\/2019\/10\/competencies_de_pensament-300x191.png 300w, https:\/\/serveiseducatius.xtec.cat\/baixmaresme\/wp-content\/uploads\/usu107\/2019\/10\/competencies_de_pensament-768x490.png 768w, https:\/\/serveiseducatius.xtec.cat\/baixmaresme\/wp-content\/uploads\/usu107\/2019\/10\/competencies_de_pensament.png 931w\" sizes=\"auto, (max-width: 300px) 100vw, 300px\" \/><\/a><\/h5>\n<h5>Jornada Compet\u00e8ncies pensament cient\u00edfic a l&#8217;ESO<\/h5>\n<h6>Compet\u00e8ncies de pensament cient\u00edfic a l\u2019ESO. Ci\u00e8ncies 12-15<br \/>\nCosmoCaixa. Barcelona, 19 d\u2019octubre 2019, de 9 a 14 h<\/h6>\n<p>Per m\u00e9s informaci\u00f3 <a href=\"https:\/\/drive.google.com\/file\/d\/1tWMcFbMhoiJKUgvUfbdh_LWHiFRZlyeX\/view\">cliqueu aqu\u00ed.<\/a><\/p>\n<p><a href=\"https:\/\/aplicacions.gestioeducativa.gencat.cat\/pls\/soloas\/pk_for_mod_ins.p_for_detall_activitat?p_codi=9005190532&amp;p_curs=2019-2020&amp;p_es_inscr=S\">Inscripci\u00f3 jornada<\/a><\/p>\n<p><a href=\"https:\/\/docs.google.com\/forms\/d\/e\/1FAIpQLSeDRRM3otu1kSdykPr7pGtFwgSOrYrOMh-hTNH4vyPE35WGXw\/viewform?vc=0&amp;c=0&amp;w=1.\">Inscripci\u00f3 tallers<\/a><\/p>\n<p><span style=\"font-weight: 400;\">Durant la jornada:\u00a0<\/span><\/p>\n<ul>\n<li><span style=\"font-weight: 400;\"> Es presentaran breument les caracter\u00edstiques del projecte, basat en la recerca en did\u00e0ctica de les ci\u00e8ncies.\u00a0<\/span><\/li>\n<li><span style=\"font-weight: 400;\"> Es mostraran els continguts de la nova versi\u00f3 web del projecte.\u00a0<\/span><\/li>\n<li><span style=\"font-weight: 400;\"> El professorat que ha implementat el projecte compartir\u00e0 la seva experi\u00e8ncia.\u00a0<\/span><\/li>\n<li><span style=\"font-weight: 400;\"> S\u2019oferiran dues franges hor\u00e0ries de tallers en qu\u00e8 es mostrar\u00e0 com s\u2019aborden a l\u2019aula alguns dels grans models cient\u00edfics del projecte. <\/span><\/li>\n<\/ul>\n","protected":false},"excerpt":{"rendered":"<p>Jornada Compet\u00e8ncies pensament cient\u00edfic a l&#8217;ESOCompet\u00e8ncies de pensament cient\u00edfic a l\u2019ESO. Ci\u00e8ncies 12-15CosmoCaixa. Barcelona, 19 d\u2019octubre 2019, de 9 a 14 h&hellip;  <a href=\"https:\/\/serveiseducatius.xtec.cat\/baixmaresme\/general\/jornada-competencies-pensament-cientific-a-leso\/\" title=\"Read Jornada Compet\u00e8ncies pensament cient\u00edfic a l&#8217;ESO\">Llegeix m\u00e9s\u00bb<\/a><\/p>\n","protected":false},"author":5,"featured_media":9438,"comment_status":"closed","ping_status":"closed","sticky":false,"template":"","format":"standard","meta":{"_bbp_topic_count":0,"_bbp_reply_count":0,"_bbp_total_topic_count":0,"_bbp_total_reply_count":0,"_bbp_voice_count":0,"_bbp_anonymous_reply_count":0,"_bbp_topic_count_hidden":0,"_bbp_reply_count_hidden":0,"_bbp_forum_subforum_count":0,"footnotes":""},"categories":[154,1,29],"tags":[],"class_list":["post-9437","post","type-post","status-publish","format-standard","has-post-thumbnail","hentry","category-formacio","category-general","category-portada"],"post_mailing_queue_ids":[],"_links":{"self":[{"href":"https:\/\/serveiseducatius.xtec.cat\/baixmaresme\/wp-json\/wp\/v2\/posts\/9437","targetHints":{"allow":["GET"]}}],"collection":[{"href":"https:\/\/serveiseducatius.xtec.cat\/baixmaresme\/wp-json\/wp\/v2\/posts"}],"about":[{"href":"https:\/\/serveiseducatius.xtec.cat\/baixmaresme\/wp-json\/wp\/v2\/types\/post"}],"author":[{"embeddable":true,"href":"https:\/\/serveiseducatius.xtec.cat\/baixmaresme\/wp-json\/wp\/v2\/users\/5"}],"replies":[{"embeddable":true,"href":"https:\/\/serveiseducatius.xtec.cat\/baixmaresme\/wp-json\/wp\/v2\/comments?post=9437"}],"version-history":[{"count":2,"href":"https:\/\/serveiseducatius.xtec.cat\/baixmaresme\/wp-json\/wp\/v2\/posts\/9437\/revisions"}],"predecessor-version":[{"id":9440,"href":"https:\/\/serveiseducatius.xtec.cat\/baixmaresme\/wp-json\/wp\/v2\/posts\/9437\/revisions\/9440"}],"wp:featuredmedia":[{"embeddable":true,"href":"https:\/\/serveiseducatius.xtec.cat\/baixmaresme\/wp-json\/wp\/v2\/media\/9438"}],"wp:attachment":[{"href":"https:\/\/serveiseducatius.xtec.cat\/baixmaresme\/wp-json\/wp\/v2\/media?parent=9437"}],"wp:term":[{"taxonomy":"category","embeddable":true,"href":"https:\/\/serveiseducatius.xtec.cat\/baixmaresme\/wp-json\/wp\/v2\/categories?post=9437"},{"taxonomy":"post_tag","embeddable":true,"href":"https:\/\/serveiseducatius.xtec.cat\/baixmaresme\/wp-json\/wp\/v2\/tags?post=9437"}],"curies":[{"name":"wp","href":"https:\/\/api.w.org\/{rel}","templated":true}]}}