{"id":9433,"date":"2019-10-01T10:46:44","date_gmt":"2019-10-01T08:46:44","guid":{"rendered":"http:\/\/serveiseducatius.xtec.cat\/baixmaresme\/?p=9433"},"modified":"2019-10-01T10:46:49","modified_gmt":"2019-10-01T08:46:49","slug":"congreso-internacional-en-neuroeducacion","status":"publish","type":"post","link":"https:\/\/serveiseducatius.xtec.cat\/baixmaresme\/general\/congreso-internacional-en-neuroeducacion\/","title":{"rendered":"Congreso Internacional en Neuroeducaci\u00f3n"},"content":{"rendered":"<h3><a href=\"https:\/\/serveiseducatius.xtec.cat\/baixmaresme\/wp-content\/uploads\/usu107\/2019\/10\/neuro.png\"><img loading=\"lazy\" decoding=\"async\" class=\"alignnone size-medium wp-image-9435\" src=\"https:\/\/serveiseducatius.xtec.cat\/baixmaresme\/wp-content\/uploads\/usu107\/2019\/10\/neuro-300x199.png\" alt=\"\" width=\"300\" height=\"199\" srcset=\"https:\/\/serveiseducatius.xtec.cat\/baixmaresme\/wp-content\/uploads\/usu107\/2019\/10\/neuro-300x199.png 300w, https:\/\/serveiseducatius.xtec.cat\/baixmaresme\/wp-content\/uploads\/usu107\/2019\/10\/neuro.png 348w\" sizes=\"auto, (max-width: 300px) 100vw, 300px\" \/><\/a><\/h3>\n<h3>Congreso Internacional en Neuroeducaci\u00f3n<\/h3>\n<p>El II Congr\u00e9s Internacional de Neuroeducaci\u00f3 tindr\u00e0 lloc a Barcelona el dies 25 i 26 d&#8217;octubre de 2019.<\/p>\n<p>Treballarem les funcions executives per observar com interactuen i construeixen el nostre relat. Les funcions executives s\u00f3n una suma de capacitats que ens permeten adaptar el comportament, de manera conscient i intencionada, al futur que hem decidit assolir. Ens ajuden a prendre decisions i aconseguir aix\u00ed els nostres objectius. D&#8217;aqu\u00ed la seva import\u00e0ncia en aquest congr\u00e9s, per ampliar-ne el nostre coneixement i saber com desenvolupar-les segons l&#8217;etapa evolutiva de les persones.<\/p>\n<p>Aqu\u00ed teniu <a href=\"http:\/\/www.ub.edu\/neuroedu\/programa\/\">el programa<\/a> i <a href=\"http:\/\/www.ub.edu\/neuroedu\/congreso\/\">informaci\u00f3 en general.<\/a><\/p>\n<h3><a href=\"http:\/\/www.ub.edu\/neuroedu\/congreso\/\" target=\"_blank\" rel=\"noopener noreferrer\">Inscripcions<\/a><\/h3>\n","protected":false},"excerpt":{"rendered":"<p>Congreso Internacional en Neuroeducaci\u00f3nEl II Congr\u00e9s Internacional de Neuroeducaci\u00f3 tindr\u00e0 lloc a Barcelona el dies 25 i 26 d&#8217;octubre de 2019.Treballarem les funcions executives per observar com interactuen i construeixen el nostre relat. Les funcions executives s\u00f3n una suma de capacitats que ens permeten adaptar el comportament, de manera conscient i intencionada, al futur que hem decidit assolir.&hellip;  <a href=\"https:\/\/serveiseducatius.xtec.cat\/baixmaresme\/general\/congreso-internacional-en-neuroeducacion\/\" title=\"Read Congreso Internacional en Neuroeducaci\u00f3n\">Llegeix m\u00e9s\u00bb<\/a><\/p>\n","protected":false},"author":5,"featured_media":9435,"comment_status":"closed","ping_status":"closed","sticky":false,"template":"","format":"standard","meta":{"_bbp_topic_count":0,"_bbp_reply_count":0,"_bbp_total_topic_count":0,"_bbp_total_reply_count":0,"_bbp_voice_count":0,"_bbp_anonymous_reply_count":0,"_bbp_topic_count_hidden":0,"_bbp_reply_count_hidden":0,"_bbp_forum_subforum_count":0,"footnotes":""},"categories":[1,29],"tags":[375,374],"class_list":["post-9433","post","type-post","status-publish","format-standard","has-post-thumbnail","hentry","category-general","category-portada","tag-conferenciainteracional","tag-neurociencia"],"post_mailing_queue_ids":[],"_links":{"self":[{"href":"https:\/\/serveiseducatius.xtec.cat\/baixmaresme\/wp-json\/wp\/v2\/posts\/9433","targetHints":{"allow":["GET"]}}],"collection":[{"href":"https:\/\/serveiseducatius.xtec.cat\/baixmaresme\/wp-json\/wp\/v2\/posts"}],"about":[{"href":"https:\/\/serveiseducatius.xtec.cat\/baixmaresme\/wp-json\/wp\/v2\/types\/post"}],"author":[{"embeddable":true,"href":"https:\/\/serveiseducatius.xtec.cat\/baixmaresme\/wp-json\/wp\/v2\/users\/5"}],"replies":[{"embeddable":true,"href":"https:\/\/serveiseducatius.xtec.cat\/baixmaresme\/wp-json\/wp\/v2\/comments?post=9433"}],"version-history":[{"count":2,"href":"https:\/\/serveiseducatius.xtec.cat\/baixmaresme\/wp-json\/wp\/v2\/posts\/9433\/revisions"}],"predecessor-version":[{"id":9436,"href":"https:\/\/serveiseducatius.xtec.cat\/baixmaresme\/wp-json\/wp\/v2\/posts\/9433\/revisions\/9436"}],"wp:featuredmedia":[{"embeddable":true,"href":"https:\/\/serveiseducatius.xtec.cat\/baixmaresme\/wp-json\/wp\/v2\/media\/9435"}],"wp:attachment":[{"href":"https:\/\/serveiseducatius.xtec.cat\/baixmaresme\/wp-json\/wp\/v2\/media?parent=9433"}],"wp:term":[{"taxonomy":"category","embeddable":true,"href":"https:\/\/serveiseducatius.xtec.cat\/baixmaresme\/wp-json\/wp\/v2\/categories?post=9433"},{"taxonomy":"post_tag","embeddable":true,"href":"https:\/\/serveiseducatius.xtec.cat\/baixmaresme\/wp-json\/wp\/v2\/tags?post=9433"}],"curies":[{"name":"wp","href":"https:\/\/api.w.org\/{rel}","templated":true}]}}