{"id":8955,"date":"2018-09-03T11:25:14","date_gmt":"2018-09-03T09:25:14","guid":{"rendered":"http:\/\/serveiseducatius.xtec.cat\/baixmaresme\/?p=8955"},"modified":"2018-11-08T10:36:52","modified_gmt":"2018-11-08T09:36:52","slug":"jornada-formativa-6-de-setembre","status":"publish","type":"post","link":"https:\/\/serveiseducatius.xtec.cat\/baixmaresme\/general\/jornada-formativa-6-de-setembre\/","title":{"rendered":"Jornada formativa 6 de setembre"},"content":{"rendered":"<p><span style=\"color: #800000;\"><strong>Mat\u00ed, de 9:00 a 12:00<\/strong><\/span>: <strong><span style=\"color: #3366ff;\">Neuroci\u00e8ncia i educaci\u00f3.<\/span><\/strong> Confer\u00e8ncia a c\u00e0rrec de Sra Marta Portero, doctora en Neuroci\u00e8ncies i llicenciada en Psicologia. Especialista en processos d&#8217;aprenentatge i mem\u00f2ria. (ATENCI\u00d3, hem avan\u00e7at mitja hora la sessi\u00f3 per disponibilitat hor\u00e0ria de la formadora)<\/p>\n<p>Si no ho heu fet, podeu fer la <strong><a href=\"https:\/\/aplicacions.gestioeducativa.gencat.cat\/pls\/soloas\/pk_for_mod_ins.p_for_pre_cons_activitats?p_any=2018-2019&amp;p_codi=A110171A11\">inscripci\u00f3<\/a><\/strong> a la SESSI\u00d3 DE <strong>MAT\u00cd<\/strong><\/p>\n<p><span style=\"color: #800000;\"><strong>Tarda, de 15:30 a 18<\/strong><\/span>: <span style=\"color: #3366ff;\"><strong>STEM Preparats!!!<\/strong><\/span> L\u2019\u00e0mbit STEM, per les seves sigles en angl\u00e8s, engloba les Ci\u00e8ncies, la Tecnologia, l\u2019Enginyeria i la Matem\u00e0tica. El Govern ha aprovat l&#8217;elaboraci\u00f3 del Pla STEMcat d\u2019impuls de les vocacions cient\u00edfiques, tecnol\u00f2giques, en enginyeria i matem\u00e0tiques per promoure un augment en l\u2019inter\u00e8s per aquests estudis en els joves, especialment les noies.<\/p>\n<p>Roser Cuss\u00f3: La import\u00e0ncia d&#8217;integrar STEM en totes les etapes del sistema educatiu, des d\u2019infantil fins a batxillerat i formacions professionals. No es tracta d\u2019ensenyar per separat les 4 disciplines, sin\u00f3 de connectar-les amb un esperit de pensament cr\u00edtic, de curiositat per aprendre i un bon grau d\u2019autonomia.<\/p>\n<p>ESCAPA\u2019T AMB EL BREAKOUT! Christian Negre ens endinsar\u00e0 en una experi\u00e8ncia educativa immersiva que fomenta el treball en equip, el pensament cr\u00edtic i la capacitat de resoluci\u00f3 de problemes. En aquest joc, cal obrir una caixa tancada amb diferents tipus de cadenats. Per aconseguir-ho cal resoldre diversos problemes i enigmes. T&#8217;hi atreveixes??<\/p>\n<p>Es tracta d\u2019una sessi\u00f3 dirigida a professorat de totes les \u00e0rees i mat\u00e8ries donat que STEM es basa en la transversalitat i la interdisciplinarietat.<\/p>\n<p>Si no ho heu fet, podeu fer la <strong><a href=\"https:\/\/aplicacions.gestioeducativa.gencat.cat\/pls\/soloas\/pk_for_mod_ins.p_for_pre_cons_activitats?p_any=2018-2019&amp;p_codi=A111001A11\">inscripci\u00f3<\/a><\/strong> a la SESSI\u00d3 DE <strong>TARDA<\/strong><\/p>\n<p><span style=\"color: #993300;\"><strong>LLOC DE REALITZACI\u00d3<\/strong>:<\/span><\/p>\n<p>Biblioteca Tirant lo Blanc<br \/>\nRonda dels Pa\u00efsos Catalans, s\/n. Montgat<\/p>\n<p><a href=\"https:\/\/www.google.com\/maps\/place\/Biblioteca+Tirant+Lo+Blanc\/@41.4689903,2.2737122,18.42z\/data=!4m5!3m4!1s0x12a4ba5b69713bd9:0x46d6a56e840fd1c1!8m2!3d41.468828!4d2.27424\">Com arribar<\/a><\/p>\n","protected":false},"excerpt":{"rendered":"<p>Mat\u00ed, de 9:00 a 12:00: Neuroci\u00e8ncia i educaci\u00f3. Confer\u00e8ncia a c\u00e0rrec de Sra Marta Portero, doctora en Neuroci\u00e8ncies i llicenciada en Psicologia. Especialista en processos d&#8217;aprenentatge i mem\u00f2ria. (ATENCI\u00d3, hem avan\u00e7at mitja hora la sessi\u00f3 per disponibilitat hor\u00e0ria de la formadora)<br \/>\nSi no ho heu fet,&hellip;  <a href=\"https:\/\/serveiseducatius.xtec.cat\/baixmaresme\/general\/jornada-formativa-6-de-setembre\/\" title=\"Read Jornada formativa 6 de setembre\">Llegeix m\u00e9s\u00bb<\/a><\/p>\n","protected":false},"author":5,"featured_media":9093,"comment_status":"open","ping_status":"closed","sticky":false,"template":"","format":"standard","meta":{"_bbp_topic_count":0,"_bbp_reply_count":0,"_bbp_total_topic_count":0,"_bbp_total_reply_count":0,"_bbp_voice_count":0,"_bbp_anonymous_reply_count":0,"_bbp_topic_count_hidden":0,"_bbp_reply_count_hidden":0,"_bbp_forum_subforum_count":0,"footnotes":""},"categories":[65,154,1,153,29],"tags":[],"class_list":["post-8955","post","type-post","status-publish","format-standard","has-post-thumbnail","hentry","category-crp","category-formacio","category-general","category-pfz","category-portada"],"post_mailing_queue_ids":[],"_links":{"self":[{"href":"https:\/\/serveiseducatius.xtec.cat\/baixmaresme\/wp-json\/wp\/v2\/posts\/8955","targetHints":{"allow":["GET"]}}],"collection":[{"href":"https:\/\/serveiseducatius.xtec.cat\/baixmaresme\/wp-json\/wp\/v2\/posts"}],"about":[{"href":"https:\/\/serveiseducatius.xtec.cat\/baixmaresme\/wp-json\/wp\/v2\/types\/post"}],"author":[{"embeddable":true,"href":"https:\/\/serveiseducatius.xtec.cat\/baixmaresme\/wp-json\/wp\/v2\/users\/5"}],"replies":[{"embeddable":true,"href":"https:\/\/serveiseducatius.xtec.cat\/baixmaresme\/wp-json\/wp\/v2\/comments?post=8955"}],"version-history":[{"count":1,"href":"https:\/\/serveiseducatius.xtec.cat\/baixmaresme\/wp-json\/wp\/v2\/posts\/8955\/revisions"}],"predecessor-version":[{"id":8956,"href":"https:\/\/serveiseducatius.xtec.cat\/baixmaresme\/wp-json\/wp\/v2\/posts\/8955\/revisions\/8956"}],"wp:featuredmedia":[{"embeddable":true,"href":"https:\/\/serveiseducatius.xtec.cat\/baixmaresme\/wp-json\/wp\/v2\/media\/9093"}],"wp:attachment":[{"href":"https:\/\/serveiseducatius.xtec.cat\/baixmaresme\/wp-json\/wp\/v2\/media?parent=8955"}],"wp:term":[{"taxonomy":"category","embeddable":true,"href":"https:\/\/serveiseducatius.xtec.cat\/baixmaresme\/wp-json\/wp\/v2\/categories?post=8955"},{"taxonomy":"post_tag","embeddable":true,"href":"https:\/\/serveiseducatius.xtec.cat\/baixmaresme\/wp-json\/wp\/v2\/tags?post=8955"}],"curies":[{"name":"wp","href":"https:\/\/api.w.org\/{rel}","templated":true}]}}