{"id":8343,"date":"2017-05-15T09:34:39","date_gmt":"2017-05-15T07:34:39","guid":{"rendered":"http:\/\/serveiseducatius.xtec.cat\/baixmaresme\/?p=8343"},"modified":"2017-05-15T09:34:39","modified_gmt":"2017-05-15T07:34:39","slug":"obertura-del-periode-dinscripcio-als-camps-i-entorns-daprenentatge","status":"publish","type":"post","link":"https:\/\/serveiseducatius.xtec.cat\/baixmaresme\/portada\/obertura-del-periode-dinscripcio-als-camps-i-entorns-daprenentatge\/","title":{"rendered":"Obertura del per\u00edode d&#8217;inscripci\u00f3 als Camps i Entorns d&#8217;Aprenentatge"},"content":{"rendered":"<p><a href=\"http:\/\/xtec.gencat.cat\/ca\/serveis\/cda\/inscripcio\/\"><img loading=\"lazy\" decoding=\"async\" class=\"size-medium wp-image-8344 aligncenter\" src=\"http:\/\/serveiseducatius.xtec.cat\/baixmaresme\/wp-content\/uploads\/usu107\/2017\/05\/CdA-300x249.png\" alt=\"CdA\" width=\"300\" height=\"249\" srcset=\"https:\/\/serveiseducatius.xtec.cat\/baixmaresme\/wp-content\/uploads\/usu107\/2017\/05\/CdA-300x250.png 300w, https:\/\/serveiseducatius.xtec.cat\/baixmaresme\/wp-content\/uploads\/usu107\/2017\/05\/CdA.png 723w\" sizes=\"auto, (max-width: 300px) 100vw, 300px\" \/><\/a><\/p>\n<p>El per\u00edode d&#8217;inscripci\u00f3 als camps d&#8217;aprenentatge pel nou curs 2017-2018 \u00e9s del <b>15 al 31 de maig<\/b> <b>de 2017<\/b>. Trobareu tota la informaci\u00f3 sobre el proc\u00e9s d&#8217;inscripci\u00f3 al web:<br \/>\n<a href=\"http:\/\/xtec.gencat.cat\/ca\/serveis\/cda\/inscripcio\/\" target=\"_blank\" rel=\"nofollow\">http:\/\/xtec.gencat.cat\/ca\/serveis\/cda\/inscripcio\/<\/a><\/p>\n","protected":false},"excerpt":{"rendered":"<p><a href=\"http:\/\/xtec.gencat.cat\/ca\/serveis\/cda\/inscripcio\/\"><\/a><br \/>\nEl per\u00edode d&#8217;inscripci\u00f3 als camps d&#8217;aprenentatge pel nou curs 2017-2018 \u00e9s del 15 al 31 de maig de 2017. Trobareu tota la informaci\u00f3 sobre el proc\u00e9s d&#8217;inscripci\u00f3 al web:<br \/>\n<a href=\"http:\/\/xtec.gencat.cat\/ca\/serveis\/cda\/inscripcio\/\" target=\"_blank\" rel=\"nofollow\">http:\/\/xtec.gencat.cat\/ca\/serveis\/cda\/inscripcio\/<\/a><\/p>\n","protected":false},"author":5,"featured_media":8344,"comment_status":"open","ping_status":"open","sticky":false,"template":"","format":"standard","meta":{"_bbp_topic_count":0,"_bbp_reply_count":0,"_bbp_total_topic_count":0,"_bbp_total_reply_count":0,"_bbp_voice_count":0,"_bbp_anonymous_reply_count":0,"_bbp_topic_count_hidden":0,"_bbp_reply_count_hidden":0,"_bbp_forum_subforum_count":0,"footnotes":""},"categories":[29],"tags":[],"class_list":["post-8343","post","type-post","status-publish","format-standard","has-post-thumbnail","hentry","category-portada"],"post_mailing_queue_ids":[],"_links":{"self":[{"href":"https:\/\/serveiseducatius.xtec.cat\/baixmaresme\/wp-json\/wp\/v2\/posts\/8343","targetHints":{"allow":["GET"]}}],"collection":[{"href":"https:\/\/serveiseducatius.xtec.cat\/baixmaresme\/wp-json\/wp\/v2\/posts"}],"about":[{"href":"https:\/\/serveiseducatius.xtec.cat\/baixmaresme\/wp-json\/wp\/v2\/types\/post"}],"author":[{"embeddable":true,"href":"https:\/\/serveiseducatius.xtec.cat\/baixmaresme\/wp-json\/wp\/v2\/users\/5"}],"replies":[{"embeddable":true,"href":"https:\/\/serveiseducatius.xtec.cat\/baixmaresme\/wp-json\/wp\/v2\/comments?post=8343"}],"version-history":[{"count":1,"href":"https:\/\/serveiseducatius.xtec.cat\/baixmaresme\/wp-json\/wp\/v2\/posts\/8343\/revisions"}],"predecessor-version":[{"id":8345,"href":"https:\/\/serveiseducatius.xtec.cat\/baixmaresme\/wp-json\/wp\/v2\/posts\/8343\/revisions\/8345"}],"wp:featuredmedia":[{"embeddable":true,"href":"https:\/\/serveiseducatius.xtec.cat\/baixmaresme\/wp-json\/wp\/v2\/media\/8344"}],"wp:attachment":[{"href":"https:\/\/serveiseducatius.xtec.cat\/baixmaresme\/wp-json\/wp\/v2\/media?parent=8343"}],"wp:term":[{"taxonomy":"category","embeddable":true,"href":"https:\/\/serveiseducatius.xtec.cat\/baixmaresme\/wp-json\/wp\/v2\/categories?post=8343"},{"taxonomy":"post_tag","embeddable":true,"href":"https:\/\/serveiseducatius.xtec.cat\/baixmaresme\/wp-json\/wp\/v2\/tags?post=8343"}],"curies":[{"name":"wp","href":"https:\/\/api.w.org\/{rel}","templated":true}]}}