{"id":8121,"date":"2024-04-20T13:16:48","date_gmt":"2024-04-20T11:16:48","guid":{"rendered":"http:\/\/serveiseducatius.xtec.cat\/baixmaresme\/?p=8121"},"modified":"2025-10-14T08:40:40","modified_gmt":"2025-10-14T06:40:40","slug":"pla-de-formacio-de-zona-2025-26","status":"publish","type":"post","link":"https:\/\/serveiseducatius.xtec.cat\/baixmaresme\/portada\/pla-de-formacio-de-zona-2025-26\/","title":{"rendered":"Pla de Formaci\u00f3 de Zona 2025-26. Detecci\u00f3 de necessitats."},"content":{"rendered":"<h3 style=\"text-align: center;\"><a href=\"https:\/\/drive.google.com\/drive\/u\/0\/folders\/1f44GVFU6j7FwqU7fJtz3Q4cfwoBtlylD\">\u00a0<\/a><\/h3>\n<table style=\"height: 142px; width: 1018px;\" width=\"872\">\n<tbody>\n<tr style=\"height: 135px;\">\n<td style=\"border-color: #fffffa; height: 135px; width: 204.444px;\"><img loading=\"lazy\" decoding=\"async\" class=\"wp-image-422 alignleft\" src=\"http:\/\/serveiseducatius.xtec.cat\/baixmaresme\/wp-content\/uploads\/usu107\/2015\/11\/pfz.jpg\" alt=\"pfz\" width=\"137\" height=\"103\" srcset=\"https:\/\/serveiseducatius.xtec.cat\/baixmaresme\/wp-content\/uploads\/usu107\/2015\/11\/pfz.jpg 258w, https:\/\/serveiseducatius.xtec.cat\/baixmaresme\/wp-content\/uploads\/usu107\/2015\/11\/pfz-200x150.jpg 200w\" sizes=\"auto, (max-width: 137px) 100vw, 137px\" \/><\/td>\n<td style=\"border-color: #fffffc; height: 135px; width: 810px;\">\n<h3><b>Hem iniciat el proc\u00e9s de recollida de propostes formatives de centres i professorat per al curs 2025-2026<\/b><\/h3>\n<h3><strong><a href=\"https:\/\/serveiseducatius.xtec.cat\/baixmaresme\/formacio\/deteccio-necessitats\/\">M\u00c9S INFORMACI\u00d3 I ACC\u00c9S ALS FORMULARIS DE SOL\u00b7LICITUD<\/a><\/strong><\/h3>\n<h4>TERMINI 9 DE MAIG<\/h4>\n<\/td>\n<\/tr>\n<\/tbody>\n<\/table>\n<div>\n<div class=\"gmail_default\">Recordeu que les diferents <b>modalitats formatives <\/b>que podeu sol\u00b7licitar o proposar s\u00f3n les seg\u00fcents:<\/div>\n<div class=\"gmail_default\"><\/div>\n<div class=\"gmail_default\">\n<ul>\n<li><strong>Formaci\u00f3 en centre.<\/strong> Formaci\u00f3 lligada a projectes de canvi o millora d&#8217;un centre:\n<ul>\n<li>Assessorament<\/li>\n<li>Formaci\u00f3 interna de centre (FIC)<\/li>\n<li>Taller a centre<\/li>\n<li>Visita formativa a centre<\/li>\n<\/ul>\n<\/li>\n<\/ul>\n<\/div>\n<div class=\"gmail_default\">\n<ul>\n<li><strong>Formaci\u00f3 per a centres<\/strong>. Eina de suport i d&#8217;enfortiment del projecte educatiu de cada entre <b>aprofitant l&#8217;intercanvi pedag\u00f2gic <\/b>i la formaci\u00f3 de persones de <b>diferents centes<\/b> educatius que actuen com a <b>equips impulsor <\/b>o responsables dels seus centres:\n<ul>\n<li>Seminari de coordinaci\u00f3<\/li>\n<li>Curs\/seminari\/taller d&#8217;equips de centre<\/li>\n<\/ul>\n<\/li>\n<\/ul>\n<\/div>\n<div class=\"gmail_default\">\n<ul>\n<li><strong>Formaci\u00f3 individual<\/strong> per al professorat de diversos centres. Inclouen seminaris, cursos, tallers i grups de treball.<\/li>\n<\/ul>\n<\/div>\n<div class=\"gmail_default\">\n<ul>\n<li><strong>Actuacions de dinamitzaci\u00f3 i sensibilitzaci\u00f3<\/strong>. Activitats obertes a un gran nombre d&#8217;assistents. Inclouen jornades, trobades pedag\u00f2giques, confer\u00e8ncies i taules rodones.<\/li>\n<\/ul>\n<\/div>\n<\/div>\n<div><b>\u00a0<\/b><\/div>\n<div>Per qualsevol consulta, informaci\u00f3 o dubte, contacteu amb el CRP<\/div>\n","protected":false},"excerpt":{"rendered":"<p>Hem iniciat el proc\u00e9s de recollida de propostes formatives de centres i professorat per al curs 2022-23.&hellip;  <a href=\"https:\/\/serveiseducatius.xtec.cat\/baixmaresme\/portada\/pla-de-formacio-de-zona-2025-26\/\" title=\"Read Pla de Formaci\u00f3 de Zona 2025-26. Detecci\u00f3 de necessitats.\">Llegeix m\u00e9s\u00bb<\/a><\/p>\n","protected":false},"author":1,"featured_media":422,"comment_status":"closed","ping_status":"closed","sticky":false,"template":"","format":"standard","meta":{"_bbp_topic_count":0,"_bbp_reply_count":0,"_bbp_total_topic_count":0,"_bbp_total_reply_count":0,"_bbp_voice_count":0,"_bbp_anonymous_reply_count":0,"_bbp_topic_count_hidden":0,"_bbp_reply_count_hidden":0,"_bbp_forum_subforum_count":0,"footnotes":""},"categories":[65,154,153,29],"tags":[570,571,569,225,207],"class_list":["post-8121","post","type-post","status-publish","format-standard","has-post-thumbnail","hentry","category-crp","category-formacio","category-pfz","category-portada","tag-educacioprimaria","tag-educaciosecundaria","tag-fpz22_23","tag-pfz","tag-professorat"],"post_mailing_queue_ids":[],"_links":{"self":[{"href":"https:\/\/serveiseducatius.xtec.cat\/baixmaresme\/wp-json\/wp\/v2\/posts\/8121","targetHints":{"allow":["GET"]}}],"collection":[{"href":"https:\/\/serveiseducatius.xtec.cat\/baixmaresme\/wp-json\/wp\/v2\/posts"}],"about":[{"href":"https:\/\/serveiseducatius.xtec.cat\/baixmaresme\/wp-json\/wp\/v2\/types\/post"}],"author":[{"embeddable":true,"href":"https:\/\/serveiseducatius.xtec.cat\/baixmaresme\/wp-json\/wp\/v2\/users\/1"}],"replies":[{"embeddable":true,"href":"https:\/\/serveiseducatius.xtec.cat\/baixmaresme\/wp-json\/wp\/v2\/comments?post=8121"}],"version-history":[{"count":5,"href":"https:\/\/serveiseducatius.xtec.cat\/baixmaresme\/wp-json\/wp\/v2\/posts\/8121\/revisions"}],"predecessor-version":[{"id":11666,"href":"https:\/\/serveiseducatius.xtec.cat\/baixmaresme\/wp-json\/wp\/v2\/posts\/8121\/revisions\/11666"}],"wp:featuredmedia":[{"embeddable":true,"href":"https:\/\/serveiseducatius.xtec.cat\/baixmaresme\/wp-json\/wp\/v2\/media\/422"}],"wp:attachment":[{"href":"https:\/\/serveiseducatius.xtec.cat\/baixmaresme\/wp-json\/wp\/v2\/media?parent=8121"}],"wp:term":[{"taxonomy":"category","embeddable":true,"href":"https:\/\/serveiseducatius.xtec.cat\/baixmaresme\/wp-json\/wp\/v2\/categories?post=8121"},{"taxonomy":"post_tag","embeddable":true,"href":"https:\/\/serveiseducatius.xtec.cat\/baixmaresme\/wp-json\/wp\/v2\/tags?post=8121"}],"curies":[{"name":"wp","href":"https:\/\/api.w.org\/{rel}","templated":true}]}}