{"id":11031,"date":"2023-11-07T13:30:10","date_gmt":"2023-11-07T12:30:10","guid":{"rendered":"https:\/\/serveiseducatius.xtec.cat\/baixmaresme\/?p=11031"},"modified":"2025-10-13T16:54:28","modified_gmt":"2025-10-13T14:54:28","slug":"mesures-i-suports-universals-en-el-centre-educatiu","status":"publish","type":"post","link":"https:\/\/serveiseducatius.xtec.cat\/baixmaresme\/general\/mesures-i-suports-universals-en-el-centre-educatiu\/","title":{"rendered":"Mesures i suports universals en el centre educatiu"},"content":{"rendered":"<p><a href=\"https:\/\/educacio.gencat.cat\/web\/.content\/home\/departament\/publicacions\/colleccions\/inclusio\/mesures-suports-universals-centre-educatiu\/mesures-suports-universals-centre-educatiu.pdf\"><img loading=\"lazy\" decoding=\"async\" class=\"aligncenter size-medium wp-image-11032\" src=\"https:\/\/serveiseducatius.xtec.cat\/baixmaresme\/wp-content\/uploads\/usu107\/2023\/11\/Mesures-universals-300x147.jpg\" alt=\"\" width=\"300\" height=\"147\" srcset=\"https:\/\/serveiseducatius.xtec.cat\/baixmaresme\/wp-content\/uploads\/usu107\/2023\/11\/Mesures-universals-300x147.jpg 300w, https:\/\/serveiseducatius.xtec.cat\/baixmaresme\/wp-content\/uploads\/usu107\/2023\/11\/Mesures-universals-768x376.jpg 768w, https:\/\/serveiseducatius.xtec.cat\/baixmaresme\/wp-content\/uploads\/usu107\/2023\/11\/Mesures-universals.jpg 791w\" sizes=\"auto, (max-width: 300px) 100vw, 300px\" \/><\/a><\/p>\n<p>L\u2019atenci\u00f3 educativa a l\u2019alumnat compr\u00e8n el conjunt de\u00a0<strong>mesures i suports<\/strong>\u00a0destinats a tots els alumnes, amb la finalitat d\u2019afavorir el seu desenvolupament personal i social, i perqu\u00e8 avancin en l\u2019assoliment de les\u00a0<strong>compet\u00e8ncies de cada etapa educativa<\/strong>\u00a0i en la transici\u00f3 a la vida adulta. Aquestes mesures i suports han de garantir que els contextos escolars ofereixin les condicions d\u2019aprenentatge necess\u00e0ries per desenvolupar les fortaleses de l\u2019alumnat; vetllar per la seva vinculaci\u00f3 amb els aprenentatges i el grup, facilitar l\u2019acc\u00e9s a l\u2019aprenentatge i a la participaci\u00f3 i assegurar el progr\u00e9s de tot l\u2019alumnat.<\/p>\n<p>El present\u00a0<a href=\"https:\/\/educacio.gencat.cat\/ca\/departament\/publicacions\/colleccions\/inclusio\/mesures-suports-universals-centre-educatiu\/\">document<\/a>\u00a0s\u2019ha elaborat amb el prop\u00f2sit d\u2019aportar orientacions i proporcionar elements als centres educatius per a la presa de decisions en la concreci\u00f3 de mesures i suports universals en el marc d\u2019una\u00a0<strong>atenci\u00f3 educativa inclusiva<\/strong>. Es fonamenta en la normativa actual, aix\u00ed com en els marcs conceptuals que orienten les l\u00ednies de treball del\u00a0<strong>Departament d\u2019Educaci\u00f3<\/strong>.<\/p>\n<p>El\u00a0<a href=\"https:\/\/educacio.gencat.cat\/web\/.content\/home\/departament\/publicacions\/colleccions\/inclusio\/mesures-suports-universals-centre-educatiu\/mesures-suports-universals-centre-educatiu.pdf\" target=\"_blank\" rel=\"noopener\">document<\/a>\u00a0contempla diverses opcions per ajustar-se a les necessitats de la persona lectora. La lectura acurada de tot el document, seguint l\u2019ordre dels diversos apartats correlativament, facilita el coneixement de la normativa i afavoreix fer-se una representaci\u00f3 dels principis conceptuals que sustenten l\u2019atenci\u00f3 educativa en el marc d\u2019un sistema educatiu inclusiu. Al mateix temps, \u00e9s possible accedir directament als diferents apartats o tamb\u00e9, al final del document, consultar el quadre-llista de les mesures i suports universals amb els enlla\u00e7os per accedir a la informaci\u00f3.<\/p>\n<p>Les mesures i suports universals, descrits en els diferents apartats d\u2019aquest document, no es poden entendre de manera a\u00efllada o fragmentada at\u00e8s el seu car\u00e0cter transversal i universal.<\/p>\n","protected":false},"excerpt":{"rendered":"<p>El present\u00a0document\u00a0s\u2019ha elaborat amb el prop\u00f2sit d\u2019aportar orientacions i proporcionar elements als centres educatius per a la presa de decisions en la concreci\u00f3 de mesures i suports universals en el marc d\u2019una\u00a0atenci\u00f3 educativa inclusiva.&hellip;  <a href=\"https:\/\/serveiseducatius.xtec.cat\/baixmaresme\/general\/mesures-i-suports-universals-en-el-centre-educatiu\/\" title=\"Read Mesures i suports universals en el centre educatiu\">Llegeix m\u00e9s\u00bb<\/a><\/p>\n","protected":false},"author":5,"featured_media":11032,"comment_status":"closed","ping_status":"closed","sticky":false,"template":"","format":"standard","meta":{"_bbp_topic_count":0,"_bbp_reply_count":0,"_bbp_total_topic_count":0,"_bbp_total_reply_count":0,"_bbp_voice_count":0,"_bbp_anonymous_reply_count":0,"_bbp_topic_count_hidden":0,"_bbp_reply_count_hidden":0,"_bbp_forum_subforum_count":0,"footnotes":""},"categories":[1,29],"tags":[620,618,619],"class_list":["post-11031","post","type-post","status-publish","format-standard","has-post-thumbnail","hentry","category-general","category-portada","tag-dua","tag-mesures-universals","tag-udl"],"post_mailing_queue_ids":[],"_links":{"self":[{"href":"https:\/\/serveiseducatius.xtec.cat\/baixmaresme\/wp-json\/wp\/v2\/posts\/11031","targetHints":{"allow":["GET"]}}],"collection":[{"href":"https:\/\/serveiseducatius.xtec.cat\/baixmaresme\/wp-json\/wp\/v2\/posts"}],"about":[{"href":"https:\/\/serveiseducatius.xtec.cat\/baixmaresme\/wp-json\/wp\/v2\/types\/post"}],"author":[{"embeddable":true,"href":"https:\/\/serveiseducatius.xtec.cat\/baixmaresme\/wp-json\/wp\/v2\/users\/5"}],"replies":[{"embeddable":true,"href":"https:\/\/serveiseducatius.xtec.cat\/baixmaresme\/wp-json\/wp\/v2\/comments?post=11031"}],"version-history":[{"count":1,"href":"https:\/\/serveiseducatius.xtec.cat\/baixmaresme\/wp-json\/wp\/v2\/posts\/11031\/revisions"}],"predecessor-version":[{"id":11033,"href":"https:\/\/serveiseducatius.xtec.cat\/baixmaresme\/wp-json\/wp\/v2\/posts\/11031\/revisions\/11033"}],"wp:featuredmedia":[{"embeddable":true,"href":"https:\/\/serveiseducatius.xtec.cat\/baixmaresme\/wp-json\/wp\/v2\/media\/11032"}],"wp:attachment":[{"href":"https:\/\/serveiseducatius.xtec.cat\/baixmaresme\/wp-json\/wp\/v2\/media?parent=11031"}],"wp:term":[{"taxonomy":"category","embeddable":true,"href":"https:\/\/serveiseducatius.xtec.cat\/baixmaresme\/wp-json\/wp\/v2\/categories?post=11031"},{"taxonomy":"post_tag","embeddable":true,"href":"https:\/\/serveiseducatius.xtec.cat\/baixmaresme\/wp-json\/wp\/v2\/tags?post=11031"}],"curies":[{"name":"wp","href":"https:\/\/api.w.org\/{rel}","templated":true}]}}