{"id":10913,"date":"2023-05-23T16:48:48","date_gmt":"2023-05-23T14:48:48","guid":{"rendered":"https:\/\/serveiseducatius.xtec.cat\/baixmaresme\/?p=10913"},"modified":"2025-10-13T16:52:39","modified_gmt":"2025-10-13T14:52:39","slug":"ajuts-per-a-alumnes-amb-necessitat-especifica-de-suport-educatiu","status":"publish","type":"post","link":"https:\/\/serveiseducatius.xtec.cat\/baixmaresme\/general\/ajuts-per-a-alumnes-amb-necessitat-especifica-de-suport-educatiu\/","title":{"rendered":"Ajuts per a alumnes amb necessitat espec\u00edfica de suport educatiu"},"content":{"rendered":"<p>El Ministeri d&#8217;Educaci\u00f3 i Formaci\u00f3 Professional ha publicat el 26 d&#8217;abril de 2023 en el BOE la convocat\u00f2ria oficial de les beques i ajudes per a alumnes amb Necessitat Espec\u00edfica de Suport Educatiu (NESE) en el curs acad\u00e8mic 2023-2024, incloent-hi ajudes directes per als alumnes amb TDAH. <a href=\"https:\/\/educacio.gencat.cat\/ca\/serveis-tramits\/beques\/\">Clica aqu\u00ed per a m\u00e9s informaci\u00f3<\/a><br \/>\nLes principals novetats d&#8217;aquest curs s\u00f3n:<br \/>\n&#8211; Subsidi de 400 euros per a despeses de car\u00e0cter general que es concedir\u00e0 de manera autom\u00e0tica a tots els beneficiaris, independentment de les rendes de les fam\u00edlies i dels resultats acad\u00e8mics dels estudiants i sense necessitat de justificaci\u00f3<br \/>\n&#8211; No \u00e9s requisit imprescindible que el sol\u00b7licitant disposi de certificat de discapacitat<br \/>\nEl termini de sol\u00b7licitud de les beques NEE (Necessitats Educatives Especials) comen\u00e7a el 8 de maig i acaba el 20 de setembre de 2023, tots dos inclusivament.<\/p>\n","protected":false},"excerpt":{"rendered":"<p>El Ministeri d&#8217;Educaci\u00f3 i Formaci\u00f3 Professional ha publicat el 26 d&#8217;abril de 2023 en el BOE la convocat\u00f2ria oficial de les beques i ajudes per a alumnes amb Necessitat Espec\u00edfica de Suport Educatiu (NESE) en el curs acad\u00e8mic 2023-2024, incloent-hi ajudes directes per als alumnes&hellip;  <a href=\"https:\/\/serveiseducatius.xtec.cat\/baixmaresme\/general\/ajuts-per-a-alumnes-amb-necessitat-especifica-de-suport-educatiu\/\" title=\"Read Ajuts per a alumnes amb necessitat espec\u00edfica de suport educatiu\">Llegeix m\u00e9s\u00bb<\/a><\/p>\n","protected":false},"author":13,"featured_media":10916,"comment_status":"open","ping_status":"closed","sticky":false,"template":"","format":"standard","meta":{"_bbp_topic_count":0,"_bbp_reply_count":0,"_bbp_total_topic_count":0,"_bbp_total_reply_count":0,"_bbp_voice_count":0,"_bbp_anonymous_reply_count":0,"_bbp_topic_count_hidden":0,"_bbp_reply_count_hidden":0,"_bbp_forum_subforum_count":0,"footnotes":""},"categories":[67,1,29],"tags":[],"class_list":["post-10913","post","type-post","status-publish","format-standard","has-post-thumbnail","hentry","category-eap","category-general","category-portada"],"post_mailing_queue_ids":[],"_links":{"self":[{"href":"https:\/\/serveiseducatius.xtec.cat\/baixmaresme\/wp-json\/wp\/v2\/posts\/10913","targetHints":{"allow":["GET"]}}],"collection":[{"href":"https:\/\/serveiseducatius.xtec.cat\/baixmaresme\/wp-json\/wp\/v2\/posts"}],"about":[{"href":"https:\/\/serveiseducatius.xtec.cat\/baixmaresme\/wp-json\/wp\/v2\/types\/post"}],"author":[{"embeddable":true,"href":"https:\/\/serveiseducatius.xtec.cat\/baixmaresme\/wp-json\/wp\/v2\/users\/13"}],"replies":[{"embeddable":true,"href":"https:\/\/serveiseducatius.xtec.cat\/baixmaresme\/wp-json\/wp\/v2\/comments?post=10913"}],"version-history":[{"count":3,"href":"https:\/\/serveiseducatius.xtec.cat\/baixmaresme\/wp-json\/wp\/v2\/posts\/10913\/revisions"}],"predecessor-version":[{"id":10920,"href":"https:\/\/serveiseducatius.xtec.cat\/baixmaresme\/wp-json\/wp\/v2\/posts\/10913\/revisions\/10920"}],"wp:featuredmedia":[{"embeddable":true,"href":"https:\/\/serveiseducatius.xtec.cat\/baixmaresme\/wp-json\/wp\/v2\/media\/10916"}],"wp:attachment":[{"href":"https:\/\/serveiseducatius.xtec.cat\/baixmaresme\/wp-json\/wp\/v2\/media?parent=10913"}],"wp:term":[{"taxonomy":"category","embeddable":true,"href":"https:\/\/serveiseducatius.xtec.cat\/baixmaresme\/wp-json\/wp\/v2\/categories?post=10913"},{"taxonomy":"post_tag","embeddable":true,"href":"https:\/\/serveiseducatius.xtec.cat\/baixmaresme\/wp-json\/wp\/v2\/tags?post=10913"}],"curies":[{"name":"wp","href":"https:\/\/api.w.org\/{rel}","templated":true}]}}