{"id":10905,"date":"2023-05-16T12:22:49","date_gmt":"2023-05-16T10:22:49","guid":{"rendered":"https:\/\/serveiseducatius.xtec.cat\/baixmaresme\/?p=10905"},"modified":"2024-02-29T16:53:12","modified_gmt":"2024-02-29T15:53:12","slug":"dia-internacional-contra-lhomofobia-la-lesbofobia-la-transfobia-la-bifobia-i-la-interfobia","status":"publish","type":"post","link":"https:\/\/serveiseducatius.xtec.cat\/baixmaresme\/general\/dia-internacional-contra-lhomofobia-la-lesbofobia-la-transfobia-la-bifobia-i-la-interfobia\/","title":{"rendered":"Dia Internacional contra l\u2019Homof\u00f2bia, la Lesbof\u00f2bia, la Transf\u00f2bia, la Bif\u00f2bia i la Interf\u00f2bia"},"content":{"rendered":"<p>A 17 de maig es commemora la lluita contra l\u2019LGBTI-f\u00f2bia i, des de l\u2019\u00e0mbit educatiu, ens sumem al lema d\u2019enguany Junts sempre: units en la diversitat i treballem per garantir els drets de les persones LGBTI+ (lesbianes, gais, bisexuals, transg\u00e8neres, intersexuals&#8230;) a fi que la identitat afectivosexual de tots i totes sigui viscuda de forma saludable, personal i \u00fanica.<a href=\"https:\/\/xtec.gencat.cat\/ca\/centres\/celebracions\/2023\/dia-internacional-contra-lhomofobia-la-lesbofobia-la-transfobia-la-bifobia-i-la-interfobia\/\" >Clica aqu\u00ed per obtenir m\u00e9s informaci\u00f3.<\/a><\/p>\n","protected":false},"excerpt":{"rendered":"<p>A 17 de maig es commemora la lluita contra l\u2019LGBTI-f\u00f2bia i, des de l\u2019\u00e0mbit educatiu, ens sumem al lema d\u2019enguany Junts sempre: units en la diversitat i treballem per garantir els drets de les persones LGBTI+ (lesbianes, gais, bisexuals, transg\u00e8neres, intersexuals&#8230;) a fi que la&hellip;  <a href=\"https:\/\/serveiseducatius.xtec.cat\/baixmaresme\/general\/dia-internacional-contra-lhomofobia-la-lesbofobia-la-transfobia-la-bifobia-i-la-interfobia\/\" title=\"Read Dia Internacional contra l\u2019Homof\u00f2bia, la Lesbof\u00f2bia, la Transf\u00f2bia, la Bif\u00f2bia i la Interf\u00f2bia\">Llegeix m\u00e9s\u00bb<\/a><\/p>\n","protected":false},"author":13,"featured_media":10906,"comment_status":"open","ping_status":"closed","sticky":false,"template":"","format":"standard","meta":{"_bbp_topic_count":0,"_bbp_reply_count":0,"_bbp_total_topic_count":0,"_bbp_total_reply_count":0,"_bbp_voice_count":0,"_bbp_anonymous_reply_count":0,"_bbp_topic_count_hidden":0,"_bbp_reply_count_hidden":0,"_bbp_forum_subforum_count":0,"footnotes":""},"categories":[67,1,29],"tags":[606],"class_list":["post-10905","post","type-post","status-publish","format-standard","has-post-thumbnail","hentry","category-eap","category-general","category-portada","tag-stoplgbtifobia-lesescoleslliuresdeviolencies"],"post_mailing_queue_ids":[],"_links":{"self":[{"href":"https:\/\/serveiseducatius.xtec.cat\/baixmaresme\/wp-json\/wp\/v2\/posts\/10905","targetHints":{"allow":["GET"]}}],"collection":[{"href":"https:\/\/serveiseducatius.xtec.cat\/baixmaresme\/wp-json\/wp\/v2\/posts"}],"about":[{"href":"https:\/\/serveiseducatius.xtec.cat\/baixmaresme\/wp-json\/wp\/v2\/types\/post"}],"author":[{"embeddable":true,"href":"https:\/\/serveiseducatius.xtec.cat\/baixmaresme\/wp-json\/wp\/v2\/users\/13"}],"replies":[{"embeddable":true,"href":"https:\/\/serveiseducatius.xtec.cat\/baixmaresme\/wp-json\/wp\/v2\/comments?post=10905"}],"version-history":[{"count":4,"href":"https:\/\/serveiseducatius.xtec.cat\/baixmaresme\/wp-json\/wp\/v2\/posts\/10905\/revisions"}],"predecessor-version":[{"id":10911,"href":"https:\/\/serveiseducatius.xtec.cat\/baixmaresme\/wp-json\/wp\/v2\/posts\/10905\/revisions\/10911"}],"wp:featuredmedia":[{"embeddable":true,"href":"https:\/\/serveiseducatius.xtec.cat\/baixmaresme\/wp-json\/wp\/v2\/media\/10906"}],"wp:attachment":[{"href":"https:\/\/serveiseducatius.xtec.cat\/baixmaresme\/wp-json\/wp\/v2\/media?parent=10905"}],"wp:term":[{"taxonomy":"category","embeddable":true,"href":"https:\/\/serveiseducatius.xtec.cat\/baixmaresme\/wp-json\/wp\/v2\/categories?post=10905"},{"taxonomy":"post_tag","embeddable":true,"href":"https:\/\/serveiseducatius.xtec.cat\/baixmaresme\/wp-json\/wp\/v2\/tags?post=10905"}],"curies":[{"name":"wp","href":"https:\/\/api.w.org\/{rel}","templated":true}]}}