{"id":10597,"date":"2022-03-03T11:34:58","date_gmt":"2022-03-03T10:34:58","guid":{"rendered":"https:\/\/serveiseducatius.xtec.cat\/baixmaresme\/?p=10597"},"modified":"2022-03-03T11:34:58","modified_gmt":"2022-03-03T10:34:58","slug":"pagina-web-del-centre-de-recursos-per-la-pau-i-la-solidaritat-de-la-coordinadora-dong-solidaries","status":"publish","type":"post","link":"https:\/\/serveiseducatius.xtec.cat\/baixmaresme\/general\/pagina-web-del-centre-de-recursos-per-la-pau-i-la-solidaritat-de-la-coordinadora-dong-solidaries\/","title":{"rendered":"P\u00e0gina web del Centre de Recursos per la Pau i la Solidaritat de la Coordinadora d&#8217;ONG Solid\u00e0ries"},"content":{"rendered":"<p>&nbsp;<\/p>\n<p>&nbsp;<\/p>\n<p style=\"text-align: center;\"><a href=\"https:\/\/www.solidaries.org\/centre-de-recursos\/\">Enlla\u00e7<\/a> a la p\u00e0gina web del <strong>Centre de Recursos per la Pau i la Solidaritat de la Coordinadora d&#8217;ONG Solid\u00e0ries<\/strong> que posa a disposici\u00f3 de tota la ciutadania un fons de recursos educatius i d&#8217;investigaci\u00f3 sobre Pau, Drets Humans i Desenvolupament.<\/p>\n<p>&nbsp;<\/p>\n<p><a href=\"https:\/\/serveiseducatius.xtec.cat\/baixmaresme\/wp-content\/uploads\/usu107\/2022\/03\/Cedre.png\"><img loading=\"lazy\" decoding=\"async\" class=\"size-full wp-image-10596 aligncenter\" src=\"https:\/\/serveiseducatius.xtec.cat\/baixmaresme\/wp-content\/uploads\/usu107\/2022\/03\/Cedre.png\" alt=\"\" width=\"296\" height=\"154\" \/><\/a><\/p>\n<p>Hi trobareu recursos per temes (cooperaci\u00f3, Pau, antimilitarisme i conflictes, solidaritat, etc) i per edats.<\/p>\n","protected":false},"excerpt":{"rendered":"<p>&nbsp;<br \/>\n&nbsp;<br \/>\n<a href=\"https:\/\/www.solidaries.org\/centre-de-recursos\/\">Enlla\u00e7<\/a> a la p\u00e0gina web del Centre de Recursos per la Pau i la Solidaritat de la Coordinadora d&#8217;ONG Solid\u00e0ries que posa a disposici\u00f3 de tota la ciutadania un fons de recursos educatius i d&#8217;investigaci\u00f3 sobre Pau, Drets Humans i Desenvolupament.<br \/>\n&nbsp;<br \/>\n<a href=\"https:\/\/serveiseducatius.xtec.cat\/baixmaresme\/wp-content\/uploads\/usu107\/2022\/03\/Cedre.png\"><\/a><br \/>\nHi trobareu recursos&hellip;  <a href=\"https:\/\/serveiseducatius.xtec.cat\/baixmaresme\/general\/pagina-web-del-centre-de-recursos-per-la-pau-i-la-solidaritat-de-la-coordinadora-dong-solidaries\/\" title=\"Read P\u00e0gina web del Centre de Recursos per la Pau i la Solidaritat de la Coordinadora d&#8217;ONG Solid\u00e0ries\">Llegeix m\u00e9s\u00bb<\/a><\/p>\n","protected":false},"author":43,"featured_media":10596,"comment_status":"closed","ping_status":"closed","sticky":false,"template":"","format":"standard","meta":{"_bbp_topic_count":0,"_bbp_reply_count":0,"_bbp_total_topic_count":0,"_bbp_total_reply_count":0,"_bbp_voice_count":0,"_bbp_anonymous_reply_count":0,"_bbp_topic_count_hidden":0,"_bbp_reply_count_hidden":0,"_bbp_forum_subforum_count":0,"footnotes":""},"categories":[65,68,1,29],"tags":[419,416,337,172,179,207],"class_list":["post-10597","post","type-post","status-publish","format-standard","has-post-thumbnail","hentry","category-crp","category-elic","category-general","category-portada","tag-elic","tag-nouvinguts","tag-crp-recursos","tag-educacio-primaria","tag-educacio-secundaria","tag-professorat"],"post_mailing_queue_ids":[],"_links":{"self":[{"href":"https:\/\/serveiseducatius.xtec.cat\/baixmaresme\/wp-json\/wp\/v2\/posts\/10597","targetHints":{"allow":["GET"]}}],"collection":[{"href":"https:\/\/serveiseducatius.xtec.cat\/baixmaresme\/wp-json\/wp\/v2\/posts"}],"about":[{"href":"https:\/\/serveiseducatius.xtec.cat\/baixmaresme\/wp-json\/wp\/v2\/types\/post"}],"author":[{"embeddable":true,"href":"https:\/\/serveiseducatius.xtec.cat\/baixmaresme\/wp-json\/wp\/v2\/users\/43"}],"replies":[{"embeddable":true,"href":"https:\/\/serveiseducatius.xtec.cat\/baixmaresme\/wp-json\/wp\/v2\/comments?post=10597"}],"version-history":[{"count":2,"href":"https:\/\/serveiseducatius.xtec.cat\/baixmaresme\/wp-json\/wp\/v2\/posts\/10597\/revisions"}],"predecessor-version":[{"id":10599,"href":"https:\/\/serveiseducatius.xtec.cat\/baixmaresme\/wp-json\/wp\/v2\/posts\/10597\/revisions\/10599"}],"wp:featuredmedia":[{"embeddable":true,"href":"https:\/\/serveiseducatius.xtec.cat\/baixmaresme\/wp-json\/wp\/v2\/media\/10596"}],"wp:attachment":[{"href":"https:\/\/serveiseducatius.xtec.cat\/baixmaresme\/wp-json\/wp\/v2\/media?parent=10597"}],"wp:term":[{"taxonomy":"category","embeddable":true,"href":"https:\/\/serveiseducatius.xtec.cat\/baixmaresme\/wp-json\/wp\/v2\/categories?post=10597"},{"taxonomy":"post_tag","embeddable":true,"href":"https:\/\/serveiseducatius.xtec.cat\/baixmaresme\/wp-json\/wp\/v2\/tags?post=10597"}],"curies":[{"name":"wp","href":"https:\/\/api.w.org\/{rel}","templated":true}]}}