{"id":10220,"date":"2021-03-23T08:46:18","date_gmt":"2021-03-23T07:46:18","guid":{"rendered":"https:\/\/serveiseducatius.xtec.cat\/baixmaresme\/?p=10220"},"modified":"2021-03-23T08:47:31","modified_gmt":"2021-03-23T07:47:31","slug":"estrategia-digital-del-centre","status":"publish","type":"post","link":"https:\/\/serveiseducatius.xtec.cat\/baixmaresme\/general\/estrategia-digital-del-centre\/","title":{"rendered":"Estrat\u00e8gia digital del centre"},"content":{"rendered":"<p><a href=\"https:\/\/serveiseducatius.xtec.cat\/baixmaresme\/wp-content\/uploads\/usu107\/2021\/03\/estrategia-digital.png\"><img loading=\"lazy\" decoding=\"async\" class=\"size-full wp-image-10221 alignleft\" src=\"https:\/\/serveiseducatius.xtec.cat\/baixmaresme\/wp-content\/uploads\/usu107\/2021\/03\/estrategia-digital.png\" alt=\"\" width=\"228\" height=\"274\" \/><\/a><\/p>\n<p>S\u2019acaba de publicar el document sobre l\u2019Estrat\u00e8gia digital de centre\u00a0(EDC). El podeu consultar en\u00a0<a href=\"http:\/\/educacio.gencat.cat\/ca\/departament\/publicacions\/monografies\/estrategia-digital-centre\/\">aquesta web<\/a>.<\/p>\n<p>L\u2019EDC defineix i concreta les l\u00ednies d\u2019actuaci\u00f3 d\u2019un centre que fan possible que docents, alumnat i centre assoleixin la compet\u00e8ncia digital. Per aconseguir aquesta compet\u00e8ncia digital, l\u2019EDC compr\u00e8n tots els \u00e0mbits del centre: organitzatius, metodol\u00f2gics, curriculars i comunicatius, els quals s\u2019han de veure necess\u00e0riament implicats i, si escau, transformats, des d\u2019una perspectiva d\u2019innovaci\u00f3 i de millora cont\u00ednua.<\/p>\n<p>Els objectius de l\u2019EDC es poden agrupar en cinc \u00e0mbits, que tenen com a fita el m\u00e0xim assoliment de la compet\u00e8ncia digital de l\u2019alumnat, del professorat i del centre:<\/p>\n<ul>\n<li>Assoliment de la compet\u00e8ncia digital<\/li>\n<li>Planificaci\u00f3 estrat\u00e8gica i organitzaci\u00f3<\/li>\n<li>Metodologies did\u00e0ctiques i innovaci\u00f3<\/li>\n<li>Inclusi\u00f3 digital i de g\u00e8nere<\/li>\n<li>Seguretat i protecci\u00f3 de dades<\/li>\n<\/ul>\n<p><span class=\"css-901oao css-16my406 r-poiln3 r-bcqeeo r-qvutc0\">Tamb\u00e9 s\u2019ha dissenyat un web per acompanyar els centres en el proc\u00e9s de cocreaci\u00f3 de l\u2019EDC des del lideratge i la comissi\u00f3 digital de centre, que podeu consultar\u00a0<a href=\"https:\/\/projectes.xtec.cat\/edc-suport\/\">aqu\u00ed<\/a>.<\/span><\/p>\n<p>&nbsp;<\/p>\n<p>&nbsp;<\/p>\n","protected":false},"excerpt":{"rendered":"<p>S\u2019acaba de publicar el document sobre l\u2019Estrat\u00e8gia digital de centre\u00a0(EDC). El podeu consultar en\u00a0aquesta web. L\u2019EDC defineix i concreta les l\u00ednies d\u2019actuaci\u00f3 d\u2019un centre que fan possible que docents, alumnat i centre assoleixin la compet\u00e8ncia digital. &hellip;  <a href=\"https:\/\/serveiseducatius.xtec.cat\/baixmaresme\/general\/estrategia-digital-del-centre\/\" title=\"Read Estrat\u00e8gia digital del centre\">Llegeix m\u00e9s\u00bb<\/a><\/p>\n","protected":false},"author":5,"featured_media":10221,"comment_status":"closed","ping_status":"closed","sticky":false,"template":"","format":"standard","meta":{"_bbp_topic_count":0,"_bbp_reply_count":0,"_bbp_total_topic_count":0,"_bbp_total_reply_count":0,"_bbp_voice_count":0,"_bbp_anonymous_reply_count":0,"_bbp_topic_count_hidden":0,"_bbp_reply_count_hidden":0,"_bbp_forum_subforum_count":0,"footnotes":""},"categories":[1,29,78],"tags":[480,478,479],"class_list":["post-10220","post","type-post","status-publish","format-standard","has-post-thumbnail","hentry","category-general","category-portada","category-tac","tag-cdd","tag-estrategia-digital","tag-pla-digital-del-centre"],"post_mailing_queue_ids":[],"_links":{"self":[{"href":"https:\/\/serveiseducatius.xtec.cat\/baixmaresme\/wp-json\/wp\/v2\/posts\/10220","targetHints":{"allow":["GET"]}}],"collection":[{"href":"https:\/\/serveiseducatius.xtec.cat\/baixmaresme\/wp-json\/wp\/v2\/posts"}],"about":[{"href":"https:\/\/serveiseducatius.xtec.cat\/baixmaresme\/wp-json\/wp\/v2\/types\/post"}],"author":[{"embeddable":true,"href":"https:\/\/serveiseducatius.xtec.cat\/baixmaresme\/wp-json\/wp\/v2\/users\/5"}],"replies":[{"embeddable":true,"href":"https:\/\/serveiseducatius.xtec.cat\/baixmaresme\/wp-json\/wp\/v2\/comments?post=10220"}],"version-history":[{"count":3,"href":"https:\/\/serveiseducatius.xtec.cat\/baixmaresme\/wp-json\/wp\/v2\/posts\/10220\/revisions"}],"predecessor-version":[{"id":10224,"href":"https:\/\/serveiseducatius.xtec.cat\/baixmaresme\/wp-json\/wp\/v2\/posts\/10220\/revisions\/10224"}],"wp:featuredmedia":[{"embeddable":true,"href":"https:\/\/serveiseducatius.xtec.cat\/baixmaresme\/wp-json\/wp\/v2\/media\/10221"}],"wp:attachment":[{"href":"https:\/\/serveiseducatius.xtec.cat\/baixmaresme\/wp-json\/wp\/v2\/media?parent=10220"}],"wp:term":[{"taxonomy":"category","embeddable":true,"href":"https:\/\/serveiseducatius.xtec.cat\/baixmaresme\/wp-json\/wp\/v2\/categories?post=10220"},{"taxonomy":"post_tag","embeddable":true,"href":"https:\/\/serveiseducatius.xtec.cat\/baixmaresme\/wp-json\/wp\/v2\/tags?post=10220"}],"curies":[{"name":"wp","href":"https:\/\/api.w.org\/{rel}","templated":true}]}}