{"id":10181,"date":"2021-02-26T09:35:34","date_gmt":"2021-02-26T08:35:34","guid":{"rendered":"https:\/\/serveiseducatius.xtec.cat\/baixmaresme\/?p=10181"},"modified":"2021-02-26T09:37:04","modified_gmt":"2021-02-26T08:37:04","slug":"mostra-cientifica-2021","status":"publish","type":"post","link":"https:\/\/serveiseducatius.xtec.cat\/baixmaresme\/general\/mostra-cientifica-2021\/","title":{"rendered":"Mostra Cient\u00edfica 2021"},"content":{"rendered":"<h4 style=\"text-align: justify;\"><strong>Informacions:<a href=\"https:\/\/serveiseducatius.xtec.cat\/baixmaresme\/wp-content\/uploads\/usu107\/2020\/02\/logo_imatge_001.png\"><img loading=\"lazy\" decoding=\"async\" class=\"wp-image-9526  alignright\" src=\"https:\/\/serveiseducatius.xtec.cat\/baixmaresme\/wp-content\/uploads\/usu107\/2020\/02\/logo_imatge_001-300x139.png\" alt=\"Reconeixement-NoComercial-SenseObraDerivada CC BY-NC-ND\" width=\"272\" height=\"126\" \/><\/a><\/strong><\/h4>\n<ul>\n<li dir=\"ltr\">La mostra ser\u00e0 virtual i es dur\u00e0 a terme de manera <strong>s\u00edncrona<\/strong> amb tots els participants.<\/li>\n<li>Data: <strong>3 i\/o 4 de juny al mat\u00ed, de 9:30 a 12 aprox.<br \/>\n<\/strong><\/li>\n<li>S&#8217;ha creat una <strong>activitat de formaci\u00f3<\/strong> per coordinar l&#8217;organitzaci\u00f3 de la mostra i recon\u00e8ixer la tasca realitzada pel professorat participant.\u00a0 Estan previstes un parell de trobades com a m\u00ednim abans de la jornada per tal de donar suport als docents. Cal <strong>inscripci\u00f3<\/strong>.<\/li>\n<\/ul>\n<p><strong>S\u00ed, Participem!\u00a0 Quines tasques cal fer?<\/strong><\/p>\n<ul>\n<li dir=\"ltr\">\n<p dir=\"ltr\">Cada grup haur\u00e0 de preparar abans de la mostra, una <strong>presentaci\u00f3\u00a0<\/strong><b>din\u00e0mica<\/b> (v\u00eddeo, infografia animada, presentaci\u00f3, genially&#8230;)\u00a0 que inclogui:<\/p>\n<ul style=\"list-style-type: square;\">\n<li dir=\"ltr\">Quina pregunta volem respondre<\/li>\n<li dir=\"ltr\">Material utilitzat<\/li>\n<li>Qu\u00e8 hem fet?<\/li>\n<li><span style=\"font-family: inherit; font-size: 1em;\">Qu\u00e8 ha passat?<\/span><\/li>\n<li dir=\"ltr\">\n<p dir=\"ltr\">Qu\u00e8 hem apr\u00e8s? Relacionat amb la pregunta que ens f\u00e8iem.<\/p>\n<\/li>\n<\/ul>\n<\/li>\n<\/ul>\n<p><strong>Sessi\u00f3 informativa: <b> 9 de mar\u00e7 a les 17:30<\/b><\/strong><\/p>\n<p><a href=\"https:\/\/forms.gle\/19SHTGSA5yXh6eqn8\"><strong>Formulari d&#8217;inscripci\u00f3<\/strong><\/a><strong> a la Mostra cient\u00edfica<\/strong><\/p>\n<p>Anirem actualitzant <a href=\"https:\/\/serveiseducatius.xtec.cat\/baixmaresme\/categoria\/dinamitzacio\/fira-cientifica\/\">aquesta p\u00e0gina<\/a> a mesura que puguem concretar m\u00e9s dades<\/p>\n<p>Si teniu dubtes, contacteu amb nosaltres al correu <strong>a8930009@xtec.cat o al tel\u00e8fon del servei\u00a0<\/strong><b>educatiu (935545640)<\/b><\/p>\n","protected":false},"excerpt":{"rendered":"<p>Sessi\u00f3 informativa:  9 de mar\u00e7 a les 17:30.<br \/>\nTeniu tota la informaci\u00f3 en la nostra p\u00e0gina Fira Cient\u00edfica. Animeu-vos!&hellip;  <a href=\"https:\/\/serveiseducatius.xtec.cat\/baixmaresme\/general\/mostra-cientifica-2021\/\" title=\"Read Mostra Cient\u00edfica 2021\">Llegeix m\u00e9s\u00bb<\/a><\/p>\n","protected":false},"author":5,"featured_media":9526,"comment_status":"closed","ping_status":"closed","sticky":false,"template":"","format":"standard","meta":{"_bbp_topic_count":0,"_bbp_reply_count":0,"_bbp_total_topic_count":0,"_bbp_total_reply_count":0,"_bbp_voice_count":0,"_bbp_anonymous_reply_count":0,"_bbp_topic_count_hidden":0,"_bbp_reply_count_hidden":0,"_bbp_forum_subforum_count":0,"footnotes":""},"categories":[1,29],"tags":[371,397,468,399,474,300],"class_list":["post-10181","post","type-post","status-publish","format-standard","has-post-thumbnail","hentry","category-general","category-portada","tag-experiments","tag-firacientifica","tag-indagacio","tag-steam","tag-mostracientifica","tag-stem"],"post_mailing_queue_ids":[],"_links":{"self":[{"href":"https:\/\/serveiseducatius.xtec.cat\/baixmaresme\/wp-json\/wp\/v2\/posts\/10181","targetHints":{"allow":["GET"]}}],"collection":[{"href":"https:\/\/serveiseducatius.xtec.cat\/baixmaresme\/wp-json\/wp\/v2\/posts"}],"about":[{"href":"https:\/\/serveiseducatius.xtec.cat\/baixmaresme\/wp-json\/wp\/v2\/types\/post"}],"author":[{"embeddable":true,"href":"https:\/\/serveiseducatius.xtec.cat\/baixmaresme\/wp-json\/wp\/v2\/users\/5"}],"replies":[{"embeddable":true,"href":"https:\/\/serveiseducatius.xtec.cat\/baixmaresme\/wp-json\/wp\/v2\/comments?post=10181"}],"version-history":[{"count":2,"href":"https:\/\/serveiseducatius.xtec.cat\/baixmaresme\/wp-json\/wp\/v2\/posts\/10181\/revisions"}],"predecessor-version":[{"id":10185,"href":"https:\/\/serveiseducatius.xtec.cat\/baixmaresme\/wp-json\/wp\/v2\/posts\/10181\/revisions\/10185"}],"wp:featuredmedia":[{"embeddable":true,"href":"https:\/\/serveiseducatius.xtec.cat\/baixmaresme\/wp-json\/wp\/v2\/media\/9526"}],"wp:attachment":[{"href":"https:\/\/serveiseducatius.xtec.cat\/baixmaresme\/wp-json\/wp\/v2\/media?parent=10181"}],"wp:term":[{"taxonomy":"category","embeddable":true,"href":"https:\/\/serveiseducatius.xtec.cat\/baixmaresme\/wp-json\/wp\/v2\/categories?post=10181"},{"taxonomy":"post_tag","embeddable":true,"href":"https:\/\/serveiseducatius.xtec.cat\/baixmaresme\/wp-json\/wp\/v2\/tags?post=10181"}],"curies":[{"name":"wp","href":"https:\/\/api.w.org\/{rel}","templated":true}]}}