{"id":9572,"date":"2022-12-12T12:37:38","date_gmt":"2022-12-12T11:37:38","guid":{"rendered":"https:\/\/serveiseducatius.xtec.cat\/baixllobregat8\/?p=9572"},"modified":"2023-01-26T12:47:27","modified_gmt":"2023-01-26T11:47:27","slug":"2n-torn-formacio-2022-2023","status":"publish","type":"post","link":"https:\/\/serveiseducatius.xtec.cat\/baixllobregat8\/general\/2n-torn-formacio-2022-2023\/","title":{"rendered":"2n Torn Formaci\u00f3 2022-2023"},"content":{"rendered":"<p><a href=\"https:\/\/aplicacions.gestioeducativa.gencat.cat\/pls\/soloas\/pk_for_mod_ins.p_for_cons_activitats?p_header=&amp;p_crp=309&amp;p_any=2022-2023&amp;p_totes=S&amp;p_totes=S&amp;p_excloure_crp_rec=T&amp;p_paginar=N\"><img loading=\"lazy\" decoding=\"async\" class=\"alignnone size-full wp-image-9592\" src=\"https:\/\/serveiseducatius.xtec.cat\/baixllobregat8\/wp-content\/uploads\/usu777\/2022\/12\/Cartell-PFZ-2n-torn-22-23.jpg\" alt=\"\" width=\"1587\" height=\"2245\" \/><\/a><\/p>\n<p><a href=\"https:\/\/aplicacions.gestioeducativa.gencat.cat\/pls\/soloas\/pk_for_mod_ins.p_for_cons_activitats?p_header=&amp;p_crp=309&amp;p_any=2022-2023&amp;p_totes=S&amp;p_totes=S&amp;p_excloure_crp_rec=T&amp;p_paginar=N\">Cliqueu aqu\u00ed<\/a> per accedir al llistat d&#8217;activitats del Pla de Formaci\u00f3 de Zona. Les inscripcions estan obertes.<\/p>\n<p>A continuaci\u00f3 podeu\u00a0veure amb m\u00e9s detall la informaci\u00f3 m\u00e9s rellevant de les activitats. Tamb\u00e9 podeu accedir directament a la inscripci\u00f3 a trav\u00e9s del t\u00edtol de cada formaci\u00f3.<\/p>\n<p><span style=\"color: #38761d;\"><b>FORMACIONS INTERCENTRE<\/b><\/span><\/p>\n<table style=\"border-style: ridge; border-color: #000000;\" border=\"1\">\n<tbody>\n<tr>\n<td><b>T\u00edtol, ponent, continguts<\/b><\/td>\n<td><b>Data, horari, assistents<\/b><\/td>\n<\/tr>\n<tr>\n<td><a href=\"https:\/\/aplicacions.gestioeducativa.gencat.cat\/pls\/soloas\/pk_for_mod_ins.p_for_pre_cons_activitats?p_any=2022-2023&amp;p_codi=3090581309\"><b>Resoluci\u00f3 de conflictes i pr\u00e0ctiques restauratives<\/b><\/a><\/p>\n<p><a href=\"https:\/\/isaacpalomares.com\/\"><span style=\"font-weight: 400;\">Isaac Palomares Gonell<\/span><\/a><span style=\"font-weight: 400;\"> (Psic\u00f2leg coach)<\/span><\/p>\n<ol>\n<li style=\"font-weight: 400;\" aria-level=\"1\"><span style=\"font-weight: 400;\">Dotar als i les docents de dues eines fonamentals sobre pr\u00e0ctiques restauratives: els cercles de di\u00e0leg i els cercles restauratius.\u00a0<\/span><\/li>\n<li style=\"font-weight: 400;\" aria-level=\"1\"><span style=\"font-weight: 400;\">Treballar l&#8217;actitud d\u2019escolta i l&#8217;empatia relacionades amb la pr\u00f2pia pr\u00e0ctica restaurativa i la resili\u00e8ncia.<\/span><\/li>\n<\/ol>\n<\/td>\n<td><span style=\"font-weight: 400;\">Dilluns, 23 de gener i dimarts 21 de febrer de 2023<\/span><\/p>\n<p><span style=\"font-weight: 400;\">17-19h\u00a0<\/span><\/p>\n<p><i><span style=\"font-weight: 400;\">2 sessions presencials al Servei Educatiu Baix Llobregat VIII &#8211; Taller 5h<\/span><\/i><\/p>\n<p><i><span style=\"font-weight: 400;\">INSCRIPCIONS OBERTES<\/span><\/i><\/p>\n<p><span style=\"font-weight: 400;\">Adre\u00e7at a: Tot el professorat<\/span><\/td>\n<\/tr>\n<tr>\n<td><a href=\"https:\/\/aplicacions.gestioeducativa.gencat.cat\/pls\/soloas\/pk_for_mod_ins.p_for_pre_cons_activitats?p_any=2022-2023&amp;p_codi=3090561309\"><b>Estrat\u00e8gies per a l&#8217;atenci\u00f3 de l&#8217;alumnat amb trastorns de l&#8217;espectre autista (TEA)<\/b><\/a><\/p>\n<p><span style=\"font-weight: 400;\">J\u00falia Puyo Sol\u00e9 (Mestre de Pedagogia Terap\u00e8utica)<\/span><\/p>\n<ol>\n<li style=\"font-weight: 400;\" aria-level=\"1\"><span style=\"font-weight: 400;\">Comprendre com veuen i entenen el m\u00f3n els infants amb un trastorn de l&#8217;espectre autista.\u00a0<\/span><\/li>\n<li style=\"font-weight: 400;\" aria-level=\"1\"><span style=\"font-weight: 400;\">Adquirir coneixements sobre la metodologia TEACCH.<\/span><\/li>\n<li style=\"font-weight: 400;\" aria-level=\"1\"><span style=\"font-weight: 400;\">Posar en pr\u00e0ctica la metodologia TEACCH amb un cas real dins de l&#8217;aula.<\/span><\/li>\n<li style=\"font-weight: 400;\" aria-level=\"1\"><span style=\"font-weight: 400;\">Fomentar la comunicaci\u00f3 dels infants amb trastorn de l&#8217;espectre autista.<\/span><\/li>\n<li style=\"font-weight: 400;\" aria-level=\"1\"><span style=\"font-weight: 400;\">Creaci\u00f3 i\/o adaptaci\u00f3 de materials.<\/span><\/li>\n<\/ol>\n<\/td>\n<td><span style=\"font-weight: 400;\">Dilluns, 6, 13, 27\u00a0 de febrer, 6 i 13 de mar\u00e7\u00a0 de 2023<\/span><\/p>\n<p><span style=\"font-weight: 400;\">17:15h-19:15h\u00a0<\/span><\/p>\n<p><i><span style=\"font-weight: 400;\">5 sessions presencials al Servei Educatiu Baix Llobregat VIII.- Curs 15h<\/span><\/i><\/p>\n<p><i><span style=\"font-weight: 400;\">INSCRIPCIONS OBERTES<\/span><\/i><\/p>\n<p><span style=\"font-weight: 400;\">Adre\u00e7at a:<\/span> <span style=\"font-weight: 400;\">Mestres d&#8217;educaci\u00f3 especial, tutors\/es SIEI, educadors\/es socials, tutors\/es d&#8217;infantil i prim\u00e0ria amb alumnat TEA, psicopedagogues EAP. En cas que la inscripci\u00f3 superi el nombre de\u00a0 places, es restringir\u00e0 a dues persones per centre<\/span><\/td>\n<\/tr>\n<tr>\n<td><a href=\"https:\/\/aplicacions.gestioeducativa.gencat.cat\/pls\/soloas\/pk_for_mod_ins.p_for_pre_cons_activitats?p_any=2022-2023&amp;p_codi=3090571309\"><b>La creaci\u00f3 liter\u00e0ria: com llegir obres de ficci\u00f3 a l\u2019aula?<\/b><\/a><\/p>\n<p><a href=\"https:\/\/es.linkedin.com\/in\/zuleika-valero-34a529229\"><span style=\"font-weight: 400;\">Zuleika Valero Casado<\/span><\/a><span style=\"font-weight: 400;\"> (M\u00e0ster en creaci\u00f3 liter\u00e0ria (UPF))<\/span><\/p>\n<ol>\n<li style=\"font-weight: 400;\" aria-level=\"1\"><span style=\"font-weight: 400;\">Dotar als i les docents d\u2019eines per motivar l&#8217;alumnat a llegir textos literaris identificant els mecanismes de la ficci\u00f3.<\/span><\/li>\n<li style=\"font-weight: 400;\" aria-level=\"1\"><span style=\"font-weight: 400;\">Dinamitzar la creaci\u00f3 liter\u00e0ria a les aules.<\/span><\/li>\n<\/ol>\n<\/td>\n<td><span style=\"font-weight: 400;\">Dilluns, 20 i 27 de mar\u00e7 de 2023<\/span><\/p>\n<p><span style=\"font-weight: 400;\">17h-19h<\/span><\/p>\n<p><i><span style=\"font-weight: 400;\">2 sessions presencials al Servei Educatiu Baix Llobregat VIII &#8211; Taller 5h<\/span><\/i><\/p>\n<p><i><span style=\"font-weight: 400;\">INSCRIPCIONS OBERTES<\/span><\/i><\/p>\n<p><span style=\"font-weight: 400;\">Adre\u00e7at a:<\/span> <span style=\"font-weight: 400;\">Tot el professorat<\/span><\/td>\n<\/tr>\n<tr>\n<td><a href=\"https:\/\/aplicacions.gestioeducativa.gencat.cat\/pls\/soloas\/pk_for_mod_ins.p_for_detall_activitat?p_codi=3090591309&amp;p_curs=2022-2023&amp;p_es_inscr=S\"><b>Benestar emocional igual a benestar professional<\/b><\/a><\/p>\n<p><a href=\"https:\/\/manelguell.cat\/\"><span style=\"font-weight: 400;\">Manel G\u00fcell Barcel\u00f3<\/span><\/a><span style=\"font-weight: 400;\"> (Formador i Consultor)<\/span><\/p>\n<ol>\n<li style=\"font-weight: 400;\" aria-level=\"1\"><span style=\"font-weight: 400;\">Prendre consci\u00e8ncia del benestar emocional.<\/span><\/li>\n<li style=\"font-weight: 400;\" aria-level=\"1\"><span style=\"font-weight: 400;\">Obtenir recursos per al\u00a0 benestar emocional.<\/span><\/li>\n<\/ol>\n<\/td>\n<td><span style=\"font-weight: 400;\">Dilluns, 15 de maig de 2023<\/span><\/p>\n<p><span style=\"font-weight: 400;\">17h-19h<\/span><\/p>\n<p><i><span style=\"font-weight: 400;\">Confer\u00e8ncia al Servei Educatiu Baix Llobregat VIII<\/span><\/i><\/p>\n<p><i><span style=\"font-weight: 400;\">INSCRIPCIONS OBERTES<\/span><\/i><\/p>\n<p><span style=\"font-weight: 400;\">Adre\u00e7at a:<\/span> <span style=\"font-weight: 400;\">Tot el professorat<\/span><\/td>\n<\/tr>\n<\/tbody>\n<\/table>\n<p><span style=\"color: #f66164;\"><b>CULTURA DIGITAL<\/b><\/span><\/p>\n<table style=\"height: 447px; width: 100%; border-color: #000000; border-style: ridge;\" border=\"1\">\n<tbody>\n<tr>\n<td style=\"width: 981.122px;\"><b>T\u00edtol, ponent, continguts<\/b><\/td>\n<td style=\"width: 217.798px;\"><b>Data, horari, assistents<\/b><\/td>\n<\/tr>\n<tr>\n<td style=\"width: 981.122px;\"><a href=\"https:\/\/aplicacions.gestioeducativa.gencat.cat\/pls\/soloas\/pk_for_mod_ins.p_for_pre_cons_activitats?p_any=2022-2023&amp;p_codi=3090460529\"><b>Formaci\u00f3 Compet\u00e8ncia Digital docent, nivell A1 (CRP-presencial)<\/b><\/a><\/p>\n<p><span style=\"font-weight: 400;\">Sergio L\u00f3pez Valverde (Coordinador Digital)<\/span><\/p>\n<ol>\n<li style=\"font-weight: 400;\" aria-level=\"1\"><span style=\"font-weight: 400;\">Con\u00e8ixer els marcs de refer\u00e8ncia de la compet\u00e8ncia digital europeus i comprendre les cinc \u00e0rees de la Compet\u00e8ncia Digital Docent (CDD), aix\u00ed com les pr\u00f2pies\u00a0 compet\u00e8ncies i els sis nivells competencials (A1-C2) per facilitar-ne el seu desenvolupament.<\/span><\/li>\n<li style=\"font-weight: 400;\" aria-level=\"1\"><span style=\"font-weight: 400;\">Con\u00e8ixer el desplegament normatiu de la Compet\u00e8ncia Digital de l\u2019Alumnat (CDA) com a compet\u00e8ncia clau i transversal en les diferents \u00e0rees o mat\u00e8ries curriculars.<\/span><\/li>\n<li style=\"font-weight: 400;\" aria-level=\"1\"><span style=\"font-weight: 400;\">Descobrir les tecnologies de comunicaci\u00f3 i col\u00b7laboraci\u00f3 m\u00e9s utilitzades en els contextos educatius i con\u00e8ixer els criteris per a la selecci\u00f3 de continguts digitals i estrat\u00e8gies de cerca i organitzaci\u00f3 per afavorir el propi desenvolupament professional i el de la CDA.<\/span><\/li>\n<li style=\"font-weight: 400;\" aria-level=\"1\"><span style=\"font-weight: 400;\">Facilitar l\u2019an\u00e0lisi reflexiu de l&#8217;\u00fas de les tecnologies digitals a la pr\u00e0ctica docent, tenint en compte la personalitzaci\u00f3 de l\u2019aprenentatge i l\u2019accessibilitat i la inclusi\u00f3 de tot l\u2019alumnat per afavorir el seu comprom\u00eds actiu amb l\u2019aprenentatge i contribuir a que esdevingui usuari creatiu, cr\u00edtic i respectu\u00f3s en un m\u00f3n digitalitzat.<\/span><\/li>\n<li style=\"font-weight: 400;\" aria-level=\"1\"><span style=\"font-weight: 400;\">Identificar models pedag\u00f2gics de refer\u00e8ncia i les necessitats formatives personals per a poder incloure les tecnologies digitals a l\u2019aula per oferir suport i retroalimentaci\u00f3 a l\u2019alumnat en el seu proc\u00e9s d\u2019aprenentatge promovent l\u2019autoregulaci\u00f3 i donant resposta a les seves necessitats individuals.<\/span><\/li>\n<li style=\"font-weight: 400;\" aria-level=\"1\"><span style=\"font-weight: 400;\">Respectar la normativa sobre propietat intel\u00b7lectual i drets d&#8217;autor i con\u00e8ixer les mesures per a protegir les dades personals, la privacitat, la seguretat, els drets digitals i el benestar a l&#8217;utilitzar les tecnologies digitals a l\u2019aula per poder impulsar-les entre l&#8217;alumnat.<\/span><\/li>\n<\/ol>\n<\/td>\n<td style=\"width: 217.798px;\"><span style=\"font-weight: 400;\">Dimecres, de l\u20191 de febrer fins el 26 d\u2019abril de 2023<\/span><\/p>\n<p><span style=\"font-weight: 400;\">17h -20h<\/span><\/p>\n<p><i><span style=\"font-weight: 400;\">12 sessions presencials (40h)<\/span><\/i><\/p>\n<p><i><span style=\"font-weight: 400;\">Lloc d\u2019Esplugues a determinar<\/span><\/i><\/p>\n<p><i><span style=\"font-weight: 400;\">INSCRIPCIONS OBERTES<\/span><\/i><\/p>\n<p><span style=\"font-weight: 400;\">Adre\u00e7at a:<\/span> <span style=\"font-weight: 400;\">Tot el professorat<\/span><\/td>\n<\/tr>\n<\/tbody>\n<\/table>\n<p><strong>Calendari d\u2019inscripci\u00f3<\/strong><\/p>\n<p>Aquest \u00e9s el calendari de l&#8217;oferta formativa de l&#8217;xtec. Pel que fa a les inscripcions del nostre PFZ, aquestes<b> ja estan obertes<\/b>\u00a0i les adjudicacions les podreu veure a trav\u00e9s de &#8220;<a href=\"https:\/\/xtec.gencat.cat\/ca\/formacio\/la-meva-formacio\/les-meves-activitats\/\" target=\"_blank\" rel=\"noopener\" data-saferedirecturl=\"https:\/\/www.google.com\/url?q=https:\/\/xtec.gencat.cat\/ca\/formacio\/la-meva-formacio\/les-meves-activitats\/&amp;source=gmail&amp;ust=1670930458245000&amp;usg=AOvVaw0FE_uCG_pOAcWWlpxvzeph\">Les meves activitats xtec<\/a>&#8221; quan s&#8217;acabi el per\u00edode d&#8217;inscripci\u00f3 de cada formaci\u00f3.<\/p>\n<table style=\"border-collapse: collapse; width: 94.5274%; height: 221px;\">\n<tbody>\n<tr>\n<td style=\"width: 50%;\"><a href=\"https:\/\/serveiseducatius.xtec.cat\/baixllobregat8\/wp-content\/uploads\/usu777\/2022\/12\/Captura-9.jpg\"><img loading=\"lazy\" decoding=\"async\" class=\"size-full wp-image-9575 aligncenter\" src=\"https:\/\/serveiseducatius.xtec.cat\/baixllobregat8\/wp-content\/uploads\/usu777\/2022\/12\/Captura-9.jpg\" alt=\"\" width=\"325\" height=\"325\" srcset=\"https:\/\/serveiseducatius.xtec.cat\/baixllobregat8\/wp-content\/uploads\/usu777\/2022\/12\/Captura-9.jpg 325w, https:\/\/serveiseducatius.xtec.cat\/baixllobregat8\/wp-content\/uploads\/usu777\/2022\/12\/Captura-9-300x300.jpg 300w, https:\/\/serveiseducatius.xtec.cat\/baixllobregat8\/wp-content\/uploads\/usu777\/2022\/12\/Captura-9-150x150.jpg 150w\" sizes=\"auto, (max-width: 325px) 100vw, 325px\" \/><\/a><\/td>\n<td style=\"width: 50%;\"><a href=\"https:\/\/serveiseducatius.xtec.cat\/baixllobregat8\/wp-content\/uploads\/usu777\/2022\/12\/Captura-8.jpg\"><img loading=\"lazy\" decoding=\"async\" class=\"size-full wp-image-9574 aligncenter\" src=\"https:\/\/serveiseducatius.xtec.cat\/baixllobregat8\/wp-content\/uploads\/usu777\/2022\/12\/Captura-8.jpg\" alt=\"\" width=\"634\" height=\"236\" srcset=\"https:\/\/serveiseducatius.xtec.cat\/baixllobregat8\/wp-content\/uploads\/usu777\/2022\/12\/Captura-8.jpg 634w, https:\/\/serveiseducatius.xtec.cat\/baixllobregat8\/wp-content\/uploads\/usu777\/2022\/12\/Captura-8-300x112.jpg 300w\" sizes=\"auto, (max-width: 634px) 100vw, 634px\" \/><\/a><\/td>\n<\/tr>\n<\/tbody>\n<\/table>\n","protected":false},"excerpt":{"rendered":"<p>Cliqueu aqu\u00ed per accedir al llistat d&#8217;activitats del Pla de Formaci\u00f3 de Zona. Les inscripcions estan obertes. A continuaci\u00f3 podeu\u00a0veure amb m\u00e9s detall la informaci\u00f3 m\u00e9s rellevant de les activitats. Tamb\u00e9 podeu accedir directament a la inscripci\u00f3 a trav\u00e9s del t\u00edtol de cada formaci\u00f3. FORMACIONS INTERCENTRE T\u00edtol, ponent, continguts Data, horari, assistents Resoluci\u00f3 de conflictes [&hellip;]<\/p>\n","protected":false},"author":11,"featured_media":9732,"comment_status":"open","ping_status":"closed","sticky":false,"template":"","format":"standard","meta":{"_bbp_topic_count":0,"_bbp_reply_count":0,"_bbp_total_topic_count":0,"_bbp_total_reply_count":0,"_bbp_voice_count":0,"_bbp_anonymous_reply_count":0,"_bbp_topic_count_hidden":0,"_bbp_reply_count_hidden":0,"_bbp_forum_subforum_count":0,"site-sidebar-layout":"default","site-content-layout":"","ast-site-content-layout":"","site-content-style":"default","site-sidebar-style":"default","ast-global-header-display":"","ast-banner-title-visibility":"","ast-main-header-display":"","ast-hfb-above-header-display":"","ast-hfb-below-header-display":"","ast-hfb-mobile-header-display":"","site-post-title":"","ast-breadcrumbs-content":"","ast-featured-img":"","footer-sml-layout":"","theme-transparent-header-meta":"","adv-header-id-meta":"","stick-header-meta":"","header-above-stick-meta":"","header-main-stick-meta":"","header-below-stick-meta":"","astra-migrate-meta-layouts":"default","ast-page-background-enabled":"default","ast-page-background-meta":{"desktop":{"background-color":"var(--ast-global-color-4)","background-image":"","background-repeat":"repeat","background-position":"center center","background-size":"auto","background-attachment":"scroll","background-type":"","background-media":"","overlay-type":"","overlay-color":"","overlay-opacity":"","overlay-gradient":""},"tablet":{"background-color":"","background-image":"","background-repeat":"repeat","background-position":"center center","background-size":"auto","background-attachment":"scroll","background-type":"","background-media":"","overlay-type":"","overlay-color":"","overlay-opacity":"","overlay-gradient":""},"mobile":{"background-color":"","background-image":"","background-repeat":"repeat","background-position":"center center","background-size":"auto","background-attachment":"scroll","background-type":"","background-media":"","overlay-type":"","overlay-color":"","overlay-opacity":"","overlay-gradient":""}},"ast-content-background-meta":{"desktop":{"background-color":"var(--ast-global-color-5)","background-image":"","background-repeat":"repeat","background-position":"center center","background-size":"auto","background-attachment":"scroll","background-type":"","background-media":"","overlay-type":"","overlay-color":"","overlay-opacity":"","overlay-gradient":""},"tablet":{"background-color":"var(--ast-global-color-5)","background-image":"","background-repeat":"repeat","background-position":"center center","background-size":"auto","background-attachment":"scroll","background-type":"","background-media":"","overlay-type":"","overlay-color":"","overlay-opacity":"","overlay-gradient":""},"mobile":{"background-color":"var(--ast-global-color-5)","background-image":"","background-repeat":"repeat","background-position":"center center","background-size":"auto","background-attachment":"scroll","background-type":"","background-media":"","overlay-type":"","overlay-color":"","overlay-opacity":"","overlay-gradient":""}},"footnotes":""},"categories":[65,66,206,1,171,29,278],"tags":[],"class_list":["post-9572","post","type-post","status-publish","format-standard","has-post-thumbnail","hentry","category-crp","category-dinamitzacio","category-formacio","category-general","category-pla-de-formacio-de-zona","category-portada","category-servei-educatiu"],"post_mailing_queue_ids":[],"_links":{"self":[{"href":"https:\/\/serveiseducatius.xtec.cat\/baixllobregat8\/wp-json\/wp\/v2\/posts\/9572","targetHints":{"allow":["GET"]}}],"collection":[{"href":"https:\/\/serveiseducatius.xtec.cat\/baixllobregat8\/wp-json\/wp\/v2\/posts"}],"about":[{"href":"https:\/\/serveiseducatius.xtec.cat\/baixllobregat8\/wp-json\/wp\/v2\/types\/post"}],"author":[{"embeddable":true,"href":"https:\/\/serveiseducatius.xtec.cat\/baixllobregat8\/wp-json\/wp\/v2\/users\/11"}],"replies":[{"embeddable":true,"href":"https:\/\/serveiseducatius.xtec.cat\/baixllobregat8\/wp-json\/wp\/v2\/comments?post=9572"}],"version-history":[{"count":3,"href":"https:\/\/serveiseducatius.xtec.cat\/baixllobregat8\/wp-json\/wp\/v2\/posts\/9572\/revisions"}],"predecessor-version":[{"id":9623,"href":"https:\/\/serveiseducatius.xtec.cat\/baixllobregat8\/wp-json\/wp\/v2\/posts\/9572\/revisions\/9623"}],"wp:featuredmedia":[{"embeddable":true,"href":"https:\/\/serveiseducatius.xtec.cat\/baixllobregat8\/wp-json\/wp\/v2\/media\/9732"}],"wp:attachment":[{"href":"https:\/\/serveiseducatius.xtec.cat\/baixllobregat8\/wp-json\/wp\/v2\/media?parent=9572"}],"wp:term":[{"taxonomy":"category","embeddable":true,"href":"https:\/\/serveiseducatius.xtec.cat\/baixllobregat8\/wp-json\/wp\/v2\/categories?post=9572"},{"taxonomy":"post_tag","embeddable":true,"href":"https:\/\/serveiseducatius.xtec.cat\/baixllobregat8\/wp-json\/wp\/v2\/tags?post=9572"}],"curies":[{"name":"wp","href":"https:\/\/api.w.org\/{rel}","templated":true}]}}