{"id":9335,"date":"2022-10-11T11:59:11","date_gmt":"2022-10-11T09:59:11","guid":{"rendered":"https:\/\/serveiseducatius.xtec.cat\/baixllobregat8\/?p=9335"},"modified":"2022-10-11T11:59:11","modified_gmt":"2022-10-11T09:59:11","slug":"el-nou-curriculum-de-leducacio-basica-els-6-vectors","status":"publish","type":"post","link":"https:\/\/serveiseducatius.xtec.cat\/baixllobregat8\/portada\/el-nou-curriculum-de-leducacio-basica-els-6-vectors\/","title":{"rendered":"El nou curr\u00edculum de l\u2019educaci\u00f3 b\u00e0sica: els 6 vectors"},"content":{"rendered":"<p>El curr\u00edculum de l\u2019educaci\u00f3 b\u00e0sica es conforma com un instrument del model educatiu per aconseguir una societat m\u00e9s justa i democr\u00e0tica, cohesionada, inclusiva que contempli totes les persones i on sigui possible la igualtat d\u2019oportunitats i la igualtat real i efectiva. Una societat fonamentada en una ciutadania cr\u00edtica, activa i constructiva, que doni resposta a les aspiracions personals i col\u00b7lectives, sostenible, digitalitzada, m\u00e9s equitativa, m\u00e9s verda, m\u00e9s feminista, m\u00e9s cohesionada, sense desigualtats socioecon\u00f2miques i m\u00e9s democr\u00e0tica.<\/p>\n<p>Al\u00a0<a href=\"https:\/\/projectes.xtec.cat\/nou-curriculum\/educacio-basica\/#sis-vectors\" target=\"_blank\" rel=\"noopener\">web del nou curr\u00edculum<\/a>\u00a0podeu accedir als:<\/p>\n<ul>\n<li><a href=\"https:\/\/projectes.xtec.cat\/nou-curriculum\/educacio-basica\/#sis-vectors\" target=\"_blank\" rel=\"noopener\">V\u00eddeos<\/a>\u00a0de cadascun dels 6 vectors<\/li>\n<li><a href=\"https:\/\/projectes.xtec.cat\/nou-curriculum\/educacio-basica\/#sis-vectors\" target=\"_blank\" rel=\"noopener\">Infografies, annexos<\/a><\/li>\n<\/ul>\n<p><a href=\"https:\/\/serveiseducatius.xtec.cat\/baixllobregat8\/wp-content\/uploads\/usu777\/2022\/10\/6-vectors.png\"><img loading=\"lazy\" decoding=\"async\" class=\"alignnone size-full wp-image-9336\" src=\"https:\/\/serveiseducatius.xtec.cat\/baixllobregat8\/wp-content\/uploads\/usu777\/2022\/10\/6-vectors.png\" alt=\"\" width=\"397\" height=\"351\" srcset=\"https:\/\/serveiseducatius.xtec.cat\/baixllobregat8\/wp-content\/uploads\/usu777\/2022\/10\/6-vectors.png 397w, https:\/\/serveiseducatius.xtec.cat\/baixllobregat8\/wp-content\/uploads\/usu777\/2022\/10\/6-vectors-300x265.png 300w\" sizes=\"auto, (max-width: 397px) 100vw, 397px\" \/><\/a><\/p>\n","protected":false},"excerpt":{"rendered":"<p>El curr\u00edculum de l\u2019educaci\u00f3 b\u00e0sica es conforma com un instrument del model educatiu per aconseguir una societat m\u00e9s justa i democr\u00e0tica, cohesionada, inclusiva que contempli totes les persones i on sigui possible la igualtat d\u2019oportunitats i la igualtat real i efectiva. Una societat fonamentada en una ciutadania cr\u00edtica, activa i constructiva, que doni resposta a [&hellip;]<\/p>\n","protected":false},"author":11,"featured_media":0,"comment_status":"open","ping_status":"closed","sticky":false,"template":"","format":"standard","meta":{"_bbp_topic_count":0,"_bbp_reply_count":0,"_bbp_total_topic_count":0,"_bbp_total_reply_count":0,"_bbp_voice_count":0,"_bbp_anonymous_reply_count":0,"_bbp_topic_count_hidden":0,"_bbp_reply_count_hidden":0,"_bbp_forum_subforum_count":0,"site-sidebar-layout":"default","site-content-layout":"","ast-site-content-layout":"","site-content-style":"default","site-sidebar-style":"default","ast-global-header-display":"","ast-banner-title-visibility":"","ast-main-header-display":"","ast-hfb-above-header-display":"","ast-hfb-below-header-display":"","ast-hfb-mobile-header-display":"","site-post-title":"","ast-breadcrumbs-content":"","ast-featured-img":"","footer-sml-layout":"","theme-transparent-header-meta":"","adv-header-id-meta":"","stick-header-meta":"","header-above-stick-meta":"","header-main-stick-meta":"","header-below-stick-meta":"","astra-migrate-meta-layouts":"default","ast-page-background-enabled":"default","ast-page-background-meta":{"desktop":{"background-color":"var(--ast-global-color-4)","background-image":"","background-repeat":"repeat","background-position":"center center","background-size":"auto","background-attachment":"scroll","background-type":"","background-media":"","overlay-type":"","overlay-color":"","overlay-opacity":"","overlay-gradient":""},"tablet":{"background-color":"","background-image":"","background-repeat":"repeat","background-position":"center center","background-size":"auto","background-attachment":"scroll","background-type":"","background-media":"","overlay-type":"","overlay-color":"","overlay-opacity":"","overlay-gradient":""},"mobile":{"background-color":"","background-image":"","background-repeat":"repeat","background-position":"center center","background-size":"auto","background-attachment":"scroll","background-type":"","background-media":"","overlay-type":"","overlay-color":"","overlay-opacity":"","overlay-gradient":""}},"ast-content-background-meta":{"desktop":{"background-color":"var(--ast-global-color-5)","background-image":"","background-repeat":"repeat","background-position":"center center","background-size":"auto","background-attachment":"scroll","background-type":"","background-media":"","overlay-type":"","overlay-color":"","overlay-opacity":"","overlay-gradient":""},"tablet":{"background-color":"var(--ast-global-color-5)","background-image":"","background-repeat":"repeat","background-position":"center center","background-size":"auto","background-attachment":"scroll","background-type":"","background-media":"","overlay-type":"","overlay-color":"","overlay-opacity":"","overlay-gradient":""},"mobile":{"background-color":"var(--ast-global-color-5)","background-image":"","background-repeat":"repeat","background-position":"center center","background-size":"auto","background-attachment":"scroll","background-type":"","background-media":"","overlay-type":"","overlay-color":"","overlay-opacity":"","overlay-gradient":""}},"footnotes":""},"categories":[459,29],"tags":[],"class_list":["post-9335","post","type-post","status-publish","format-standard","hentry","category-curriculum","category-portada"],"post_mailing_queue_ids":[],"_links":{"self":[{"href":"https:\/\/serveiseducatius.xtec.cat\/baixllobregat8\/wp-json\/wp\/v2\/posts\/9335","targetHints":{"allow":["GET"]}}],"collection":[{"href":"https:\/\/serveiseducatius.xtec.cat\/baixllobregat8\/wp-json\/wp\/v2\/posts"}],"about":[{"href":"https:\/\/serveiseducatius.xtec.cat\/baixllobregat8\/wp-json\/wp\/v2\/types\/post"}],"author":[{"embeddable":true,"href":"https:\/\/serveiseducatius.xtec.cat\/baixllobregat8\/wp-json\/wp\/v2\/users\/11"}],"replies":[{"embeddable":true,"href":"https:\/\/serveiseducatius.xtec.cat\/baixllobregat8\/wp-json\/wp\/v2\/comments?post=9335"}],"version-history":[{"count":1,"href":"https:\/\/serveiseducatius.xtec.cat\/baixllobregat8\/wp-json\/wp\/v2\/posts\/9335\/revisions"}],"predecessor-version":[{"id":9337,"href":"https:\/\/serveiseducatius.xtec.cat\/baixllobregat8\/wp-json\/wp\/v2\/posts\/9335\/revisions\/9337"}],"wp:attachment":[{"href":"https:\/\/serveiseducatius.xtec.cat\/baixllobregat8\/wp-json\/wp\/v2\/media?parent=9335"}],"wp:term":[{"taxonomy":"category","embeddable":true,"href":"https:\/\/serveiseducatius.xtec.cat\/baixllobregat8\/wp-json\/wp\/v2\/categories?post=9335"},{"taxonomy":"post_tag","embeddable":true,"href":"https:\/\/serveiseducatius.xtec.cat\/baixllobregat8\/wp-json\/wp\/v2\/tags?post=9335"}],"curies":[{"name":"wp","href":"https:\/\/api.w.org\/{rel}","templated":true}]}}